{"id":348702,"date":"2023-08-17T05:31:34","date_gmt":"2023-08-17T03:31:34","guid":{"rendered":"https:\/\/www.radiopiu.net\/wordpress\/?p=348702"},"modified":"2023-08-17T05:44:17","modified_gmt":"2023-08-17T03:44:17","slug":"recuperato-escursionista-sulla-ferrata-piazzetta-al-piz-boe","status":"publish","type":"post","link":"https:\/\/www.radiopiu.net\/wordpress\/recuperato-escursionista-sulla-ferrata-piazzetta-al-piz-boe\/","title":{"rendered":"RECUPERATO ESCURSIONISTA SULLA FERRATA PIAZZETTA AL PIZ BOE&#8217;"},"content":{"rendered":"<p><strong><a class=\"dt-pswp-item\" href=\"https:\/\/www.radiopiu.net\/wordpress\/wp-content\/uploads\/2023\/08\/Watermark_20230816_095639_588.jpg\" data-dt-img-description=\"\" data-large_image_width=\"1773\" data-large_image_height=\"2364\"><img loading=\"lazy\" decoding=\"async\" class=\" wp-image-348722 alignleft\" src=\"https:\/\/www.radiopiu.net\/wordpress\/wp-content\/uploads\/2023\/08\/Watermark_20230816_095639_588-225x300.jpg\" alt=\"\" width=\"122\" height=\"163\" srcset=\"https:\/\/www.radiopiu.net\/wordpress\/wp-content\/uploads\/2023\/08\/Watermark_20230816_095639_588-225x300.jpg 225w, https:\/\/www.radiopiu.net\/wordpress\/wp-content\/uploads\/2023\/08\/Watermark_20230816_095639_588-768x1024.jpg 768w, https:\/\/www.radiopiu.net\/wordpress\/wp-content\/uploads\/2023\/08\/Watermark_20230816_095639_588-1152x1536.jpg 1152w, https:\/\/www.radiopiu.net\/wordpress\/wp-content\/uploads\/2023\/08\/Watermark_20230816_095639_588-1536x2048.jpg 1536w, https:\/\/www.radiopiu.net\/wordpress\/wp-content\/uploads\/2023\/08\/Watermark_20230816_095639_588.jpg 1773w\" sizes=\"auto, (max-width: 122px) 100vw, 122px\" \/><\/a>LIVINALLONGO<\/strong> Ieri sera passate le 20, in concomitanza con il forte temporale che si \u00e8 scatenato sulla parte alta della provincia, la Centrale del 118 \u00e8 stata attivata per diverse emergenze, in particolare quella di un escursionista bloccato sulla Ferrata Piazzetta al Piz Bo\u00e8. Dalle prime informazioni il 40enne di Grumolo delle Abbadesse (VI) doveva trovarsi verso l&#8217;attacco, in realt\u00e0 la squadra del Soccorso alpino di Livinallongo partita in suo aiuto lo ha poi trovato a 2.700 metri di quota, a circa met\u00e0 del percorso attrezzato. L&#8217;uomo, che la stava percorrendo in discesa, stava bene, era solo spaventato ed \u00e8 stato raggiunto dai soccorritori saliti a piedi per una quarantina di minuti e poi arrampicatisi lungo il cavo. Una volta assicurato, l&#8217;escursionista \u00e8 stato calato per sessanta metri sulla verticale fino al sentiero sottostante ed \u00e8 poi rientrato con la squadra alla macchina. L&#8217;intervento si \u00e8 concluso a mezzanotte e mezza.<\/p>\n<p>&nbsp;<\/p>\n<p>&nbsp;<\/p>\n<p>******<\/p>\n","protected":false},"excerpt":{"rendered":"<p>LIVINALLONGO Ieri sera passate le 20, in concomitanza con il forte temporale che si \u00e8 scatenato sulla parte alta della provincia, la Centrale del 118 \u00e8 stata attivata per diverse emergenze, in particolare quella di un escursionista bloccato sulla Ferrata Piazzetta al Piz Bo\u00e8. Dalle prime informazioni il 40enne di Grumolo delle Abbadesse (VI) doveva&hellip;<\/p>\n","protected":false},"author":4,"featured_media":270917,"comment_status":"closed","ping_status":"closed","sticky":false,"template":"","format":"standard","meta":{"_monsterinsights_skip_tracking":false,"_monsterinsights_sitenote_active":false,"_monsterinsights_sitenote_note":"","_monsterinsights_sitenote_category":0,"footnotes":""},"categories":[51,49],"tags":[],"class_list":["post-348702","post","type-post","status-publish","format-standard","has-post-thumbnail","hentry","category-evidenza-top","category-news-18","category-51","category-49","description-off"],"img_url":"https:\/\/www.radiopiu.net\/wordpress\/wp-content\/uploads\/2022\/04\/soccorso-alpino-1024x602-1.jpg","_links":{"self":[{"href":"https:\/\/www.radiopiu.net\/wordpress\/wp-json\/wp\/v2\/posts\/348702","targetHints":{"allow":["GET"]}}],"collection":[{"href":"https:\/\/www.radiopiu.net\/wordpress\/wp-json\/wp\/v2\/posts"}],"about":[{"href":"https:\/\/www.radiopiu.net\/wordpress\/wp-json\/wp\/v2\/types\/post"}],"author":[{"embeddable":true,"href":"https:\/\/www.radiopiu.net\/wordpress\/wp-json\/wp\/v2\/users\/4"}],"replies":[{"embeddable":true,"href":"https:\/\/www.radiopiu.net\/wordpress\/wp-json\/wp\/v2\/comments?post=348702"}],"version-history":[{"count":0,"href":"https:\/\/www.radiopiu.net\/wordpress\/wp-json\/wp\/v2\/posts\/348702\/revisions"}],"wp:featuredmedia":[{"embeddable":true,"href":"https:\/\/www.radiopiu.net\/wordpress\/wp-json\/wp\/v2\/media\/270917"}],"wp:attachment":[{"href":"https:\/\/www.radiopiu.net\/wordpress\/wp-json\/wp\/v2\/media?parent=348702"}],"wp:term":[{"taxonomy":"category","embeddable":true,"href":"https:\/\/www.radiopiu.net\/wordpress\/wp-json\/wp\/v2\/categories?post=348702"},{"taxonomy":"post_tag","embeddable":true,"href":"https:\/\/www.radiopiu.net\/wordpress\/wp-json\/wp\/v2\/tags?post=348702"}],"curies":[{"name":"wp","href":"https:\/\/api.w.org\/{rel}","templated":true}]}}