{"id":348740,"date":"2023-08-16T11:00:43","date_gmt":"2023-08-16T09:00:43","guid":{"rendered":"https:\/\/www.radiopiu.net\/wordpress\/?p=348740"},"modified":"2023-08-16T12:30:03","modified_gmt":"2023-08-16T10:30:03","slug":"tobias-moroder-vestira-la-maglia-dellalleghe-hockey","status":"publish","type":"post","link":"https:\/\/www.radiopiu.net\/wordpress\/tobias-moroder-vestira-la-maglia-dellalleghe-hockey\/","title":{"rendered":"TOBIAS MORODER VESTIRA&#8217; LA MAGLIA DELL&#8217;ALLEGHE HOCKEY"},"content":{"rendered":"<p><strong><a class=\"dt-pswp-item\" href=\"https:\/\/www.radiopiu.net\/wordpress\/wp-content\/uploads\/2023\/08\/843843b5-2786-497d-a190-ed514e862e80-1.jpg\" data-dt-img-description=\"\" data-large_image_width=\"728\" data-large_image_height=\"486\"><img loading=\"lazy\" decoding=\"async\" class=\" wp-image-348741 alignleft\" src=\"https:\/\/www.radiopiu.net\/wordpress\/wp-content\/uploads\/2023\/08\/843843b5-2786-497d-a190-ed514e862e80-1-300x200.jpg\" alt=\"\" width=\"215\" height=\"143\" srcset=\"https:\/\/www.radiopiu.net\/wordpress\/wp-content\/uploads\/2023\/08\/843843b5-2786-497d-a190-ed514e862e80-1-300x200.jpg 300w, https:\/\/www.radiopiu.net\/wordpress\/wp-content\/uploads\/2023\/08\/843843b5-2786-497d-a190-ed514e862e80-1.jpg 728w\" sizes=\"auto, (max-width: 215px) 100vw, 215px\" \/><\/a>di Roberto Miana, Portavoce dell&#8217;Alleghe Hockey<\/strong><\/p>\n<p>La societ\u00e0 Alleghe Hockey ufficializza per la stagione 2023\/2024 il giocatore TOBIAS MORODER. Attaccante classe 2002 di Ortisei, altezza 186 cm per 92 kg, proviene dal Gard\u00ebina dove \u00e8 cresciuto hockeisticamente. Nella prima squadra gardenese ha fatto registrare 138 presenze, quasi tutte in AlpsHL, impreziosite da 5 gol e 7 assist. Queste le prime parole di Tobias da giocatore biancorosso: \u201cDopo quasi cinque anni col Gardena in Alps era tempo di cambiare ed affrontare una nuova sfida nella mia carriera. Ho deciso cos\u00ec di venire a giocare ad Alleghe, sia per la storia hockeistica del club che anche per l\u2019ingaggio dei fratelli Vinatzer che ha sicuramente influenzato la mia decisione. Penso che quest\u2019anno la dirigenza abbia fatto un grande lavoro per creare una squadra competitiva e in grado di fare una bella stagione. Da questo campionato mi aspetto tanto, perch\u00e9 vedo una squadra di qualit\u00e0. Dar\u00f2 sempre il meglio per aiutare i miei compagni e prover\u00f2 a portare l\u2019esperienza che ho maturato in Alps. In carriera mi \u00e8 capitato di giocare qualche volta contro l\u2019Alleghe e sono sempre state partite molto belle e combattute. Della nuova squadra personalmente non conosco nessuno, ad eccezione dei fratelli Vinatzer. L\u2019anno scorso ho giocato due partite contro coach Scapinello e quest\u2019anno non vedo l\u2019ora di giocare per lui nell\u2019Alleghe\u201d<\/p>\n<p>(foto di Andreas Senoner)<\/p>\n<p>&nbsp;<\/p>\n<p>&nbsp;<\/p>\n<p>*******<\/p>\n","protected":false},"excerpt":{"rendered":"<p>di Roberto Miana, Portavoce dell&#8217;Alleghe Hockey La societ\u00e0 Alleghe Hockey ufficializza per la stagione 2023\/2024 il giocatore TOBIAS MORODER. Attaccante classe 2002 di Ortisei, altezza 186 cm per 92 kg, proviene dal Gard\u00ebina dove \u00e8 cresciuto hockeisticamente. Nella prima squadra gardenese ha fatto registrare 138 presenze, quasi tutte in AlpsHL, impreziosite da 5 gol e&hellip;<\/p>\n","protected":false},"author":4,"featured_media":348741,"comment_status":"closed","ping_status":"closed","sticky":false,"template":"","format":"standard","meta":{"_monsterinsights_skip_tracking":false,"_monsterinsights_sitenote_active":false,"_monsterinsights_sitenote_note":"","_monsterinsights_sitenote_category":0,"footnotes":""},"categories":[49],"tags":[],"class_list":["post-348740","post","type-post","status-publish","format-standard","has-post-thumbnail","hentry","category-news-18","category-49","description-off"],"img_url":"https:\/\/www.radiopiu.net\/wordpress\/wp-content\/uploads\/2023\/08\/843843b5-2786-497d-a190-ed514e862e80-1.jpg","_links":{"self":[{"href":"https:\/\/www.radiopiu.net\/wordpress\/wp-json\/wp\/v2\/posts\/348740","targetHints":{"allow":["GET"]}}],"collection":[{"href":"https:\/\/www.radiopiu.net\/wordpress\/wp-json\/wp\/v2\/posts"}],"about":[{"href":"https:\/\/www.radiopiu.net\/wordpress\/wp-json\/wp\/v2\/types\/post"}],"author":[{"embeddable":true,"href":"https:\/\/www.radiopiu.net\/wordpress\/wp-json\/wp\/v2\/users\/4"}],"replies":[{"embeddable":true,"href":"https:\/\/www.radiopiu.net\/wordpress\/wp-json\/wp\/v2\/comments?post=348740"}],"version-history":[{"count":0,"href":"https:\/\/www.radiopiu.net\/wordpress\/wp-json\/wp\/v2\/posts\/348740\/revisions"}],"wp:featuredmedia":[{"embeddable":true,"href":"https:\/\/www.radiopiu.net\/wordpress\/wp-json\/wp\/v2\/media\/348741"}],"wp:attachment":[{"href":"https:\/\/www.radiopiu.net\/wordpress\/wp-json\/wp\/v2\/media?parent=348740"}],"wp:term":[{"taxonomy":"category","embeddable":true,"href":"https:\/\/www.radiopiu.net\/wordpress\/wp-json\/wp\/v2\/categories?post=348740"},{"taxonomy":"post_tag","embeddable":true,"href":"https:\/\/www.radiopiu.net\/wordpress\/wp-json\/wp\/v2\/tags?post=348740"}],"curies":[{"name":"wp","href":"https:\/\/api.w.org\/{rel}","templated":true}]}}