{"id":348747,"date":"2023-08-17T05:26:19","date_gmt":"2023-08-17T03:26:19","guid":{"rendered":"https:\/\/www.radiopiu.net\/wordpress\/?p=348747"},"modified":"2023-08-17T05:46:04","modified_gmt":"2023-08-17T03:46:04","slug":"dillo-a-radio-piu-quando","status":"publish","type":"post","link":"https:\/\/www.radiopiu.net\/wordpress\/dillo-a-radio-piu-quando\/","title":{"rendered":"DILLO A RADIO PIU&#8217;&#8230;QUANDO PENSIAMO AD UN TURISMO IN BICICLETTA?"},"content":{"rendered":"<p><strong><a class=\"dt-pswp-item\" href=\"https:\/\/www.radiopiu.net\/wordpress\/wp-content\/uploads\/2022\/06\/mountain-bike-175216__340.jpg\" data-dt-img-description=\"\" data-large_image_width=\"453\" data-large_image_height=\"340\"><img loading=\"lazy\" decoding=\"async\" class=\" wp-image-281205 alignleft\" src=\"https:\/\/www.radiopiu.net\/wordpress\/wp-content\/uploads\/2022\/06\/mountain-bike-175216__340-300x225.jpg\" alt=\"\" width=\"176\" height=\"132\" srcset=\"https:\/\/www.radiopiu.net\/wordpress\/wp-content\/uploads\/2022\/06\/mountain-bike-175216__340-300x225.jpg 300w, https:\/\/www.radiopiu.net\/wordpress\/wp-content\/uploads\/2022\/06\/mountain-bike-175216__340.jpg 453w\" sizes=\"auto, (max-width: 176px) 100vw, 176px\" \/><\/a>REDAZIONE<\/strong> Riceviamo e pubblichiamo alcune considerazioni di Thomas Soppera in merito alle ciclabili e sentieri per mountain bike<\/p>\n<p><em>Considerazioni dopo una 2 giorni di bike in Austria precisamente a Solden Bike Republic, l\u00ec si pu\u00f2 vedere come il settore turistico punti ad un inverno con gli sci e ad una estate con le bici. Infatti l\u00ec ci sono oltre 22 trail di una lunghezza infinita se si parte dalla cima pi\u00f9 alta per arrivare in paese sono circa 12 km di trail per tutti i gusti, dai bike park con salti, passerelle in legno e molto altro, poi ci sono i trail enduro radici sassi molto pi\u00f9 tecnici insomma c\u2019\u00e8 ne per tutti e per tutte le esigenze. Quando arrivi in centro paese \u00e8 una cosa spettacolare centinaia di persone che girano per le vie con la bici, punti ricarica, lavaggi, meccanici, piste pump create per i pi\u00f9 piccoli e vedere un intera famiglia con mamma, pap\u00e0 e figli che girano assieme \u00e8 veramente spettacolare.\u00a0 Parlando con degli impiantisti si apre un mondo visto che fanno pi\u00f9 passaggi con le bici che con i camminatori, i rifugi praticamente vivono alla grande con i biker, c\u2019\u00e8 un rispetto reciproco tra biker e hiker impressionante quasi commovente visto come siamo messi qui (mal visti). Perch\u00e9 roviniamo il manto erboso e il terreno.\u00a0 Non voglio criticare nessuno ma purtroppo qui siamo veramente indietro su quello che potrebbe essere una svolta per la nostra vallata e parlo di una svolta economica per tutti e dico tutti! Arrivare come a Solden la vedo impossibile ma qui non siamo proprio neanche partiti infatti per le bici non c\u2019e niente. E vedendo le stagioni estive, sopratutto questa, ci sarebbe proprio bisogno di una rinnovata del nostro modo di vedere il turismo. Tutte le nostre valli confinanti per le bici hanno tutto: bike park, trail ecc (Alta Badia, Val di Fassa, Gardena, San Martino di Castrozza) noi purtroppo no.<\/em><\/p>\n<p><em>Thomas Soppera<\/em><\/p>\n<p>&nbsp;<\/p>\n<p>&nbsp;<\/p>\n<p>*******<\/p>\n","protected":false},"excerpt":{"rendered":"<p>REDAZIONE Riceviamo e pubblichiamo alcune considerazioni di Thomas Soppera in merito alle ciclabili e sentieri per mountain bike Considerazioni dopo una 2 giorni di bike in Austria precisamente a Solden Bike Republic, l\u00ec si pu\u00f2 vedere come il settore turistico punti ad un inverno con gli sci e ad una estate con le bici. Infatti&hellip;<\/p>\n","protected":false},"author":4,"featured_media":281205,"comment_status":"closed","ping_status":"closed","sticky":false,"template":"","format":"standard","meta":{"_monsterinsights_skip_tracking":false,"_monsterinsights_sitenote_active":false,"_monsterinsights_sitenote_note":"","_monsterinsights_sitenote_category":0,"footnotes":""},"categories":[51,49],"tags":[],"class_list":["post-348747","post","type-post","status-publish","format-standard","has-post-thumbnail","hentry","category-evidenza-top","category-news-18","category-51","category-49","description-off"],"img_url":"https:\/\/www.radiopiu.net\/wordpress\/wp-content\/uploads\/2022\/06\/mountain-bike-175216__340.jpg","_links":{"self":[{"href":"https:\/\/www.radiopiu.net\/wordpress\/wp-json\/wp\/v2\/posts\/348747","targetHints":{"allow":["GET"]}}],"collection":[{"href":"https:\/\/www.radiopiu.net\/wordpress\/wp-json\/wp\/v2\/posts"}],"about":[{"href":"https:\/\/www.radiopiu.net\/wordpress\/wp-json\/wp\/v2\/types\/post"}],"author":[{"embeddable":true,"href":"https:\/\/www.radiopiu.net\/wordpress\/wp-json\/wp\/v2\/users\/4"}],"replies":[{"embeddable":true,"href":"https:\/\/www.radiopiu.net\/wordpress\/wp-json\/wp\/v2\/comments?post=348747"}],"version-history":[{"count":0,"href":"https:\/\/www.radiopiu.net\/wordpress\/wp-json\/wp\/v2\/posts\/348747\/revisions"}],"wp:featuredmedia":[{"embeddable":true,"href":"https:\/\/www.radiopiu.net\/wordpress\/wp-json\/wp\/v2\/media\/281205"}],"wp:attachment":[{"href":"https:\/\/www.radiopiu.net\/wordpress\/wp-json\/wp\/v2\/media?parent=348747"}],"wp:term":[{"taxonomy":"category","embeddable":true,"href":"https:\/\/www.radiopiu.net\/wordpress\/wp-json\/wp\/v2\/categories?post=348747"},{"taxonomy":"post_tag","embeddable":true,"href":"https:\/\/www.radiopiu.net\/wordpress\/wp-json\/wp\/v2\/tags?post=348747"}],"curies":[{"name":"wp","href":"https:\/\/api.w.org\/{rel}","templated":true}]}}