{"id":348753,"date":"2023-08-01T13:24:40","date_gmt":"2023-08-01T11:24:40","guid":{"rendered":"https:\/\/www.radiopiu.net\/wordpress\/?p=348753"},"modified":"2023-08-17T05:48:16","modified_gmt":"2023-08-17T03:48:16","slug":"incidente-a-bribano-di-sedico","status":"publish","type":"post","link":"https:\/\/www.radiopiu.net\/wordpress\/incidente-a-bribano-di-sedico\/","title":{"rendered":"INCIDENTE A BRIBANO DI SEDICO"},"content":{"rendered":"<p><strong><a class=\"dt-pswp-item\" href=\"https:\/\/www.radiopiu.net\/wordpress\/wp-content\/uploads\/2023\/08\/SCR-20230816-lzaw.jpeg\" data-dt-img-description=\"\" data-large_image_width=\"1064\" data-large_image_height=\"722\"><img loading=\"lazy\" decoding=\"async\" class=\" wp-image-348757 alignleft\" src=\"https:\/\/www.radiopiu.net\/wordpress\/wp-content\/uploads\/2023\/08\/SCR-20230816-lzaw-300x204.jpeg\" alt=\"\" width=\"153\" height=\"104\" srcset=\"https:\/\/www.radiopiu.net\/wordpress\/wp-content\/uploads\/2023\/08\/SCR-20230816-lzaw-300x204.jpeg 300w, https:\/\/www.radiopiu.net\/wordpress\/wp-content\/uploads\/2023\/08\/SCR-20230816-lzaw-1024x695.jpeg 1024w, https:\/\/www.radiopiu.net\/wordpress\/wp-content\/uploads\/2023\/08\/SCR-20230816-lzaw-768x521.jpeg 768w, https:\/\/www.radiopiu.net\/wordpress\/wp-content\/uploads\/2023\/08\/SCR-20230816-lzaw.jpeg 1064w\" sizes=\"auto, (max-width: 153px) 100vw, 153px\" \/><\/a>SEDICO<\/strong> Questa mattina poco dopo le 10 a Bribano di Sedico il personale del Suem 118 \u00e8 stato chiamato per un incidente dove \u00e8 stata coinvolta un&#8217;auto. I conducente, un 75enne di Sedico \u00e8 stato portato all&#8217;Ospedale San Martino. Il mezzo \u00e8 finito ruote all&#8217;aria e il traffico ha subito dei disagi per permettere alle forze dell&#8217;ordine di effettuare i rilievi del caso.<\/p>\n<p>foto Moreno, Viabilit\u00e0 Provincia di Belluno_telegram<\/p>\n<p>&nbsp;<\/p>\n<p>*****<\/p>\n","protected":false},"excerpt":{"rendered":"<p>SEDICO Questa mattina poco dopo le 10 a Bribano di Sedico il personale del Suem 118 \u00e8 stato chiamato per un incidente dove \u00e8 stata coinvolta un&#8217;auto. I conducente, un 75enne di Sedico \u00e8 stato portato all&#8217;Ospedale San Martino. Il mezzo \u00e8 finito ruote all&#8217;aria e il traffico ha subito dei disagi per permettere alle&hellip;<\/p>\n","protected":false},"author":4,"featured_media":348757,"comment_status":"closed","ping_status":"closed","sticky":false,"template":"","format":"standard","meta":{"_monsterinsights_skip_tracking":false,"_monsterinsights_sitenote_active":false,"_monsterinsights_sitenote_note":"","_monsterinsights_sitenote_category":0,"footnotes":""},"categories":[51,49],"tags":[],"class_list":["post-348753","post","type-post","status-publish","format-standard","has-post-thumbnail","hentry","category-evidenza-top","category-news-18","category-51","category-49","description-off"],"img_url":"https:\/\/www.radiopiu.net\/wordpress\/wp-content\/uploads\/2023\/08\/SCR-20230816-lzaw.jpeg","_links":{"self":[{"href":"https:\/\/www.radiopiu.net\/wordpress\/wp-json\/wp\/v2\/posts\/348753","targetHints":{"allow":["GET"]}}],"collection":[{"href":"https:\/\/www.radiopiu.net\/wordpress\/wp-json\/wp\/v2\/posts"}],"about":[{"href":"https:\/\/www.radiopiu.net\/wordpress\/wp-json\/wp\/v2\/types\/post"}],"author":[{"embeddable":true,"href":"https:\/\/www.radiopiu.net\/wordpress\/wp-json\/wp\/v2\/users\/4"}],"replies":[{"embeddable":true,"href":"https:\/\/www.radiopiu.net\/wordpress\/wp-json\/wp\/v2\/comments?post=348753"}],"version-history":[{"count":0,"href":"https:\/\/www.radiopiu.net\/wordpress\/wp-json\/wp\/v2\/posts\/348753\/revisions"}],"wp:featuredmedia":[{"embeddable":true,"href":"https:\/\/www.radiopiu.net\/wordpress\/wp-json\/wp\/v2\/media\/348757"}],"wp:attachment":[{"href":"https:\/\/www.radiopiu.net\/wordpress\/wp-json\/wp\/v2\/media?parent=348753"}],"wp:term":[{"taxonomy":"category","embeddable":true,"href":"https:\/\/www.radiopiu.net\/wordpress\/wp-json\/wp\/v2\/categories?post=348753"},{"taxonomy":"post_tag","embeddable":true,"href":"https:\/\/www.radiopiu.net\/wordpress\/wp-json\/wp\/v2\/tags?post=348753"}],"curies":[{"name":"wp","href":"https:\/\/api.w.org\/{rel}","templated":true}]}}