{"id":348760,"date":"2023-08-17T05:29:00","date_gmt":"2023-08-17T03:29:00","guid":{"rendered":"https:\/\/www.radiopiu.net\/wordpress\/?p=348760"},"modified":"2023-08-17T05:45:04","modified_gmt":"2023-08-17T03:45:04","slug":"a-fuoco-una-piccola-baita-ai-piani-di-pezze","status":"publish","type":"post","link":"https:\/\/www.radiopiu.net\/wordpress\/a-fuoco-una-piccola-baita-ai-piani-di-pezze\/","title":{"rendered":"A FUOCO UNA PICCOLA BAITA AI PIANI DI PEZZE&#8217;"},"content":{"rendered":"<p><strong>ALLEGHE<\/strong> \u00c8 stato spento in ieri mattina dai Vigili del Fuoco l\u2019incendio di una piccola baita in una zona boscata sopra Piani di Pezz\u00e8 nel comune di Alleghe. Sul posto i pompieri con due campagnole del distaccamento di Agordo e i volontari di Selva di Cadore che hanno messo in sicurezza l\u2019area dopo aver constatato che le fiamme della costruzione in legno, andate avanti per diverse ore, si erano quasi autoestinte per l&#8217;esaurimento di combustibile.\u00a0 La struttura \u00e8 stata completamente divorata dal fuoco e il tetto il lamiera si \u00e8 appoggiato sul prato, in mezzo al bosco. Non si \u00e8 salvato nulla e non sar\u00e0 per niente semplice stabilire le cause del rogo per i vigili del fuoco di Agordo. L&#8217;ipotesi pi\u00f9 credibile \u00e8 quella di un fulmine. Meno accreditata la pista della grigliata consumata e digerita con le braci ancora accese. I proprietari sono di Belluno. L&#8217;allarme alle 9.16 di ieri mattina, con una telefonata al 115 dei vigili del fuoco da parte degli operatori di Alleghe Funivie. C&#8217;era una colonna di fumo, che si alzava dal bosco, all&#8217;altezza della pista da sci Civetta-Lavadoi.<\/p>\n<p>&nbsp;<\/p>\n\n\t\t\t<style type='text\/css'>\n\t\t\t\t#gallery-1 {\n\t\t\t\t\tmargin: auto;\n\t\t\t\t}\n\t\t\t\t#gallery-1 .gallery-item {\n\t\t\t\t\tfloat: left;\n\t\t\t\t\tmargin-top: 10px;\n\t\t\t\t\ttext-align: center;\n\t\t\t\t\twidth: 50%;\n\t\t\t\t}\n\t\t\t\t#gallery-1 img {\n\t\t\t\t\tborder: 2px solid #cfcfcf;\n\t\t\t\t}\n\t\t\t\t#gallery-1 .gallery-caption {\n\t\t\t\t\tmargin-left: 0;\n\t\t\t\t}\n\t\t\t\t\/* see gallery_shortcode() in wp-includes\/media.php *\/\n\t\t\t<\/style>\n\t\t<div id='gallery-1' class='dt-gallery-container gallery galleryid-348760 gallery-columns-2 gallery-size-medium'><dl class='gallery-item'>\n\t\t\t\t<dt class='gallery-icon landscape'>\n\t\t\t\t\t<a class=\"rollover rollover-zoom dt-pswp-item\" title=\"09df8ff0-cd99-4b50-9749-53dcf3e3f534\" data-dt-img-description=\"\" data-large_image_width=\"1280\" data-large_image_height=\"720\"href='https:\/\/www.radiopiu.net\/wordpress\/wp-content\/uploads\/2023\/08\/09df8ff0-cd99-4b50-9749-53dcf3e3f534.jpg'><img loading=\"lazy\" decoding=\"async\" width=\"300\" height=\"169\" src=\"https:\/\/www.radiopiu.net\/wordpress\/wp-content\/uploads\/2023\/08\/09df8ff0-cd99-4b50-9749-53dcf3e3f534-300x169.jpg\" class=\"attachment-medium size-medium\" alt=\"\" srcset=\"https:\/\/www.radiopiu.net\/wordpress\/wp-content\/uploads\/2023\/08\/09df8ff0-cd99-4b50-9749-53dcf3e3f534-300x169.jpg 300w, https:\/\/www.radiopiu.net\/wordpress\/wp-content\/uploads\/2023\/08\/09df8ff0-cd99-4b50-9749-53dcf3e3f534-1024x576.jpg 1024w, https:\/\/www.radiopiu.net\/wordpress\/wp-content\/uploads\/2023\/08\/09df8ff0-cd99-4b50-9749-53dcf3e3f534-768x432.jpg 768w, https:\/\/www.radiopiu.net\/wordpress\/wp-content\/uploads\/2023\/08\/09df8ff0-cd99-4b50-9749-53dcf3e3f534.jpg 1280w\" sizes=\"auto, (max-width: 300px) 100vw, 300px\" \/><\/a>\n\t\t\t\t<\/dt><\/dl><dl class='gallery-item'>\n\t\t\t\t<dt class='gallery-icon landscape'>\n\t\t\t\t\t<a class=\"rollover rollover-zoom dt-pswp-item\" title=\"7446135d-daec-4af7-801a-fa0be229c4a7\" data-dt-img-description=\"\" data-large_image_width=\"1280\" data-large_image_height=\"720\"href='https:\/\/www.radiopiu.net\/wordpress\/wp-content\/uploads\/2023\/08\/7446135d-daec-4af7-801a-fa0be229c4a7.jpg'><img loading=\"lazy\" decoding=\"async\" width=\"300\" height=\"169\" src=\"https:\/\/www.radiopiu.net\/wordpress\/wp-content\/uploads\/2023\/08\/7446135d-daec-4af7-801a-fa0be229c4a7-300x169.jpg\" class=\"attachment-medium size-medium\" alt=\"\" srcset=\"https:\/\/www.radiopiu.net\/wordpress\/wp-content\/uploads\/2023\/08\/7446135d-daec-4af7-801a-fa0be229c4a7-300x169.jpg 300w, https:\/\/www.radiopiu.net\/wordpress\/wp-content\/uploads\/2023\/08\/7446135d-daec-4af7-801a-fa0be229c4a7-1024x576.jpg 1024w, https:\/\/www.radiopiu.net\/wordpress\/wp-content\/uploads\/2023\/08\/7446135d-daec-4af7-801a-fa0be229c4a7-768x432.jpg 768w, https:\/\/www.radiopiu.net\/wordpress\/wp-content\/uploads\/2023\/08\/7446135d-daec-4af7-801a-fa0be229c4a7.jpg 1280w\" sizes=\"auto, (max-width: 300px) 100vw, 300px\" \/><\/a>\n\t\t\t\t<\/dt><\/dl><br style=\"clear: both\" \/>\n\t\t\t<\/div>\n\n<p>&nbsp;<\/p>\n<p>&nbsp;<\/p>\n<p>*******<\/p>\n","protected":false},"excerpt":{"rendered":"<p>ALLEGHE \u00c8 stato spento in ieri mattina dai Vigili del Fuoco l\u2019incendio di una piccola baita in una zona boscata sopra Piani di Pezz\u00e8 nel comune di Alleghe. Sul posto i pompieri con due campagnole del distaccamento di Agordo e i volontari di Selva di Cadore che hanno messo in sicurezza l\u2019area dopo aver constatato&hellip;<\/p>\n","protected":false},"author":4,"featured_media":348763,"comment_status":"closed","ping_status":"closed","sticky":false,"template":"","format":"standard","meta":{"_monsterinsights_skip_tracking":false,"_monsterinsights_sitenote_active":false,"_monsterinsights_sitenote_note":"","_monsterinsights_sitenote_category":0,"footnotes":""},"categories":[51,49],"tags":[],"class_list":["post-348760","post","type-post","status-publish","format-standard","has-post-thumbnail","hentry","category-evidenza-top","category-news-18","category-51","category-49","description-off"],"img_url":"https:\/\/www.radiopiu.net\/wordpress\/wp-content\/uploads\/2023\/08\/7446135d-daec-4af7-801a-fa0be229c4a7.jpg","_links":{"self":[{"href":"https:\/\/www.radiopiu.net\/wordpress\/wp-json\/wp\/v2\/posts\/348760","targetHints":{"allow":["GET"]}}],"collection":[{"href":"https:\/\/www.radiopiu.net\/wordpress\/wp-json\/wp\/v2\/posts"}],"about":[{"href":"https:\/\/www.radiopiu.net\/wordpress\/wp-json\/wp\/v2\/types\/post"}],"author":[{"embeddable":true,"href":"https:\/\/www.radiopiu.net\/wordpress\/wp-json\/wp\/v2\/users\/4"}],"replies":[{"embeddable":true,"href":"https:\/\/www.radiopiu.net\/wordpress\/wp-json\/wp\/v2\/comments?post=348760"}],"version-history":[{"count":0,"href":"https:\/\/www.radiopiu.net\/wordpress\/wp-json\/wp\/v2\/posts\/348760\/revisions"}],"wp:featuredmedia":[{"embeddable":true,"href":"https:\/\/www.radiopiu.net\/wordpress\/wp-json\/wp\/v2\/media\/348763"}],"wp:attachment":[{"href":"https:\/\/www.radiopiu.net\/wordpress\/wp-json\/wp\/v2\/media?parent=348760"}],"wp:term":[{"taxonomy":"category","embeddable":true,"href":"https:\/\/www.radiopiu.net\/wordpress\/wp-json\/wp\/v2\/categories?post=348760"},{"taxonomy":"post_tag","embeddable":true,"href":"https:\/\/www.radiopiu.net\/wordpress\/wp-json\/wp\/v2\/tags?post=348760"}],"curies":[{"name":"wp","href":"https:\/\/api.w.org\/{rel}","templated":true}]}}