{"id":348792,"date":"2023-08-17T04:30:19","date_gmt":"2023-08-17T02:30:19","guid":{"rendered":"https:\/\/www.radiopiu.net\/wordpress\/?p=348792"},"modified":"2023-08-17T05:48:07","modified_gmt":"2023-08-17T03:48:07","slug":"1923-15-agosto-2023-il-centenario-della-latteria-di-digoman","status":"publish","type":"post","link":"https:\/\/www.radiopiu.net\/wordpress\/1923-15-agosto-2023-il-centenario-della-latteria-di-digoman\/","title":{"rendered":"1923 \u2013 15 AGOSTO \u2013 2023 \u2013 IL CENTENARIO DELLA LATTERIA DI DIGOMAN"},"content":{"rendered":"<p><strong>di Loris Santomaso<\/strong><\/p>\n<p>Cento anni fa, mercoled\u00ec 15 agosto 1923, tradizionale festa \u201cdela Mad\u00f2na de ag\u00f3st de Olt\u00e0ch\u201d, entrava in funzione a Digoman la latteria turnaria. Era una delle 56 realt\u00e0 sociali \u201cfiglie\u201d dell\u2019iniziativa illuminata e lungimirante di don Antonio Della Lucia (1824-1906), l\u2019apostolo del cooperativismo, che nel 1972 aveva fondato a Forno di Canale (oggi Canale d\u2019Agordo) la prima latteria sociale d\u2019Italia, seguita nel 1887-88 dalla costituzione della Federazione delle latterie agordine, rimasta attiva fino al 1974. Dal libro \u201cIl cinquantesimo delle latterie agordine 1887-1937\u201d, Belluno, 1937 e da una nota scritta, su richiesta di Luigi Rivis, in data 15 agosto 1982 da Giacomo Rivis (1895-1985, principale promotore, con Geremia Santomaso, dell\u2019iniziativa e uno dei 25 soci fondatori), nonch\u00e9 da qualche ormai rara testimonianza, \u00e8 stato possibile mettere assieme alcune notizie riguardo le vicende del \u201ccas\u00e8lo\u201d di Digoman. L\u2019idea mosse i primi passi il 20 febbraio allorch\u00e9, come dice Giacomo Rivis, \u00abio e Geremia ne abbiamo parlato con i pi\u00f9 anziani, cio\u00e8 zio Giovanni e f.lli Bepi, Carlo e Piero, Severino Nico, mio padre Serafino, il maestro Riva, Calimero e altri\u00bb. \u00abRicevuto l\u2019incoraggiamento fu trovato il locale grazie a Geremia Santomaso che offr\u00ec gratis per i primi tre anni la sua casa vecchia disabitata: nella cucina, corridoio ed entrata furono sistemati la caldaia per il formaggio e l\u2019essiccatoio per la ricotta, nella stua la vasca per il latte e l\u2019attrezzatura per il formaggio. Il casaro era lo zio Pietro Rivis che lavorava a L.5 al giorno, Primo presidente fu Geremia Santomaso\u00bb. Purtroppo, a luglio del 1924, nel fienile della casa di Benedetto Dalla Porta, adiacente proprio alla casa vecchia di Geremia Santomaso, scoppi\u00f2 un incendio che distrusse anche la latteria. Allora il maestro Giovanni Riva incoraggi\u00f2 i soci ad acquistare un nuovo terreno che fu trovato questa volta, come riferisce sempre Giacomo Rivis, grazie a Giuseppe Rivis \u201cN\u00f9col\u201d, che mise a disposizione (vendendolo a condizioni favorevoli) il suo terreno su cui era la stalla e il fienile ridotti dall\u2019incendio a un cumulo di macerie. Fu edificato cos\u00ec il nuovo \u201ccas\u00e8lo\u201d del quale, data la mancanza di documentazione precisa, si pu\u00f2 datare agli inizi del 1982 il termine dell\u2019attivit\u00e0. Infatti l\u20198 agosto successivo, su iniziativa di Luigi Rivis fu convocata, dopo tanti anni, una assemblea straordinaria dei soci, nei locali della latteria, per l\u2019aggiornamento dell\u2019elenco dei soci fondatori (allora l\u2019unico vivente era Giacomo Rivis), e della situazione contabile. Pu\u00f2 essere interessante osservare che nel 1923-24, la Federazione delle latterie agordine (di cui faceva parte anche quella di Digoman) produceva il famoso \u201cBurro Agordo\u201d, richiesto ed esportato in tutto il mondo, in una quantit\u00e0 di quasi 100 mila chilogrammi\/anno, grazie all\u2019apporto di 56 latterie, di 2860 vacche da latte e 1856 soci in Agordino. Da ricordare, infine (per quanto \u00e8 \u00a0stato possibile risalire ai nomi) i presidenti: Geremia Santomaso, il maestro Giovanni Riva, Antonio Pollazzon, Giuseppe Dalla Porta, Giovanni Chissal\u00e8, Calimero Dalla Porta, e i casari: Pietro Giuseppe Rivis, Luigi Da Campo Cine, la Rosina e la Maria Pollazzon. A loro e a tutti i soci che, nonostante difficolt\u00e0 e sacrificio, ne continuarono la benemerita iniziativa, operando secondo l\u2019insegnamento di don Antonio Della Lucia con la \u201cforza dell\u2019unione\u201d, per la cura e la conservazione dell\u2019ambiente, l\u2019eliminazione della speculazione e la distribuzione solidale del prodotto e del ricavato fra i soci agricoltori, il ricordo e il pensiero riconoscente della comunit\u00e0 dei \u201cDigoman\u00e8r\u201d.<\/p>\n\n\t\t\t<style type='text\/css'>\n\t\t\t\t#gallery-1 {\n\t\t\t\t\tmargin: auto;\n\t\t\t\t}\n\t\t\t\t#gallery-1 .gallery-item {\n\t\t\t\t\tfloat: left;\n\t\t\t\t\tmargin-top: 10px;\n\t\t\t\t\ttext-align: center;\n\t\t\t\t\twidth: 25%;\n\t\t\t\t}\n\t\t\t\t#gallery-1 img {\n\t\t\t\t\tborder: 2px solid #cfcfcf;\n\t\t\t\t}\n\t\t\t\t#gallery-1 .gallery-caption {\n\t\t\t\t\tmargin-left: 0;\n\t\t\t\t}\n\t\t\t\t\/* see gallery_shortcode() in wp-includes\/media.php *\/\n\t\t\t<\/style>\n\t\t<div id='gallery-1' class='dt-gallery-container gallery galleryid-348792 gallery-columns-4 gallery-size-thumbnail'><dl class='gallery-item'>\n\t\t\t\t<dt class='gallery-icon portrait'>\n\t\t\t\t\t<a class=\"rollover rollover-zoom dt-pswp-item\" title=\"Geremia Santomaso e sorella Concetta\" data-dt-img-description=\"\" data-large_image_width=\"720\" data-large_image_height=\"960\"href='https:\/\/www.radiopiu.net\/wordpress\/wp-content\/uploads\/2023\/08\/Geremia-Santomaso-e-sorella-Concetta.jpg'><img loading=\"lazy\" decoding=\"async\" width=\"150\" height=\"150\" src=\"https:\/\/www.radiopiu.net\/wordpress\/wp-content\/uploads\/2023\/08\/Geremia-Santomaso-e-sorella-Concetta-150x150.jpg\" class=\"attachment-thumbnail size-thumbnail\" alt=\"\" aria-describedby=\"gallery-1-348793\" \/><\/a>\n\t\t\t\t<\/dt>\n\t\t\t\t\t<dd class='wp-caption-text gallery-caption' id='gallery-1-348793'>\n\t\t\t\t\tGeremia Santomaso e sorella Concetta\n\t\t\t\t\t<\/dd><\/dl><dl class='gallery-item'>\n\t\t\t\t<dt class='gallery-icon portrait'>\n\t\t\t\t\t<a class=\"rollover rollover-zoom dt-pswp-item\" title=\"Giacomo Rivis, uno dei promotori e fondatore con Geremia\" data-dt-img-description=\"\" data-large_image_width=\"984\" data-large_image_height=\"1718\"href='https:\/\/www.radiopiu.net\/wordpress\/wp-content\/uploads\/2023\/08\/Giacomo-Rivis-uno-dei-promotori-e-fondatore-con-Geremia.jpg'><img loading=\"lazy\" decoding=\"async\" width=\"150\" height=\"150\" src=\"https:\/\/www.radiopiu.net\/wordpress\/wp-content\/uploads\/2023\/08\/Giacomo-Rivis-uno-dei-promotori-e-fondatore-con-Geremia-150x150.jpg\" class=\"attachment-thumbnail size-thumbnail\" alt=\"\" aria-describedby=\"gallery-1-348794\" \/><\/a>\n\t\t\t\t<\/dt>\n\t\t\t\t\t<dd class='wp-caption-text gallery-caption' id='gallery-1-348794'>\n\t\t\t\t\tGiacomo Rivis, uno dei promotori e fondatore con Geremia\n\t\t\t\t\t<\/dd><\/dl><dl class='gallery-item'>\n\t\t\t\t<dt class='gallery-icon landscape'>\n\t\t\t\t\t<a class=\"rollover rollover-zoom dt-pswp-item\" title=\"Digoman, riunione soci cas\u00e8lo 1982 -8 agosto\" data-dt-img-description=\"\" data-large_image_width=\"1476\" data-large_image_height=\"1046\"href='https:\/\/www.radiopiu.net\/wordpress\/wp-content\/uploads\/2023\/08\/Digoman-riunione-soci-caselo-1982-8-agosto.jpg'><img loading=\"lazy\" decoding=\"async\" width=\"150\" height=\"150\" src=\"https:\/\/www.radiopiu.net\/wordpress\/wp-content\/uploads\/2023\/08\/Digoman-riunione-soci-caselo-1982-8-agosto-150x150.jpg\" class=\"attachment-thumbnail size-thumbnail\" alt=\"\" aria-describedby=\"gallery-1-348795\" \/><\/a>\n\t\t\t\t<\/dt>\n\t\t\t\t\t<dd class='wp-caption-text gallery-caption' id='gallery-1-348795'>\n\t\t\t\t\tDigoman, riunione soci cas\u00e8lo 1982 -8 agosto\n\t\t\t\t\t<\/dd><\/dl><dl class='gallery-item'>\n\t\t\t\t<dt class='gallery-icon landscape'>\n\t\t\t\t\t<a class=\"rollover rollover-zoom dt-pswp-item\" title=\"Digoman - El cas\u00e8lo oggi\" data-dt-img-description=\"\" data-large_image_width=\"1476\" data-large_image_height=\"984\"href='https:\/\/www.radiopiu.net\/wordpress\/wp-content\/uploads\/2023\/08\/Digoman-El-caselo-oggi.jpg'><img loading=\"lazy\" decoding=\"async\" width=\"150\" height=\"150\" src=\"https:\/\/www.radiopiu.net\/wordpress\/wp-content\/uploads\/2023\/08\/Digoman-El-caselo-oggi-150x150.jpg\" class=\"attachment-thumbnail size-thumbnail\" alt=\"\" aria-describedby=\"gallery-1-348796\" \/><\/a>\n\t\t\t\t<\/dt>\n\t\t\t\t\t<dd class='wp-caption-text gallery-caption' id='gallery-1-348796'>\n\t\t\t\t\tDigoman &#8211; El cas\u00e8lo oggi\n\t\t\t\t\t<\/dd><\/dl><br style=\"clear: both\" \/>\n\t\t\t<\/div>\n\n<p>&nbsp;<\/p>\n<p>&nbsp;<\/p>\n<p>********<\/p>\n","protected":false},"excerpt":{"rendered":"<p>di Loris Santomaso Cento anni fa, mercoled\u00ec 15 agosto 1923, tradizionale festa \u201cdela Mad\u00f2na de ag\u00f3st de Olt\u00e0ch\u201d, entrava in funzione a Digoman la latteria turnaria. Era una delle 56 realt\u00e0 sociali \u201cfiglie\u201d dell\u2019iniziativa illuminata e lungimirante di don Antonio Della Lucia (1824-1906), l\u2019apostolo del cooperativismo, che nel 1972 aveva fondato a Forno di Canale&hellip;<\/p>\n","protected":false},"author":4,"featured_media":348796,"comment_status":"closed","ping_status":"closed","sticky":false,"template":"","format":"standard","meta":{"_monsterinsights_skip_tracking":false,"_monsterinsights_sitenote_active":false,"_monsterinsights_sitenote_note":"","_monsterinsights_sitenote_category":0,"footnotes":""},"categories":[51,49],"tags":[],"class_list":["post-348792","post","type-post","status-publish","format-standard","has-post-thumbnail","hentry","category-evidenza-top","category-news-18","category-51","category-49","description-off"],"img_url":"https:\/\/www.radiopiu.net\/wordpress\/wp-content\/uploads\/2023\/08\/Digoman-El-caselo-oggi.jpg","_links":{"self":[{"href":"https:\/\/www.radiopiu.net\/wordpress\/wp-json\/wp\/v2\/posts\/348792","targetHints":{"allow":["GET"]}}],"collection":[{"href":"https:\/\/www.radiopiu.net\/wordpress\/wp-json\/wp\/v2\/posts"}],"about":[{"href":"https:\/\/www.radiopiu.net\/wordpress\/wp-json\/wp\/v2\/types\/post"}],"author":[{"embeddable":true,"href":"https:\/\/www.radiopiu.net\/wordpress\/wp-json\/wp\/v2\/users\/4"}],"replies":[{"embeddable":true,"href":"https:\/\/www.radiopiu.net\/wordpress\/wp-json\/wp\/v2\/comments?post=348792"}],"version-history":[{"count":0,"href":"https:\/\/www.radiopiu.net\/wordpress\/wp-json\/wp\/v2\/posts\/348792\/revisions"}],"wp:featuredmedia":[{"embeddable":true,"href":"https:\/\/www.radiopiu.net\/wordpress\/wp-json\/wp\/v2\/media\/348796"}],"wp:attachment":[{"href":"https:\/\/www.radiopiu.net\/wordpress\/wp-json\/wp\/v2\/media?parent=348792"}],"wp:term":[{"taxonomy":"category","embeddable":true,"href":"https:\/\/www.radiopiu.net\/wordpress\/wp-json\/wp\/v2\/categories?post=348792"},{"taxonomy":"post_tag","embeddable":true,"href":"https:\/\/www.radiopiu.net\/wordpress\/wp-json\/wp\/v2\/tags?post=348792"}],"curies":[{"name":"wp","href":"https:\/\/api.w.org\/{rel}","templated":true}]}}