{"id":348802,"date":"2023-08-17T05:33:23","date_gmt":"2023-08-17T03:33:23","guid":{"rendered":"https:\/\/www.radiopiu.net\/wordpress\/?p=348802"},"modified":"2023-08-17T05:43:44","modified_gmt":"2023-08-17T03:43:44","slug":"docente-di-spagnolo-muore-nel-sonno-a-meano","status":"publish","type":"post","link":"https:\/\/www.radiopiu.net\/wordpress\/docente-di-spagnolo-muore-nel-sonno-a-meano\/","title":{"rendered":"DOCENTE DI SPAGNOLO MUORE NEL SONNO A MEANO"},"content":{"rendered":"<p><strong><a class=\"dt-pswp-item\" href=\"https:\/\/www.radiopiu.net\/wordpress\/wp-content\/uploads\/2023\/08\/SCR-20230816-qxgy.jpeg\" data-dt-img-description=\"\" data-large_image_width=\"916\" data-large_image_height=\"706\"><img loading=\"lazy\" decoding=\"async\" class=\" wp-image-348805 alignleft\" src=\"https:\/\/www.radiopiu.net\/wordpress\/wp-content\/uploads\/2023\/08\/SCR-20230816-qxgy-300x231.jpeg\" alt=\"\" width=\"173\" height=\"133\" srcset=\"https:\/\/www.radiopiu.net\/wordpress\/wp-content\/uploads\/2023\/08\/SCR-20230816-qxgy-300x231.jpeg 300w, https:\/\/www.radiopiu.net\/wordpress\/wp-content\/uploads\/2023\/08\/SCR-20230816-qxgy-768x592.jpeg 768w, https:\/\/www.radiopiu.net\/wordpress\/wp-content\/uploads\/2023\/08\/SCR-20230816-qxgy.jpeg 916w\" sizes=\"auto, (max-width: 173px) 100vw, 173px\" \/><\/a>BELLUNO<\/strong> Valentina Cervasio, docente di spagnolo, \u00e8 deceduta a causa di un malore improvviso durante la notte tra marted\u00ec e mercoled\u00ec. Appassionata di montagna, avrebbe compiuto 50 anni a breve. I familiari l&#8217;hanno trovata senza vita nella sua camera e i soccorsi non hanno potuto far altro che constatarne il decesso. Valentina ha insegnato spagnolo all&#8217;istituto superiore Catullo di Belluno per anni e negli ultimi due anni era stata trasferita per motivi burocratici al Comprensivo di Silea, tornando al Catullo a settembre. Colleghi e dirigenti scolastici la ricordano come una persona dinamica, energica e sempre sorridente. Era molto legata alla famiglia e attenta ai bisogni degli studenti. La sua improvvisa scomparsa ha lasciato sia la comunit\u00e0 scolastica che il paese di Meano, dove viveva, sconvolti. I dettagli dei funerali saranno comunicati prossimamente.<\/p>\n<p>(foto: Facebook)<\/p>\n","protected":false},"excerpt":{"rendered":"<p>BELLUNO Valentina Cervasio, docente di spagnolo, \u00e8 deceduta a causa di un malore improvviso durante la notte tra marted\u00ec e mercoled\u00ec. Appassionata di montagna, avrebbe compiuto 50 anni a breve. I familiari l&#8217;hanno trovata senza vita nella sua camera e i soccorsi non hanno potuto far altro che constatarne il decesso. Valentina ha insegnato spagnolo&hellip;<\/p>\n","protected":false},"author":4,"featured_media":348805,"comment_status":"closed","ping_status":"closed","sticky":false,"template":"","format":"standard","meta":{"_monsterinsights_skip_tracking":false,"_monsterinsights_sitenote_active":false,"_monsterinsights_sitenote_note":"","_monsterinsights_sitenote_category":0,"footnotes":""},"categories":[51,49],"tags":[],"class_list":["post-348802","post","type-post","status-publish","format-standard","has-post-thumbnail","hentry","category-evidenza-top","category-news-18","category-51","category-49","description-off"],"img_url":"https:\/\/www.radiopiu.net\/wordpress\/wp-content\/uploads\/2023\/08\/SCR-20230816-qxgy.jpeg","_links":{"self":[{"href":"https:\/\/www.radiopiu.net\/wordpress\/wp-json\/wp\/v2\/posts\/348802","targetHints":{"allow":["GET"]}}],"collection":[{"href":"https:\/\/www.radiopiu.net\/wordpress\/wp-json\/wp\/v2\/posts"}],"about":[{"href":"https:\/\/www.radiopiu.net\/wordpress\/wp-json\/wp\/v2\/types\/post"}],"author":[{"embeddable":true,"href":"https:\/\/www.radiopiu.net\/wordpress\/wp-json\/wp\/v2\/users\/4"}],"replies":[{"embeddable":true,"href":"https:\/\/www.radiopiu.net\/wordpress\/wp-json\/wp\/v2\/comments?post=348802"}],"version-history":[{"count":0,"href":"https:\/\/www.radiopiu.net\/wordpress\/wp-json\/wp\/v2\/posts\/348802\/revisions"}],"wp:featuredmedia":[{"embeddable":true,"href":"https:\/\/www.radiopiu.net\/wordpress\/wp-json\/wp\/v2\/media\/348805"}],"wp:attachment":[{"href":"https:\/\/www.radiopiu.net\/wordpress\/wp-json\/wp\/v2\/media?parent=348802"}],"wp:term":[{"taxonomy":"category","embeddable":true,"href":"https:\/\/www.radiopiu.net\/wordpress\/wp-json\/wp\/v2\/categories?post=348802"},{"taxonomy":"post_tag","embeddable":true,"href":"https:\/\/www.radiopiu.net\/wordpress\/wp-json\/wp\/v2\/tags?post=348802"}],"curies":[{"name":"wp","href":"https:\/\/api.w.org\/{rel}","templated":true}]}}