{"id":349017,"date":"2023-08-18T05:46:21","date_gmt":"2023-08-18T03:46:21","guid":{"rendered":"https:\/\/www.radiopiu.net\/wordpress\/?p=349017"},"modified":"2023-08-18T06:08:58","modified_gmt":"2023-08-18T04:08:58","slug":"abbiamo-perso-il-volto-sorridente-della-rotonda","status":"publish","type":"post","link":"https:\/\/www.radiopiu.net\/wordpress\/abbiamo-perso-il-volto-sorridente-della-rotonda\/","title":{"rendered":"ABBIAMO PERSO IL VOLTO SORRIDENTE DELLA &#8220;ROTONDA&#8221;"},"content":{"rendered":"<blockquote>\n<h3><\/h3>\n<\/blockquote>\n<p><strong><a class=\"dt-pswp-item\" href=\"https:\/\/www.radiopiu.net\/wordpress\/wp-content\/uploads\/2023\/08\/Senza-nome-42.png\" data-dt-img-description=\"\" data-large_image_width=\"486\" data-large_image_height=\"300\"><img loading=\"lazy\" decoding=\"async\" class=\"size-medium wp-image-349016 alignleft\" src=\"https:\/\/www.radiopiu.net\/wordpress\/wp-content\/uploads\/2023\/08\/Senza-nome-42-300x185.png\" alt=\"\" width=\"300\" height=\"185\" srcset=\"https:\/\/www.radiopiu.net\/wordpress\/wp-content\/uploads\/2023\/08\/Senza-nome-42-300x185.png 300w, https:\/\/www.radiopiu.net\/wordpress\/wp-content\/uploads\/2023\/08\/Senza-nome-42.png 486w\" sizes=\"auto, (max-width: 300px) 100vw, 300px\" \/><\/a>FELTRE<\/strong> Alla Rotonda, lo storico ristorante e pizzeria di Quero, mancher\u00e0 quel dolce volto di Renata Coppe, 56 anni, mancata in seguito a un tumore. Originaria di Segusino, la sua famiglia d&#8217;origine aveva avuto un&#8217;occhialeria in paese. Trent&#8217;anni fa aveva sposato Vincenzo Scuglia, uno dei titolari del caratteristico locale situato lungo la Feltrina, tra Trevigiano e Bellunese. \u00a0Tantissimi messaggi di cordoglio <em>\u00abCara Renata, a nome di tutto lo staff ti ringraziamo per quello che hai fatto per noi in tutti questi anni \u2013 il ricordo dei colleghi del locale \u2013. Ti ricorderemo sempre per quella tua incredibile forza e voglia di vivere, per il sorriso travolgente che non mancava ma, per la tua simpatia e professionalit\u00e0, per l&#8217;eleganza e l&#8217;amore per il tuo lavoro che trasformava ogni spazio in un angolo meraviglioso. Sappiamo che non \u00e8 un addio ma un arrivederci e che lass\u00f9 ci starai sempre e comunque vicino ma sentiremo la tua mancanza, parte del nostro cuore sar\u00e0 per sempre dedicata a te\u00bb.\u00a0<\/em><\/p>\n<p>&nbsp;<\/p>\n<p>&nbsp;<\/p>\n<hr \/>\n<p>&nbsp;<\/p>\n","protected":false},"excerpt":{"rendered":"<p>FELTRE Alla Rotonda, lo storico ristorante e pizzeria di Quero, mancher\u00e0 quel dolce volto di Renata Coppe, 56 anni, mancata in seguito a un tumore. Originaria di Segusino, la sua famiglia d&#8217;origine aveva avuto un&#8217;occhialeria in paese. Trent&#8217;anni fa aveva sposato Vincenzo Scuglia, uno dei titolari del caratteristico locale situato lungo la Feltrina, tra Trevigiano&hellip;<\/p>\n","protected":false},"author":4,"featured_media":349016,"comment_status":"closed","ping_status":"closed","sticky":false,"template":"","format":"standard","meta":{"_monsterinsights_skip_tracking":false,"_monsterinsights_sitenote_active":false,"_monsterinsights_sitenote_note":"","_monsterinsights_sitenote_category":0,"footnotes":""},"categories":[51,49],"tags":[],"class_list":["post-349017","post","type-post","status-publish","format-standard","has-post-thumbnail","hentry","category-evidenza-top","category-news-18","category-51","category-49","description-off"],"img_url":"https:\/\/www.radiopiu.net\/wordpress\/wp-content\/uploads\/2023\/08\/Senza-nome-42.png","_links":{"self":[{"href":"https:\/\/www.radiopiu.net\/wordpress\/wp-json\/wp\/v2\/posts\/349017","targetHints":{"allow":["GET"]}}],"collection":[{"href":"https:\/\/www.radiopiu.net\/wordpress\/wp-json\/wp\/v2\/posts"}],"about":[{"href":"https:\/\/www.radiopiu.net\/wordpress\/wp-json\/wp\/v2\/types\/post"}],"author":[{"embeddable":true,"href":"https:\/\/www.radiopiu.net\/wordpress\/wp-json\/wp\/v2\/users\/4"}],"replies":[{"embeddable":true,"href":"https:\/\/www.radiopiu.net\/wordpress\/wp-json\/wp\/v2\/comments?post=349017"}],"version-history":[{"count":0,"href":"https:\/\/www.radiopiu.net\/wordpress\/wp-json\/wp\/v2\/posts\/349017\/revisions"}],"wp:featuredmedia":[{"embeddable":true,"href":"https:\/\/www.radiopiu.net\/wordpress\/wp-json\/wp\/v2\/media\/349016"}],"wp:attachment":[{"href":"https:\/\/www.radiopiu.net\/wordpress\/wp-json\/wp\/v2\/media?parent=349017"}],"wp:term":[{"taxonomy":"category","embeddable":true,"href":"https:\/\/www.radiopiu.net\/wordpress\/wp-json\/wp\/v2\/categories?post=349017"},{"taxonomy":"post_tag","embeddable":true,"href":"https:\/\/www.radiopiu.net\/wordpress\/wp-json\/wp\/v2\/tags?post=349017"}],"curies":[{"name":"wp","href":"https:\/\/api.w.org\/{rel}","templated":true}]}}