{"id":349094,"date":"2023-08-18T12:11:04","date_gmt":"2023-08-18T10:11:04","guid":{"rendered":"https:\/\/www.radiopiu.net\/wordpress\/?p=349094"},"modified":"2023-08-18T12:11:04","modified_gmt":"2023-08-18T10:11:04","slug":"umana-reyer-la-nuova-avventura-sta-per-iniziare-da-mercoledi-il-ritiro-a-falcade","status":"publish","type":"post","link":"https:\/\/www.radiopiu.net\/wordpress\/umana-reyer-la-nuova-avventura-sta-per-iniziare-da-mercoledi-il-ritiro-a-falcade\/","title":{"rendered":"UMANA REYER: LA NUOVA AVVENTURA STA PER INIZIARE. DA MERCOLEDI&#8217; IL RITIRO A FALCADE"},"content":{"rendered":"<p><strong><a class=\"dt-pswp-item\" href=\"https:\/\/www.radiopiu.net\/wordpress\/wp-content\/uploads\/2023\/08\/parks-schiacciata-venezia.jpg\" data-dt-img-description=\"\" data-large_image_width=\"1920\" data-large_image_height=\"1264\"><img loading=\"lazy\" decoding=\"async\" class=\" wp-image-349095 alignleft\" src=\"https:\/\/www.radiopiu.net\/wordpress\/wp-content\/uploads\/2023\/08\/parks-schiacciata-venezia-300x198.jpg\" alt=\"\" width=\"183\" height=\"121\" srcset=\"https:\/\/www.radiopiu.net\/wordpress\/wp-content\/uploads\/2023\/08\/parks-schiacciata-venezia-300x198.jpg 300w, https:\/\/www.radiopiu.net\/wordpress\/wp-content\/uploads\/2023\/08\/parks-schiacciata-venezia-1024x674.jpg 1024w, https:\/\/www.radiopiu.net\/wordpress\/wp-content\/uploads\/2023\/08\/parks-schiacciata-venezia-768x506.jpg 768w, https:\/\/www.radiopiu.net\/wordpress\/wp-content\/uploads\/2023\/08\/parks-schiacciata-venezia-1536x1011.jpg 1536w, https:\/\/www.radiopiu.net\/wordpress\/wp-content\/uploads\/2023\/08\/parks-schiacciata-venezia.jpg 1920w\" sizes=\"auto, (max-width: 183px) 100vw, 183px\" \/><\/a>VENEZIA <\/strong>Domani la prima squadra dell&#8217;Umana Reyer Venezia maschile si raduner\u00e0 al voco Venice Mestre &#8211; The Quid dopo che gli atleti avranno completato le visite mediche per l&#8217;idoneit\u00e0 agonistica presso la Casa di Cura Giovanni XXIII di Monastier di Treviso. Il raduno in programma domenica \u00e8 un evento privato e dedicato unicamente a squadra, staff e dirigenza. Luned\u00ec 21 inizieranno la preparazione in palestra e in tarda mattinata, al termine del primo allenamento (l&#8217;orario preciso sar\u00e0 comunicato in seguito), il Presidente Federico Casarin e coach Neven Spahija incontreranno i media nella conferenza stampa di apertura di stagione, trasmessa in diretta streaming sul canale Youtube della Reyer. Gli orogranata saranno in ritiro a Falcade dal 23 al 27 agosto, le ragazze dal 28 al 1 settembre. Sabato 26 (orario da definire) \u00e8 in programma l&#8217;incontro con i tifosi al Reyer Village allestito sulla piana. Per il terzo anno consecutivo saranno ancora le meravigliose Dolomiti Bellunesi di Falcade e della Val del Biois ad accogliere le prime squadre dell&#8217;Umana Reyer per il ritiro precampionato 2023\/24. Grazie all&#8217;accordo pluriennale con il consorzio di promozione turistica PromoFalcade Dolomiti, i comuni della Val del Biois metteranno a disposizione le proprie strutture sportive e ricettive per l&#8217;organizzazione del lavoro dei gruppi squadra orogranata. Sar\u00e0 la\u00a0prima squadra maschile\u00a0a salire per prima in quota, da\u00a0mercoled\u00ec 23\u00a0a\u00a0domenica 27 agosto soggiornando presso lo Sporthotel Cristal dove \u00e8 in programma la presentazione e il benvenuto alla squadra mercoled\u00ec prima di cena. La localit\u00e0 bellunese di Falcade \u00e8 dotata del Palasport \u201cPalaFalcade\u201d, struttura che ospiter\u00e0 gli allenamenti indoor di atleti e atlete orogranata che potranno anche usufruire della palestra dello Ski College Veneto e del campo da calcio locale per gli allenamenti di atletica. Sabato\u00a026 agosto, inoltre, i giocatori e lo staff della prima squadra incontreranno i tifosi e le famiglie al Reyer Village sulla Piana di Falcade su cui si affaccia lo Sporthotel Cristal. Saranno predisposti stand e canestri per i pi\u00f9 piccoli. L\u2019orario del meet and greet sar\u00e0 comunicato in seguito.<\/p>\n<p>&nbsp;<\/p>\n<p>&nbsp;<\/p>\n<p>********<\/p>\n","protected":false},"excerpt":{"rendered":"<p>VENEZIA Domani la prima squadra dell&#8217;Umana Reyer Venezia maschile si raduner\u00e0 al voco Venice Mestre &#8211; The Quid dopo che gli atleti avranno completato le visite mediche per l&#8217;idoneit\u00e0 agonistica presso la Casa di Cura Giovanni XXIII di Monastier di Treviso. Il raduno in programma domenica \u00e8 un evento privato e dedicato unicamente a squadra,&hellip;<\/p>\n","protected":false},"author":4,"featured_media":349095,"comment_status":"closed","ping_status":"closed","sticky":false,"template":"","format":"standard","meta":{"_monsterinsights_skip_tracking":false,"_monsterinsights_sitenote_active":false,"_monsterinsights_sitenote_note":"","_monsterinsights_sitenote_category":0,"footnotes":""},"categories":[49],"tags":[],"class_list":["post-349094","post","type-post","status-publish","format-standard","has-post-thumbnail","hentry","category-news-18","category-49","description-off"],"img_url":"https:\/\/www.radiopiu.net\/wordpress\/wp-content\/uploads\/2023\/08\/parks-schiacciata-venezia.jpg","_links":{"self":[{"href":"https:\/\/www.radiopiu.net\/wordpress\/wp-json\/wp\/v2\/posts\/349094","targetHints":{"allow":["GET"]}}],"collection":[{"href":"https:\/\/www.radiopiu.net\/wordpress\/wp-json\/wp\/v2\/posts"}],"about":[{"href":"https:\/\/www.radiopiu.net\/wordpress\/wp-json\/wp\/v2\/types\/post"}],"author":[{"embeddable":true,"href":"https:\/\/www.radiopiu.net\/wordpress\/wp-json\/wp\/v2\/users\/4"}],"replies":[{"embeddable":true,"href":"https:\/\/www.radiopiu.net\/wordpress\/wp-json\/wp\/v2\/comments?post=349094"}],"version-history":[{"count":0,"href":"https:\/\/www.radiopiu.net\/wordpress\/wp-json\/wp\/v2\/posts\/349094\/revisions"}],"wp:featuredmedia":[{"embeddable":true,"href":"https:\/\/www.radiopiu.net\/wordpress\/wp-json\/wp\/v2\/media\/349095"}],"wp:attachment":[{"href":"https:\/\/www.radiopiu.net\/wordpress\/wp-json\/wp\/v2\/media?parent=349094"}],"wp:term":[{"taxonomy":"category","embeddable":true,"href":"https:\/\/www.radiopiu.net\/wordpress\/wp-json\/wp\/v2\/categories?post=349094"},{"taxonomy":"post_tag","embeddable":true,"href":"https:\/\/www.radiopiu.net\/wordpress\/wp-json\/wp\/v2\/tags?post=349094"}],"curies":[{"name":"wp","href":"https:\/\/api.w.org\/{rel}","templated":true}]}}