{"id":349143,"date":"2023-08-18T15:48:31","date_gmt":"2023-08-18T13:48:31","guid":{"rendered":"https:\/\/www.radiopiu.net\/wordpress\/?p=349143"},"modified":"2023-08-18T15:48:31","modified_gmt":"2023-08-18T13:48:31","slug":"il-51esimo-stormo-caccia-istrana-festeggia-il-centenario-dellaeronautica-militare-con-molte-iniziative","status":"publish","type":"post","link":"https:\/\/www.radiopiu.net\/wordpress\/il-51esimo-stormo-caccia-istrana-festeggia-il-centenario-dellaeronautica-militare-con-molte-iniziative\/","title":{"rendered":"IL 51ESIMO STORMO CACCIA ISTRANA FESTEGGIA IL CENTENARIO DELL&#8217;AERONAUTICA MILITARE CON MOLTE INIZIATIVE"},"content":{"rendered":"<p><strong>ISTRANA (TV)<\/strong> In occasione del centenario dell&#8217;Aeronautica Militare, il 51\u00b0 Stormo Caccia di Istrana organizzer\u00e0 vari eventi per coinvolgere la cittadinanza nelle attivit\u00e0 del reparto e celebrare la storia dell&#8217;Arma Azzurra. Il primo evento \u00e8 l&#8217;Open Day il 7 settembre, con attivit\u00e0 di volo, mostra statica di velivoli e spiegazioni sulle attivit\u00e0 svolte in aeroporto. L&#8217;ingresso sar\u00e0 libero dalle 10:00 alle 16:00 senza prenotazione. Il 17 settembre si terr\u00e0 una corsa podistica del Centenario dell&#8217;Aeronautica Militare all&#8217;interno dell&#8217;aeroporto, con percorsi competitivi e non competitivi. Dal 23 settembre all&#8217;8 ottobre, a Palazzo dei Trecento a Treviso, ci sar\u00e0 una mostra itinerante del Centenario dell&#8217;Aeronautica Militare. Il 7 ottobre, il teatro comunale di Treviso ospiter\u00e0 il concerto della Banda dell&#8217;Aeronautica Militare. Ogni evento avr\u00e0 una finalit\u00e0 solidale per raccogliere fondi a sostegno della ricerca contro il cancro attraverso il progetto &#8220;Un dono dal Cielo&#8221; dell&#8217;AIRC.<\/p>\n\n\t\t\t<style type='text\/css'>\n\t\t\t\t#gallery-1 {\n\t\t\t\t\tmargin: auto;\n\t\t\t\t}\n\t\t\t\t#gallery-1 .gallery-item {\n\t\t\t\t\tfloat: left;\n\t\t\t\t\tmargin-top: 10px;\n\t\t\t\t\ttext-align: center;\n\t\t\t\t\twidth: 50%;\n\t\t\t\t}\n\t\t\t\t#gallery-1 img {\n\t\t\t\t\tborder: 2px solid #cfcfcf;\n\t\t\t\t}\n\t\t\t\t#gallery-1 .gallery-caption {\n\t\t\t\t\tmargin-left: 0;\n\t\t\t\t}\n\t\t\t\t\/* see gallery_shortcode() in wp-includes\/media.php *\/\n\t\t\t<\/style>\n\t\t<div id='gallery-1' class='dt-gallery-container gallery galleryid-349143 gallery-columns-2 gallery-size-thumbnail'><dl class='gallery-item'>\n\t\t\t\t<dt class='gallery-icon portrait'>\n\t\t\t\t\t<a class=\"rollover rollover-zoom dt-pswp-item\" title=\"image\" data-dt-img-description=\"\" data-large_image_width=\"1024\" data-large_image_height=\"1449\"href='https:\/\/www.radiopiu.net\/wordpress\/wp-content\/uploads\/2023\/08\/image.jpeg'><img loading=\"lazy\" decoding=\"async\" width=\"150\" height=\"150\" src=\"https:\/\/www.radiopiu.net\/wordpress\/wp-content\/uploads\/2023\/08\/image-150x150.jpeg\" class=\"attachment-thumbnail size-thumbnail\" alt=\"\" \/><\/a>\n\t\t\t\t<\/dt><\/dl><dl class='gallery-item'>\n\t\t\t\t<dt class='gallery-icon landscape'>\n\t\t\t\t\t<a class=\"rollover rollover-zoom dt-pswp-item\" title=\"locandina corsa\" data-dt-img-description=\"\" data-large_image_width=\"1599\" data-large_image_height=\"1132\"href='https:\/\/www.radiopiu.net\/wordpress\/wp-content\/uploads\/2023\/08\/locandina-corsa.jpeg'><img loading=\"lazy\" decoding=\"async\" width=\"150\" height=\"150\" src=\"https:\/\/www.radiopiu.net\/wordpress\/wp-content\/uploads\/2023\/08\/locandina-corsa-150x150.jpeg\" class=\"attachment-thumbnail size-thumbnail\" alt=\"\" \/><\/a>\n\t\t\t\t<\/dt><\/dl><br style=\"clear: both\" \/>\n\t\t\t<\/div>\n\n<p>&nbsp;<\/p>\n<p>******<\/p>\n","protected":false},"excerpt":{"rendered":"<p>ISTRANA (TV) In occasione del centenario dell&#8217;Aeronautica Militare, il 51\u00b0 Stormo Caccia di Istrana organizzer\u00e0 vari eventi per coinvolgere la cittadinanza nelle attivit\u00e0 del reparto e celebrare la storia dell&#8217;Arma Azzurra. Il primo evento \u00e8 l&#8217;Open Day il 7 settembre, con attivit\u00e0 di volo, mostra statica di velivoli e spiegazioni sulle attivit\u00e0 svolte in aeroporto.&hellip;<\/p>\n","protected":false},"author":4,"featured_media":349151,"comment_status":"closed","ping_status":"closed","sticky":false,"template":"","format":"standard","meta":{"_monsterinsights_skip_tracking":false,"_monsterinsights_sitenote_active":false,"_monsterinsights_sitenote_note":"","_monsterinsights_sitenote_category":0,"footnotes":""},"categories":[49],"tags":[],"class_list":["post-349143","post","type-post","status-publish","format-standard","has-post-thumbnail","hentry","category-news-18","category-49","description-off"],"img_url":"https:\/\/www.radiopiu.net\/wordpress\/wp-content\/uploads\/2023\/08\/CENTENARIO.jpeg","_links":{"self":[{"href":"https:\/\/www.radiopiu.net\/wordpress\/wp-json\/wp\/v2\/posts\/349143","targetHints":{"allow":["GET"]}}],"collection":[{"href":"https:\/\/www.radiopiu.net\/wordpress\/wp-json\/wp\/v2\/posts"}],"about":[{"href":"https:\/\/www.radiopiu.net\/wordpress\/wp-json\/wp\/v2\/types\/post"}],"author":[{"embeddable":true,"href":"https:\/\/www.radiopiu.net\/wordpress\/wp-json\/wp\/v2\/users\/4"}],"replies":[{"embeddable":true,"href":"https:\/\/www.radiopiu.net\/wordpress\/wp-json\/wp\/v2\/comments?post=349143"}],"version-history":[{"count":0,"href":"https:\/\/www.radiopiu.net\/wordpress\/wp-json\/wp\/v2\/posts\/349143\/revisions"}],"wp:featuredmedia":[{"embeddable":true,"href":"https:\/\/www.radiopiu.net\/wordpress\/wp-json\/wp\/v2\/media\/349151"}],"wp:attachment":[{"href":"https:\/\/www.radiopiu.net\/wordpress\/wp-json\/wp\/v2\/media?parent=349143"}],"wp:term":[{"taxonomy":"category","embeddable":true,"href":"https:\/\/www.radiopiu.net\/wordpress\/wp-json\/wp\/v2\/categories?post=349143"},{"taxonomy":"post_tag","embeddable":true,"href":"https:\/\/www.radiopiu.net\/wordpress\/wp-json\/wp\/v2\/tags?post=349143"}],"curies":[{"name":"wp","href":"https:\/\/api.w.org\/{rel}","templated":true}]}}