{"id":349167,"date":"2023-08-18T16:41:01","date_gmt":"2023-08-18T14:41:01","guid":{"rendered":"https:\/\/www.radiopiu.net\/wordpress\/?p=349167"},"modified":"2023-08-18T16:43:18","modified_gmt":"2023-08-18T14:43:18","slug":"lunedi-a-meano-lultimo-saluto","status":"publish","type":"post","link":"https:\/\/www.radiopiu.net\/wordpress\/lunedi-a-meano-lultimo-saluto\/","title":{"rendered":"LUNEDI A MEANO L&#8217;ULTIMO SALUTO A VALENTINA"},"content":{"rendered":"<p><strong>REDAZIONE<\/strong> I funerali dell&#8217;amata Valentina Cervasio in Zanne si terranno lunedi alle 15.30 a Meano di Santa Giustina. Lo ha annunciato il marito Agostino con i figli Arianna, Alessandro, cugini, parenti ed amici.<\/p>\n<p>&nbsp;<\/p>\n<p>IERI ALLA RADIO<\/p>\n<blockquote>\n<h3>DOCENTE DI SPAGNOLO MUORE NEL SONNO A MEANO<\/h3>\n<\/blockquote>\n<p><strong><a class=\"dt-pswp-item\" href=\"https:\/\/www.radiopiu.net\/wordpress\/wp-content\/uploads\/2023\/08\/SCR-20230816-qxgy.jpeg\" data-dt-img-description=\"\" data-large_image_width=\"916\" data-large_image_height=\"706\"><img loading=\"lazy\" decoding=\"async\" class=\" wp-image-348805 alignleft\" src=\"https:\/\/www.radiopiu.net\/wordpress\/wp-content\/uploads\/2023\/08\/SCR-20230816-qxgy-300x231.jpeg\" alt=\"\" width=\"173\" height=\"133\" srcset=\"https:\/\/www.radiopiu.net\/wordpress\/wp-content\/uploads\/2023\/08\/SCR-20230816-qxgy-300x231.jpeg 300w, https:\/\/www.radiopiu.net\/wordpress\/wp-content\/uploads\/2023\/08\/SCR-20230816-qxgy-768x592.jpeg 768w, https:\/\/www.radiopiu.net\/wordpress\/wp-content\/uploads\/2023\/08\/SCR-20230816-qxgy.jpeg 916w\" sizes=\"auto, (max-width: 173px) 100vw, 173px\" \/><\/a>BELLUNO<\/strong> Valentina Cervasio, una docente di spagnolo, \u00e8 deceduta a causa di un malore improvviso durante la notte tra marted\u00ec e mercoled\u00ec. Appassionata di montagna, avrebbe compiuto 50 anni a breve. I familiari l&#8217;hanno trovata senza vita nella sua camera e i soccorsi non hanno potuto far altro che constatarne il decesso. Valentina ha insegnato spagnolo all&#8217;istituto superiore Catullo di Belluno per anni e negli ultimi due anni era stata trasferita per motivi burocratici al Comprensivo di Silea, tornando al Catullo a settembre. Colleghi e dirigenti scolastici la ricordano come una persona dinamica, energica e sempre sorridente. Era molto legata alla famiglia e attenta ai bisogni degli studenti. La sua improvvisa scomparsa ha lasciato sia la comunit\u00e0 scolastica che il paese di Meano, dove viveva, sconvolti.<\/p>\n<p><span class=\"xt0psk2\"><a class=\"x1i10hfl xjbqb8w x6umtig x1b1mbwd xaqea5y xav7gou x9f619 x1ypdohk xt0psk2 xe8uvvx xdj266r x11i5rnm xat24cr x1mh8g0r xexx8yu x4uap5 x18d9i69 xkhd6sd x16tdsg8 x1hl2dhg xggy1nq x1a2a7pz x1heor9g xt0b8zv\" tabindex=\"0\" role=\"link\" href=\"https:\/\/www.facebook.com\/manuela.brandolin?comment_id=Y29tbWVudDo2ODUxNTU5MzM2Mjk1NTZfODM1NjM5NzA0ODU5Mjcz&amp;__cft__[0]=AZWPW_pifVYBP9RmN4jSzpDvZPl8knM3vXKxp6tHmLaOlR1BkHcv8m5sPwUJDkTSiDE9Kt_AzuweyQoSflcRrGchcHPjsFk_wO4Buolap92CDKagEjcj6TNUYDITCAwnfU-gXyqN-aJpjRQ7nnyxjQ-U&amp;__tn__=R]-R\" aria-hidden=\"false\"><span class=\"x3nfvp2\"><span class=\"x193iq5w xeuugli x13faqbe x1vvkbs x1xmvt09 x1lliihq x1s928wv xhkezso x1gmr53x x1cpjm7i x1fgarty x1943h6x x4zkp8e x676frb x1nxh6w3 x1sibtaa x1s688f xzsf02u\" dir=\"auto\">Manu Brandolin<\/span><\/span><\/a> <\/span><em>Ci mancherai, Vale. Avevamo progetti, sia per la montagna sia per il progetto Erasmus. Al Catullo il tuo sorriso non svanir\u00e0. Un abbraccio a chi resta.<\/em><\/p>\n<p>&nbsp;<\/p>\n<p>&nbsp;<\/p>\n<hr \/>\n<p>&nbsp;<\/p>\n","protected":false},"excerpt":{"rendered":"<p>REDAZIONE I funerali dell&#8217;amata Valentina Cervasio in Zanne si terranno lunedi alle 15.30 a Meano di Santa Giustina. Lo ha annunciato il marito Agostino con i figli Arianna, Alessandro, cugini, parenti ed amici. &nbsp; IERI ALLA RADIO DOCENTE DI SPAGNOLO MUORE NEL SONNO A MEANO BELLUNO Valentina Cervasio, una docente di spagnolo, \u00e8 deceduta a&hellip;<\/p>\n","protected":false},"author":4,"featured_media":349166,"comment_status":"closed","ping_status":"closed","sticky":false,"template":"","format":"standard","meta":{"_monsterinsights_skip_tracking":false,"_monsterinsights_sitenote_active":false,"_monsterinsights_sitenote_note":"","_monsterinsights_sitenote_category":0,"footnotes":""},"categories":[51,49],"tags":[],"class_list":["post-349167","post","type-post","status-publish","format-standard","has-post-thumbnail","hentry","category-evidenza-top","category-news-18","category-51","category-49","description-off"],"img_url":"https:\/\/www.radiopiu.net\/wordpress\/wp-content\/uploads\/2023\/08\/Senza-nome-46.png","_links":{"self":[{"href":"https:\/\/www.radiopiu.net\/wordpress\/wp-json\/wp\/v2\/posts\/349167","targetHints":{"allow":["GET"]}}],"collection":[{"href":"https:\/\/www.radiopiu.net\/wordpress\/wp-json\/wp\/v2\/posts"}],"about":[{"href":"https:\/\/www.radiopiu.net\/wordpress\/wp-json\/wp\/v2\/types\/post"}],"author":[{"embeddable":true,"href":"https:\/\/www.radiopiu.net\/wordpress\/wp-json\/wp\/v2\/users\/4"}],"replies":[{"embeddable":true,"href":"https:\/\/www.radiopiu.net\/wordpress\/wp-json\/wp\/v2\/comments?post=349167"}],"version-history":[{"count":0,"href":"https:\/\/www.radiopiu.net\/wordpress\/wp-json\/wp\/v2\/posts\/349167\/revisions"}],"wp:featuredmedia":[{"embeddable":true,"href":"https:\/\/www.radiopiu.net\/wordpress\/wp-json\/wp\/v2\/media\/349166"}],"wp:attachment":[{"href":"https:\/\/www.radiopiu.net\/wordpress\/wp-json\/wp\/v2\/media?parent=349167"}],"wp:term":[{"taxonomy":"category","embeddable":true,"href":"https:\/\/www.radiopiu.net\/wordpress\/wp-json\/wp\/v2\/categories?post=349167"},{"taxonomy":"post_tag","embeddable":true,"href":"https:\/\/www.radiopiu.net\/wordpress\/wp-json\/wp\/v2\/tags?post=349167"}],"curies":[{"name":"wp","href":"https:\/\/api.w.org\/{rel}","templated":true}]}}