{"id":349231,"date":"2023-08-19T05:23:22","date_gmt":"2023-08-19T03:23:22","guid":{"rendered":"https:\/\/www.radiopiu.net\/wordpress\/?p=349231"},"modified":"2023-08-19T05:30:14","modified_gmt":"2023-08-19T03:30:14","slug":"video-senza-consenso-violata-lintimita-amante-in-tribunale","status":"publish","type":"post","link":"https:\/\/www.radiopiu.net\/wordpress\/video-senza-consenso-violata-lintimita-amante-in-tribunale\/","title":{"rendered":"VIDEO SENZA CONSENSO, VIOLATA L&#8217;INTIMITA&#8217;. AMANTE IN TRIBUNALE"},"content":{"rendered":"<p><span style=\"color: #0000ff;\"><strong>OGGI SUL CORRIERE DELLE ALPI<\/strong><\/span><\/p>\n<p><span style=\"color: #0000ff;\"><strong>DI GIGI SOSSO<\/strong>\u00a0<\/span><\/p>\n<blockquote><p><em> <a class=\"dt-pswp-item\" href=\"https:\/\/www.radiopiu.net\/wordpress\/wp-content\/uploads\/2018\/08\/violenza-donne.jpg\" data-dt-img-description=\"\" data-large_image_width=\"1280\" data-large_image_height=\"765\"><img loading=\"lazy\" decoding=\"async\" class=\"wp-image-59277 alignleft\" src=\"https:\/\/www.radiopiu.net\/wordpress\/wp-content\/uploads\/2018\/08\/violenza-donne-300x179.jpg\" alt=\"\" width=\"179\" height=\"107\" srcset=\"https:\/\/www.radiopiu.net\/wordpress\/wp-content\/uploads\/2018\/08\/violenza-donne-300x179.jpg 300w, https:\/\/www.radiopiu.net\/wordpress\/wp-content\/uploads\/2018\/08\/violenza-donne-768x459.jpg 768w, https:\/\/www.radiopiu.net\/wordpress\/wp-content\/uploads\/2018\/08\/violenza-donne-1024x612.jpg 1024w, https:\/\/www.radiopiu.net\/wordpress\/wp-content\/uploads\/2018\/08\/violenza-donne.jpg 1280w\" sizes=\"auto, (max-width: 179px) 100vw, 179px\" \/><\/a>Adesso ho paura e vorrei giustizia, perch\u00e9 \u00e8 stata violata la mia intimit\u00e0\u00bb. \u2014<\/em><\/p><\/blockquote>\n<p><strong>BELLUNO\u00a0<\/strong> Immagini di rapporti sessuali clandestini, con una donna gi\u00e0 impegnata sentimentalmente, protette dal riconoscimento dell&#8217;impronta digitale. \u00abEcco perch\u00e9 l&#8217;ho denunciato ai carabinieri &#8211; dice la donna &#8211; portandolo in tribunale per interferenze illecite nella vita privata e sono andata dall&#8217;avvocato Roberta Resenterra, per cercare anche di avere un risarcimento danni. Era diventato geloso, anche se gli avevo detto da subito che non avrei lasciato mio marito e non avevo intenzione di intrecciare una relazione stabile\u00bb. L&#8217;uomo, che ha rischiato il revenge porn (diffusione illecita di immagini sessualmente esplicite), sar\u00e0 a processo dal prossimo 28 ottobre, difeso da Davide Fent.<\/p>\n<div class=\"articlePlainText\">\n<blockquote>\n<h3 class=\"articlePlainTitle\"><\/h3>\n<h3 class=\"articlePlainTitle\">Estorsione a luci rosse all&#8217;amante clandestino: ora vuole i domiciliari<\/h3>\n<p><em><a class=\"dt-pswp-item\" href=\"https:\/\/www.radiopiu.net\/wordpress\/wp-content\/uploads\/2023\/08\/th-9.jpg\" data-dt-img-description=\"\" data-large_image_width=\"310\" data-large_image_height=\"180\"><img loading=\"lazy\" decoding=\"async\" class=\"wp-image-349237 alignleft\" src=\"https:\/\/www.radiopiu.net\/wordpress\/wp-content\/uploads\/2023\/08\/th-9-300x174.jpg\" alt=\"\" width=\"176\" height=\"102\" srcset=\"https:\/\/www.radiopiu.net\/wordpress\/wp-content\/uploads\/2023\/08\/th-9-300x174.jpg 300w, https:\/\/www.radiopiu.net\/wordpress\/wp-content\/uploads\/2023\/08\/th-9.jpg 310w\" sizes=\"auto, (max-width: 176px) 100vw, 176px\" \/><\/a>minacce ma anche\u00a0 violenze fisiche: calci, schiaffi e spinte.<\/em><\/p><\/blockquote>\n<div class=\"addthis_sharing_toolbox\" data-url=\"http:\/\/sfoglio.corrierealpi.gelocal.it\/share_article.php?article_id=12814790\" data-title=\"\u00abVideo senza consenso violano la mia intimit\u00e0\u00bb L'amante in tribunaleEstorsione a luci rosse all'am...\"><strong>BELLUNO<\/strong> Rapina da 20 euro ed estorsione da 20mila al suo ragazzo. Dopo essere stato arrestato per un ricatto a luci rosse, nell&#8217;ambito di una relazione omosessuale clandestina, adesso S.K. chiede la scarcerazione. Vorrebbe almeno gli arresti domiciliari. I suoi difensori Sonia Sommacal e Paolo Zornitta hanno presentato la richiesta al Riesame di Venezia e l&#8217;udienza \u00e8 stata fissata per il prossimo primo settembre. L&#8217;arresto di luglio era stato convalidato e il pm Roberta Gallego aveva ottenuto la conferma della custodia cautelare, soprattutto per il pericolo della ripetizione del reato.<\/div>\n<div class=\"articlePlainText\"><\/div>\n<div><\/div>\n<div>\n<p><span style=\"color: #0000ff;\"><strong>OGGI SUL CORRIERE DELLE ALPI<\/strong><\/span><\/p>\n<p><span style=\"color: #0000ff;\"><strong>DI GIGI SOSSO<\/strong>\u00a0<\/span><\/p>\n<\/div>\n<div>\n<blockquote>\n<h3 class=\"articlePlainTitle\"><a class=\"dt-pswp-item\" href=\"https:\/\/www.radiopiu.net\/wordpress\/wp-content\/uploads\/2023\/08\/Senza-nome-51.png\" data-dt-img-description=\"\" data-large_image_width=\"114\" data-large_image_height=\"87\"><img loading=\"lazy\" decoding=\"async\" class=\"size-full wp-image-349236 alignleft\" src=\"https:\/\/www.radiopiu.net\/wordpress\/wp-content\/uploads\/2023\/08\/Senza-nome-51.png\" alt=\"\" width=\"114\" height=\"87\" \/><\/a>Dominguez chiede i domiciliari Il Kangur \u00e8 stato dissequestrato<\/h3>\n<\/blockquote>\n<div class=\"addthis_sharing_toolbox\" data-url=\"http:\/\/sfoglio.corrierealpi.gelocal.it\/share_article.php?article_id=12814883\" data-title=\"Tanti fetrini ieri in duomo per salutare Faronato \u00abAmico fraterno per tutti e impegnato per la pace\u00bb...\"><strong>ALANO DI PIAVE<\/strong>\u00a0 Omicidio di Fener: Pedro Dominguez vuole i domiciliari. Il principale indagato per la morte di Antonio Costa \u00e8 detenuto nel carcere bellunese di Baldenich dallo scorso 7 maggio e i suoi avvocati Paolo Serrangeli e Marcello Stellin hanno presentato una richiesta di scarcerazione al giudice per le indagini preliminari del Tribunale di Belluno, Elisabetta Scolozzi. Una risposta dal magistrato dovrebbe arrivare entro i primi giorni del mese di settembre. Meno di un mese dopo i fatti, i due legali ci avevano provato con un ricorso al Tribunale del Riesame di Venezia, ma forse i tempi non erano ancora maturi. . . L&#8217;altro indagato per omicidio volontario \u00e8 il connazionale Junior Cedano Sanchez, che invece non \u00e8 mai stato sottoposto ad alcuna misura<\/div>\n<\/div>\n<div data-url=\"http:\/\/sfoglio.corrierealpi.gelocal.it\/share_article.php?article_id=12814883\" data-title=\"Tanti fetrini ieri in duomo per salutare Faronato \u00abAmico fraterno per tutti e impegnato per la pace\u00bb...\"><\/div>\n<div data-url=\"http:\/\/sfoglio.corrierealpi.gelocal.it\/share_article.php?article_id=12814883\" data-title=\"Tanti fetrini ieri in duomo per salutare Faronato \u00abAmico fraterno per tutti e impegnato per la pace\u00bb...\"><\/div>\n<div data-url=\"http:\/\/sfoglio.corrierealpi.gelocal.it\/share_article.php?article_id=12814883\" data-title=\"Tanti fetrini ieri in duomo per salutare Faronato \u00abAmico fraterno per tutti e impegnato per la pace\u00bb...\">\n<blockquote>\n<h3 class=\"articlePlainTitle\"><a class=\"dt-pswp-item\" href=\"https:\/\/www.radiopiu.net\/wordpress\/wp-content\/uploads\/2023\/08\/Senza-nome-50.png\" data-dt-img-description=\"\" data-large_image_width=\"135\" data-large_image_height=\"95\"><img loading=\"lazy\" decoding=\"async\" class=\"size-full wp-image-349235 alignleft\" src=\"https:\/\/www.radiopiu.net\/wordpress\/wp-content\/uploads\/2023\/08\/Senza-nome-50.png\" alt=\"\" width=\"135\" height=\"95\" \/><\/a>Mor\u00ec per hashish: indagini chiuse sul pap\u00e0 di Nicol\u00f2<\/h3>\n<\/blockquote>\n<div class=\"addthis_sharing_toolbox\" data-url=\"http:\/\/sfoglio.corrierealpi.gelocal.it\/share_article.php?article_id=12814762\" data-title=\"Dominguez chiede i domiciliari Il Kangur \u00e8 stato dissequestratoMor\u00ec per hashish: indagini chiuse sul...\"><strong>LONGARONE<\/strong> Morto a due anni: avviso di garanzia per il padre. La Procura della Repubblica di Belluno ha chiuso le indagini sul decesso di Nicol\u00f2 Feltrin, il piccolo di Codissago. Il pubblico ministero Simone Marcon chieder\u00e0 il rinvio a giudizio di pap\u00e0 Diego per l&#8217;ipotesi di reato di omicidio colposo. Il bambino sarebbe deceduto per \u00abintossicazione da hashish\u00bb, mentre \u00e8 stata esclusa la rilevanza di qualsiasi altra sostanza, secondo quanto scritto nella consulenza autoptica firmata dal medico legale Antonello Cirnelli e in quella tossicologica dalla dottoressa Donata Favretto del Dipartimento di Medicina legale di Padova.<\/div>\n<div data-url=\"http:\/\/sfoglio.corrierealpi.gelocal.it\/share_article.php?article_id=12814762\" data-title=\"Dominguez chiede i domiciliari Il Kangur \u00e8 stato dissequestratoMor\u00ec per hashish: indagini chiuse sul...\"><\/div>\n<\/div>\n<\/div>\n<p>&nbsp;<\/p>\n","protected":false},"excerpt":{"rendered":"<p>OGGI SUL CORRIERE DELLE ALPI DI GIGI SOSSO\u00a0 Adesso ho paura e vorrei giustizia, perch\u00e9 \u00e8 stata violata la mia intimit\u00e0\u00bb. \u2014 BELLUNO\u00a0 Immagini di rapporti sessuali clandestini, con una donna gi\u00e0 impegnata sentimentalmente, protette dal riconoscimento dell&#8217;impronta digitale. \u00abEcco perch\u00e9 l&#8217;ho denunciato ai carabinieri &#8211; dice la donna &#8211; portandolo in tribunale per interferenze&hellip;<\/p>\n","protected":false},"author":4,"featured_media":263776,"comment_status":"closed","ping_status":"closed","sticky":false,"template":"","format":"standard","meta":{"_monsterinsights_skip_tracking":false,"_monsterinsights_sitenote_active":false,"_monsterinsights_sitenote_note":"","_monsterinsights_sitenote_category":0,"footnotes":""},"categories":[51,49],"tags":[],"class_list":["post-349231","post","type-post","status-publish","format-standard","has-post-thumbnail","hentry","category-evidenza-top","category-news-18","category-51","category-49","description-off"],"img_url":"https:\/\/www.radiopiu.net\/wordpress\/wp-content\/uploads\/2022\/03\/TRIBUNALE-2.jpg","_links":{"self":[{"href":"https:\/\/www.radiopiu.net\/wordpress\/wp-json\/wp\/v2\/posts\/349231","targetHints":{"allow":["GET"]}}],"collection":[{"href":"https:\/\/www.radiopiu.net\/wordpress\/wp-json\/wp\/v2\/posts"}],"about":[{"href":"https:\/\/www.radiopiu.net\/wordpress\/wp-json\/wp\/v2\/types\/post"}],"author":[{"embeddable":true,"href":"https:\/\/www.radiopiu.net\/wordpress\/wp-json\/wp\/v2\/users\/4"}],"replies":[{"embeddable":true,"href":"https:\/\/www.radiopiu.net\/wordpress\/wp-json\/wp\/v2\/comments?post=349231"}],"version-history":[{"count":0,"href":"https:\/\/www.radiopiu.net\/wordpress\/wp-json\/wp\/v2\/posts\/349231\/revisions"}],"wp:featuredmedia":[{"embeddable":true,"href":"https:\/\/www.radiopiu.net\/wordpress\/wp-json\/wp\/v2\/media\/263776"}],"wp:attachment":[{"href":"https:\/\/www.radiopiu.net\/wordpress\/wp-json\/wp\/v2\/media?parent=349231"}],"wp:term":[{"taxonomy":"category","embeddable":true,"href":"https:\/\/www.radiopiu.net\/wordpress\/wp-json\/wp\/v2\/categories?post=349231"},{"taxonomy":"post_tag","embeddable":true,"href":"https:\/\/www.radiopiu.net\/wordpress\/wp-json\/wp\/v2\/tags?post=349231"}],"curies":[{"name":"wp","href":"https:\/\/api.w.org\/{rel}","templated":true}]}}