{"id":349242,"date":"2023-08-19T05:53:53","date_gmt":"2023-08-19T03:53:53","guid":{"rendered":"https:\/\/www.radiopiu.net\/wordpress\/?p=349242"},"modified":"2023-08-19T05:53:53","modified_gmt":"2023-08-19T03:53:53","slug":"addio-ad-angela-fiabane","status":"publish","type":"post","link":"https:\/\/www.radiopiu.net\/wordpress\/addio-ad-angela-fiabane\/","title":{"rendered":"ADDIO AD ANGELA FIABANE"},"content":{"rendered":"<div class=\"testoArticolo\"><strong><a class=\"dt-pswp-item\" href=\"https:\/\/www.radiopiu.net\/wordpress\/wp-content\/uploads\/2023\/08\/Senza-nome-52.png\" data-dt-img-description=\"\" data-large_image_width=\"149\" data-large_image_height=\"106\"><img loading=\"lazy\" decoding=\"async\" class=\"size-full wp-image-349243 alignleft\" src=\"https:\/\/www.radiopiu.net\/wordpress\/wp-content\/uploads\/2023\/08\/Senza-nome-52.png\" alt=\"\" width=\"149\" height=\"106\" \/><\/a>BELLUNO_AGORDO\u00a0<\/strong> E&#8217; spirata tra le mura di casa Angela Rech Fiabane.\u00a0 Senza voler disturbare. &#8220;A modo suo&#8221;, lo dice anche l&#8217;epigrafe. Volto noto ad Agordo dove Angela fu premiata con il\u00a0 premio &#8220;per la bont\u00e0&#8221; intitolato a papa Luciani e conferitole ad Agordo nel 1988.\u00a0 Era nata, o ad Agordo, dove abit\u00f2 per una ventina d&#8217;anni<\/div>\n<div class=\"testoArticolo\">Angela Rech Fiabane, aveva 77 anni. L&#8217;ultimo saluto \u00e8 fissato per luned\u00ec alle 11 nella chiesa di Santo Stefano. Il santo rosario verr\u00e0 recitato domenica alle 20.30 nella chiesa di Orzes. Lascia il marito Dino, i figli Nino, con Anna, Paola con Roberto, Piero con Sara, e Sara con i nipoti Massimo, Giordano, Gabriele, Emma, Santiago, Francesco e Sarah.<\/div>\n<blockquote>\n<div><\/div>\n<div><em>Un abbraccio a Nino, voce importante di RADIOPIU&#8217; fin dagli anni &#8217;80. Con commozione portiamo il nostro messaggio di cordoglio a tutti i famigliari.<\/em><\/div>\n<\/blockquote>\n<div><\/div>\n<div>\n<hr \/>\n<\/div>\n","protected":false},"excerpt":{"rendered":"<p>BELLUNO_AGORDO\u00a0 E&#8217; spirata tra le mura di casa Angela Rech Fiabane.\u00a0 Senza voler disturbare. &#8220;A modo suo&#8221;, lo dice anche l&#8217;epigrafe. Volto noto ad Agordo dove Angela fu premiata con il\u00a0 premio &#8220;per la bont\u00e0&#8221; intitolato a papa Luciani e conferitole ad Agordo nel 1988.\u00a0 Era nata, o ad Agordo, dove abit\u00f2 per una ventina&hellip;<\/p>\n","protected":false},"author":4,"featured_media":349243,"comment_status":"closed","ping_status":"closed","sticky":false,"template":"","format":"standard","meta":{"_monsterinsights_skip_tracking":false,"_monsterinsights_sitenote_active":false,"_monsterinsights_sitenote_note":"","_monsterinsights_sitenote_category":0,"footnotes":""},"categories":[51,49],"tags":[],"class_list":["post-349242","post","type-post","status-publish","format-standard","has-post-thumbnail","hentry","category-evidenza-top","category-news-18","category-51","category-49","description-off"],"img_url":"https:\/\/www.radiopiu.net\/wordpress\/wp-content\/uploads\/2023\/08\/Senza-nome-52.png","_links":{"self":[{"href":"https:\/\/www.radiopiu.net\/wordpress\/wp-json\/wp\/v2\/posts\/349242","targetHints":{"allow":["GET"]}}],"collection":[{"href":"https:\/\/www.radiopiu.net\/wordpress\/wp-json\/wp\/v2\/posts"}],"about":[{"href":"https:\/\/www.radiopiu.net\/wordpress\/wp-json\/wp\/v2\/types\/post"}],"author":[{"embeddable":true,"href":"https:\/\/www.radiopiu.net\/wordpress\/wp-json\/wp\/v2\/users\/4"}],"replies":[{"embeddable":true,"href":"https:\/\/www.radiopiu.net\/wordpress\/wp-json\/wp\/v2\/comments?post=349242"}],"version-history":[{"count":0,"href":"https:\/\/www.radiopiu.net\/wordpress\/wp-json\/wp\/v2\/posts\/349242\/revisions"}],"wp:featuredmedia":[{"embeddable":true,"href":"https:\/\/www.radiopiu.net\/wordpress\/wp-json\/wp\/v2\/media\/349243"}],"wp:attachment":[{"href":"https:\/\/www.radiopiu.net\/wordpress\/wp-json\/wp\/v2\/media?parent=349242"}],"wp:term":[{"taxonomy":"category","embeddable":true,"href":"https:\/\/www.radiopiu.net\/wordpress\/wp-json\/wp\/v2\/categories?post=349242"},{"taxonomy":"post_tag","embeddable":true,"href":"https:\/\/www.radiopiu.net\/wordpress\/wp-json\/wp\/v2\/tags?post=349242"}],"curies":[{"name":"wp","href":"https:\/\/api.w.org\/{rel}","templated":true}]}}