{"id":349250,"date":"2023-08-19T07:55:44","date_gmt":"2023-08-19T05:55:44","guid":{"rendered":"https:\/\/www.radiopiu.net\/wordpress\/?p=349250"},"modified":"2023-08-19T07:59:22","modified_gmt":"2023-08-19T05:59:22","slug":"da-40-anni-alle-8-del-mattino-la-rassegna-stampa-locale-di-mirkomezzacasa","status":"publish","type":"post","link":"https:\/\/www.radiopiu.net\/wordpress\/da-40-anni-alle-8-del-mattino-la-rassegna-stampa-locale-di-mirkomezzacasa\/","title":{"rendered":"da 40 anni alle 8 del mattino, LA RASSEGNA STAMPA LOCALE di mirkomezzacasa"},"content":{"rendered":"<p><a class=\"dt-pswp-item\" href=\"https:\/\/www.radiopiu.net\/wordpress\/wp-content\/uploads\/2023\/08\/Senza-nome-53.png\" data-dt-img-description=\"\" data-large_image_width=\"274\" data-large_image_height=\"183\"><img loading=\"lazy\" decoding=\"async\" class=\"size-full wp-image-349251 aligncenter\" src=\"https:\/\/www.radiopiu.net\/wordpress\/wp-content\/uploads\/2023\/08\/Senza-nome-53.png\" alt=\"\" width=\"274\" height=\"183\" \/><\/a><\/p>\n<p>&nbsp;<\/p>\n<p><iframe loading=\"lazy\" title=\"RASSEGNA STAMPA LOCALE\" width=\"1200\" height=\"675\" src=\"https:\/\/www.youtube.com\/embed\/VcZUF1kBZHI?feature=oembed\" frameborder=\"0\" allow=\"accelerometer; autoplay; clipboard-write; encrypted-media; gyroscope; picture-in-picture; web-share\" allowfullscreen><\/iframe><\/p>\n<p>&nbsp;<\/p>\n<p><span style=\"color: #0000ff;\"><strong>RIAPERTA LA 347 DEL DURAN E CEREDA,\u00a0 ERA INTERROTTA\u00a0 IN VAL DI ZOLDO, IN FONDO AL PASSO DURAN. <\/strong>DA LUNEDI INTERDIZIONE TOTALE AL TRAFFICO A DIGONERA.\u00a0DA LUNEDI CHIUDE LA PROVINCIALE 19 DI LAMON<\/span><\/p>\n<p><strong>ALLEGHE<\/strong> Spettacolari 15 minuti tra giochi di luci, riflessi sul lago, tra\u00a0 gli \u201cohhhh\u201d di turisti e valligiani e applausi finali. Come sempre serata di successo con migliaia di persone ad Alleghe, per lo spettacolo dei fuochi artificiali. Grazie agli operatori turistico-commerciali di Alleghe.<\/p>\n<p><strong>AGORDO <\/strong>Oggi e domani il Broi di Agordo si animer\u00e0 con il Palio Dei Cento.<\/p>\n<p class=\"entry-title\"><span style=\"color: #ff0000;\">ACQUA INQUINATA A FALCADE ALTO, VILLOTTA, LA FOCA E VIA MAS DE LE MOLE. <\/span><span style=\"color: #ff0000;\">COMELICO V\/S GSP senz&#8217;acqua da domenica in piena stagione turistica<\/span><\/p>\n<p><strong>BELLUNO<\/strong>\u00a0 La comunit\u00e0 dell&#8217;alpinismo piange la tragica perdita di Ermanno Salvaterra, 68 anni, un noto rocciatore della Val Rendena.<\/p>\n<div class=\"testoArticolo\"><strong>BELLUNO_AGORDO\u00a0<\/strong> E&#8217; spirata tra le mura di casa Angela Rech Fiabane.\u00a0 Senza voler disturbare. &#8220;A modo suo&#8221;, lo dice anche l&#8217;epigrafe. Volto noto ad Agordo dove Angela fu premiata con il\u00a0 premio &#8220;per la bont\u00e0&#8221; intitolato a papa Luciani e conferitole ad Agordo nel 1988.\u00a0 Era nata, o ad Agordo, dove abit\u00f2 per una ventina d&#8217;anni<\/div>\n<div class=\"testoArticolo\">Angela Rech Fiabane, aveva 77 anni. L&#8217;ultimo saluto \u00e8 fissato per luned\u00ec alle 11 nella chiesa di Santo Stefano. . Lascia il marito Dino, i figli Nino, con Anna, Paola con Roberto, Piero con Sara, e Sara con i nipoti Massimo, Giordano, Gabriele, Emma, Santiago, Francesco e Sarah. <em>Un abbraccio a Nino, voce importante di RADIOPIU&#8217; fin dagli anni &#8217;80. Con commozione portiamo il nostro messaggio di cordoglio a tutti i famigliari.<\/em><\/div>\n<div>\n<blockquote>\n<h3>FELTRE ABBRACCIA LA FAMIGLIA FARONATO <em>&#8220;Gianni, un amico per tutti, impegnato per la pace&#8221;<\/em><\/h3>\n<\/blockquote>\n<p><strong>FELTRE<\/strong>\u00a0 L&#8217;omelia funebre di don Angelo Balcon,\u00a0 in Duomo ha valorizzato l&#8217;\u00abimpegno per la pace\u00bb che ha scandito la vita di\u00a0 Gianni Faronato<\/p>\n<div>\n<p class=\"entry-title\">LUNEDI A <strong>MEANO<\/strong> L\u2019ULTIMO SALUTO A VALENTINA CERVASIO<\/p>\n<p>IL FUNGAIOLO SMARRITO, MALORI, IMMANCABILI CAVIGLIE SLOGATE E LA CADUTA DEL CICLISTA<\/p>\n<p><strong>MARMOLADA:<\/strong> Caldo record, per martedi previsto lo\u00a0 zero termico a 5200 metri, a\u00a0 Punta Penia (3343 metri) il termometro potrebbe arrivare a +15 gradi.<\/p>\n<p>CENCENIGHE- VALLE DEL BIOIS-ALLEGHE,\u00a0 IL CONSORZIO GIROTONDO VERRA&#8217; MESSO IN LIQUIDAZIONE<\/p>\n<p>VIDEO SENZA CONSENSO, VIOLATA L&#8217;INTIMITA&#8217;. AMANTE IN TRIBUNALE <strong>BELLUNO<\/strong> Immagini di rapporti sessuali clandestini, con una donna gi\u00e0 impegnata sentimentalmente, protette dal riconoscimento dell&#8217;impronta digitale. \u00abEcco perch\u00e9 l&#8217;ho denunciato ai carabinieri &#8211; dice la donna &#8211; portandolo in tribunale per interferenze illecite nella vita privata<\/p>\n<\/div>\n<\/div>\n<p class=\"articlePlainTitle\">Estorsione a luci rosse all&#8217;amante clandestino: ora vuole i domiciliari <strong>BELLUNO<\/strong> Rapina da 20 euro ed estorsione da 20mila al suo ragazzo. Dopo essere stato arrestato per un ricatto a luci rosse, nell&#8217;ambito di una relazione omosessuale clandestina, adesso S.K. chiede la scarcerazione. Vorrebbe almeno gli arresti domiciliari.<\/p>\n<p class=\"articlePlainTitle\">Dominguez chiede i domiciliari Il Kangur \u00e8 stato dissequestrato <strong>ALANO DI PIAVE<\/strong> Omicidio di Fener: Pedro Dominguez vuole i domiciliari. Il principale indagato per la morte di Antonio Costa \u00e8 detenuto nel carcere bellunese di Baldenich dallo scorso 7 maggio<\/p>\n<p class=\"articlePlainTitle\"><strong>LONGARONE<\/strong> Morto a due anni: avviso di garanzia per il padre. La Procura della Repubblica di Belluno ha chiuso le indagini sul decesso di Nicol\u00f2 Feltrin, il piccolo di Codissago. Il pubblico ministero Simone Marcon chieder\u00e0 il rinvio a giudizio di pap\u00e0 Diego per l&#8217;ipotesi di reato di omicidio colposo.<\/p>\n<p><strong>BELLUNO\u00a0<\/strong>Dati in crescita per il turismo nel comune capoluogo, e anche il Nevegal tiene nonostante gli impianti fermi.<\/p>\n<p><strong>GOSALDO<\/strong> LA DONAZIONE ALL&#8217;AIRC IN MEMORIA DI ENZO MASOCH<\/p>\n<p><strong>IL 51ESIMO<\/strong> STORMO CACCIA ISTRANA FESTEGGIA IL CENTENARIO DELL&#8217;AERONAUTICA MILITARE CON MOLTE INIZIATIVE<\/p>\n<p><strong>OGGI<\/strong> COL IN FESTA! CHE FESTA A COLLE SANTA LUCIA<\/p>\n<h2><span style=\"color: #800080;\">CON LE PROLOCO DELL&#8217;AGORDINO, GLI APPUNTAMENTI DEL FINE SETTIMANA<\/span><\/h2>\n<blockquote><p><a class=\"dt-pswp-item\" href=\"https:\/\/www.radiopiu.net\/wordpress\/wp-content\/uploads\/2023\/07\/th-4-150x150-2.jpg\" data-dt-img-description=\"\" data-large_image_width=\"150\" data-large_image_height=\"150\"><img loading=\"lazy\" decoding=\"async\" class=\"size-full wp-image-346216 alignleft\" src=\"https:\/\/www.radiopiu.net\/wordpress\/wp-content\/uploads\/2023\/07\/th-4-150x150-2.jpg\" alt=\"\" width=\"150\" height=\"150\" \/><\/a>VENERDI ALLE 16.30, SABATO\u00a0 ALLE 13.10, DOMENICA\u00a0 ALLE 8.05, LO SPECIALE ESTIVO IN COLLABORAZIONE CON IL COMITATO PROLOCO DELL&#8217;AGORDINO. OGNI SETTIMANA GLI APPUNTAMENTI CON IL DIVERTIMENTO, LA CULTURA E LO SPORT. SEGUICI E SARAI SEMPRE INFORMATO&#8230; ANCHE AD AGOSTO<\/p><\/blockquote>\n<p>&nbsp;<\/p>\n<p>&nbsp;<\/p>\n<p>&nbsp;<\/p>\n<p><strong>CANALE D&#8217;AGORDO <\/strong>Oggi alle 21 alla sala Lina Zand\u00f2 di Canale D&#8217;Agordo una serata con Loris Serafini che parler\u00e0 dei dipinti ex voto e dei sacelli votivi della Valle del Biois, nell&#8217;ambito della mostra a ricordo di Enzo Dematt\u00e8 intitolata &#8220;Finestre in Val Biois&#8221;. Ingresso libero. Org. Fondazione Papa Luciani Onlus<\/p>\n<p><strong>GOSALDO<\/strong> Musica al RistoBar Ghegi di Forcella Aurine. Domani The Darts in concerto<\/p>\n<p><span style=\"color: #0000ff;\"><strong>SKI ROLL <\/strong><\/span>VANESSA, 13^ AI MONDIALI GIOVANILI<\/p>\n<p><span style=\"color: #0000ff;\"><strong>CICLISMO<\/strong><\/span><\/p>\n<blockquote>\n<h3>DOMANI IL GIRO DEL LAGO DI SANTA CROCE <strong style=\"font-size: 14px;\">L&#8217;INTERVISTA ALLA RADIO A ENNIO SOCCAL, Presidente Comitato Alpago 2 Ruote &amp; Solidariet\u00e0<\/strong><\/h3>\n<\/blockquote>\n<p><span style=\"color: #0000ff;\"><strong>BASKET <\/strong><\/span>UMANA REYER: LA NUOVA AVVENTURA STA PER INIZIARE. DA MERCOLEDI&#8217; IL RITIRO A FALCADE<\/p>\n<p><span style=\"color: #0000ff;\"><strong>CORSA CAMPESTRE <\/strong><span style=\"color: #000000;\">I<\/span><\/span>L TROFEO 16 COMUNI A CANALE D&#8217;AGORDO<\/p>\n","protected":false},"excerpt":{"rendered":"<p>&nbsp; &nbsp; RIAPERTA LA 347 DEL DURAN E CEREDA,\u00a0 ERA INTERROTTA\u00a0 IN VAL DI ZOLDO, IN FONDO AL PASSO DURAN. DA LUNEDI INTERDIZIONE TOTALE AL TRAFFICO A DIGONERA.\u00a0DA LUNEDI CHIUDE LA PROVINCIALE 19 DI LAMON ALLEGHE Spettacolari 15 minuti tra giochi di luci, riflessi sul lago, tra\u00a0 gli \u201cohhhh\u201d di turisti e valligiani e applausi&hellip;<\/p>\n","protected":false},"author":4,"featured_media":349252,"comment_status":"closed","ping_status":"closed","sticky":false,"template":"","format":"standard","meta":{"_monsterinsights_skip_tracking":false,"_monsterinsights_sitenote_active":false,"_monsterinsights_sitenote_note":"","_monsterinsights_sitenote_category":0,"footnotes":""},"categories":[104,49,142],"tags":[],"class_list":["post-349250","post","type-post","status-publish","format-standard","has-post-thumbnail","hentry","category-evidenza_3","category-news-18","category-rassegna-stampa","category-104","category-49","category-142","description-off"],"img_url":"https:\/\/www.radiopiu.net\/wordpress\/wp-content\/uploads\/2023\/08\/2.png","_links":{"self":[{"href":"https:\/\/www.radiopiu.net\/wordpress\/wp-json\/wp\/v2\/posts\/349250","targetHints":{"allow":["GET"]}}],"collection":[{"href":"https:\/\/www.radiopiu.net\/wordpress\/wp-json\/wp\/v2\/posts"}],"about":[{"href":"https:\/\/www.radiopiu.net\/wordpress\/wp-json\/wp\/v2\/types\/post"}],"author":[{"embeddable":true,"href":"https:\/\/www.radiopiu.net\/wordpress\/wp-json\/wp\/v2\/users\/4"}],"replies":[{"embeddable":true,"href":"https:\/\/www.radiopiu.net\/wordpress\/wp-json\/wp\/v2\/comments?post=349250"}],"version-history":[{"count":0,"href":"https:\/\/www.radiopiu.net\/wordpress\/wp-json\/wp\/v2\/posts\/349250\/revisions"}],"wp:featuredmedia":[{"embeddable":true,"href":"https:\/\/www.radiopiu.net\/wordpress\/wp-json\/wp\/v2\/media\/349252"}],"wp:attachment":[{"href":"https:\/\/www.radiopiu.net\/wordpress\/wp-json\/wp\/v2\/media?parent=349250"}],"wp:term":[{"taxonomy":"category","embeddable":true,"href":"https:\/\/www.radiopiu.net\/wordpress\/wp-json\/wp\/v2\/categories?post=349250"},{"taxonomy":"post_tag","embeddable":true,"href":"https:\/\/www.radiopiu.net\/wordpress\/wp-json\/wp\/v2\/tags?post=349250"}],"curies":[{"name":"wp","href":"https:\/\/api.w.org\/{rel}","templated":true}]}}