{"id":349331,"date":"2023-08-19T08:58:45","date_gmt":"2023-08-19T06:58:45","guid":{"rendered":"https:\/\/www.radiopiu.net\/wordpress\/?p=349331"},"modified":"2023-08-19T08:58:45","modified_gmt":"2023-08-19T06:58:45","slug":"crescita-2023-il-veneto-e-a-una-incollatura-dalla-lombardia-regione-leader","status":"publish","type":"post","link":"https:\/\/www.radiopiu.net\/wordpress\/crescita-2023-il-veneto-e-a-una-incollatura-dalla-lombardia-regione-leader\/","title":{"rendered":"CRESCITA 2023: IL VENETO E\u2019 A UNA INCOLLATURA DALLA LOMBARDIA REGIONE LEADER"},"content":{"rendered":"<p><a class=\"dt-pswp-item\" href=\"https:\/\/www.radiopiu.net\/wordpress\/wp-content\/uploads\/2023\/08\/Schermata-2023-08-19-alle-08.57.06.png\" data-dt-img-description=\"\" data-large_image_width=\"988\" data-large_image_height=\"1442\"><img loading=\"lazy\" decoding=\"async\" class=\"size-medium wp-image-349333 alignleft\" src=\"https:\/\/www.radiopiu.net\/wordpress\/wp-content\/uploads\/2023\/08\/Schermata-2023-08-19-alle-08.57.06-206x300.png\" alt=\"\" width=\"206\" height=\"300\" srcset=\"https:\/\/www.radiopiu.net\/wordpress\/wp-content\/uploads\/2023\/08\/Schermata-2023-08-19-alle-08.57.06-206x300.png 206w, https:\/\/www.radiopiu.net\/wordpress\/wp-content\/uploads\/2023\/08\/Schermata-2023-08-19-alle-08.57.06-702x1024.png 702w, https:\/\/www.radiopiu.net\/wordpress\/wp-content\/uploads\/2023\/08\/Schermata-2023-08-19-alle-08.57.06-768x1121.png 768w, https:\/\/www.radiopiu.net\/wordpress\/wp-content\/uploads\/2023\/08\/Schermata-2023-08-19-alle-08.57.06.png 988w\" sizes=\"auto, (max-width: 206px) 100vw, 206px\" \/><\/a>Ancorch\u00e8 le distanze tra le singole regioni siano \u201cmillimetriche\u201d, in Italia a trainare il Pil nel 2023 sar\u00e0 la Lombardia con una previsione di crescita del +1,29 per cento. Seguono il Veneto con il +1,24 per cento, il Trentino Alto Adige con il +1,23 per cento, il Lazio con il +1,18 per cento e il Piemonte-Valle d\u2019Aosta con il +1,17 per cento. Chiudono la graduatoria la Campania con il +0,86 per cento, il Molise con il +0,84 per cento e, infine, la Basilicata con il +0,82 per cento.<\/p>\n<p>Se, rispetto al periodo pre-Covid (2019), il Veneto ha gi\u00e0 recuperato oltre 2 punti di Pil, le regioni che non lo hanno ancora fatto sono la Calabria con una variazione rispetto al 2019 del -0,25, il Molise con il -0,83, la Valle d\u2019Aosta con il -0,88, la Liguria con il -2,02 e, in particolar modo, la Toscana che deve ancora \u201criconquistare\u201d 3,22 punti di Pil (vedi Tab. 1).<\/p>\n<p>A dirlo \u00e8 l\u2019Ufficio studi della CGIA che ha elaborato le ultime stime di crescita realizzate da Prometeia (luglio 2023).<\/p>\n<p>Costruzioni, servizi e tra questi ultimi in particolar modo il turismo saranno i settori che, nonostante il rallentamento dell\u2019economia in atto in tutta Europa, consentiranno al Veneto anche nel 2023 di rimanere sul podio per crescita economica.<\/p>\n<p><strong>Venezia divide il terzo gradino del podio nazionale con Trapani<\/strong><br \/>\nA livello provinciale, invece, guider\u00e0 la graduatoria della crescita 2023 Ascoli Piceno con un incremento del valore aggiunto rispetto all\u2019anno scorso del 2,10 per cento. Seguono Milano con il +1,86 per cento, Venezia e Trapani entrambe con il +1,85 per cento, Sondrio con il +1,81 per cento e Verona con il +1,76 per cento. Sia il capoluogo lagunare che la provincia scaligera potranno contare sull\u2019effetto economico positivo delle presenze turistiche che spingeranno all\u2019ins\u00f9 la crescita. Pi\u00f9 defilate sono le posizioni occupate da Belluno che dovrebbe registrare un incremento del valore aggiunto del +1,42, da Padova con il +0,99 e da Rovigo con il +0,90 per cento. Chiudono la graduatoria regionale Treviso con un aumento della crescita del +0,87 e Vicenza con il +0,46 per cento (vedi Tab. 2).<\/p>\n<p><strong><a class=\"dt-pswp-item\" href=\"https:\/\/www.radiopiu.net\/wordpress\/wp-content\/uploads\/2023\/08\/Schermata-2023-08-19-alle-08.57.25.png\" data-dt-img-description=\"\" data-large_image_width=\"1338\" data-large_image_height=\"656\"><img loading=\"lazy\" decoding=\"async\" class=\"size-medium wp-image-349332 alignleft\" src=\"https:\/\/www.radiopiu.net\/wordpress\/wp-content\/uploads\/2023\/08\/Schermata-2023-08-19-alle-08.57.25-300x147.png\" alt=\"\" width=\"300\" height=\"147\" srcset=\"https:\/\/www.radiopiu.net\/wordpress\/wp-content\/uploads\/2023\/08\/Schermata-2023-08-19-alle-08.57.25-300x147.png 300w, https:\/\/www.radiopiu.net\/wordpress\/wp-content\/uploads\/2023\/08\/Schermata-2023-08-19-alle-08.57.25-1024x502.png 1024w, https:\/\/www.radiopiu.net\/wordpress\/wp-content\/uploads\/2023\/08\/Schermata-2023-08-19-alle-08.57.25-768x377.png 768w, https:\/\/www.radiopiu.net\/wordpress\/wp-content\/uploads\/2023\/08\/Schermata-2023-08-19-alle-08.57.25.png 1338w\" sizes=\"auto, (max-width: 300px) 100vw, 300px\" \/><\/a>Abbiamo superato meglio degli altri Covid, caro bollette e inflazione<\/strong><br \/>\nTra il 2019 (anno pre-pandemico) e il 2023, il nostro Paese e, conseguentemente, anche il Veneto, hanno registrato un livello di crescita nettamente superiore a quello registrato dai principali paesi europei nostri competitor. Se dal confronto emerge che in Italia la crescita del Pil \u00e8 aumentata del 2,1 per cento (come riportato pi\u00f9 sopra nella nostra regione del 2,07 per cento), in Francia si \u00e8 fermata al +1,2 per cento, mentre in Germania \u00e8 stata solo del +0,3 per cento. Anche il Regno Unito, sebbene non sia pi\u00f9 un Paese dell\u2019UE, pu\u00f2 contare su un differenziale di crescita risibile e pari al +0,1 per cento.<\/p>\n<p>Sempre rispetto al 2019, le province venete che nel 2023 devono ancora recuperare quanto perso di Pil nel 2020 sono Venezia (-3,06 per cento) e soprattutto Belluno (- 5,43 per cento). Tutte le altre, invece, hanno recuperato abbondantemente. Tra le 107 province italiane monitorate dall\u2019Ufficio studi della CGIA, solo Firenze (-10,04 per cento) presenta in questo intervallo temporale una flessione superiore a quella registrata da Belluno.<\/p>\n","protected":false},"excerpt":{"rendered":"<p>Ancorch\u00e8 le distanze tra le singole regioni siano \u201cmillimetriche\u201d, in Italia a trainare il Pil nel 2023 sar\u00e0 la Lombardia con una previsione di crescita del +1,29 per cento. Seguono il Veneto con il +1,24 per cento, il Trentino Alto Adige con il +1,23 per cento, il Lazio con il +1,18 per cento e il&hellip;<\/p>\n","protected":false},"author":2,"featured_media":115054,"comment_status":"closed","ping_status":"closed","sticky":false,"template":"","format":"standard","meta":{"_monsterinsights_skip_tracking":false,"_monsterinsights_sitenote_active":false,"_monsterinsights_sitenote_note":"","_monsterinsights_sitenote_category":0,"footnotes":""},"categories":[49],"tags":[],"class_list":["post-349331","post","type-post","status-publish","format-standard","has-post-thumbnail","hentry","category-news-18","category-49","description-off"],"img_url":"https:\/\/www.radiopiu.net\/wordpress\/wp-content\/uploads\/2020\/01\/uomo-disteso-che-conta-soldi-con-il-calcolatore_23-2148230056.jpg","_links":{"self":[{"href":"https:\/\/www.radiopiu.net\/wordpress\/wp-json\/wp\/v2\/posts\/349331","targetHints":{"allow":["GET"]}}],"collection":[{"href":"https:\/\/www.radiopiu.net\/wordpress\/wp-json\/wp\/v2\/posts"}],"about":[{"href":"https:\/\/www.radiopiu.net\/wordpress\/wp-json\/wp\/v2\/types\/post"}],"author":[{"embeddable":true,"href":"https:\/\/www.radiopiu.net\/wordpress\/wp-json\/wp\/v2\/users\/2"}],"replies":[{"embeddable":true,"href":"https:\/\/www.radiopiu.net\/wordpress\/wp-json\/wp\/v2\/comments?post=349331"}],"version-history":[{"count":0,"href":"https:\/\/www.radiopiu.net\/wordpress\/wp-json\/wp\/v2\/posts\/349331\/revisions"}],"wp:featuredmedia":[{"embeddable":true,"href":"https:\/\/www.radiopiu.net\/wordpress\/wp-json\/wp\/v2\/media\/115054"}],"wp:attachment":[{"href":"https:\/\/www.radiopiu.net\/wordpress\/wp-json\/wp\/v2\/media?parent=349331"}],"wp:term":[{"taxonomy":"category","embeddable":true,"href":"https:\/\/www.radiopiu.net\/wordpress\/wp-json\/wp\/v2\/categories?post=349331"},{"taxonomy":"post_tag","embeddable":true,"href":"https:\/\/www.radiopiu.net\/wordpress\/wp-json\/wp\/v2\/tags?post=349331"}],"curies":[{"name":"wp","href":"https:\/\/api.w.org\/{rel}","templated":true}]}}