{"id":349409,"date":"2023-08-19T16:28:12","date_gmt":"2023-08-19T14:28:12","guid":{"rendered":"https:\/\/www.radiopiu.net\/wordpress\/?p=349409"},"modified":"2023-08-19T16:30:38","modified_gmt":"2023-08-19T14:30:38","slug":"al-bisnonno-emilio","status":"publish","type":"post","link":"https:\/\/www.radiopiu.net\/wordpress\/al-bisnonno-emilio\/","title":{"rendered":"AL BISNONNO EMILIO CON TANTI AUGURI PER I PROSSIMI&#8230; SCATTI FOTOGRAFICI"},"content":{"rendered":"<p>Caro Emilio<br \/>\nnon immagini nemmeno con quanta emozione e riconoscenza scrivo queste quattro righe. Marito, padre, nonno, bisnonno esemplare. Piegato spesso, ma ti ho sempre visto raddrizzarti e godere delle gioie della vita, come con\u00a0 Enea l&#8217;ultimo arrivato, come quando \u00e8 nata Nicole di tuo figlio Piero. Un bel quadro di famiglia con un pensiero a Dionisia e un grande ricordo del nonno &#8220;scarper&#8221;, el Piero. Che poi di momenti come questi immagini quanti ce ne saranno ancora di queste fotografie,\u00a0 tra la prole messa al mondo da Katia e Nicola&#8230;e manca ancora Asia e tutti gli altri.<br \/>\nRadio Pi\u00f9 a quest&#8217;uomo deve molto, nel 1990 a pochi mesi dalla richiesta della concessione ha firmato la testata giornalistica di RADIOPIU&#8217;, necessaria per non dover spegnere dopo dieci anni di trasmissioni. Nessuno di noi era giornalista in radio, eravamo ragazzini. Ci ha salvato, la radio non sarebbe stata in grado di pagare un direttore iscritto all&#8217;ordine dei giornalisti. A parte il fatto che Emilio alla radio non ha mai chiesto nulla &#8211; stavamo tra l&#8217;altro per diventare parenti&#8230;\u00a0 &#8211;\u00a0 si \u00e8 accollato la responsabilit\u00e0 ed erano anni in cui, se ne sparavano alla radio&#8230; molto pi\u00f9 di adesso.<\/p>\n<p>Quindi, l&#8217;occasione \u00e8 opportuna per un abbraccio al mio Direttore preferito, a una delle persone che ha amato ed ama la radio, in tutte le sue sfaccettature.<\/p>\n<p>mirko<\/p>\n<p><img decoding=\"async\" src=\"https:\/\/www.radiopiu.net\/wordpress\/wp-content\/uploads\/2023\/08\/d01a7e5e-d88a-465d-baf0-512f81006660.jpg\" \/><\/p>\n","protected":false},"excerpt":{"rendered":"<p>Caro Emilio non immagini nemmeno con quanta emozione e riconoscenza scrivo queste quattro righe. Marito, padre, nonno, bisnonno esemplare. Piegato spesso, ma ti ho sempre visto raddrizzarti e godere delle gioie della vita, come con\u00a0 Enea l&#8217;ultimo arrivato, come quando \u00e8 nata Nicole di tuo figlio Piero. Un bel quadro di famiglia con un pensiero&hellip;<\/p>\n","protected":false},"author":4,"featured_media":349413,"comment_status":"closed","ping_status":"closed","sticky":false,"template":"","format":"standard","meta":{"_monsterinsights_skip_tracking":false,"_monsterinsights_sitenote_active":false,"_monsterinsights_sitenote_note":"","_monsterinsights_sitenote_category":0,"footnotes":""},"categories":[104,49],"tags":[],"class_list":["post-349409","post","type-post","status-publish","format-standard","has-post-thumbnail","hentry","category-evidenza_3","category-news-18","category-104","category-49","description-off"],"img_url":"https:\/\/www.radiopiu.net\/wordpress\/wp-content\/uploads\/2023\/08\/Senza-nome-55.png","_links":{"self":[{"href":"https:\/\/www.radiopiu.net\/wordpress\/wp-json\/wp\/v2\/posts\/349409","targetHints":{"allow":["GET"]}}],"collection":[{"href":"https:\/\/www.radiopiu.net\/wordpress\/wp-json\/wp\/v2\/posts"}],"about":[{"href":"https:\/\/www.radiopiu.net\/wordpress\/wp-json\/wp\/v2\/types\/post"}],"author":[{"embeddable":true,"href":"https:\/\/www.radiopiu.net\/wordpress\/wp-json\/wp\/v2\/users\/4"}],"replies":[{"embeddable":true,"href":"https:\/\/www.radiopiu.net\/wordpress\/wp-json\/wp\/v2\/comments?post=349409"}],"version-history":[{"count":0,"href":"https:\/\/www.radiopiu.net\/wordpress\/wp-json\/wp\/v2\/posts\/349409\/revisions"}],"wp:featuredmedia":[{"embeddable":true,"href":"https:\/\/www.radiopiu.net\/wordpress\/wp-json\/wp\/v2\/media\/349413"}],"wp:attachment":[{"href":"https:\/\/www.radiopiu.net\/wordpress\/wp-json\/wp\/v2\/media?parent=349409"}],"wp:term":[{"taxonomy":"category","embeddable":true,"href":"https:\/\/www.radiopiu.net\/wordpress\/wp-json\/wp\/v2\/categories?post=349409"},{"taxonomy":"post_tag","embeddable":true,"href":"https:\/\/www.radiopiu.net\/wordpress\/wp-json\/wp\/v2\/tags?post=349409"}],"curies":[{"name":"wp","href":"https:\/\/api.w.org\/{rel}","templated":true}]}}