{"id":349482,"date":"2023-08-20T13:48:24","date_gmt":"2023-08-20T11:48:24","guid":{"rendered":"https:\/\/www.radiopiu.net\/wordpress\/?p=349482"},"modified":"2023-08-20T13:48:24","modified_gmt":"2023-08-20T11:48:24","slug":"primi-interventi-della-giornata-del-suem-118","status":"publish","type":"post","link":"https:\/\/www.radiopiu.net\/wordpress\/primi-interventi-della-giornata-del-suem-118\/","title":{"rendered":"PRIMI INTERVENTI DELLA GIORNATA DEL SUEM 118"},"content":{"rendered":"<p><strong>REDAZIONE<\/strong> Inizia con 5 interventi la giornata del Suem 118. Poco prima delle 8 presso la Marmolada, una persona \u00e8 precipitata durante l&#8217;arrampicata. La gravit\u00e0 \u00e8 di livello 2. Il soccorso \u00e8 stato fornito dall&#8217;elicottero dell&#8217;Aiut Alpine Dolomites. Subito dopo, alle 08:16 a Forno di Zoldo, un bambino di 9 anni residente a Mogliano Veneto ha avuto un malore. In soccorso Falco 1 che ha trasportato il giovane al nosocomio di Belluno. Alle 9:20 a Santo Stefano, una persona ha avuto un sospetto problema neurologico. Una donna di 95 anni, residente a Comelico. Il soccorso \u00e8 stato fornito da Falco2. In seguito alle 9:48 presso il Rifugio Lavaredo, un uomo di 59 anni, residente a Cittadella, ha avuto un malore. Il soccorso \u00e8 stato fornito da Falco1. Verso le 11:30 al Lago di Santa Croce, una persona ha subito un trauma in bicicletta. Una donna di 49 anni, residente a Belluno. E&#8217; stata trasportata al San Martino<\/p>\n<p>&nbsp;<\/p>\n","protected":false},"excerpt":{"rendered":"<p>REDAZIONE Inizia con 5 interventi la giornata del Suem 118. Poco prima delle 8 presso la Marmolada, una persona \u00e8 precipitata durante l&#8217;arrampicata. La gravit\u00e0 \u00e8 di livello 2. Il soccorso \u00e8 stato fornito dall&#8217;elicottero dell&#8217;Aiut Alpine Dolomites. Subito dopo, alle 08:16 a Forno di Zoldo, un bambino di 9 anni residente a Mogliano Veneto&hellip;<\/p>\n","protected":false},"author":4,"featured_media":238247,"comment_status":"closed","ping_status":"closed","sticky":false,"template":"","format":"standard","meta":{"_monsterinsights_skip_tracking":false,"_monsterinsights_sitenote_active":false,"_monsterinsights_sitenote_note":"","_monsterinsights_sitenote_category":0,"footnotes":""},"categories":[51,49],"tags":[],"class_list":["post-349482","post","type-post","status-publish","format-standard","has-post-thumbnail","hentry","category-evidenza-top","category-news-18","category-51","category-49","description-off"],"img_url":"https:\/\/www.radiopiu.net\/wordpress\/wp-content\/uploads\/2021\/10\/a0c568f4-8fef-4e1e-b203-57f1d1d0c1e7.jpg","_links":{"self":[{"href":"https:\/\/www.radiopiu.net\/wordpress\/wp-json\/wp\/v2\/posts\/349482","targetHints":{"allow":["GET"]}}],"collection":[{"href":"https:\/\/www.radiopiu.net\/wordpress\/wp-json\/wp\/v2\/posts"}],"about":[{"href":"https:\/\/www.radiopiu.net\/wordpress\/wp-json\/wp\/v2\/types\/post"}],"author":[{"embeddable":true,"href":"https:\/\/www.radiopiu.net\/wordpress\/wp-json\/wp\/v2\/users\/4"}],"replies":[{"embeddable":true,"href":"https:\/\/www.radiopiu.net\/wordpress\/wp-json\/wp\/v2\/comments?post=349482"}],"version-history":[{"count":0,"href":"https:\/\/www.radiopiu.net\/wordpress\/wp-json\/wp\/v2\/posts\/349482\/revisions"}],"wp:featuredmedia":[{"embeddable":true,"href":"https:\/\/www.radiopiu.net\/wordpress\/wp-json\/wp\/v2\/media\/238247"}],"wp:attachment":[{"href":"https:\/\/www.radiopiu.net\/wordpress\/wp-json\/wp\/v2\/media?parent=349482"}],"wp:term":[{"taxonomy":"category","embeddable":true,"href":"https:\/\/www.radiopiu.net\/wordpress\/wp-json\/wp\/v2\/categories?post=349482"},{"taxonomy":"post_tag","embeddable":true,"href":"https:\/\/www.radiopiu.net\/wordpress\/wp-json\/wp\/v2\/tags?post=349482"}],"curies":[{"name":"wp","href":"https:\/\/api.w.org\/{rel}","templated":true}]}}