{"id":349490,"date":"2023-08-20T14:48:34","date_gmt":"2023-08-20T12:48:34","guid":{"rendered":"https:\/\/www.radiopiu.net\/wordpress\/?p=349490"},"modified":"2023-08-20T21:41:15","modified_gmt":"2023-08-20T19:41:15","slug":"gli-interventi-del-soccorso-alpino","status":"publish","type":"post","link":"https:\/\/www.radiopiu.net\/wordpress\/gli-interventi-del-soccorso-alpino\/","title":{"rendered":"GLI INTERVENTI DEL SOCCORSO ALPINO"},"content":{"rendered":"<p>Questa mattina, scattato l&#8217;allarme verso le 8.20, l&#8217;elicottero dell&#8217;Aiut Alpin Dolomites di Bolzano \u00e8 intervenuto in Marmolada, per la caduta di un alpinista sul secondo tiro della Via Vinatzer. Il 38enne lituano, che aveva riportato un trauma alla gamba e si trovava all&#8217;interno di un diedro, \u00e8 stato recuperato dal tecnico di elisoccorso appeso a un gancio baricentrico di 100 metri. L&#8217;alpinista \u00e8 stato trasportato all&#8217;ospedale di Bressanone, mentre il compagno \u00e8 stato lasciato al Rifugio Falier. Passate le 13.30, l&#8217;elicottero del Suem di Pieve di Cadore \u00e8 volato sulla Ferrata di Punta Anna a Cortina d&#8217;Ampezzo, dove un&#8217;escursionista di 27 anni di Firenze, che si trovava con altre persone, si era fatta male a un ginocchio a circa 2.450 metri di quota. Issata a bordo con il verricello, la ragazza \u00e8 stata condotta a Belluno. Una squadra del Soccorso alpino di Auronzo \u00e8 andata incontro a un 68enne polacco con un probabile trauma al ginocchio. L&#8217;uomo, che stava scendendo lungo il sentiero 1.104 che dal Rifugio Auronzo porta in Val Marzon, si trovava in localit\u00e0 Cason de la Crosera. I soccorritori lo hanno caricato in jeep e accompagnato al Punto di primo intervento. Attorno alle 15 il Soccorso alpino della Val Biois ha invece raggiunto in jeep una 63enne di Brescia, a met\u00e0 strada di rientro dal Rifugio Bottari a Falcade. La donna, con un sospetto trauma alla caviglia da scivolata, \u00e8 stata portata al parcheggio del campeggio da dove si \u00e8 allontanata autonomamente assieme al marito. L&#8217;elicottero del Suem di Pieve di Cadore \u00e8 infine stato inviato sulla Ferrata degli Alleghesi in Civetta, per due escursionisti affaticati a circa 3.100 metri di quota. I due, un ventenne di Santa Maria di Sala (VE) e un 50enne di Mirano (VE), caricati a bordo in hovering, sono stati lasciati al Rifugio Coldai.<\/p>\n","protected":false},"excerpt":{"rendered":"<p>Questa mattina, scattato l&#8217;allarme verso le 8.20, l&#8217;elicottero dell&#8217;Aiut Alpin Dolomites di Bolzano \u00e8 intervenuto in Marmolada, per la caduta di un alpinista sul secondo tiro della Via Vinatzer. Il 38enne lituano, che aveva riportato un trauma alla gamba e si trovava all&#8217;interno di un diedro, \u00e8 stato recuperato dal tecnico di elisoccorso appeso a&hellip;<\/p>\n","protected":false},"author":4,"featured_media":290950,"comment_status":"closed","ping_status":"closed","sticky":false,"template":"","format":"standard","meta":{"_monsterinsights_skip_tracking":false,"_monsterinsights_sitenote_active":false,"_monsterinsights_sitenote_note":"","_monsterinsights_sitenote_category":0,"footnotes":""},"categories":[51,49],"tags":[],"class_list":["post-349490","post","type-post","status-publish","format-standard","has-post-thumbnail","hentry","category-evidenza-top","category-news-18","category-51","category-49","description-off"],"img_url":"https:\/\/www.radiopiu.net\/wordpress\/wp-content\/uploads\/2022\/08\/1661-2022.jpeg","_links":{"self":[{"href":"https:\/\/www.radiopiu.net\/wordpress\/wp-json\/wp\/v2\/posts\/349490","targetHints":{"allow":["GET"]}}],"collection":[{"href":"https:\/\/www.radiopiu.net\/wordpress\/wp-json\/wp\/v2\/posts"}],"about":[{"href":"https:\/\/www.radiopiu.net\/wordpress\/wp-json\/wp\/v2\/types\/post"}],"author":[{"embeddable":true,"href":"https:\/\/www.radiopiu.net\/wordpress\/wp-json\/wp\/v2\/users\/4"}],"replies":[{"embeddable":true,"href":"https:\/\/www.radiopiu.net\/wordpress\/wp-json\/wp\/v2\/comments?post=349490"}],"version-history":[{"count":0,"href":"https:\/\/www.radiopiu.net\/wordpress\/wp-json\/wp\/v2\/posts\/349490\/revisions"}],"wp:featuredmedia":[{"embeddable":true,"href":"https:\/\/www.radiopiu.net\/wordpress\/wp-json\/wp\/v2\/media\/290950"}],"wp:attachment":[{"href":"https:\/\/www.radiopiu.net\/wordpress\/wp-json\/wp\/v2\/media?parent=349490"}],"wp:term":[{"taxonomy":"category","embeddable":true,"href":"https:\/\/www.radiopiu.net\/wordpress\/wp-json\/wp\/v2\/categories?post=349490"},{"taxonomy":"post_tag","embeddable":true,"href":"https:\/\/www.radiopiu.net\/wordpress\/wp-json\/wp\/v2\/tags?post=349490"}],"curies":[{"name":"wp","href":"https:\/\/api.w.org\/{rel}","templated":true}]}}