{"id":349634,"date":"2023-08-22T05:35:46","date_gmt":"2023-08-22T03:35:46","guid":{"rendered":"https:\/\/www.radiopiu.net\/wordpress\/?p=349634"},"modified":"2023-08-22T06:05:23","modified_gmt":"2023-08-22T04:05:23","slug":"i-racconti-di-paolo-soppelsa-puntata-190","status":"publish","type":"post","link":"https:\/\/www.radiopiu.net\/wordpress\/i-racconti-di-paolo-soppelsa-puntata-190\/","title":{"rendered":"I RACCONTI DI PAOLO SOPPELSA &#8211; PUNTATA 190"},"content":{"rendered":"<p><strong>LE LUCI DI ALLEGHE<\/strong><\/p>\n<p><strong>AUDIO<\/strong><\/p>\n<audio class=\"wp-audio-shortcode\" id=\"audio-349634-1\" preload=\"none\" style=\"width: 100%;\" controls=\"controls\"><source type=\"audio\/mpeg\" src=\"https:\/\/www.radiopiu.net\/wordpress\/wp-content\/uploads\/2023\/08\/paolo-soppelsa.mp3?_=1\" \/><a href=\"https:\/\/www.radiopiu.net\/wordpress\/wp-content\/uploads\/2023\/08\/paolo-soppelsa.mp3\">https:\/\/www.radiopiu.net\/wordpress\/wp-content\/uploads\/2023\/08\/paolo-soppelsa.mp3<\/a><\/audio>\n<p>&nbsp;<\/p>\n<p><a class=\"dt-pswp-item\" href=\"https:\/\/www.radiopiu.net\/wordpress\/wp-content\/uploads\/2023\/08\/f0b8681b-f5e9-4bb8-a1bb-299e75a957f3.jpg\" data-dt-img-description=\"\" data-large_image_width=\"1600\" data-large_image_height=\"1200\"><img loading=\"lazy\" decoding=\"async\" class=\" wp-image-349636 alignleft\" src=\"https:\/\/www.radiopiu.net\/wordpress\/wp-content\/uploads\/2023\/08\/f0b8681b-f5e9-4bb8-a1bb-299e75a957f3-300x225.jpg\" alt=\"\" width=\"156\" height=\"117\" srcset=\"https:\/\/www.radiopiu.net\/wordpress\/wp-content\/uploads\/2023\/08\/f0b8681b-f5e9-4bb8-a1bb-299e75a957f3-300x225.jpg 300w, https:\/\/www.radiopiu.net\/wordpress\/wp-content\/uploads\/2023\/08\/f0b8681b-f5e9-4bb8-a1bb-299e75a957f3-1024x768.jpg 1024w, https:\/\/www.radiopiu.net\/wordpress\/wp-content\/uploads\/2023\/08\/f0b8681b-f5e9-4bb8-a1bb-299e75a957f3-768x576.jpg 768w, https:\/\/www.radiopiu.net\/wordpress\/wp-content\/uploads\/2023\/08\/f0b8681b-f5e9-4bb8-a1bb-299e75a957f3-1536x1152.jpg 1536w, https:\/\/www.radiopiu.net\/wordpress\/wp-content\/uploads\/2023\/08\/f0b8681b-f5e9-4bb8-a1bb-299e75a957f3.jpg 1600w\" sizes=\"auto, (max-width: 156px) 100vw, 156px\" \/><\/a>Era sera di acqua che muoveva appena, di aria di quasi settembre e nuvole rosse che attendevano l&#8217;arrivo del buio veleggiando pigre sopra la cima mozzata del Col di Lana. Era sera che lentamente diventava notte, erano luci che si specchiavano sulle tranquille acque del lago. Camminavo lentamente lungo la strada che costeggia lo specchio d&#8217;acqua nel quale si riflette il Civetta respirando quella stessa aria di allora, di quando ero a San Tomaso e, appena venuto buio, uscivo ad ammirare le luci di Alleghe. \u00c8 bello stare l\u00ec in silenzio ad immaginare l&#8217;atmosfera magica del lago di sera; da casa dei nonni, per uno strano gioco di prospettive non posso vedere il lago di Alleghe, per\u00f2 dopo il calare del buio posso ammirare le luci del paese adagiato sulla sua sponda sinistra. Nelle notti senza luna le montagne spariscono inghiottite da un buio solenne, e a mitigare quell&#8217;oscurit\u00e0 carica degli inquietanti versi della civetta, ci pensano quelle luci tremule che brillano a nord. Mi piace ammirare quel chiarore lontano che sfida l&#8217;oscurit\u00e0, e chiss\u00e0 quanti sono quei puntini luminosi che salgono lungo il costone del Fertazza. Mentre passeggiavo lungo la strada che costeggia il lago ascoltavo il lento muovere dell&#8217;acqua; c&#8217;era un tepore di estate che iniziava a sfumare e sagome bianche dei cigni che parevano scivolare senza sforzo sulla superficie che rifletteva una misteriosa mezzaluna. Mentre camminavo, ricordavo quei tempi ormai lontani di quando ero bambino e a volte fantasticavo pensando agli edifici sommersi dalle acque del Cordevole che, nel gennaio del 1771, furono sbarrate dalle rocce scese con violenza dal Monte Piz. E chiss\u00e0 se era vero che sul fondo c&#8217;era pure il vecchio campanile e che a volte si sentivano suonare le antiche campane; questa storia del sentire suonare le campane mi metteva pure un po&#8217; di paura e quando di rado capitava di passare per Alleghe, scrutavo sempre il lago cercando di immaginare dove potesse essere questo campanile fantasma. Leggende che si intrecciano con la storia che affascinavano quel bambino che poi, una volta diventato grande, ha continuato ad amare questo specchio d&#8217;acqua e questo paese adagiato sulla sua sponda sinistra. \u00c8 lago che in ogni stagione offre suggestioni diverse; d&#8217;estate, ad esempio, visto dalle cime circostanti appare come un puro smeraldo incastonato fra le montagne che si innalzano ripide dalle sue rive. A novembre, invece, in certe sere di nebbia umida e pioviggine leggera, il suo mormorare lieve tiene compagnia; sono serate di quiete d&#8217;autunno inoltrato e di larici ormai sfioriti, di gocce di pioggia che disegnano cerchi concentrici sulla sua superficie che di l\u00ec a qualche settimana diverr\u00e0 levigata lastra di ghiaccio silente. D&#8217;inverno, dopo l&#8217;arrivo della prima neve, il lago diventa candida spianata che di notte riflette con mille bagliori il misterioso chiarore della luna e le allegre e colorate luminarie di Natale. \u00c8 in quei giorni di freddo tagliente, quando la luce stanca del sole lambisce appena il paese rivierasco, che il lago tace. Far\u00e0 sentire la sua voce a fine inverno quando il gelo moller\u00e0 la presa ed il ghiaccio inizier\u00e0 a crepare producendo un rumore che affascina e inquieta. \u00c8 in quel tempo incerto di primavera sussurrata che la natura inizia il suo risveglio ed il lago ritorna ad essere lago; ed \u00e8 allora che le luci di Alleghe ritornano a brillare tranquille in quel cielo d&#8217;acqua di primo disgelo che custodisce e racconta storie e leggende di queste mie valli.<\/p>\n<p>&nbsp;<\/p>\n<p>&nbsp;<\/p>\n<p>********<\/p>\n","protected":false},"excerpt":{"rendered":"<p>LE LUCI DI ALLEGHE AUDIO &nbsp; Era sera di acqua che muoveva appena, di aria di quasi settembre e nuvole rosse che attendevano l&#8217;arrivo del buio veleggiando pigre sopra la cima mozzata del Col di Lana. Era sera che lentamente diventava notte, erano luci che si specchiavano sulle tranquille acque del lago. Camminavo lentamente lungo&hellip;<\/p>\n","protected":false},"author":4,"featured_media":349636,"comment_status":"closed","ping_status":"closed","sticky":false,"template":"","format":"standard","meta":{"_monsterinsights_skip_tracking":false,"_monsterinsights_sitenote_active":false,"_monsterinsights_sitenote_note":"","_monsterinsights_sitenote_category":0,"footnotes":""},"categories":[104,49,112],"tags":[],"class_list":["post-349634","post","type-post","status-publish","format-standard","has-post-thumbnail","hentry","category-evidenza_3","category-news-18","category-racconti-soppelsa","category-104","category-49","category-112","description-off"],"img_url":"https:\/\/www.radiopiu.net\/wordpress\/wp-content\/uploads\/2023\/08\/f0b8681b-f5e9-4bb8-a1bb-299e75a957f3.jpg","_links":{"self":[{"href":"https:\/\/www.radiopiu.net\/wordpress\/wp-json\/wp\/v2\/posts\/349634","targetHints":{"allow":["GET"]}}],"collection":[{"href":"https:\/\/www.radiopiu.net\/wordpress\/wp-json\/wp\/v2\/posts"}],"about":[{"href":"https:\/\/www.radiopiu.net\/wordpress\/wp-json\/wp\/v2\/types\/post"}],"author":[{"embeddable":true,"href":"https:\/\/www.radiopiu.net\/wordpress\/wp-json\/wp\/v2\/users\/4"}],"replies":[{"embeddable":true,"href":"https:\/\/www.radiopiu.net\/wordpress\/wp-json\/wp\/v2\/comments?post=349634"}],"version-history":[{"count":0,"href":"https:\/\/www.radiopiu.net\/wordpress\/wp-json\/wp\/v2\/posts\/349634\/revisions"}],"wp:featuredmedia":[{"embeddable":true,"href":"https:\/\/www.radiopiu.net\/wordpress\/wp-json\/wp\/v2\/media\/349636"}],"wp:attachment":[{"href":"https:\/\/www.radiopiu.net\/wordpress\/wp-json\/wp\/v2\/media?parent=349634"}],"wp:term":[{"taxonomy":"category","embeddable":true,"href":"https:\/\/www.radiopiu.net\/wordpress\/wp-json\/wp\/v2\/categories?post=349634"},{"taxonomy":"post_tag","embeddable":true,"href":"https:\/\/www.radiopiu.net\/wordpress\/wp-json\/wp\/v2\/tags?post=349634"}],"curies":[{"name":"wp","href":"https:\/\/api.w.org\/{rel}","templated":true}]}}