{"id":349743,"date":"2023-08-23T05:45:26","date_gmt":"2023-08-23T03:45:26","guid":{"rendered":"https:\/\/www.radiopiu.net\/wordpress\/?p=349743"},"modified":"2023-08-23T13:14:01","modified_gmt":"2023-08-23T11:14:01","slug":"giornale-radiopiu-23-agosto-2023-direttore-mirko-mezzacasada-40-anni-25-giugno-1983-25-giugno-2023","status":"publish","type":"post","link":"https:\/\/www.radiopiu.net\/wordpress\/giornale-radiopiu-23-agosto-2023-direttore-mirko-mezzacasada-40-anni-25-giugno-1983-25-giugno-2023\/","title":{"rendered":"GIORNALE RADIOPIU 23 AGOSTO 2023 DIRETTORE MIRKO MEZZACASA\u2026DA 40 ANNI 25 GIUGNO 1983-25 GIUGNO 2023"},"content":{"rendered":"<h2 style=\"text-align: left;\"><span style=\"color: #ff0000;\"><span style=\"vertical-align: inherit;\"><a class=\"dt-pswp-item\" href=\"https:\/\/www.radiopiu.net\/wordpress\/wp-content\/uploads\/2023\/04\/e0aad41d-951e-47b9-9fae-1a879a9bcb7e-1.jpg\" data-dt-img-description=\"\" data-large_image_width=\"1200\" data-large_image_height=\"1200\"><img loading=\"lazy\" decoding=\"async\" class=\"wp-image-333205 alignleft\" src=\"https:\/\/www.radiopiu.net\/wordpress\/wp-content\/uploads\/2023\/04\/e0aad41d-951e-47b9-9fae-1a879a9bcb7e-1-300x300.jpg\" alt=\"\" width=\"110\" height=\"110\" srcset=\"https:\/\/www.radiopiu.net\/wordpress\/wp-content\/uploads\/2023\/04\/e0aad41d-951e-47b9-9fae-1a879a9bcb7e-1-300x300.jpg 300w, https:\/\/www.radiopiu.net\/wordpress\/wp-content\/uploads\/2023\/04\/e0aad41d-951e-47b9-9fae-1a879a9bcb7e-1-1024x1024.jpg 1024w, https:\/\/www.radiopiu.net\/wordpress\/wp-content\/uploads\/2023\/04\/e0aad41d-951e-47b9-9fae-1a879a9bcb7e-1-150x150.jpg 150w, https:\/\/www.radiopiu.net\/wordpress\/wp-content\/uploads\/2023\/04\/e0aad41d-951e-47b9-9fae-1a879a9bcb7e-1-768x768.jpg 768w, https:\/\/www.radiopiu.net\/wordpress\/wp-content\/uploads\/2023\/04\/e0aad41d-951e-47b9-9fae-1a879a9bcb7e-1.jpg 1200w\" sizes=\"auto, (max-width: 110px) 100vw, 110px\" \/><\/a><\/span><\/span><\/h2>\n<h1 class=\"entry-title\">40esimo di RADIOPIU\u2026. LA VOCE DELL\u2019EMOZIONE<\/h1>\n<h2><span style=\"color: #ff0000;\">ISCRIVITI AL NOSTRO CANALE\u00a0\u00a0YOUTUBE PER SEGUIRE IN DIRETTA I PRINCIPALI PROGRAMMI DI RADIO PIU\u2019 E LE FUTURE DIRETTE IN ESTERNA. PER ISCRIVERTI\u00a0<a style=\"color: #ff0000;\" href=\"https:\/\/youtube.com\/@radiopiu1527\">CLICCA QUI\u00a0<\/a>E PREMI\u00a0 \u201cIscriviti\u201d<\/span><\/h2>\n<p>&nbsp;<\/p>\n<p>&nbsp;<\/p>\n<p><strong>SAN TOMASO_CENCENIGHE<\/strong> Solidariet\u00e0 a quegli operai che hanno interrotto le ferie estive per tornare sul cantiere lungo la regionale 203 agordina a Ghisel, tra Cencenighe ed Avoscan di San Tomaso. Solidariet\u00e0 perch\u00e9 ogni giorno sono presi a parole per quel semaforo che anche ieri nell&#8217;ora di punta ha portato a lunghe code, chilometriche, al momento del rientro. Solidariet\u00e0 alle maestranze &#8220;insultate&#8221; e non hanno certo scelto loro di lavorare mentre gli altri sono in vacanza, sono solo rispettosi degli ordini dei grandi &#8220;capi&#8221;\u00a0 padroni del cantiere.<\/p>\n<blockquote><p><em> Non hanno certo scelto loro quindi\u00a0 di tornare a lavorare con oltre 35,\u00ec gradi&#8230; caldo, sia per gli automobilisti che hanno l&#8217;aria condizionata,\u00a0 che per loro costretti a faticare sotto il solleone.\u00a0 I sindacalisti nelle fabbriche\u00a0 quando fa tanto caldo protestano. Ma in cantiere\u00a0 \u00e8 tutt&#8217;altra cosa, altri sindacalisti?\u00a0 A proposito, buon lavoro agli operai!<\/em><\/p><\/blockquote>\n<p>&nbsp;<\/p>\n<div style=\"width: 848px;\" class=\"wp-video\"><video class=\"wp-video-shortcode\" id=\"video-349743-1\" width=\"848\" height=\"384\" preload=\"metadata\" controls=\"controls\"><source type=\"video\/mp4\" src=\"https:\/\/www.radiopiu.net\/wordpress\/wp-content\/uploads\/2023\/08\/WhatsApp-Video-2023-08-22-at-18.57.41.mp4?_=1\" \/><a href=\"https:\/\/www.radiopiu.net\/wordpress\/wp-content\/uploads\/2023\/08\/WhatsApp-Video-2023-08-22-at-18.57.41.mp4\">https:\/\/www.radiopiu.net\/wordpress\/wp-content\/uploads\/2023\/08\/WhatsApp-Video-2023-08-22-at-18.57.41.mp4<\/a><\/video><\/div>\n<p>&nbsp;<\/p>\n<p>&nbsp;<\/p>\n<p>&nbsp;<\/p>\n<p><a class=\"dt-pswp-item\" href=\"https:\/\/www.radiopiu.net\/wordpress\/wp-content\/uploads\/2023\/08\/sersa-ok-1.jpg\" data-dt-img-description=\"\" data-large_image_width=\"300\" data-large_image_height=\"300\"><img loading=\"lazy\" decoding=\"async\" class=\"size-full wp-image-349822 aligncenter\" src=\"https:\/\/www.radiopiu.net\/wordpress\/wp-content\/uploads\/2023\/08\/sersa-ok-1.jpg\" alt=\"\" width=\"300\" height=\"300\" srcset=\"https:\/\/www.radiopiu.net\/wordpress\/wp-content\/uploads\/2023\/08\/sersa-ok-1.jpg 300w, https:\/\/www.radiopiu.net\/wordpress\/wp-content\/uploads\/2023\/08\/sersa-ok-1-150x150.jpg 150w\" sizes=\"auto, (max-width: 300px) 100vw, 300px\" \/><\/a><\/p>\n<p>&nbsp;<\/p>\n<hr \/>\n<p>&nbsp;<\/p>\n<blockquote>\n<h3>IL GIORNO DEL RICORDO, 14 ANNI DOPO LA TRAGEDIA DI RIO GERE<\/h3>\n<p><em>un momento di silenzio, in cui ognuno ha espresso nell&#8217;intimo i propri pensieri. <\/em><\/p><\/blockquote>\n<div class=\"articlePlainText\">\n<h3><a class=\"dt-pswp-item\" href=\"https:\/\/www.radiopiu.net\/wordpress\/wp-content\/uploads\/2023\/08\/download-13-300x115-1.jpg\" data-dt-img-description=\"\" data-large_image_width=\"300\" data-large_image_height=\"115\"><img loading=\"lazy\" decoding=\"async\" class=\"size-full wp-image-349751 alignleft\" src=\"https:\/\/www.radiopiu.net\/wordpress\/wp-content\/uploads\/2023\/08\/download-13-300x115-1.jpg\" alt=\"\" width=\"300\" height=\"115\" \/><\/a><\/h3>\n<p>Falco di oggi,\u00a0 ha sorvolato Rio Gere per rendere omaggio dall&#8217;alto al Falco bianco e rosso I-Rems precipitato con il suo equipaggio il 22 agosto del 2009. \u00c8 stato uno dei tanti momenti di commozione, ieri, nella giornata dedicata al ricordo di Dario De Felip, Fabrizio Spaziani, Marco Zago e Stefano Da Forno, scomparsi nel tragico incidente in missione di quattordici anni fa.<\/p>\n<\/div>\n<div class=\"articlePlainText\"><\/div>\n<blockquote>\n<div class=\"articlePlainText\"><em>\u00abC&#8217;\u00e8 chi salir\u00e0 a Rio Gere, chi parteciper\u00e0 alla messa a Cortina, chi percorrer\u00e0 un sentiero, chi scaler\u00e0 una montagna, chi sar\u00e0 in vacanza con la famiglia, chi sar\u00e0 a casa, con gli amici, da solo, per ricordare che tutti noi oggi, da ogni luogo in cui ci troveremo, penseremo a voi. Dario, Fabrizio, Marco, Stefano. Sempre nei nostri cuori\u00bb. SOCCORSO ALPINO VENETO\u00a0<\/em><\/div>\n<\/blockquote>\n<div class=\"articlePlainText\"><\/div>\n<p><strong>contributi audio Barbara Paolazzi_Radio Club 103<\/strong><\/p>\n<p><strong>IL PRESIDENTE DELLA PROVINCIA ROBERTO PADRIN\u00a0\u00a0<\/strong><\/p>\n<audio class=\"wp-audio-shortcode\" id=\"audio-349743-1\" preload=\"none\" style=\"width: 100%;\" controls=\"controls\"><source type=\"audio\/mpeg\" src=\"https:\/\/www.radiopiu.net\/wordpress\/wp-content\/uploads\/2023\/08\/padrin.mp3?_=1\" \/><a href=\"https:\/\/www.radiopiu.net\/wordpress\/wp-content\/uploads\/2023\/08\/padrin.mp3\">https:\/\/www.radiopiu.net\/wordpress\/wp-content\/uploads\/2023\/08\/padrin.mp3<\/a><\/audio>\n<h3><\/h3>\n<p><strong>IL PRESIDENTE REGIONALE DEL CAI RODOLFO SELENATI<\/strong><\/p>\n<audio class=\"wp-audio-shortcode\" id=\"audio-349743-2\" preload=\"none\" style=\"width: 100%;\" controls=\"controls\"><source type=\"audio\/mpeg\" src=\"https:\/\/www.radiopiu.net\/wordpress\/wp-content\/uploads\/2023\/08\/selenati.mp3?_=2\" \/><a href=\"https:\/\/www.radiopiu.net\/wordpress\/wp-content\/uploads\/2023\/08\/selenati.mp3\">https:\/\/www.radiopiu.net\/wordpress\/wp-content\/uploads\/2023\/08\/selenati.mp3<\/a><\/audio>\n<p>&nbsp;<\/p>\n<p>&nbsp;<\/p>\n<hr \/>\n<p>Denni Dorigo, direttore dell&#8217;Istitut Cultural Ladin Cesa def Jan, ha chiuso ieri sera il ciclo di incontri in sala congressi con Michil Costa che ha presentato il suo libro &#8220;Futurismo&#8221;. Quattro serate importanti, impegnative, con ospiti importanti come Mauro Corona in una serata da tutto esaurito. Complimenti ad Arabba Fodom Turismo per la scelta degli ospiti e per la bont\u00e0 dell&#8217;iniziativa che ha affascinato turisti e valligiani&#8230; al prossimo evento.<\/p>\n\n\t\t\t<style type='text\/css'>\n\t\t\t\t#gallery-1 {\n\t\t\t\t\tmargin: auto;\n\t\t\t\t}\n\t\t\t\t#gallery-1 .gallery-item {\n\t\t\t\t\tfloat: left;\n\t\t\t\t\tmargin-top: 10px;\n\t\t\t\t\ttext-align: center;\n\t\t\t\t\twidth: 50%;\n\t\t\t\t}\n\t\t\t\t#gallery-1 img {\n\t\t\t\t\tborder: 2px solid #cfcfcf;\n\t\t\t\t}\n\t\t\t\t#gallery-1 .gallery-caption {\n\t\t\t\t\tmargin-left: 0;\n\t\t\t\t}\n\t\t\t\t\/* see gallery_shortcode() in wp-includes\/media.php *\/\n\t\t\t<\/style>\n\t\t<div id='gallery-1' class='dt-gallery-container gallery galleryid-349743 gallery-columns-2 gallery-size-medium'><dl class='gallery-item'>\n\t\t\t\t<dt class='gallery-icon landscape'>\n\t\t\t\t\t<a class=\"rollover rollover-zoom dt-pswp-item\" title=\"WhatsApp Image 2023-08-22 at 23.49.51\" data-dt-img-description=\"\" data-large_image_width=\"1600\" data-large_image_height=\"1200\"href='https:\/\/www.radiopiu.net\/wordpress\/wp-content\/uploads\/2023\/08\/WhatsApp-Image-2023-08-22-at-23.49.51.jpeg'><img loading=\"lazy\" decoding=\"async\" width=\"300\" height=\"225\" src=\"https:\/\/www.radiopiu.net\/wordpress\/wp-content\/uploads\/2023\/08\/WhatsApp-Image-2023-08-22-at-23.49.51-300x225.jpeg\" class=\"attachment-medium size-medium\" alt=\"\" srcset=\"https:\/\/www.radiopiu.net\/wordpress\/wp-content\/uploads\/2023\/08\/WhatsApp-Image-2023-08-22-at-23.49.51-300x225.jpeg 300w, https:\/\/www.radiopiu.net\/wordpress\/wp-content\/uploads\/2023\/08\/WhatsApp-Image-2023-08-22-at-23.49.51-1024x768.jpeg 1024w, https:\/\/www.radiopiu.net\/wordpress\/wp-content\/uploads\/2023\/08\/WhatsApp-Image-2023-08-22-at-23.49.51-768x576.jpeg 768w, https:\/\/www.radiopiu.net\/wordpress\/wp-content\/uploads\/2023\/08\/WhatsApp-Image-2023-08-22-at-23.49.51-1536x1152.jpeg 1536w, https:\/\/www.radiopiu.net\/wordpress\/wp-content\/uploads\/2023\/08\/WhatsApp-Image-2023-08-22-at-23.49.51.jpeg 1600w\" sizes=\"auto, (max-width: 300px) 100vw, 300px\" \/><\/a>\n\t\t\t\t<\/dt><\/dl><dl class='gallery-item'>\n\t\t\t\t<dt class='gallery-icon portrait'>\n\t\t\t\t\t<a class=\"rollover rollover-zoom dt-pswp-item\" title=\"WhatsApp Image 2023-08-22 at 23.48.30\" data-dt-img-description=\"\" data-large_image_width=\"1200\" data-large_image_height=\"1600\"href='https:\/\/www.radiopiu.net\/wordpress\/wp-content\/uploads\/2023\/08\/WhatsApp-Image-2023-08-22-at-23.48.30.jpeg'><img loading=\"lazy\" decoding=\"async\" width=\"225\" height=\"300\" src=\"https:\/\/www.radiopiu.net\/wordpress\/wp-content\/uploads\/2023\/08\/WhatsApp-Image-2023-08-22-at-23.48.30-225x300.jpeg\" class=\"attachment-medium size-medium\" alt=\"\" srcset=\"https:\/\/www.radiopiu.net\/wordpress\/wp-content\/uploads\/2023\/08\/WhatsApp-Image-2023-08-22-at-23.48.30-225x300.jpeg 225w, https:\/\/www.radiopiu.net\/wordpress\/wp-content\/uploads\/2023\/08\/WhatsApp-Image-2023-08-22-at-23.48.30-768x1024.jpeg 768w, https:\/\/www.radiopiu.net\/wordpress\/wp-content\/uploads\/2023\/08\/WhatsApp-Image-2023-08-22-at-23.48.30-1152x1536.jpeg 1152w, https:\/\/www.radiopiu.net\/wordpress\/wp-content\/uploads\/2023\/08\/WhatsApp-Image-2023-08-22-at-23.48.30.jpeg 1200w\" sizes=\"auto, (max-width: 225px) 100vw, 225px\" \/><\/a>\n\t\t\t\t<\/dt><\/dl><br style=\"clear: both\" \/>\n\t\t\t<\/div>\n\n<p>&nbsp;<\/p>\n<p>&nbsp;<\/p>\n<hr \/>\n<h2 class=\"entry-title\"><span style=\"color: #0000ff;\">\u00a0<\/span><\/h2>\n<h2 class=\"entry-title\"><span style=\"color: #0000ff;\">ACQUA INQUINATA A FALCADE E CANALE D&#8217;AGORDO<\/span><\/h2>\n<p>Gestione Servizi Pubblici informa che a FALCADE nelle localit\u00e0 FALCADE ALTO, VILLOTTA, LA FOCA E VIA MAS DE LE MOLE e a CANALE D&#8217;AGORDO nelle localit\u00e0 CAPOLUOGO, CASATE, VAL e CALCERGNAN l\u2019acqua erogata dall\u2019acquedotto non \u00e8 potabile e pu\u00f2 essere usata per scopi alimentari SOLO PREVIA bollitura. GSP ha, comunque, gi\u00e0 adottato le necessarie misure per la disinfezione dell\u2019acqua presente nei serbatoi e nella rete idrica con l\u2019aggiunta di cloro.<\/p>\n<p>&nbsp;<\/p>\n<p>&nbsp;<\/p>\n<hr \/>\n<p>&nbsp;<\/p>\n<blockquote>\n<h3>INTERDIZIONE TOTALE AL TRAFFICO A DIGONERA<\/h3>\n<\/blockquote>\n<p><strong>SP 563 SALESEI <\/strong>Fino al 25 agosto in localit\u00e0 Digonera di Rocca Pietore interdizione al traffico dalle 8 alle 18. Negli altri orari senso unico alternato regolato da semaforo. Dal 26 al 28 agosto senso unico alternato regolato da semaforo.<\/p>\n<p>&nbsp;<\/p>\n<blockquote>\n<h3 class=\"entry-title\">CHIUDE LA PROVINCIALE 19 DI LAMON<\/h3>\n<\/blockquote>\n<p><strong>REDAZIONE<\/strong> Fino all\u20198 settembre, dalle 7.30 alle 17.30 chiude totalmente la provinciale 19 in Comune di Lamon, Negli altri orari senso unico alternato regolato da semaforo, divieto di sorpasso e limite orario 50 e 30 chilometri.<\/p>\n<p>&nbsp;<\/p>\n<p>&nbsp;<\/p>\n<p>&nbsp;<\/p>\n<hr \/>\n<p>&nbsp;<\/p>\n<blockquote>\n<h3>SE N&#8217;E&#8217; ANDATO TOTO COTUGNO&#8230;L&#8217;ITALIANO VERO<\/h3>\n<\/blockquote>\n<p><strong><a class=\"dt-pswp-item\" href=\"https:\/\/www.radiopiu.net\/wordpress\/wp-content\/uploads\/2023\/08\/SCR-20230822-qzun.png\" data-dt-img-description=\"\" data-large_image_width=\"1136\" data-large_image_height=\"754\"><img loading=\"lazy\" decoding=\"async\" class=\" wp-image-349879 alignleft\" src=\"https:\/\/www.radiopiu.net\/wordpress\/wp-content\/uploads\/2023\/08\/SCR-20230822-qzun-300x199.png\" alt=\"\" width=\"213\" height=\"141\" srcset=\"https:\/\/www.radiopiu.net\/wordpress\/wp-content\/uploads\/2023\/08\/SCR-20230822-qzun-300x199.png 300w, https:\/\/www.radiopiu.net\/wordpress\/wp-content\/uploads\/2023\/08\/SCR-20230822-qzun-1024x680.png 1024w, https:\/\/www.radiopiu.net\/wordpress\/wp-content\/uploads\/2023\/08\/SCR-20230822-qzun-768x510.png 768w, https:\/\/www.radiopiu.net\/wordpress\/wp-content\/uploads\/2023\/08\/SCR-20230822-qzun.png 1136w\" sizes=\"auto, (max-width: 213px) 100vw, 213px\" \/><\/a>MILANO<\/strong> Toto Cutugno \u00e8 deceduto all&#8217;et\u00e0 di 80 anni presso l&#8217;ospedale San Raffaele di Milano. Il suo manager, Danilo Mancuso, ha confermato la notizia e ha riferito che Cutugno si \u00e8 aggravato negli ultimi mesi a causa di una lunga malattia. L&#8217;etichetta di Cutugno, la Carosello Records, ha espresso il suo cordoglio e ha ricordato l&#8217;artista come uno dei cantautori italiani pi\u00f9 famosi di sempre, noto in tutto il mondo per aver portato la tradizione della canzone italiana anche oltre i confini nazionali. I funerali di Toto Cutugno si terranno gioved\u00ec 24 agosto alle ore 11 presso la Basilica Parrocchia dei Santi Nereo e Achilleo. Nato a Fosdinovo il 7 luglio 1943. \u00c8 noto per essere stato uno degli artisti italiani pi\u00f9 celebri a livello internazionale. Ha iniziato la sua carriera musicale negli anni &#8217;60 ed \u00e8 diventato famoso negli anni &#8217;80 in particolare con il brano &#8220;L&#8217;Italiano&#8221;. \u00c8 stato vincitore dell&#8217;Eurovision Song Contest nel 1990 con la canzone &#8220;Insieme: 1992&#8221;. La sua musica ha spesso mescolato influenze pop e folk italiano, ed \u00e8 stato un prolifico cantautore con oltre 100 milioni di copie vendute.<\/p>\n<p>(foto: Open)<\/p>\n<p>&nbsp;<\/p>\n<hr \/>\n<p>&nbsp;<\/p>\n<blockquote>\n<h3>Triste Addio a Marzio &#8220;Pino&#8221; Papes<\/h3>\n<p><em>Pino Papes aveva giocato nel Belluno rugby negli anni a cavallo tra la fine del 1970 e l\u2019inizio degli anni \u201880, lavorava come amministrativo nell\u2019azienda De Mas di via Vittorio Veneto a Belluno.<\/em><\/p><\/blockquote>\n<p><strong><img decoding=\"async\" class=\"alignleft\" src=\"https:\/\/www.radiopiu.net\/wordpress\/wp-content\/uploads\/2023\/08\/Senza-nome-67.png\" \/>BELLUNO<\/strong> Ieri pomeriggio \u00e8 giunta la triste notizia del decesso di Marzio Papes, conosciuto affettuosamente da tutti come &#8220;Pino&#8221;. Aveva 60\u00a0 anni ed \u00e8 stato trovato senza vita all&#8217;interno del suo appartamento nel piazzale del Nevegal, dove risiedeva da diverso tempo.<\/p>\n<p>Pino Papes viveva da solo in Nevegal\u00a0 \u00e8 stato colto da malore, ma incontrava spesso il fratello Ezio e gli amici a Belluno. L&#8217;evento, avvenuto presumibilmente nel corso della notte tra luned\u00ec e marted\u00ec, non gli ha lasciato speranze.<\/p>\n<p>La scoperta \u00e8 stata fatta dal padrone di casa,\u00a0 che aveva notato l&#8217;assenza di risposta alle chiamate telefoniche di Papes negli ultimi giorni.<\/p>\n<p>FOTO CORRIERE ALPI<\/p>\n<p>&nbsp;<\/p>\n<hr \/>\n<p>&nbsp;<\/p>\n<blockquote>\n<h3>VOLA IN PARETE MENTRE SCALA LA VIA CASTIGLIONI ALLA CRODA DEI TONI<\/h3>\n<\/blockquote>\n<p><strong>AURONZO<\/strong> . Il 39enne di Padova, che era caduto all&#8217;altezza della cengia circolare, a circa 2.900 metri di quota ha riportato un\u00a0 trauma al piede<\/p>\n<p>&nbsp;<\/p>\n<p>&nbsp;<\/p>\n<hr \/>\n<p>&nbsp;<\/p>\n<blockquote>\n<h3>SCIVOLA SUL SENTIERO E SI FERISCE ALLA TESTA<\/h3>\n<\/blockquote>\n<p><strong>ALLEGHE <\/strong>Il 75enne, con una ferita sul capo, \u00e8 stato preso in carico dall&#8217;equipe sanitaria dell&#8217;elicottero del Suem di Pieve di Cadore ed \u00e8 stato trasportato all&#8217;ospedale di Belluno.<\/p>\n<p>&nbsp;<\/p>\n<p>&nbsp;<\/p>\n<hr \/>\n<p>&nbsp;<\/p>\n<blockquote>\n<h3>SCIVOLA NEI PRESSI DELLA GROTTA AZZURRA E SI INFORTUNA<\/h3>\n<\/blockquote>\n<p><strong>BORGO VALBELLUNA<\/strong>\u00a0 un escursionista scivolato nelle vicinanze della Grotta Azzurra. L&#8217;uomo di Brescia, che si trovava con la moglie e la figlia, nella caduta aveva sbattuto l&#8217;anca e una gamba, riportandone una sospetta frattura,<\/p>\n<p>trasferito nell&#8217;ambulanza diretta a Feltre.<\/p>\n<p>&nbsp;<\/p>\n<p>&nbsp;<\/p>\n<hr \/>\n<p>&nbsp;<\/p>\n<blockquote>\n<h3><a class=\"dt-pswp-item\" href=\"https:\/\/www.radiopiu.net\/wordpress\/wp-content\/uploads\/2023\/08\/Senza-nome-68.png\" data-dt-img-description=\"\" data-large_image_width=\"361\" data-large_image_height=\"222\"><img loading=\"lazy\" decoding=\"async\" class=\" wp-image-349943 alignleft\" src=\"https:\/\/www.radiopiu.net\/wordpress\/wp-content\/uploads\/2023\/08\/Senza-nome-68-300x184.png\" alt=\"\" width=\"238\" height=\"146\" srcset=\"https:\/\/www.radiopiu.net\/wordpress\/wp-content\/uploads\/2023\/08\/Senza-nome-68-300x184.png 300w, https:\/\/www.radiopiu.net\/wordpress\/wp-content\/uploads\/2023\/08\/Senza-nome-68.png 361w\" sizes=\"auto, (max-width: 238px) 100vw, 238px\" \/><\/a>LA GIORNATA DEL SUEM<\/h3>\n<\/blockquote>\n<p><strong>REDAZIONE<\/strong> Uomini e donne del SUEM 118 al lavoro anche durante la giornata di ieri. Alle 10:11, a Cima Gogna, si \u00e8 verificato un incidente stradale coinvolgendo un uomo di 47 anni di Venezia. \u00c8 stato soccorso da un&#8217;ambulanza e trasportato a Pieve di Cadore. Subito dopo, alle 11:44, a Caralte, c&#8217;\u00e8 stato un incidente con una moto dove un uomo di 52 anni da Venezia \u00e8 stato soccorso da un&#8217;ambulanza e trasportato a Pieve di Cadore. A Misurina, una persona di 41 anni proveniente da Catania ha avuto un malore. \u00c8 stato soccorso dall&#8217;elicottero Falco1 e portato a Belluno. Alle 13:03, a Croda dei Toni, un uomo di 40 anni di Padova \u00e8 volato in parete. Anche in questo caso ad intervenire \u00e8 stato l&#8217;elicottero Falco1 e l&#8217;infortunato \u00e8 stato portato al nosocomio di Belluno.<\/p>\n<p>&nbsp;<\/p>\n<p>&nbsp;<\/p>\n<hr \/>\n<p>&nbsp;<\/p>\n<blockquote>\n<h3>L&#8217;OSPEDALE DI CORTINA FA CHIAREZZA SUL CASO DEL PAZIENTE ANDATO IN ALTO ADIGE A FARSI OPERARE DOPO UNA FRATTURA<\/h3>\n<\/blockquote>\n<p><strong><a class=\"dt-pswp-item\" href=\"https:\/\/www.radiopiu.net\/wordpress\/wp-content\/uploads\/2023\/08\/th-10.jpg\" data-dt-img-description=\"\" data-large_image_width=\"273\" data-large_image_height=\"180\"><img loading=\"lazy\" decoding=\"async\" class=\" wp-image-349551 alignleft\" src=\"https:\/\/www.radiopiu.net\/wordpress\/wp-content\/uploads\/2023\/08\/th-10.jpg\" alt=\"\" width=\"187\" height=\"123\" \/><\/a>IL COMUNICATO<\/strong><\/p>\n<p><strong>CORTINA<\/strong> Preso atto delle notizie riportate da organi di stampa\/social media e dei contenuti riferiti, descritti e divulgati dal Sig. Andreas Quinz in merito all&#8217;accesso al Punto di Primo Intervento del Presidio Ospedaliero di Cortina in conseguenza di un trauma da caduta, \u00e8 doveroso fornire un chiarimento attraverso sintetici quanto esaustivi elementi fattuali, il cui riscontro trova sede in atti pubblici sanitari di fede privilegiata. Per il doveroso rispetto della riservatezza dei dati sensibili sanitari ci si astiene dai dettagli, limitando la ricostruzione dell&#8217;accaduto ripercorrendo quanto gi\u00e0 noto. Il paziente \u00e8 stato sottoposto nel corso della notte ai necessari accertamenti che hanno evidenziato un trauma fratturativo non complicato, per il quale \u00e8 stato disposto l&#8217;intervento chirurgico in regime di urgenza differibile. \u00c8 stato quindi stabilizzato con presidi idonei a tale scopo ed attivata la procedura di ricollocamento in sede ospedaliera traumatologica individuata nel Presidio di Agordo. A tal proposito, i clinici di Cortina e Agordo hanno convenuto sulla tipologia di trauma e sulla differibilit\u00e0 dell&#8217;indicazione al trattamento chirurgico disponendo, nel contempo, il trasferimento del paziente. A fronte di questo corretto ed ordinario procedere, il paziente ha contattato in via autonoma una struttura ospedaliera di altra Regione, rifiutando la permanenza in Osservazione Breve presso l&#8217;Ospedale di Cortina, tra l&#8217;altro utile a monitorare il quadro generale ed evolutivo, in attesa del trasferimento. Il Sig. Quinz firmava quindi le dimissioni che, in tali casi, comportano il rinvio al proprio medico di medicina generale. Le modalit\u00e0 con le quali il paziente si \u00e8 legittimamente autodeterminato non possono tuttavia costituire pretesto denigratorio nei confronti dei professionisti operanti nell&#8217;ospedale di Cortina. Con specifico riguardo agli accadimenti occorsi al paziente a seguito delle dimissioni volontarie, non \u00e8 possibile esprimere alcuna considerazione circa l&#8217;evoluzione del quadro fratturativo nel periodo intercorso e necessario per afferire al Presidio Ospedaliero di Brunico, quindi di un eventuale intervenuto aggravamento. Per tale ragione, qualora fosse invece invariato il quadro clinico che era stato confermato alle dimissioni dall&#8217;Ospedale di Cortina, risulterebbe meritevole di approfondimento la sussistenza o meno dell&#8217;appropriatezza per l&#8217;intervento chirurgico effettuato in regime di emergenza a Brunico. GVM Cortina rimarca il buon operare dei propri clinici e la correttezza con la quale la rete ospedaliera bellunese ha preso in carico il paziente. Prosegue cos\u00ec l&#8217;impegno di mantenere attivo il Punto di Primo Intervento di Cortina in attesa del completamento delle opere di rinnovamento e ampliamento dell&#8217;ospedale Codivilla, desiderosi di concorrere al buon funzionamento della rete sanitaria chiamata a supportare i grandi eventi sportivi che attendono la Conca.<\/p>\n<p>&nbsp;<\/p>\n<hr \/>\n<p>&nbsp;<\/p>\n<p>&nbsp;<\/p>\n<blockquote>\n<h3>FLAVIA COLLE E&#8217; IL NUOVO ASSESSORE DEL COMUNE DI FELTRE<\/h3>\n<\/blockquote>\n<p><strong><a class=\"dt-pswp-item\" href=\"https:\/\/www.radiopiu.net\/wordpress\/wp-content\/uploads\/2023\/08\/5ae3475a-f655-480c-a047-3062594d786c.jpg\" data-dt-img-description=\"\" data-large_image_width=\"1024\" data-large_image_height=\"768\"><img loading=\"lazy\" decoding=\"async\" class=\" wp-image-349854 alignleft\" src=\"https:\/\/www.radiopiu.net\/wordpress\/wp-content\/uploads\/2023\/08\/5ae3475a-f655-480c-a047-3062594d786c-300x225.jpg\" alt=\"\" width=\"172\" height=\"129\" srcset=\"https:\/\/www.radiopiu.net\/wordpress\/wp-content\/uploads\/2023\/08\/5ae3475a-f655-480c-a047-3062594d786c-300x225.jpg 300w, https:\/\/www.radiopiu.net\/wordpress\/wp-content\/uploads\/2023\/08\/5ae3475a-f655-480c-a047-3062594d786c-768x576.jpg 768w, https:\/\/www.radiopiu.net\/wordpress\/wp-content\/uploads\/2023\/08\/5ae3475a-f655-480c-a047-3062594d786c.jpg 1024w\" sizes=\"auto, (max-width: 172px) 100vw, 172px\" \/><\/a>FELTRE<\/strong> Presentato il nuovo assessore del Comune di Feltre: sar\u00e0 Flavia Colle a prendere il posto di Tiziana Penco, che una settimana fa ha presentato le dimissioni. Deleghe anche per tutti i consiglieri comunali di maggioranza<\/p>\n<p><strong>di Daniele Dalvit<\/strong><\/p>\n<audio class=\"wp-audio-shortcode\" id=\"audio-349743-3\" preload=\"none\" style=\"width: 100%;\" controls=\"controls\"><source type=\"audio\/mpeg\" src=\"https:\/\/www.radiopiu.net\/wordpress\/wp-content\/uploads\/2023\/08\/Radio-Piu-Servizio-Colle-assessore-Feltre.mp3?_=3\" \/><a href=\"https:\/\/www.radiopiu.net\/wordpress\/wp-content\/uploads\/2023\/08\/Radio-Piu-Servizio-Colle-assessore-Feltre.mp3\">https:\/\/www.radiopiu.net\/wordpress\/wp-content\/uploads\/2023\/08\/Radio-Piu-Servizio-Colle-assessore-Feltre.mp3<\/a><\/audio>\n<p>&nbsp;<\/p>\n<p>&nbsp;<\/p>\n<hr \/>\n<p>&nbsp;<\/p>\n<p><span style=\"color: #ff0000;\">DAL TG DI ANTENNA 3, IL NOTIZIARIO BELLUNESE IN ONDA ALLE 19.30, E MEZZ&#8217;ORA PRIMA LE ANTICIPAZIONI ALLA RADIO CON TIZIANA BOLOGNANI.<\/span><\/p>\n<blockquote>\n<h3>IERI SERA :\u00a0 VENEZIA_\u00a0 \u00a0MIGRANTI, ZAIA: \u00abSIAMO PREOCCUPATI, EUROPA ASSENTE\u00bb<\/h3>\n<\/blockquote>\n<p><em>Il governatore Zaia esprime preoccupazione perch\u00e9 non ci sono non ci sono pi\u00f9 spazi per ospitare nuovi arrivi di migranti e la situazione, evidenzia, rischia di diventare inquietante.<\/em><\/p>\n<p>DI ILARIA MARCHIORI<\/p>\n<p>&nbsp;<\/p>\n<p><iframe loading=\"lazy\" title=\"MIGRANTI, ZAIA: \u00abSIAMO PREOCCUPATI, EUROPA ASSENTE\u00bb | 22\/08\/2023\" width=\"1200\" height=\"675\" src=\"https:\/\/www.youtube.com\/embed\/xEVAo_VSjAE?start=4&#038;feature=oembed\" frameborder=\"0\" allow=\"accelerometer; autoplay; clipboard-write; encrypted-media; gyroscope; picture-in-picture; web-share\" allowfullscreen><\/iframe><\/p>\n<p>&nbsp;<\/p>\n<p>&nbsp;<\/p>\n<hr \/>\n<p>&nbsp;<\/p>\n<blockquote>\n<h3>OLTRE 200 VISITATORI ALLA PRIMA GIORNATA DI VISITE GUIDATE IN VALLE IMPERINA<\/h3>\n<\/blockquote>\n<p><strong><a class=\"dt-pswp-item\" href=\"https:\/\/www.radiopiu.net\/wordpress\/wp-content\/uploads\/2020\/11\/36_Valle-Imperina.jpg\" data-dt-img-description=\"\" data-large_image_width=\"1280\" data-large_image_height=\"723\"><img loading=\"lazy\" decoding=\"async\" class=\" wp-image-170177 alignleft\" src=\"https:\/\/www.radiopiu.net\/wordpress\/wp-content\/uploads\/2020\/11\/36_Valle-Imperina-300x169.jpg\" alt=\"\" width=\"183\" height=\"103\" srcset=\"https:\/\/www.radiopiu.net\/wordpress\/wp-content\/uploads\/2020\/11\/36_Valle-Imperina-300x169.jpg 300w, https:\/\/www.radiopiu.net\/wordpress\/wp-content\/uploads\/2020\/11\/36_Valle-Imperina-1024x578.jpg 1024w, https:\/\/www.radiopiu.net\/wordpress\/wp-content\/uploads\/2020\/11\/36_Valle-Imperina-768x434.jpg 768w, https:\/\/www.radiopiu.net\/wordpress\/wp-content\/uploads\/2020\/11\/36_Valle-Imperina.jpg 1280w\" sizes=\"auto, (max-width: 183px) 100vw, 183px\" \/><\/a>RIVAMONTE<\/strong><\/p>\n<p>di Gianni Santomaso<\/p>\n<audio class=\"wp-audio-shortcode\" id=\"audio-349743-4\" preload=\"none\" style=\"width: 100%;\" controls=\"controls\"><source type=\"audio\/mpeg\" src=\"https:\/\/www.radiopiu.net\/wordpress\/wp-content\/uploads\/2023\/08\/GIANNI-OLTRE-200-VISITATORI-ALLA-PRIMA-GIORNATA-DI-VISITE-GUIDATE-IN-VALLE-IMPERINA.mp3?_=4\" \/><a href=\"https:\/\/www.radiopiu.net\/wordpress\/wp-content\/uploads\/2023\/08\/GIANNI-OLTRE-200-VISITATORI-ALLA-PRIMA-GIORNATA-DI-VISITE-GUIDATE-IN-VALLE-IMPERINA.mp3\">https:\/\/www.radiopiu.net\/wordpress\/wp-content\/uploads\/2023\/08\/GIANNI-OLTRE-200-VISITATORI-ALLA-PRIMA-GIORNATA-DI-VISITE-GUIDATE-IN-VALLE-IMPERINA.mp3<\/a><\/audio>\n<p>&nbsp;<\/p>\n<hr \/>\n<p>&nbsp;<\/p>\n<blockquote>\n<h3>BELLUNO HA ACCOLTO 42 CITTADINI UCRAINI. DE PELLEGRIN &#8220;E L&#8217;ACCOGLIENZA CONTINUA&#8221;<\/h3>\n<\/blockquote>\n<p><strong>BELLUNO<\/strong> Sono quarantadue (tredici nuclei famigliari e sei singoli) i cittadini ucraini ancora presenti a Belluno e divisi tra l\u2019ex asilo Cairoli di via del Piave, la canonica di San Gervasio e la struttura di Sersa a Cavarzano dove \u00e8 attualmente ospitata un\u2019anziana ucraina arrivata sola. I minori sono al momento 14 (quattro bambine e dieci bambini) e tutti sono iscritti a scuole e istituti del territorio per l\u2019anno scolastico 2023\/2024 mentre gran parte degli adulti gi\u00e0 da mesi frequenta il Cpia.<\/p>\n<p><strong>IL COMMENTO DEL SINDACO OSCAR DE PELLEGRIN<\/strong><\/p>\n<p><iframe loading=\"lazy\" title=\"IMG 9881\" width=\"1200\" height=\"675\" src=\"https:\/\/www.youtube.com\/embed\/rXVdKOb0_RQ?feature=oembed\" frameborder=\"0\" allow=\"accelerometer; autoplay; clipboard-write; encrypted-media; gyroscope; picture-in-picture; web-share\" allowfullscreen><\/iframe><\/p>\n<p>&nbsp;<\/p>\n<hr \/>\n<p>&nbsp;<\/p>\n<blockquote>\n<h3>BELLUNO ALPINA SPINGE SUL CONSORZIO FORESTALE &#8220;: \u201dRealizzarlo al pi\u00f9 presto&#8221;<\/h3>\n<\/blockquote>\n<p><strong><a class=\"dt-pswp-item\" href=\"https:\/\/www.radiopiu.net\/wordpress\/wp-content\/uploads\/2023\/08\/Senza-nome-66.png\" data-dt-img-description=\"\" data-large_image_width=\"273\" data-large_image_height=\"213\"><img loading=\"lazy\" decoding=\"async\" class=\"size-full wp-image-349799 alignleft\" src=\"https:\/\/www.radiopiu.net\/wordpress\/wp-content\/uploads\/2023\/08\/Senza-nome-66.png\" alt=\"\" width=\"273\" height=\"213\" \/><\/a>BELLUNO<\/strong> L&#8217;associazione Belluno Alpina promuove l&#8217;importanza di preservare e sviluppare l&#8217;intero comprensorio\u00a0 attraverso la cura dell&#8217;ambiente delle sue frazioni. Questo obiettivo si allinea con l&#8217;emergere del nuovo Cluster della filiera del legno e richiede l&#8217;istituzione di un consorzio forestale pubblico-privato. Tale consorzio, grazie alle recenti novit\u00e0 normative, potrebbe coinvolgere anche partner esperti come Veneto Agricoltura. L&#8217;associazione ritiene che sia fondamentale migliorare l&#8217;ambiente circostante, compresi boschi, sentieri e piste, al fine di attirare turisti e residenti. Questo non solo contribuirebbe all&#8217;accoglienza dei visitatori, ma potrebbe anche generare vantaggi economici attraverso la vendita del legname e la valorizzazione della filiera del legno a livello locale. Questi incentivi potrebbero motivare i proprietari privati a prendersi cura dei loro boschi in stato di abbandono. Un&#8217;opportunit\u00e0 significativa per finanziare tali iniziative potrebbe provenire dai bandi regionali, L&#8217;associazione fa appello a un impegno congiunto tra volontari, residenti e istituzioni per affrontare la sfida dell&#8217;antispopolamento. Sottolineano l&#8217;importanza di istituire un consorzio forestale che gestisca il territorio, coinvolgendo sia realt\u00e0 pubbliche che private per partecipare a bandi e intercettare fondi.\u00a0 L&#8217;associazione invita i sindaci a prendere iniziative tempestive per partecipare ai bandi e studiare lo statuto per il nuovo consorzio forestale.\u00a0 Per supportare queste iniziative, l&#8217;associazione identifica l&#8217;ex scuola di Ronce come possibile sede. Nel frattempo, Belluno Alpina intende organizzare incontri con presidenti di consorzi forestali da altre regioni per condividere esperienze e discutere delle sfide comuni. L&#8217;obiettivo \u00e8 trarre ispirazione da esperienze gi\u00e0 consolidate in Lombardia e applicarle al comprensorio prealpino.<\/p>\n<p>&nbsp;<\/p>\n<hr \/>\n<p>&nbsp;<\/p>\n<blockquote>\n<h3><strong>SOSTEGNO A FAMIGLIA E NATALITA\u2019 CON FINANZIAMENTO DI 800.000 EURO<\/strong><\/h3>\n<\/blockquote>\n<p><strong>VENEZIA<\/strong> La Giunta regionale del Veneto, su proposta dell\u2019assessore alla Sanit\u00e0 e alle Politiche sociali, Manuela Lanzarin, ha approvato il finanziamento delle \u201cAlleanze territoriali per la famiglia\u201d nell\u2019ambito del programma triennale degli \u201cInterventi a sostegno della famiglia e della natalit\u00e0\u201d per l\u2019annualit\u00e0 2023. Per un importo complessivo di 800.000 euro saranno sostenuti progetti specifici realizzati dalle \u201cAlleanze territoriali per la famiglia\u201d, promossi dagli Ambiti Territoriali Sociali.<\/p>\n<p>&nbsp;<\/p>\n<p>&nbsp;<\/p>\n<hr \/>\n<p>&nbsp;<\/p>\n<blockquote>\n<h3>A FALCADE VERRA&#8217; INAUGURATO IL MONUMENTO ALL&#8217;OSPITE<\/h3>\n<\/blockquote>\n<p><strong><a class=\"dt-pswp-item\" href=\"https:\/\/www.radiopiu.net\/wordpress\/wp-content\/uploads\/2020\/09\/FALCADE-1.jpg\" data-dt-img-description=\"\" data-large_image_width=\"960\" data-large_image_height=\"720\"><img loading=\"lazy\" decoding=\"async\" class=\" wp-image-163186 alignleft\" src=\"https:\/\/www.radiopiu.net\/wordpress\/wp-content\/uploads\/2020\/09\/FALCADE-1-300x225.jpg\" alt=\"\" width=\"168\" height=\"126\" srcset=\"https:\/\/www.radiopiu.net\/wordpress\/wp-content\/uploads\/2020\/09\/FALCADE-1-300x225.jpg 300w, https:\/\/www.radiopiu.net\/wordpress\/wp-content\/uploads\/2020\/09\/FALCADE-1-768x576.jpg 768w, https:\/\/www.radiopiu.net\/wordpress\/wp-content\/uploads\/2020\/09\/FALCADE-1-640x480.jpg 640w, https:\/\/www.radiopiu.net\/wordpress\/wp-content\/uploads\/2020\/09\/FALCADE-1.jpg 960w\" sizes=\"auto, (max-width: 168px) 100vw, 168px\" \/><\/a>FALCADE<\/strong><\/p>\n<p>di Gianni Santomaso<\/p>\n<audio class=\"wp-audio-shortcode\" id=\"audio-349743-5\" preload=\"none\" style=\"width: 100%;\" controls=\"controls\"><source type=\"audio\/mpeg\" src=\"https:\/\/www.radiopiu.net\/wordpress\/wp-content\/uploads\/2023\/08\/GIANNI-A-FALCADE-VERRA-INAUGURATO-IL-MONUMENTO-ALLOSPITE.mp3?_=5\" \/><a href=\"https:\/\/www.radiopiu.net\/wordpress\/wp-content\/uploads\/2023\/08\/GIANNI-A-FALCADE-VERRA-INAUGURATO-IL-MONUMENTO-ALLOSPITE.mp3\">https:\/\/www.radiopiu.net\/wordpress\/wp-content\/uploads\/2023\/08\/GIANNI-A-FALCADE-VERRA-INAUGURATO-IL-MONUMENTO-ALLOSPITE.mp3<\/a><\/audio>\n<p>&nbsp;<\/p>\n<hr \/>\n<p>&nbsp;<\/p>\n<blockquote>\n<h3>IERI SERA A CORTINA, LA FILARMONICA DI BELLUNO 1867, PRESENTAZIONE DI BRUNELLA MORO_RADIOPIU&#8217;, DALLA CONCHIGLIA DI CORSO ITALIA<\/h3>\n<\/blockquote>\n<p>https:\/\/www.facebook.com\/mirko.mezzacasa\/videos\/343336304684201<\/p>\n<p>&nbsp;<\/p>\n<p>&nbsp;<\/p>\n<hr \/>\n<p>&nbsp;<\/p>\n<blockquote>\n<h3>ALTRA BICICLETTA RUBATA? PROBABILE. RIVOLGERSI AI CARABINIERI<\/h3>\n<\/blockquote>\n<p><strong>AGORDO<\/strong> Tra Cencenighe, Taibon, Agordo, La Valle non \u00e8 pi\u00f9 una novit\u00e0. Le biciclette vengono rubate, e dopo che i &#8220;nostri&#8221; se ne sono serviti bene che vada le abbandonano in mezzo ad un prato, ma pi\u00f9 volte \u00e8 successo che sono state fatte volare da un ponte, piuttosto che sul greto di un torrente. Ora l&#8217;ultima segnalazione: una bella bicicletta della Atala smontata pezzo per pezzo, \u00e8 rimasto solo il telaio con manubrio e pedali. Per ulteriori informazioni rivolgersi ai Carabinieri, ad Agordo.<\/p>\n\n\t\t\t<style type='text\/css'>\n\t\t\t\t#gallery-2 {\n\t\t\t\t\tmargin: auto;\n\t\t\t\t}\n\t\t\t\t#gallery-2 .gallery-item {\n\t\t\t\t\tfloat: left;\n\t\t\t\t\tmargin-top: 10px;\n\t\t\t\t\ttext-align: center;\n\t\t\t\t\twidth: 33%;\n\t\t\t\t}\n\t\t\t\t#gallery-2 img {\n\t\t\t\t\tborder: 2px solid #cfcfcf;\n\t\t\t\t}\n\t\t\t\t#gallery-2 .gallery-caption {\n\t\t\t\t\tmargin-left: 0;\n\t\t\t\t}\n\t\t\t\t\/* see gallery_shortcode() in wp-includes\/media.php *\/\n\t\t\t<\/style>\n\t\t<div id='gallery-2' class='dt-gallery-container gallery galleryid-349743 gallery-columns-3 gallery-size-thumbnail'><dl class='gallery-item'>\n\t\t\t\t<dt class='gallery-icon landscape'>\n\t\t\t\t\t<a class=\"rollover rollover-zoom dt-pswp-item\" title=\"7df8a322-a494-4764-8a64-5e33c2507795\" data-dt-img-description=\"\" data-large_image_width=\"1512\" data-large_image_height=\"1512\"href='https:\/\/www.radiopiu.net\/wordpress\/wp-content\/uploads\/2023\/08\/7df8a322-a494-4764-8a64-5e33c2507795.jpg'><img loading=\"lazy\" decoding=\"async\" width=\"150\" height=\"150\" src=\"https:\/\/www.radiopiu.net\/wordpress\/wp-content\/uploads\/2023\/08\/7df8a322-a494-4764-8a64-5e33c2507795-150x150.jpg\" class=\"attachment-thumbnail size-thumbnail\" alt=\"\" srcset=\"https:\/\/www.radiopiu.net\/wordpress\/wp-content\/uploads\/2023\/08\/7df8a322-a494-4764-8a64-5e33c2507795-150x150.jpg 150w, https:\/\/www.radiopiu.net\/wordpress\/wp-content\/uploads\/2023\/08\/7df8a322-a494-4764-8a64-5e33c2507795-300x300.jpg 300w, https:\/\/www.radiopiu.net\/wordpress\/wp-content\/uploads\/2023\/08\/7df8a322-a494-4764-8a64-5e33c2507795-1024x1024.jpg 1024w, https:\/\/www.radiopiu.net\/wordpress\/wp-content\/uploads\/2023\/08\/7df8a322-a494-4764-8a64-5e33c2507795-768x768.jpg 768w, https:\/\/www.radiopiu.net\/wordpress\/wp-content\/uploads\/2023\/08\/7df8a322-a494-4764-8a64-5e33c2507795.jpg 1512w\" sizes=\"auto, (max-width: 150px) 100vw, 150px\" \/><\/a>\n\t\t\t\t<\/dt><\/dl><dl class='gallery-item'>\n\t\t\t\t<dt class='gallery-icon landscape'>\n\t\t\t\t\t<a class=\"rollover rollover-zoom dt-pswp-item\" title=\"f3625ba3-f6f7-46a8-b87c-12c5e77a1fab\" data-dt-img-description=\"\" data-large_image_width=\"1506\" data-large_image_height=\"1163\"href='https:\/\/www.radiopiu.net\/wordpress\/wp-content\/uploads\/2023\/08\/f3625ba3-f6f7-46a8-b87c-12c5e77a1fab.jpg'><img loading=\"lazy\" decoding=\"async\" width=\"150\" height=\"150\" src=\"https:\/\/www.radiopiu.net\/wordpress\/wp-content\/uploads\/2023\/08\/f3625ba3-f6f7-46a8-b87c-12c5e77a1fab-150x150.jpg\" class=\"attachment-thumbnail size-thumbnail\" alt=\"\" \/><\/a>\n\t\t\t\t<\/dt><\/dl><dl class='gallery-item'>\n\t\t\t\t<dt class='gallery-icon landscape'>\n\t\t\t\t\t<a class=\"rollover rollover-zoom dt-pswp-item\" title=\"7694693d-8c1f-4d39-96ca-6ca33f3ede31\" data-dt-img-description=\"\" data-large_image_width=\"1512\" data-large_image_height=\"1512\"href='https:\/\/www.radiopiu.net\/wordpress\/wp-content\/uploads\/2023\/08\/7694693d-8c1f-4d39-96ca-6ca33f3ede31.jpg'><img loading=\"lazy\" decoding=\"async\" width=\"150\" height=\"150\" src=\"https:\/\/www.radiopiu.net\/wordpress\/wp-content\/uploads\/2023\/08\/7694693d-8c1f-4d39-96ca-6ca33f3ede31-150x150.jpg\" class=\"attachment-thumbnail size-thumbnail\" alt=\"\" srcset=\"https:\/\/www.radiopiu.net\/wordpress\/wp-content\/uploads\/2023\/08\/7694693d-8c1f-4d39-96ca-6ca33f3ede31-150x150.jpg 150w, https:\/\/www.radiopiu.net\/wordpress\/wp-content\/uploads\/2023\/08\/7694693d-8c1f-4d39-96ca-6ca33f3ede31-300x300.jpg 300w, https:\/\/www.radiopiu.net\/wordpress\/wp-content\/uploads\/2023\/08\/7694693d-8c1f-4d39-96ca-6ca33f3ede31-1024x1024.jpg 1024w, https:\/\/www.radiopiu.net\/wordpress\/wp-content\/uploads\/2023\/08\/7694693d-8c1f-4d39-96ca-6ca33f3ede31-768x768.jpg 768w, https:\/\/www.radiopiu.net\/wordpress\/wp-content\/uploads\/2023\/08\/7694693d-8c1f-4d39-96ca-6ca33f3ede31.jpg 1512w\" sizes=\"auto, (max-width: 150px) 100vw, 150px\" \/><\/a>\n\t\t\t\t<\/dt><\/dl><br style=\"clear: both\" \/>\n\t\t\t<\/div>\n\n<p>&nbsp;<\/p>\n<p>&nbsp;<\/p>\n<hr \/>\n<p>&nbsp;<\/p>\n<blockquote>\n<h3>DILLO A RADIO PIU&#8230; SCOMPARSO IL COLORE ROSSO SULLA FRECCIA&#8221;<\/h3>\n<\/blockquote>\n<p><em>Scendendo lungo la 347 del Duran e Cereda, in prossimit\u00e0 dell&#8217;abitato di La Valle Agordina ecco la strettoia che non permette il doppio senso di marcia, ma necessita il &#8220;dare la precedenza&#8221;, ma da chi?\u00a0 Sul cartello stabile sbiadito, si intravede appena il colore rosso in discesa che vorrebbe dire precedenza a chi sale (foto 1). Contrariamente al cartello di cantiere posizionato 100 metri prima (foto2). \u00a0Da notare che il cartello con il dare la precedenza in discesa verso la strettoia \u00e8 stato rimosso per i lavori di sistemazione del ponte e non pi\u00f9 riposizionato, per cui la precedenza in strettoia \u00e8 data dal buon senso degli automobilisti, motociclisti, ciclisti.<\/em><\/p>\n<p>__<\/p>\n\n\t\t\t<style type='text\/css'>\n\t\t\t\t#gallery-3 {\n\t\t\t\t\tmargin: auto;\n\t\t\t\t}\n\t\t\t\t#gallery-3 .gallery-item {\n\t\t\t\t\tfloat: left;\n\t\t\t\t\tmargin-top: 10px;\n\t\t\t\t\ttext-align: center;\n\t\t\t\t\twidth: 50%;\n\t\t\t\t}\n\t\t\t\t#gallery-3 img {\n\t\t\t\t\tborder: 2px solid #cfcfcf;\n\t\t\t\t}\n\t\t\t\t#gallery-3 .gallery-caption {\n\t\t\t\t\tmargin-left: 0;\n\t\t\t\t}\n\t\t\t\t\/* see gallery_shortcode() in wp-includes\/media.php *\/\n\t\t\t<\/style>\n\t\t<div id='gallery-3' class='dt-gallery-container gallery galleryid-349743 gallery-columns-2 gallery-size-medium'><dl class='gallery-item'>\n\t\t\t\t<dt class='gallery-icon landscape'>\n\t\t\t\t\t<a class=\"rollover rollover-zoom dt-pswp-item\" title=\"la valle agordina\" data-dt-img-description=\"\" data-large_image_width=\"2048\" data-large_image_height=\"1536\"href='https:\/\/www.radiopiu.net\/wordpress\/wp-content\/uploads\/2023\/08\/e39c8772-455c-49f2-a58c-33a1885b023f.jpg'><img loading=\"lazy\" decoding=\"async\" width=\"300\" height=\"225\" src=\"https:\/\/www.radiopiu.net\/wordpress\/wp-content\/uploads\/2023\/08\/e39c8772-455c-49f2-a58c-33a1885b023f-300x225.jpg\" class=\"attachment-medium size-medium\" alt=\"\" srcset=\"https:\/\/www.radiopiu.net\/wordpress\/wp-content\/uploads\/2023\/08\/e39c8772-455c-49f2-a58c-33a1885b023f-300x225.jpg 300w, https:\/\/www.radiopiu.net\/wordpress\/wp-content\/uploads\/2023\/08\/e39c8772-455c-49f2-a58c-33a1885b023f-1024x768.jpg 1024w, https:\/\/www.radiopiu.net\/wordpress\/wp-content\/uploads\/2023\/08\/e39c8772-455c-49f2-a58c-33a1885b023f-768x576.jpg 768w, https:\/\/www.radiopiu.net\/wordpress\/wp-content\/uploads\/2023\/08\/e39c8772-455c-49f2-a58c-33a1885b023f-1536x1152.jpg 1536w, https:\/\/www.radiopiu.net\/wordpress\/wp-content\/uploads\/2023\/08\/e39c8772-455c-49f2-a58c-33a1885b023f.jpg 2048w\" sizes=\"auto, (max-width: 300px) 100vw, 300px\" \/><\/a>\n\t\t\t\t<\/dt><\/dl><dl class='gallery-item'>\n\t\t\t\t<dt class='gallery-icon landscape'>\n\t\t\t\t\t<a class=\"rollover rollover-zoom dt-pswp-item\" title=\"la valle agordina\" data-dt-img-description=\"\" data-large_image_width=\"2048\" data-large_image_height=\"1536\"href='https:\/\/www.radiopiu.net\/wordpress\/wp-content\/uploads\/2023\/08\/862c8c0d-fb55-49e7-875a-930f514a02a7.jpg'><img loading=\"lazy\" decoding=\"async\" width=\"300\" height=\"225\" src=\"https:\/\/www.radiopiu.net\/wordpress\/wp-content\/uploads\/2023\/08\/862c8c0d-fb55-49e7-875a-930f514a02a7-300x225.jpg\" class=\"attachment-medium size-medium\" alt=\"\" srcset=\"https:\/\/www.radiopiu.net\/wordpress\/wp-content\/uploads\/2023\/08\/862c8c0d-fb55-49e7-875a-930f514a02a7-300x225.jpg 300w, https:\/\/www.radiopiu.net\/wordpress\/wp-content\/uploads\/2023\/08\/862c8c0d-fb55-49e7-875a-930f514a02a7-1024x768.jpg 1024w, https:\/\/www.radiopiu.net\/wordpress\/wp-content\/uploads\/2023\/08\/862c8c0d-fb55-49e7-875a-930f514a02a7-768x576.jpg 768w, https:\/\/www.radiopiu.net\/wordpress\/wp-content\/uploads\/2023\/08\/862c8c0d-fb55-49e7-875a-930f514a02a7-1536x1152.jpg 1536w, https:\/\/www.radiopiu.net\/wordpress\/wp-content\/uploads\/2023\/08\/862c8c0d-fb55-49e7-875a-930f514a02a7.jpg 2048w\" sizes=\"auto, (max-width: 300px) 100vw, 300px\" \/><\/a>\n\t\t\t\t<\/dt><\/dl><br style=\"clear: both\" \/>\n\t\t\t<\/div>\n\n<p>&nbsp;<\/p>\n<p>&nbsp;<\/p>\n<hr \/>\n<p>&nbsp;<\/p>\n<blockquote>\n<h3>DILLO A RADIO PIU&#8217; &#8230; LA NOIA E GLI ATTI DI VANDALISMO<\/h3>\n<\/blockquote>\n<p><strong>REDAZIONE<\/strong> In merito agli ultimi vandalismi in area scolastico riceviamo e pubblichiamo<\/p>\n<p><img loading=\"lazy\" decoding=\"async\" class=\"alignleft\" src=\"https:\/\/www.radiopiu.net\/wordpress\/wp-content\/uploads\/2023\/08\/SCR-20230821-sott.jpeg\" width=\"218\" height=\"183\" \/><\/p>\n<p>Credo che il problema di fondo sia per prima cosa che i ragazzi per legge non possono andare a lavorare prima dei 16 anni e poi fanno fatica ad essere assunti fino ai 18 per le limitazioni di legge, seconda cosa nell\u2019Agordino non ci sono attivit\u00e0 ludiche e di aggregazione per i giovani tipo piste da pattinaggio a rotelle\/ roller blade,\u00a0 con la musica,\u00a0 come erano una volta il pattinaggio a ghiaccio il sabato e domenica pomeriggio, piste da skateboard un posto per il beach volley dicoteche pomeridiane ecc\u2026 non che non ci siano campi da calcio e tennis \u2026 ma non piacciono a tutti ,quello che voglio dire \u00e8 che nei giovani cresce esponenzialmente la noia , sempre pi\u00f9 giovani e quando dico giovani si parla di ragazzini dai 12\/13 anni in su si avvicinano ad alcoolici sigarette e droghe (canne), da li atti vandalici ecc.. vedo troppo questo fenomeno crescere .. questa \u00e8 una mia riflessione , sarebbe bello che ne parlassi e vorrei che se scrivi qualcosa in merito che anche altri genitori possano leggere e riflettere per poi parlarne con i figli , perch\u00e9 immagino che tanti i genitori siano ignari di quello che fanno i ragazzi quando sono in giro.<\/p>\n<p><em>genitore preoccupato per il futuro dei nostri giovani<\/em><\/p>\n<p>&nbsp;<\/p>\n<p>&nbsp;<\/p>\n<hr \/>\n<p>&nbsp;<\/p>\n<blockquote>\n<h3>STORIE DI LUOGHI E NOMI DELL&#8217;AGORDINO CON MARCO PERALE<\/h3>\n<\/blockquote>\n<p><strong><a class=\"dt-pswp-item\" href=\"https:\/\/www.radiopiu.net\/wordpress\/wp-content\/uploads\/2022\/11\/CENCENIGHE-NOF-FILO.png\" data-dt-img-description=\"\" data-large_image_width=\"1494\" data-large_image_height=\"962\"><img loading=\"lazy\" decoding=\"async\" class=\" wp-image-308445 alignleft\" src=\"https:\/\/www.radiopiu.net\/wordpress\/wp-content\/uploads\/2022\/11\/CENCENIGHE-NOF-FILO-300x193.png\" alt=\"\" width=\"196\" height=\"126\" srcset=\"https:\/\/www.radiopiu.net\/wordpress\/wp-content\/uploads\/2022\/11\/CENCENIGHE-NOF-FILO-300x193.png 300w, https:\/\/www.radiopiu.net\/wordpress\/wp-content\/uploads\/2022\/11\/CENCENIGHE-NOF-FILO-1024x659.png 1024w, https:\/\/www.radiopiu.net\/wordpress\/wp-content\/uploads\/2022\/11\/CENCENIGHE-NOF-FILO-768x495.png 768w, https:\/\/www.radiopiu.net\/wordpress\/wp-content\/uploads\/2022\/11\/CENCENIGHE-NOF-FILO.png 1494w\" sizes=\"auto, (max-width: 196px) 100vw, 196px\" \/><\/a>CENCENIGHE<\/strong><\/p>\n<p>di Gianni Santomaso<\/p>\n<audio class=\"wp-audio-shortcode\" id=\"audio-349743-6\" preload=\"none\" style=\"width: 100%;\" controls=\"controls\"><source type=\"audio\/mpeg\" src=\"https:\/\/www.radiopiu.net\/wordpress\/wp-content\/uploads\/2023\/08\/GIANNI-STORIE-DI-LUOGHI-E-NOMI-DELLAGORDINO-CON-MARCO-PERALE.mp3?_=6\" \/><a href=\"https:\/\/www.radiopiu.net\/wordpress\/wp-content\/uploads\/2023\/08\/GIANNI-STORIE-DI-LUOGHI-E-NOMI-DELLAGORDINO-CON-MARCO-PERALE.mp3\">https:\/\/www.radiopiu.net\/wordpress\/wp-content\/uploads\/2023\/08\/GIANNI-STORIE-DI-LUOGHI-E-NOMI-DELLAGORDINO-CON-MARCO-PERALE.mp3<\/a><\/audio>\n<p>&nbsp;<\/p>\n<p>&nbsp;<\/p>\n<p><strong><a class=\"dt-pswp-item\" href=\"https:\/\/www.radiopiu.net\/wordpress\/wp-content\/uploads\/2023\/08\/Serata-con-Marco-Perale.png\" data-dt-img-description=\"\" data-large_image_width=\"1587\" data-large_image_height=\"2245\"><img loading=\"lazy\" decoding=\"async\" class=\"wp-image-349909 alignleft\" src=\"https:\/\/www.radiopiu.net\/wordpress\/wp-content\/uploads\/2023\/08\/Serata-con-Marco-Perale-212x300.png\" alt=\"\" width=\"115\" height=\"163\" srcset=\"https:\/\/www.radiopiu.net\/wordpress\/wp-content\/uploads\/2023\/08\/Serata-con-Marco-Perale-212x300.png 212w, https:\/\/www.radiopiu.net\/wordpress\/wp-content\/uploads\/2023\/08\/Serata-con-Marco-Perale-724x1024.png 724w, https:\/\/www.radiopiu.net\/wordpress\/wp-content\/uploads\/2023\/08\/Serata-con-Marco-Perale-768x1086.png 768w, https:\/\/www.radiopiu.net\/wordpress\/wp-content\/uploads\/2023\/08\/Serata-con-Marco-Perale-1086x1536.png 1086w, https:\/\/www.radiopiu.net\/wordpress\/wp-content\/uploads\/2023\/08\/Serata-con-Marco-Perale-1448x2048.png 1448w, https:\/\/www.radiopiu.net\/wordpress\/wp-content\/uploads\/2023\/08\/Serata-con-Marco-Perale.png 1587w\" sizes=\"auto, (max-width: 115px) 100vw, 115px\" \/><\/a>di Luisa Manfroi<\/strong><\/p>\n<p><strong>CENCENIGHE<\/strong> Appuntamento con la storia venerd\u00ec 25 agosto alle ore 20:30 con il giornalista e storico Marco Perale\u00a0 che guider\u00e0 i partecipanti in un&#8217;esplorazione dei nomi e dei luoghi dell&#8217;Agordino. L&#8217;incontro \u00e8 aperto a tutti coloro che sono interessati alla storia e alla cultura locale ed \u00e8 un&#8217;occasione per apprendere e condividere conoscenze con uno dei principali studiosi del settore. L&#8217;evento che si terr\u00e0 nella sala consiliare e congressi del municipio, \u00e8 organizzato dalla Biblioteca e dalla Pro Loco di Cencenighe con il patrocinio del Comune.<\/p>\n<p>&nbsp;<\/p>\n<p>&nbsp;<\/p>\n<p>&nbsp;<\/p>\n<hr \/>\n<p>&nbsp;<\/p>\n<blockquote>\n<h3>DUE LABORATORI PER I PIU&#8217; PICCOLI A FELTRE<\/h3>\n<\/blockquote>\n<p><strong><a class=\"dt-pswp-item\" href=\"https:\/\/www.radiopiu.net\/wordpress\/wp-content\/uploads\/2023\/08\/LABORATORI-DRAGHI-scaled.jpeg\" data-dt-img-description=\"\" data-large_image_width=\"1912\" data-large_image_height=\"2560\"><img loading=\"lazy\" decoding=\"async\" class=\" wp-image-349869 alignleft\" src=\"https:\/\/www.radiopiu.net\/wordpress\/wp-content\/uploads\/2023\/08\/LABORATORI-DRAGHI-224x300.jpeg\" alt=\"\" width=\"98\" height=\"131\" srcset=\"https:\/\/www.radiopiu.net\/wordpress\/wp-content\/uploads\/2023\/08\/LABORATORI-DRAGHI-224x300.jpeg 224w, https:\/\/www.radiopiu.net\/wordpress\/wp-content\/uploads\/2023\/08\/LABORATORI-DRAGHI-765x1024.jpeg 765w, https:\/\/www.radiopiu.net\/wordpress\/wp-content\/uploads\/2023\/08\/LABORATORI-DRAGHI-768x1028.jpeg 768w, https:\/\/www.radiopiu.net\/wordpress\/wp-content\/uploads\/2023\/08\/LABORATORI-DRAGHI-1147x1536.jpeg 1147w, https:\/\/www.radiopiu.net\/wordpress\/wp-content\/uploads\/2023\/08\/LABORATORI-DRAGHI-1530x2048.jpeg 1530w, https:\/\/www.radiopiu.net\/wordpress\/wp-content\/uploads\/2023\/08\/LABORATORI-DRAGHI-scaled.jpeg 1912w\" sizes=\"auto, (max-width: 98px) 100vw, 98px\" \/><\/a>FELTRE <\/strong>In occasione della mostra &#8220;Le prigioni della mente: Draghi, Basilischi e rettili fantastici&#8221; aperta dal 10 agosto presso le antiche prigioni di Palazzo Pretorio, prendono il via venerd\u00ec 25 agosto due laboratori destinati ai pi\u00f9 piccoli: \u201cMOSTRI A PEZZI: costruiamo la nostra Chimera\u201d \u00e8 un LABORATORIO DIDATTICO PER BAMBINI dai 6 anni in su. Gli animali dei bestiari medievali sono numerosi e curiosi, ma mai quanto la chimera! I partecipanti saranno accompagnati a scoprire di che cosa si tratta, facendo a pezzi i mostri del medioevo per costruirne uno tutto nuovo, con ricette di colori antichi (OBBLIGATORIO in fase di prenotazione segnalare allergie all&#8217;uovo). Prenotazione (massimo 15 posti) all&#8217;indirizzo: Tramedistoria@gmail.com oppure al n. 3476427727; laboratorio disponibile nelle giornate del 25 e 28 agosto e 01 e 03 settembre sempre alle 17. Il secondo laboratorio invece si intitola &#8220;NON SONO UN DRAGO; SONO UN BASILISCO\u201d ed \u00e8 destinato ai bambini dai 4 anni in su. Quali sono i mostri della nostra tradizione popolare? Lo scopriranno grazie ai moltissimi racconti tramandati dai bisnonni, scoprendo quali sono le differenze tra i vari animali misteriosi e fantastici dei nostri racconti. Un laboratorio spaventoso, da restare pietrificati! Anche in questo caso i posti disponibili sono 15. Prenotazioni all&#8217;indirizzo: Tramedistoria@gmail.com oppure al n. 3476427727. Il laboratorio si terr\u00e0 il 01 settembre alle 10.30 e l\u20198 settembre alle 17.<\/p>\n<p>&nbsp;<\/p>\n<p>&nbsp;<\/p>\n<hr \/>\n<p>&nbsp;<\/p>\n<blockquote>\n<h3>AL RIFUGIO SCARPA IL FESTIVAL DI AGOSTO ALLE PENDICI DELL&#8217;AGNER<\/h3>\n<\/blockquote>\n<p><strong><a class=\"dt-pswp-item\" href=\"https:\/\/www.radiopiu.net\/wordpress\/wp-content\/uploads\/2023\/08\/rivolta.png\" data-dt-img-description=\"\" data-large_image_width=\"275\" data-large_image_height=\"175\"><img loading=\"lazy\" decoding=\"async\" class=\" wp-image-349654 alignleft\" src=\"https:\/\/www.radiopiu.net\/wordpress\/wp-content\/uploads\/2023\/08\/rivolta.png\" alt=\"\" width=\"187\" height=\"119\" \/><\/a>di Mirko Mezzacasa<\/strong><\/p>\n<p>OSPITE: Nicolas Farenzena<\/p>\n<audio class=\"wp-audio-shortcode\" id=\"audio-349743-7\" preload=\"none\" style=\"width: 100%;\" controls=\"controls\"><source type=\"audio\/mpeg\" src=\"https:\/\/www.radiopiu.net\/wordpress\/wp-content\/uploads\/2023\/08\/NICOLAS-FARENZENA-1.mp3?_=7\" \/><a href=\"https:\/\/www.radiopiu.net\/wordpress\/wp-content\/uploads\/2023\/08\/NICOLAS-FARENZENA-1.mp3\">https:\/\/www.radiopiu.net\/wordpress\/wp-content\/uploads\/2023\/08\/NICOLAS-FARENZENA-1.mp3<\/a><\/audio>\n<p>&nbsp;<\/p>\n<p>&nbsp;<\/p>\n<blockquote>\n<h3>AL RIFUGIO SCARPA IL FESTIVAL DI AGOSTO ALLE PENDICI DELL&#8217;AGNER<\/h3>\n<\/blockquote>\n<p><strong>VOLTAGO<\/strong><\/p>\n<p><strong>DAL RIFUGIO SCARPA IL GESTORE MARCO BERGAMO<\/strong><\/p>\n<audio class=\"wp-audio-shortcode\" id=\"audio-349743-8\" preload=\"none\" style=\"width: 100%;\" controls=\"controls\"><source type=\"audio\/mpeg\" src=\"https:\/\/www.radiopiu.net\/wordpress\/wp-content\/uploads\/2023\/08\/MARCO-BERGAMO.mp3?_=8\" \/><a href=\"https:\/\/www.radiopiu.net\/wordpress\/wp-content\/uploads\/2023\/08\/MARCO-BERGAMO.mp3\">https:\/\/www.radiopiu.net\/wordpress\/wp-content\/uploads\/2023\/08\/MARCO-BERGAMO.mp3<\/a><\/audio>\n<p>&nbsp;<\/p>\n<p>&nbsp;<\/p>\n<p>&nbsp;<\/p>\n<hr \/>\n<p>&nbsp;<\/p>\n<blockquote>\n<h2>A CAPRILE DI ALLEGHE LA SAGRA DI SAN BARTOLOMEO<\/h2>\n<\/blockquote>\n<p>di Mirko Mezzacasa<\/p>\n<p><strong>PAOLA BALDISSERA, CONSIGLIERE COMUNALE ISCRITTA GRUPPO ALPINI ALLEGHE<\/strong><\/p>\n<audio class=\"wp-audio-shortcode\" id=\"audio-349743-9\" preload=\"none\" style=\"width: 100%;\" controls=\"controls\"><source type=\"audio\/mpeg\" src=\"https:\/\/www.radiopiu.net\/wordpress\/wp-content\/uploads\/2023\/08\/PAOLA-BALDISSERA-SAN-BARTOLOMEO.mp3?_=9\" \/><a href=\"https:\/\/www.radiopiu.net\/wordpress\/wp-content\/uploads\/2023\/08\/PAOLA-BALDISSERA-SAN-BARTOLOMEO.mp3\">https:\/\/www.radiopiu.net\/wordpress\/wp-content\/uploads\/2023\/08\/PAOLA-BALDISSERA-SAN-BARTOLOMEO.mp3<\/a><\/audio>\n<p>&nbsp;<\/p>\n<p><strong>il sindaco di Alleghe Danilo De Toni<\/strong><\/p>\n<audio class=\"wp-audio-shortcode\" id=\"audio-349743-10\" preload=\"none\" style=\"width: 100%;\" controls=\"controls\"><source type=\"audio\/mpeg\" src=\"https:\/\/www.radiopiu.net\/wordpress\/wp-content\/uploads\/2023\/08\/danilo-de-toni.mp3?_=10\" \/><a href=\"https:\/\/www.radiopiu.net\/wordpress\/wp-content\/uploads\/2023\/08\/danilo-de-toni.mp3\">https:\/\/www.radiopiu.net\/wordpress\/wp-content\/uploads\/2023\/08\/danilo-de-toni.mp3<\/a><\/audio>\n<p>&nbsp;<\/p>\n<p><strong><img loading=\"lazy\" decoding=\"async\" class=\"alignleft\" src=\"https:\/\/www.radiopiu.net\/wordpress\/wp-content\/uploads\/2023\/08\/Senza-nome-59.png\" width=\"333\" height=\"111\" \/>ALLEGHE <\/strong>Un nuovo appuntamento ad Alleghe con gli alpini del Gruppo Monte Civetta, patrocinio del Comune di Alleghe e collaborazione della Proloco. Per tre giorni a Caprile di Alleghe (scuole medie) tradizione, cultura e festa. GIOVEDI 24 AGOSTO 10:30\u00a0 Messa nella parrocchiale di San Bartolomeo; \u00a020:30\u00a0 nella sede\u00a0 del Cai Caprile ai campi sportivi &#8220;La Storia del Cai Caprile&#8221; attraverso le immagini di Mario Tenega. VENERDI 25 AGOSTO: 20:30 Presso la palestra delle scuole medie concerto del Coro Monte Dolada e del Coro Alpino Monte Civetta;\u00a0 SABATO 26 AGOSTO \u00a09:00 Escursione guidata del CAI Caprile lungo il Sentiero Carducci. 16 esibizione di intaglio del legno con la motosega \u00a017:30 Happy Hour Music drink 19:00 apertura stand gastronomico e musica dal vivo con l&#8217;orchestra Liscio Spritz e dalle 23:00 dj music by Binyl Boys Sound\u00a0 DOMENICA 27 AGOSTO\u00a0 10:00 e per tutto il giorno: -gioco &#8221; Su per Piaseta in socoi e savate&#8221;.\u00a0 -Mettiti alla prova con le associazioni della Croce Verde, del Soccorso Alpino, dei Pompieri: Grandi avventure sulle orme dei volontari: attivit\u00e0 per bambini e ragazzi. 10:30 \/ 11:30 happy Hour music drink \u00a012:00 Apertura stand gastronomico Pomeriggio musica itinerante con il complesso &#8220;Die D\u00fcrstigen&#8221; 17:00 Gran finale con i pompieri volontari di Caprile.<\/p>\n<p>&nbsp;<\/p>\n<hr \/>\n<p>&nbsp;<\/p>\n<h2><span style=\"color: #0000ff;\">IERI ALLA RADIO<\/span><\/h2>\n<h1 style=\"text-align: center;\"><strong><span style=\"color: #ff0000;\">&#8220;DINTORN E FORA VIA&#8221;\u00a0 IL PROGRAMMA\u00a0 A CURA DEL MUSLA\u00a0\u00a0SECONDO ANNO<\/span><\/strong><strong><span style=\"color: #ff0000;\">\u00a0 \u00a0\u00a0<\/span><\/strong><\/h1>\n<p>&nbsp;<\/p>\n<p><strong><a class=\"dt-pswp-item\" href=\"https:\/\/www.radiopiu.net\/wordpress\/wp-content\/uploads\/2023\/08\/b23477a4-86d3-42aa-9ae4-33364ffffda2.jpg\" data-dt-img-description=\"\" data-large_image_width=\"900\" data-large_image_height=\"500\"><img loading=\"lazy\" decoding=\"async\" class=\"wp-image-349826 alignleft\" src=\"https:\/\/www.radiopiu.net\/wordpress\/wp-content\/uploads\/2023\/08\/b23477a4-86d3-42aa-9ae4-33364ffffda2-300x167.jpg\" alt=\"\" width=\"156\" height=\"87\" srcset=\"https:\/\/www.radiopiu.net\/wordpress\/wp-content\/uploads\/2023\/08\/b23477a4-86d3-42aa-9ae4-33364ffffda2-300x167.jpg 300w, https:\/\/www.radiopiu.net\/wordpress\/wp-content\/uploads\/2023\/08\/b23477a4-86d3-42aa-9ae4-33364ffffda2-768x427.jpg 768w, https:\/\/www.radiopiu.net\/wordpress\/wp-content\/uploads\/2023\/08\/b23477a4-86d3-42aa-9ae4-33364ffffda2.jpg 900w\" sizes=\"auto, (max-width: 156px) 100vw, 156px\" \/><\/a>PUNTATA DEL 04 LUGLIO NORMAN CREPAZ <\/strong><\/p>\n<audio class=\"wp-audio-shortcode\" id=\"audio-349743-11\" preload=\"none\" style=\"width: 100%;\" controls=\"controls\"><source type=\"audio\/mpeg\" src=\"https:\/\/www.radiopiu.net\/wordpress\/wp-content\/uploads\/2023\/08\/MUSLA-5.mp3?_=11\" \/><a href=\"https:\/\/www.radiopiu.net\/wordpress\/wp-content\/uploads\/2023\/08\/MUSLA-5.mp3\">https:\/\/www.radiopiu.net\/wordpress\/wp-content\/uploads\/2023\/08\/MUSLA-5.mp3<\/a><\/audio>\n<p>&nbsp;<\/p>\n<p>&nbsp;<\/p>\n<h2><strong><a class=\"dt-pswp-item\" href=\"https:\/\/www.radiopiu.net\/wordpress\/wp-content\/uploads\/2020\/05\/DOLOMITI-BEER.png\" data-dt-img-description=\"\" data-large_image_width=\"812\" data-large_image_height=\"450\"><img loading=\"lazy\" decoding=\"async\" class=\" wp-image-139660 alignleft\" src=\"https:\/\/www.radiopiu.net\/wordpress\/wp-content\/uploads\/2020\/05\/DOLOMITI-BEER-300x166.png\" alt=\"\" width=\"197\" height=\"109\" srcset=\"https:\/\/www.radiopiu.net\/wordpress\/wp-content\/uploads\/2020\/05\/DOLOMITI-BEER-300x166.png 300w, https:\/\/www.radiopiu.net\/wordpress\/wp-content\/uploads\/2020\/05\/DOLOMITI-BEER-768x426.png 768w, https:\/\/www.radiopiu.net\/wordpress\/wp-content\/uploads\/2020\/05\/DOLOMITI-BEER.png 812w\" sizes=\"auto, (max-width: 197px) 100vw, 197px\" \/><\/a><span style=\"color: #993300;\">DA DOLOMITI BEER &amp; WINE SHOP DA NAPI CON GIANLUCA<\/span><\/strong><\/h2>\n<p><strong>GIANLUCA ROSSI<\/strong><\/p>\n<audio class=\"wp-audio-shortcode\" id=\"audio-349743-12\" preload=\"none\" style=\"width: 100%;\" controls=\"controls\"><source type=\"audio\/mpeg\" src=\"https:\/\/www.radiopiu.net\/wordpress\/wp-content\/uploads\/2023\/08\/GIANLUCA-MUSICATO-1.mp3?_=12\" \/><a href=\"https:\/\/www.radiopiu.net\/wordpress\/wp-content\/uploads\/2023\/08\/GIANLUCA-MUSICATO-1.mp3\">https:\/\/www.radiopiu.net\/wordpress\/wp-content\/uploads\/2023\/08\/GIANLUCA-MUSICATO-1.mp3<\/a><\/audio>\n<p>&nbsp;<\/p>\n<p>&nbsp;<\/p>\n<hr \/>\n<p>&nbsp;<\/p>\n<h2><span style=\"color: #ff0000;\">GLI APPUNTAMENTI DELLA SETTIMANA\u00a0<\/span><\/h2>\n<blockquote>\n<h3>CONCERTI IN ALTA QUOTA CON &#8220;MELODIE NEL BOSCO, SUSSURRI TRA LE DOLOMITI&#8221;.<\/h3>\n<\/blockquote>\n<p><strong><a class=\"dt-pswp-item\" href=\"https:\/\/www.radiopiu.net\/wordpress\/wp-content\/uploads\/2018\/07\/Pota-l_Orso_Bosco-degli-Artisti.png\" data-dt-img-description=\"\" data-large_image_width=\"750\" data-large_image_height=\"534\"><img loading=\"lazy\" decoding=\"async\" class=\" wp-image-55065 alignleft\" src=\"https:\/\/www.radiopiu.net\/wordpress\/wp-content\/uploads\/2018\/07\/Pota-l_Orso_Bosco-degli-Artisti-300x214.png\" alt=\"\" width=\"199\" height=\"142\" srcset=\"https:\/\/www.radiopiu.net\/wordpress\/wp-content\/uploads\/2018\/07\/Pota-l_Orso_Bosco-degli-Artisti-300x214.png 300w, https:\/\/www.radiopiu.net\/wordpress\/wp-content\/uploads\/2018\/07\/Pota-l_Orso_Bosco-degli-Artisti.png 750w\" sizes=\"auto, (max-width: 199px) 100vw, 199px\" \/><\/a>FALCADE<\/strong>\u00a0 &#8220;Melodie nel Bosco, sussurri tra le Dolomiti&#8221;. Si chiama cos\u00ec il festival che porter\u00e0 quattro concerti a 2.000 metri di altitudine per far incontrare musica e natura al cospetto di vette come Mulaz e Focobon.\u00a0 A fare da teatro sar\u00e0 il Bosco degli Artisti di Falcade, galleria d\u2019arte a cielo aperto che sorge in localit\u00e0 Le Buse, nella Ski Area San Pellegrino. Concerti in programma alle 10:30.<\/p>\n<p>Sabato 26 agosto toccher\u00e0 a Emanuele Bastanzetti, da Bach a Kreisler &#8211; sinfonie di violino.<\/p>\n<p>&nbsp;<\/p>\n<p>&nbsp;<\/p>\n<hr \/>\n<p>&nbsp;<\/p>\n<blockquote>\n<h3>BENITO MADONIA PRESENTA IL SUO LIBRO<\/h3>\n<\/blockquote>\n<p><strong>CANALE D&#8217;AGORDO<\/strong> Oggi alle 18 in sala Emigranti di Canale D&#8217;Agordo appuntamento con lo scrittore Benito Madonia che presenter\u00e0 al pubblico il suo nuovo libro.<\/p>\n<p>&nbsp;<\/p>\n<p>&nbsp;<\/p>\n<hr \/>\n<p>&nbsp;<\/p>\n<blockquote>\n<h3>ELIANA DANIELLI A FALCADE CON IL SUO LIBRO<\/h3>\n<\/blockquote>\n<p><strong>FALCADE<\/strong> Domani alle 18 nella Sala Consigliare di Falcade ospite Eliana Danielli che presenter\u00e0 il suo libro dal titolo &#8220;Tu in una Mano&#8221;<\/p>\n<p>&nbsp;<\/p>\n<p>&nbsp;<\/p>\n<hr \/>\n<p>&nbsp;<\/p>\n<blockquote>\n<h3>APERITIVO ? MA MAI SENZA MUSICA<\/h3>\n<\/blockquote>\n<p class=\"photoswipe-wrapper\"><a class=\"dt-pswp-item pspw-wrap-ready\" href=\"https:\/\/www.radiopiu.net\/wordpress\/wp-content\/uploads\/2023\/07\/d86dbc06-7161-49d4-b544-90770e85269f.jpg\" data-dt-img-description=\"\" data-large_image_width=\"1448\" data-large_image_height=\"2048\"><img loading=\"lazy\" decoding=\"async\" class=\" wp-image-342766 alignleft\" src=\"https:\/\/www.radiopiu.net\/wordpress\/wp-content\/uploads\/2023\/07\/d86dbc06-7161-49d4-b544-90770e85269f-212x300.jpg\" sizes=\"auto, (max-width: 133px) 100vw, 133px\" srcset=\"https:\/\/www.radiopiu.net\/wordpress\/wp-content\/uploads\/2023\/07\/d86dbc06-7161-49d4-b544-90770e85269f-212x300.jpg 212w, https:\/\/www.radiopiu.net\/wordpress\/wp-content\/uploads\/2023\/07\/d86dbc06-7161-49d4-b544-90770e85269f-724x1024.jpg 724w, https:\/\/www.radiopiu.net\/wordpress\/wp-content\/uploads\/2023\/07\/d86dbc06-7161-49d4-b544-90770e85269f-768x1086.jpg 768w, https:\/\/www.radiopiu.net\/wordpress\/wp-content\/uploads\/2023\/07\/d86dbc06-7161-49d4-b544-90770e85269f-1086x1536.jpg 1086w, https:\/\/www.radiopiu.net\/wordpress\/wp-content\/uploads\/2023\/07\/d86dbc06-7161-49d4-b544-90770e85269f.jpg 1448w\" alt=\"\" width=\"133\" height=\"189\" \/><\/a>Dimentica la routine, concediti un momento di relax e divertimento con amici e familiari. L\u2019aperitivo in musica all\u2019Hotel Stella Alpina in piazza a Falcade \u00e8 l\u2019occasione perfetta per socializzare e creare ricordi preziosi.Ogni venerd\u00ec di luglio ed agosto, l\u2019Hotel Stella Alpina vi accoglie per una serata di puro divertimento, dalle 18 alle 21. I\u00a0venerdi di luglio ed agosto allo Stella alpina, appuntamento con la buona musica e le specialit\u00e0 che sapranno deliziarvi il palato. INFO 0437 599046.\u00a0<a class=\"moz-txt-link-abbreviated\" href=\"http:\/\/www.hotel\/\">WWW.HOTEL<\/a>\u00a0STELLA ALPINA . COM<\/p>\n<p>&nbsp;<\/p>\n<p><strong>VENERDI<\/strong> CONCERTO DI LUCA DE ZORZI E CENA CON RIBS &amp; CHIPS<\/p>\n<p>&nbsp;<\/p>\n<p>&nbsp;<\/p>\n<hr \/>\n<p>&nbsp;<\/p>\n<blockquote>\n<h3>IL RAPPORTO TRA PAPA BEATO LUCIANI E GIOVANNI XXIII<\/h3>\n<\/blockquote>\n<p><strong>CANALE D&#8217;AGORDO<\/strong> Venerd\u00ec alle 21 in sala Emigranti di Canale D&#8217;Agordo ospite Marco Roncalli, pronipote di Papa Giovanni XXIII, che racconter\u00e0 il rapporto tra il prozio e Papa Albino Luciani<\/p>\n<p>&nbsp;<\/p>\n<p>&nbsp;<\/p>\n<hr \/>\n<p>&nbsp;<\/p>\n<blockquote>\n<h3>VOLEVO VEDERE LA TUNDRA A TAMBRE D\u2019ALPAGO<\/h3>\n<\/blockquote>\n<p><strong>ALPAGO<\/strong> Venerdi\u00a0 alle\u00a0 20:45 al Centro Sociale in piazza a Tambre d\u2019Alpago, la sezione de Cai Alpago incontra Antonella Giacomini, viaggiatrice estrema e la sua opera prima Volevo vedere la tundra<\/p>\n<p>&nbsp;<\/p>\n<p>&nbsp;<\/p>\n<hr \/>\n<p>&nbsp;<\/p>\n<blockquote>\n<h3>IL CARDINALE STELLA A CANALE D&#8217;AGORDO NEL RICORDO DEL BEATO LUCIANI<\/h3>\n<\/blockquote>\n<p><strong>CANALE D&#8217;AGORDO <\/strong>La Celebrazione della Messa del Beato Giovanni Paolo I nel 45\u00b0 anniversario della Sua elezione a Sommo Pontefice che si terr\u00e0<b> sabato <\/b>alle 16.30 nella piazza Papa Luciani di Canale d&#8217;Agordo. In caso di mal tempo l&#8217;evento avr\u00e0 luogo nella Chiuesa Arcipretale di Canale d&#8217;Agordo. La messa sar\u00e0 presieduta dal Cardinale Beniamino Stella.<\/p>\n<p>&nbsp;<\/p>\n<p>&nbsp;<\/p>\n<hr \/>\n<p>&nbsp;<\/p>\n<div class=\"articlePlainSubHead\"><\/div>\n<blockquote>\n<h3 class=\"articlePlainTitle\">La vita di Dolomieu in sala don Tamis<\/h3>\n<p><em> monologo teatrale ideato, scritto ed interpretato da Eugenio Maria Cipriani.<\/em><\/p><\/blockquote>\n<div class=\"articlePlainText\"><strong>AGORDO<\/strong>\u00a0 &#8220;Il mio nome \u00e8 Dolomieu&#8221; \u00e8 il titolo dello spettacolo teatrale che andr\u00e0 di scena sabato alle 21 in sala don Tamis ad Agordo. L&#8217;iniziativa \u00e8 del Comitato di gemellaggio Agordo-Dolomieu-Zugliano, della Sezione agordina del Cai, del Comune di Agordo e dell&#8217;Unione montana agordina.<\/div>\n<p>&nbsp;<\/p>\n<p>&nbsp;<\/p>\n<hr \/>\n<p>&nbsp;<\/p>\n<blockquote>\n<h3>OMAGGIO ALL&#8217;OSPITE A FALCADE<\/h3>\n<\/blockquote>\n<p><strong>FALCADE\u00a0<\/strong>Domenica all&#8217;ingresso della piana di Falcade, nel porticato di fronte al municipio, sar\u00e0 scoperto e inaugurato il Monumento all&#8217;ospite, opera dell&#8217;artista rodigino Carlo Tintore. Appuntamento per le 11:30, sono invitati a partecipare cittadinanza e ospiti.<\/p>\n<p>&nbsp;<\/p>\n<p>&nbsp;<\/p>\n<hr \/>\n<p>&nbsp;<\/p>\n<blockquote>\n<h3>MERCATINO DI PICCOLI TESORI<\/h3>\n<\/blockquote>\n<p><strong>BELLUNO<\/strong> Domenica dalle 15.30 alle 18 nel chiostro del seminario di Belluno &#8220;Mercatino dell&#8217;usato&#8221;, il ricavato sar\u00e0 devoluto a sostegno del seminario e associazione Campedel<\/p>\n<p>&nbsp;<\/p>\n<h2><span style=\"color: #ff0000;\">PROSSIMAMENTE&#8230;\u00a0<\/span><\/h2>\n<blockquote>\n<h3>ESPERIENZA CULINARIA AL RIFUGIO AVERAU<\/h3>\n<\/blockquote>\n<p><strong>CORTINA<\/strong> Marted\u00ec 12 settembre, evento straordinario al Rifugio Averau. Gli chef di casa, Matteo e Stefano, della trattoria alla Cima di Valdobbiadene uniscono genio e bravura per un&#8217;esperienza unica &#8220;dalla laguna alle dolomiti&#8221;. Un percorso enogastronomico dal mare ai fiumi, dalle colline ai boschi del veneziano, trevigiano e bellunese fino alle cime di Cortina. Sar\u00e0 predisposto su prenotazione un servizio di trasporto in jeep dal rifugio Cinque Torri, raggiungibile in macchina dalla strada del passo Falzarego Per info e prenotazioni: 0436 4660<br \/>\nDALLA LAGUNA ALLE DOLOMITI, 12 SETTEMBRE AL RIFUGIO AVERAU<\/p>\n<p>&nbsp;<\/p>\n<blockquote>\n<h3>LA GIORNATA DEL RESPIRO<\/h3>\n<\/blockquote>\n<p><strong>BELLUNO<\/strong> Sabato 2 settembre al Ristorante De Gusto Dolomiti di Via Meassa a Sagrogna di Belluno viene organizzata una giornata all&#8217;insegna della ricerca del buon cibo e della magia. Info e prenotazioni al 373 5042705 o 373 5101875. Le donazioni raccolte durante l&#8217;evento saranno devolute alla Fondazione Ricerca Fibrosi Cistica<\/p>\n<p>&nbsp;<\/p>\n<p>&nbsp;<\/p>\n<hr \/>\n<p>&nbsp;<\/p>\n<blockquote class=\"wp-embedded-content\" data-secret=\"cLiHK8bW6X\"><p><a href=\"https:\/\/www.radiopiu.net\/wordpress\/etta-band-gadenz-tour-2023\/\">ETTA &#038; BAND \u2013 GADENZ TOUR 2023<\/a><\/p><\/blockquote>\n<p><iframe loading=\"lazy\" class=\"wp-embedded-content\" sandbox=\"allow-scripts\" security=\"restricted\" style=\"position: absolute; clip: rect(1px, 1px, 1px, 1px);\" title=\"&#8220;ETTA &#038; BAND \u2013 GADENZ TOUR 2023&#8221; &#8212; Radio Pi\u00f9\" src=\"https:\/\/www.radiopiu.net\/wordpress\/etta-band-gadenz-tour-2023\/embed\/#?secret=cWG7sYl9kA#?secret=cLiHK8bW6X\" data-secret=\"cLiHK8bW6X\" width=\"600\" height=\"338\" frameborder=\"0\" marginwidth=\"0\" marginheight=\"0\" scrolling=\"no\"><\/iframe><\/p>\n<p>&nbsp;<\/p>\n<p>&nbsp;<\/p>\n<hr \/>\n<p>&nbsp;<\/p>\n<div class=\"message spoilers-container\" dir=\"auto\">\n<div class=\"column\">\n<div class=\"message spoilers-container\" dir=\"auto\">\n<div class=\"column\">\n<p><img loading=\"lazy\" decoding=\"async\" class=\"aligncenter wp-image-61954 size-full\" src=\"https:\/\/www.radiopiu.net\/wordpress\/wp-content\/uploads\/2018\/09\/viabilita.jpeg\" sizes=\"auto, (max-width: 800px) 100vw, 800px\" srcset=\"https:\/\/www.radiopiu.net\/wordpress\/wp-content\/uploads\/2018\/09\/viabilita.jpeg 800w, https:\/\/www.radiopiu.net\/wordpress\/wp-content\/uploads\/2018\/09\/viabilita-300x38.jpeg 300w, https:\/\/www.radiopiu.net\/wordpress\/wp-content\/uploads\/2018\/09\/viabilita-768x96.jpeg 768w\" alt=\"\" width=\"800\" height=\"100\" \/><\/p>\n<\/div>\n<\/div>\n<div class=\"message spoilers-container\" dir=\"auto\">\n<div class=\"column\">\n<p>&nbsp;<\/p>\n<\/div>\n<\/div>\n<\/div>\n<\/div>\n<blockquote class=\"wp-embedded-content\" data-secret=\"tKErTztG63\"><p><a href=\"https:\/\/www.radiopiu.net\/wordpress\/viabilita\/\">viabilita<\/a><\/p><\/blockquote>\n<p><iframe loading=\"lazy\" class=\"wp-embedded-content\" sandbox=\"allow-scripts\" security=\"restricted\" style=\"position: absolute; clip: rect(1px, 1px, 1px, 1px);\" title=\"&#8220;viabilita&#8221; &#8212; Radio Pi\u00f9\" src=\"https:\/\/www.radiopiu.net\/wordpress\/viabilita\/embed\/#?secret=YM5AOuAgoC#?secret=tKErTztG63\" data-secret=\"tKErTztG63\" width=\"600\" height=\"338\" frameborder=\"0\" marginwidth=\"0\" marginheight=\"0\" scrolling=\"no\"><\/iframe><\/p>\n<div class=\"message spoilers-container\" dir=\"auto\">\n<div class=\"column\">\n<div class=\"message spoilers-container\" dir=\"auto\">\n<div class=\"column\">\n<div>\n<div dir=\"ltr\">\n<div class=\"gmail_quote\">\n<div dir=\"ltr\">\n<div><\/div>\n<div><\/div>\n<div><\/div>\n<\/div>\n<\/div>\n<\/div>\n<\/div>\n<hr \/>\n<p>&nbsp;<\/p>\n<p><a class=\"dt-pswp-item\" href=\"https:\/\/www.radiopiu.net\/wordpress\/wp-content\/uploads\/2018\/09\/WhatsApp-Image-2018-09-20-at-16.04.06.jpeg\" data-dt-img-description=\"\" data-large_image_width=\"800\" data-large_image_height=\"100\"><img loading=\"lazy\" decoding=\"async\" class=\"wp-image-61378 size-full aligncenter\" src=\"https:\/\/www.radiopiu.net\/wordpress\/wp-content\/uploads\/2018\/09\/WhatsApp-Image-2018-09-20-at-16.04.06.jpeg\" alt=\"\" width=\"800\" height=\"100\" srcset=\"https:\/\/www.radiopiu.net\/wordpress\/wp-content\/uploads\/2018\/09\/WhatsApp-Image-2018-09-20-at-16.04.06.jpeg 800w, https:\/\/www.radiopiu.net\/wordpress\/wp-content\/uploads\/2018\/09\/WhatsApp-Image-2018-09-20-at-16.04.06-300x38.jpeg 300w, https:\/\/www.radiopiu.net\/wordpress\/wp-content\/uploads\/2018\/09\/WhatsApp-Image-2018-09-20-at-16.04.06-768x96.jpeg 768w\" sizes=\"auto, (max-width: 800px) 100vw, 800px\" \/><\/a><\/p>\n<\/div>\n<\/div>\n<div class=\"message spoilers-container\" dir=\"auto\">\n<p>&nbsp;<\/p>\n<p><center><\/center><b>OGGI: <\/b>Tempo ben soleggiato con cielo sereno al mattino e da poco a parzialmente nuvoloso per attivit\u00e0 cumuliforme pomeridiana, un po&#8217; pi\u00f9 sviluppata rispetto ai giorni precedenti e, seppur contenuta e limitata a scala spazio-temporale, non sar\u00e0 da escludere del tutto l&#8217;insidia di qualche fenomeno convettivo. Il caldo si manterr\u00e0 e l&#8217;afa aumenter\u00e0 nei fondovalle prealpini.<br \/>\n<b>Precipitazioni: <\/b>Al mattino assenti\u00a0 mentre non sar\u00e0 del tutto esclusa la probabilit\u00e0 di qualche rovescio o temporale di calore, specie tra il tardo pomeriggio e la sera<\/p>\n<p>&nbsp;<\/p>\n<hr \/>\n<p><center><\/center><b>DOMANI: <\/b>Al mattino tempo ben soleggiato e cielo sereno, salvo qualche banco di cirri. Al pomeriggio parziale riduzione del soleggiamento per nubi medio-alte e per attivit\u00e0 cumuliforme, localmente moderata sulle Dolomiti e, seppur assai limitata a scala spazio-temporale, l&#8217;insidia instabilit\u00e0 convettiva non sar\u00e0 da scartare. Il gran caldo perdurer\u00e0 nelle valli e la grande mitezza sar\u00e0 alquanto persistente in alta quota, seppur non pi\u00f9 sui livelli record di marted\u00ec. <b>Precipitazioni: <\/b>Al mattino assenti, al pomeriggio non escluso qualche sporadico breve rovescio o singolo temporale di calore<\/p>\n<hr \/>\n<p><center><\/center><strong>VENERDI<\/strong> Al mattino tempo soleggiato e cielo sereno; al pomeriggio sensibile riduzione del soleggiamento per attivit\u00e0 cumuliforme irregolare, localmente intensa e il rischio di qualche rovescio o temporale non sar\u00e0 escluso, anche se ancora assai sporadico. Temperature senza notevoli variazioni, salvo lieve flessione delle massime qualora i fenomeni d&#8217;instabilit\u00e0 si verificassero, comunque sempre anormalmente alte per la terza decade di agosto. .<\/p>\n<hr \/>\n<p><center><\/center><strong>SABATO\u00a0<\/strong> Al mattino tempo soleggiato e cielo sereno; al pomeriggio riduzione del soleggiamento per modesta attivit\u00e0 cumuliforme, localmente moderata, per\u00f2 l&#8217;insidia di qualche fenomeno convettivo aumenter\u00e0 rispetto a venerd\u00ec, specie alla sera. Temperature minime senza notevoli variazioni e massime in lieve ripresa, sempre anormalmente alte per il periodo. Venti nelle valli perlopi\u00f9 deboli per brezze, localmente e a tratti moderati; in quota moderati\/tesi da sud-ovest con rinforzi erratici sulle creste e sulle cime pi\u00f9 alte<\/p>\n<p>&nbsp;<\/p>\n<\/div>\n<div class=\"message spoilers-container\" dir=\"auto\">\n<hr \/>\n<p>&nbsp;<\/p>\n<p><img loading=\"lazy\" decoding=\"async\" class=\"wp-image-60761 size-full aligncenter\" src=\"https:\/\/www.radiopiu.net\/wordpress\/wp-content\/uploads\/2018\/09\/sport.jpg\" alt=\"\" width=\"800\" height=\"100\" srcset=\"https:\/\/www.radiopiu.net\/wordpress\/wp-content\/uploads\/2018\/09\/sport.jpg 800w, https:\/\/www.radiopiu.net\/wordpress\/wp-content\/uploads\/2018\/09\/sport-300x38.jpg 300w, https:\/\/www.radiopiu.net\/wordpress\/wp-content\/uploads\/2018\/09\/sport-768x96.jpg 768w\" sizes=\"auto, (max-width: 800px) 100vw, 800px\" \/><\/p>\n<p>&nbsp;<\/p>\n<\/div>\n\n\t\t\t<style type='text\/css'>\n\t\t\t\t#gallery-4 {\n\t\t\t\t\tmargin: auto;\n\t\t\t\t}\n\t\t\t\t#gallery-4 .gallery-item {\n\t\t\t\t\tfloat: left;\n\t\t\t\t\tmargin-top: 10px;\n\t\t\t\t\ttext-align: center;\n\t\t\t\t\twidth: 33%;\n\t\t\t\t}\n\t\t\t\t#gallery-4 img {\n\t\t\t\t\tborder: 2px solid #cfcfcf;\n\t\t\t\t}\n\t\t\t\t#gallery-4 .gallery-caption {\n\t\t\t\t\tmargin-left: 0;\n\t\t\t\t}\n\t\t\t\t\/* see gallery_shortcode() in wp-includes\/media.php *\/\n\t\t\t<\/style>\n\t\t<div id='gallery-4' class='dt-gallery-container gallery galleryid-349743 gallery-columns-3 gallery-size-thumbnail'><dl class='gallery-item'>\n\t\t\t\t<dt class='gallery-icon portrait'>\n\t\t\t\t\t<a class=\"rollover rollover-zoom dt-pswp-item\" title=\"cb3e84c7-6b7b-4086-b96b-e2b820cc0e41\" data-dt-img-description=\"\" data-large_image_width=\"1132\" data-large_image_height=\"1600\"href='https:\/\/www.radiopiu.net\/wordpress\/wp-content\/uploads\/2023\/07\/cb3e84c7-6b7b-4086-b96b-e2b820cc0e41.jpg'><img loading=\"lazy\" decoding=\"async\" width=\"150\" height=\"150\" src=\"https:\/\/www.radiopiu.net\/wordpress\/wp-content\/uploads\/2023\/07\/cb3e84c7-6b7b-4086-b96b-e2b820cc0e41-150x150.jpg\" class=\"attachment-thumbnail size-thumbnail\" alt=\"\" aria-describedby=\"gallery-4-345600\" \/><\/a>\n\t\t\t\t<\/dt>\n\t\t\t\t\t<dd class='wp-caption-text gallery-caption' id='gallery-4-345600'>\n\t\t\t\t\tVOLTAGO\n\t\t\t\t\t<\/dd><\/dl><dl class='gallery-item'>\n\t\t\t\t<dt class='gallery-icon portrait'>\n\t\t\t\t\t<a class=\"rollover rollover-zoom dt-pswp-item\" title=\"8d8ef44f-5625-4f28-9787-81bf41c07ccb\" data-dt-img-description=\"\" data-large_image_width=\"726\" data-large_image_height=\"1024\"href='https:\/\/www.radiopiu.net\/wordpress\/wp-content\/uploads\/2023\/08\/8d8ef44f-5625-4f28-9787-81bf41c07ccb.jpg'><img loading=\"lazy\" decoding=\"async\" width=\"150\" height=\"150\" src=\"https:\/\/www.radiopiu.net\/wordpress\/wp-content\/uploads\/2023\/08\/8d8ef44f-5625-4f28-9787-81bf41c07ccb-150x150.jpg\" class=\"attachment-thumbnail size-thumbnail\" alt=\"\" aria-describedby=\"gallery-4-347009\" \/><\/a>\n\t\t\t\t<\/dt>\n\t\t\t\t\t<dd class='wp-caption-text gallery-caption' id='gallery-4-347009'>\n\t\t\t\t\tFALCADE\n\t\t\t\t\t<\/dd><\/dl><dl class='gallery-item'>\n\t\t\t\t<dt class='gallery-icon portrait'>\n\t\t\t\t\t<a class=\"rollover rollover-zoom dt-pswp-item\" title=\"Locandina Trofeo 16 Comuni dell&#039;Agordino\" data-dt-img-description=\"\" data-large_image_width=\"828\" data-large_image_height=\"1151\"href='https:\/\/www.radiopiu.net\/wordpress\/wp-content\/uploads\/2023\/08\/Locandina-Trofeo-16-Comuni-dellAgordino.jpg'><img loading=\"lazy\" decoding=\"async\" width=\"150\" height=\"150\" src=\"https:\/\/www.radiopiu.net\/wordpress\/wp-content\/uploads\/2023\/08\/Locandina-Trofeo-16-Comuni-dellAgordino-150x150.jpg\" class=\"attachment-thumbnail size-thumbnail\" alt=\"\" aria-describedby=\"gallery-4-349182\" \/><\/a>\n\t\t\t\t<\/dt>\n\t\t\t\t\t<dd class='wp-caption-text gallery-caption' id='gallery-4-349182'>\n\t\t\t\t\tTROFEO 16 COMUNI\n\t\t\t\t\t<\/dd><\/dl><br style=\"clear: both\" \/>\n\t\t\t<\/div>\n\n<p><span style=\"color: #0000ff;\"><strong>EXTREME TRAIL<\/strong><\/span><\/p>\n<h2><strong><a class=\"dt-pswp-item\" href=\"https:\/\/www.radiopiu.net\/wordpress\/wp-content\/uploads\/2023\/08\/VERTICAL-107-FALCADE.jpg\" data-dt-img-description=\"\" data-large_image_width=\"825\" data-large_image_height=\"565\"><img loading=\"lazy\" decoding=\"async\" class=\" wp-image-349838 alignleft\" src=\"https:\/\/www.radiopiu.net\/wordpress\/wp-content\/uploads\/2023\/08\/VERTICAL-107-FALCADE-300x205.jpg\" alt=\"\" width=\"195\" height=\"133\" srcset=\"https:\/\/www.radiopiu.net\/wordpress\/wp-content\/uploads\/2023\/08\/VERTICAL-107-FALCADE-300x205.jpg 300w, https:\/\/www.radiopiu.net\/wordpress\/wp-content\/uploads\/2023\/08\/VERTICAL-107-FALCADE-768x526.jpg 768w, https:\/\/www.radiopiu.net\/wordpress\/wp-content\/uploads\/2023\/08\/VERTICAL-107-FALCADE.jpg 825w\" sizes=\"auto, (max-width: 195px) 100vw, 195px\" \/><\/a><span style=\"color: #99cc00;\">DOMENICA A FALCADE LA TERZA EDIZIONE DELLA VERTICAL 107<\/span><\/strong><\/h2>\n<p><strong>di Mirko Mezzacasa<\/strong><\/p>\n<p>OSPITE: Carlo Zanon<\/p>\n<audio class=\"wp-audio-shortcode\" id=\"audio-349743-13\" preload=\"none\" style=\"width: 100%;\" controls=\"controls\"><source type=\"audio\/mpeg\" src=\"https:\/\/www.radiopiu.net\/wordpress\/wp-content\/uploads\/2023\/08\/CARLO-ZANON-107-SCALINI-2023.mp3?_=13\" \/><a href=\"https:\/\/www.radiopiu.net\/wordpress\/wp-content\/uploads\/2023\/08\/CARLO-ZANON-107-SCALINI-2023.mp3\">https:\/\/www.radiopiu.net\/wordpress\/wp-content\/uploads\/2023\/08\/CARLO-ZANON-107-SCALINI-2023.mp3<\/a><\/audio>\n<p>&nbsp;<\/p>\n<p><span style=\"color: #0000ff;\"><strong>MOTORI<\/strong><\/span><\/p>\n<blockquote>\n<h3>SABATO E DOMENICA SI TORNA A CORRERE LA VITTORIO VENETO &#8211; CANSIGLIO<\/h3>\n<\/blockquote>\n<p><strong><a class=\"dt-pswp-item\" href=\"https:\/\/www.radiopiu.net\/wordpress\/wp-content\/uploads\/2023\/08\/bb12c4a4-1819-412e-8e5c-f6fb5e8e7136.jpg\" data-dt-img-description=\"\" data-large_image_width=\"1024\" data-large_image_height=\"683\"><img loading=\"lazy\" decoding=\"async\" class=\" wp-image-349866 alignleft\" src=\"https:\/\/www.radiopiu.net\/wordpress\/wp-content\/uploads\/2023\/08\/bb12c4a4-1819-412e-8e5c-f6fb5e8e7136-300x200.jpg\" alt=\"\" width=\"188\" height=\"125\" srcset=\"https:\/\/www.radiopiu.net\/wordpress\/wp-content\/uploads\/2023\/08\/bb12c4a4-1819-412e-8e5c-f6fb5e8e7136-300x200.jpg 300w, https:\/\/www.radiopiu.net\/wordpress\/wp-content\/uploads\/2023\/08\/bb12c4a4-1819-412e-8e5c-f6fb5e8e7136-768x512.jpg 768w, https:\/\/www.radiopiu.net\/wordpress\/wp-content\/uploads\/2023\/08\/bb12c4a4-1819-412e-8e5c-f6fb5e8e7136.jpg 1024w\" sizes=\"auto, (max-width: 188px) 100vw, 188px\" \/><\/a>BELLUNO<\/strong><\/p>\n<p>di Roberto Bona<\/p>\n<p>FOTO: Giuseppe Ranieri<\/p>\n<audio class=\"wp-audio-shortcode\" id=\"audio-349743-14\" preload=\"none\" style=\"width: 100%;\" controls=\"controls\"><source type=\"audio\/mpeg\" src=\"https:\/\/www.radiopiu.net\/wordpress\/wp-content\/uploads\/2023\/08\/gr-23-sport-motori-bona.mp3?_=14\" \/><a href=\"https:\/\/www.radiopiu.net\/wordpress\/wp-content\/uploads\/2023\/08\/gr-23-sport-motori-bona.mp3\">https:\/\/www.radiopiu.net\/wordpress\/wp-content\/uploads\/2023\/08\/gr-23-sport-motori-bona.mp3<\/a><\/audio>\n<p>&nbsp;<\/p>\n<p><span style=\"color: #0000ff;\"><strong>PALLAVOLO <\/strong><\/span><\/p>\n<\/div>\n<blockquote>\n<h3>PRIMO GIORNO DI ALLENAMENTO PER IL BELLUNO VOLLEY<\/h3>\n<\/blockquote>\n<p><strong>BELLUNO <\/strong>\u00c8 il primo giorno di scuola per il Belluno Volley: suona la campanella. Scuola che \u00e8 sempre la stessa: la Spes Arena. E nemmeno il \u201cprofessore\u201d \u00e8 cambiato: coach Gian Luca Colussi, affiancato dall\u2019assistente Roberto Malaguti, dal preparatore atletico Sergio Sartori e, in generale da un nutrito staff arricchito da una decina di persone. A essere profondamente cambiata, semmai, \u00e8 la classe: rispetto alla scorsa primavera, sui banchi &#8211; o meglio, sul parquet &#8211; hanno preso posto diversi nuovi studenti. Nove, per la precisione. Ma nessuno di loro \u00e8 ripetente. Al contrario, ognuno \u00e8 chiamato ad alzare il rendimento di un gruppo che, come ha precisato Colussi, dovr\u00e0 avere diverse qualit\u00e0.<\/p>\n\n\t\t\t<style type='text\/css'>\n\t\t\t\t#gallery-5 {\n\t\t\t\t\tmargin: auto;\n\t\t\t\t}\n\t\t\t\t#gallery-5 .gallery-item {\n\t\t\t\t\tfloat: left;\n\t\t\t\t\tmargin-top: 10px;\n\t\t\t\t\ttext-align: center;\n\t\t\t\t\twidth: 33%;\n\t\t\t\t}\n\t\t\t\t#gallery-5 img {\n\t\t\t\t\tborder: 2px solid #cfcfcf;\n\t\t\t\t}\n\t\t\t\t#gallery-5 .gallery-caption {\n\t\t\t\t\tmargin-left: 0;\n\t\t\t\t}\n\t\t\t\t\/* see gallery_shortcode() in wp-includes\/media.php *\/\n\t\t\t<\/style>\n\t\t<div id='gallery-5' class='dt-gallery-container gallery galleryid-349743 gallery-columns-3 gallery-size-thumbnail'><dl class='gallery-item'>\n\t\t\t\t<dt class='gallery-icon landscape'>\n\t\t\t\t\t<a class=\"rollover rollover-zoom dt-pswp-item\" title=\"Il_raduno_dei_rinoceronti\" data-dt-img-description=\"\" data-large_image_width=\"1222\" data-large_image_height=\"814\"href='https:\/\/www.radiopiu.net\/wordpress\/wp-content\/uploads\/2023\/08\/Il_raduno_dei_rinoceronti.jpg'><img loading=\"lazy\" decoding=\"async\" width=\"150\" height=\"150\" src=\"https:\/\/www.radiopiu.net\/wordpress\/wp-content\/uploads\/2023\/08\/Il_raduno_dei_rinoceronti-150x150.jpg\" class=\"attachment-thumbnail size-thumbnail\" alt=\"\" \/><\/a>\n\t\t\t\t<\/dt><\/dl><dl class='gallery-item'>\n\t\t\t\t<dt class='gallery-icon landscape'>\n\t\t\t\t\t<a class=\"rollover rollover-zoom dt-pswp-item\" title=\"Belluno_Volley_2023_2024\" data-dt-img-description=\"\" data-large_image_width=\"1222\" data-large_image_height=\"814\"href='https:\/\/www.radiopiu.net\/wordpress\/wp-content\/uploads\/2023\/08\/Belluno_Volley_2023_2024.jpg'><img loading=\"lazy\" decoding=\"async\" width=\"150\" height=\"150\" src=\"https:\/\/www.radiopiu.net\/wordpress\/wp-content\/uploads\/2023\/08\/Belluno_Volley_2023_2024-150x150.jpg\" class=\"attachment-thumbnail size-thumbnail\" alt=\"\" \/><\/a>\n\t\t\t\t<\/dt><\/dl><dl class='gallery-item'>\n\t\t\t\t<dt class='gallery-icon landscape'>\n\t\t\t\t\t<a class=\"rollover rollover-zoom dt-pswp-item\" title=\"Allenamento_outdoor\" data-dt-img-description=\"\" data-large_image_width=\"1198\" data-large_image_height=\"674\"href='https:\/\/www.radiopiu.net\/wordpress\/wp-content\/uploads\/2023\/08\/Allenamento_outdoor.jpg'><img loading=\"lazy\" decoding=\"async\" width=\"150\" height=\"150\" src=\"https:\/\/www.radiopiu.net\/wordpress\/wp-content\/uploads\/2023\/08\/Allenamento_outdoor-150x150.jpg\" class=\"attachment-thumbnail size-thumbnail\" alt=\"\" \/><\/a>\n\t\t\t\t<\/dt><\/dl><br style=\"clear: both\" \/>\n\t\t\t<\/div>\n\n<p>&nbsp;<\/p>\n<div class=\"moz-text-html\" lang=\"x-unicode\">\n<div dir=\"ltr\">\n<div>\n<div>\n<div>\n<blockquote>\n<h3><b>Pavan e De Salvador mordono il freno: \u00abDaremo il massimo\u00bb<span class=\"gmail-Apple-converted-space\">\u00a0<\/span><\/b><\/h3>\n<\/blockquote>\n<p>Il jolly e il libero. La versatilit\u00e0 e la solidit\u00e0 in seconda linea: due facce di una stessa medaglia targata Volley Belluno femminile. <b>Rebecca Pavan <\/b>e<b> Valentina De Salvador <\/b>ampliano ulteriormente il roster della Pallavolo Femminile Belluno di serie C, in vista dell\u2019annata 2023-2024.<\/p>\n<blockquote><p><em> \u00abAvevo iniziato la scorsa stagione con la Pallavolo Sedico, poi \u00e8 arrivato l\u2019infortunio al ginocchio &#8211; afferma Pavan, classe 2004 -. E, quando ho saputo che mi avrebbero voluta anche alla SB Volley, non potevo che esserne felice. L\u2019unione d\u2019intenti fra societ\u00e0? \u00c8 la cosa migliore per riuscire ad avere una squadra di rilievo e puntare il pi\u00f9 in alto possibile. L\u2019unione fa la forza. E io ci credo molto\u00bb<\/em><\/p><\/blockquote>\n\n\t\t\t<style type='text\/css'>\n\t\t\t\t#gallery-6 {\n\t\t\t\t\tmargin: auto;\n\t\t\t\t}\n\t\t\t\t#gallery-6 .gallery-item {\n\t\t\t\t\tfloat: left;\n\t\t\t\t\tmargin-top: 10px;\n\t\t\t\t\ttext-align: center;\n\t\t\t\t\twidth: 50%;\n\t\t\t\t}\n\t\t\t\t#gallery-6 img {\n\t\t\t\t\tborder: 2px solid #cfcfcf;\n\t\t\t\t}\n\t\t\t\t#gallery-6 .gallery-caption {\n\t\t\t\t\tmargin-left: 0;\n\t\t\t\t}\n\t\t\t\t\/* see gallery_shortcode() in wp-includes\/media.php *\/\n\t\t\t<\/style>\n\t\t<div id='gallery-6' class='dt-gallery-container gallery galleryid-349743 gallery-columns-2 gallery-size-thumbnail'><dl class='gallery-item'>\n\t\t\t\t<dt class='gallery-icon portrait'>\n\t\t\t\t\t<a class=\"rollover rollover-zoom dt-pswp-item\" title=\"Rebecca_Pavan_Homeclick\" data-dt-img-description=\"\" data-large_image_width=\"843\" data-large_image_height=\"1122\"href='https:\/\/www.radiopiu.net\/wordpress\/wp-content\/uploads\/2023\/08\/Rebecca_Pavan_Homeclick.jpg'><img loading=\"lazy\" decoding=\"async\" width=\"150\" height=\"150\" src=\"https:\/\/www.radiopiu.net\/wordpress\/wp-content\/uploads\/2023\/08\/Rebecca_Pavan_Homeclick-150x150.jpg\" class=\"attachment-thumbnail size-thumbnail\" alt=\"\" aria-describedby=\"gallery-6-349824\" \/><\/a>\n\t\t\t\t<\/dt>\n\t\t\t\t\t<dd class='wp-caption-text gallery-caption' id='gallery-6-349824'>\n\t\t\t\t\tRebecca_Pavan_Homeclick\n\t\t\t\t\t<\/dd><\/dl><dl class='gallery-item'>\n\t\t\t\t<dt class='gallery-icon portrait'>\n\t\t\t\t\t<a class=\"rollover rollover-zoom dt-pswp-item\" title=\"Valentina_De_Salvador_Homeclick\" data-dt-img-description=\"Valentina_De_Salvador_Homeclick\" data-large_image_width=\"1536\" data-large_image_height=\"2048\"href='https:\/\/www.radiopiu.net\/wordpress\/wp-content\/uploads\/2023\/08\/Valentina_De_Salvador_Homeclick.jpg'><img loading=\"lazy\" decoding=\"async\" width=\"150\" height=\"150\" src=\"https:\/\/www.radiopiu.net\/wordpress\/wp-content\/uploads\/2023\/08\/Valentina_De_Salvador_Homeclick-150x150.jpg\" class=\"attachment-thumbnail size-thumbnail\" alt=\"\" aria-describedby=\"gallery-6-349825\" \/><\/a>\n\t\t\t\t<\/dt>\n\t\t\t\t\t<dd class='wp-caption-text gallery-caption' id='gallery-6-349825'>\n\t\t\t\t\tValentina_De_Salvador_Homeclick\n\t\t\t\t\t<\/dd><\/dl><br style=\"clear: both\" \/>\n\t\t\t<\/div>\n\n<p>&nbsp;<\/p>\n<p>&nbsp;<\/p>\n<p>&nbsp;<\/p>\n<\/div>\n<\/div>\n<\/div>\n<\/div>\n<\/div>\n<\/div>\n","protected":false},"excerpt":{"rendered":"<p>40esimo di RADIOPIU\u2026. LA VOCE DELL\u2019EMOZIONE ISCRIVITI AL NOSTRO CANALE\u00a0\u00a0YOUTUBE PER SEGUIRE IN DIRETTA I PRINCIPALI PROGRAMMI DI RADIO PIU\u2019 E LE FUTURE DIRETTE IN ESTERNA. PER ISCRIVERTI\u00a0CLICCA QUI\u00a0E PREMI\u00a0 \u201cIscriviti\u201d &nbsp; &nbsp; SAN TOMASO_CENCENIGHE Solidariet\u00e0 a quegli operai che hanno interrotto le ferie estive per tornare sul cantiere lungo la regionale 203 agordina a&hellip;<\/p>\n","protected":false},"author":4,"featured_media":349921,"comment_status":"closed","ping_status":"closed","sticky":false,"template":"","format":"standard","meta":{"_monsterinsights_skip_tracking":false,"_monsterinsights_sitenote_active":false,"_monsterinsights_sitenote_note":"","_monsterinsights_sitenote_category":0,"footnotes":""},"categories":[51,86,49],"tags":[],"class_list":["post-349743","post","type-post","status-publish","format-standard","has-post-thumbnail","hentry","category-evidenza-top","category-gr","category-news-18","category-51","category-86","category-49","description-off"],"img_url":"https:\/\/www.radiopiu.net\/wordpress\/wp-content\/uploads\/2023\/08\/WhatsApp-Image-2023-08-22-at-23.49.51.jpeg","_links":{"self":[{"href":"https:\/\/www.radiopiu.net\/wordpress\/wp-json\/wp\/v2\/posts\/349743","targetHints":{"allow":["GET"]}}],"collection":[{"href":"https:\/\/www.radiopiu.net\/wordpress\/wp-json\/wp\/v2\/posts"}],"about":[{"href":"https:\/\/www.radiopiu.net\/wordpress\/wp-json\/wp\/v2\/types\/post"}],"author":[{"embeddable":true,"href":"https:\/\/www.radiopiu.net\/wordpress\/wp-json\/wp\/v2\/users\/4"}],"replies":[{"embeddable":true,"href":"https:\/\/www.radiopiu.net\/wordpress\/wp-json\/wp\/v2\/comments?post=349743"}],"version-history":[{"count":0,"href":"https:\/\/www.radiopiu.net\/wordpress\/wp-json\/wp\/v2\/posts\/349743\/revisions"}],"wp:featuredmedia":[{"embeddable":true,"href":"https:\/\/www.radiopiu.net\/wordpress\/wp-json\/wp\/v2\/media\/349921"}],"wp:attachment":[{"href":"https:\/\/www.radiopiu.net\/wordpress\/wp-json\/wp\/v2\/media?parent=349743"}],"wp:term":[{"taxonomy":"category","embeddable":true,"href":"https:\/\/www.radiopiu.net\/wordpress\/wp-json\/wp\/v2\/categories?post=349743"},{"taxonomy":"post_tag","embeddable":true,"href":"https:\/\/www.radiopiu.net\/wordpress\/wp-json\/wp\/v2\/tags?post=349743"}],"curies":[{"name":"wp","href":"https:\/\/api.w.org\/{rel}","templated":true}]}}