{"id":349745,"date":"2023-08-22T05:45:52","date_gmt":"2023-08-22T03:45:52","guid":{"rendered":"https:\/\/www.radiopiu.net\/wordpress\/?p=349745"},"modified":"2023-08-22T06:04:25","modified_gmt":"2023-08-22T04:04:25","slug":"fuga-in-moto-bloccato-e-denunciato","status":"publish","type":"post","link":"https:\/\/www.radiopiu.net\/wordpress\/fuga-in-moto-bloccato-e-denunciato\/","title":{"rendered":"FUGA IN MOTO, BLOCCATO E DENUNCIATO"},"content":{"rendered":"<p><strong>BELLUNO<\/strong> Scene da film l&#8217;altra sera a Belluno, ben documentato dalla chat Viabilit\u00e0 Provincia di Belluno: &#8220;c&#8217;\u00e8 un motociclista in fuga&#8221;, &#8220;un uomo in moto inseguito dalla Polizia&#8221;. In effetti \u00e8 andata proprio cos\u00ec. Erano le\u00a0 21 quando il motociclista campano, da tempo a Belluno, ha deciso di dribblare gli uomini della Polizia. Immediato l&#8217;inseguimento, personale della Questura e Carabinieri lungo via Garibaldi (in contromano), Piazzale Marconi, Via Feltre e fino in via dei Dendrofori. L&#8217;uomo \u00e8 stato fermato in via Sarajevo<\/p>\n<p>&nbsp;<\/p>\n<blockquote>\n<h3>IDENTIFICATI GLI AUTORI DEI RUMORI IN PIAZZA<\/h3>\n<\/blockquote>\n<p><strong>BELLUNO<\/strong> Cassa stereo a palla in centro, alle 17 sono arrivati i Carabinieri mentre il gruppetto di una decina di giovani maghrebini si \u00e8 spostato in piazza delle Erbe, all&#8217;arrivo dei Carabinieri, che gli hanno identificati, hanno alzato il sedere e si sono diretti in piazza Duomo.<\/p>\n<p>&nbsp;<\/p>\n<blockquote>\n<h3><strong><a class=\"dt-pswp-item\" href=\"https:\/\/www.radiopiu.net\/wordpress\/wp-content\/uploads\/2023\/08\/Senza-nome-62.png\" data-dt-img-description=\"\" data-large_image_width=\"592\" data-large_image_height=\"326\"><img loading=\"lazy\" decoding=\"async\" class=\"size-medium wp-image-349748 alignleft\" src=\"https:\/\/www.radiopiu.net\/wordpress\/wp-content\/uploads\/2023\/08\/Senza-nome-62-300x165.png\" alt=\"\" width=\"300\" height=\"165\" srcset=\"https:\/\/www.radiopiu.net\/wordpress\/wp-content\/uploads\/2023\/08\/Senza-nome-62-300x165.png 300w, https:\/\/www.radiopiu.net\/wordpress\/wp-content\/uploads\/2023\/08\/Senza-nome-62.png 592w\" sizes=\"auto, (max-width: 300px) 100vw, 300px\" \/><\/a><\/strong>EFFETTI DEL CALDO, MALORE IN CENTRO<\/h3>\n<\/blockquote>\n<p><strong>BELLUNO<\/strong> Alle 17,.30 \u00e8 stata soccorsa un donna che si \u00e8 sentita male. Portata in ospedale con l&#8217;ambulanza del pronto soccorso del San Martino. La paziente non ha mai perso consocenza.<\/p>\n<p>&nbsp;<\/p>\n<p>foto corriere alpi<\/p>\n<p>&nbsp;<\/p>\n<p>&nbsp;<\/p>\n<p>&nbsp;<\/p>\n<hr \/>\n<p>&nbsp;<\/p>\n","protected":false},"excerpt":{"rendered":"<p>BELLUNO Scene da film l&#8217;altra sera a Belluno, ben documentato dalla chat Viabilit\u00e0 Provincia di Belluno: &#8220;c&#8217;\u00e8 un motociclista in fuga&#8221;, &#8220;un uomo in moto inseguito dalla Polizia&#8221;. In effetti \u00e8 andata proprio cos\u00ec. Erano le\u00a0 21 quando il motociclista campano, da tempo a Belluno, ha deciso di dribblare gli uomini della Polizia. Immediato l&#8217;inseguimento,&hellip;<\/p>\n","protected":false},"author":4,"featured_media":349748,"comment_status":"closed","ping_status":"closed","sticky":false,"template":"","format":"standard","meta":{"_monsterinsights_skip_tracking":false,"_monsterinsights_sitenote_active":false,"_monsterinsights_sitenote_note":"","_monsterinsights_sitenote_category":0,"footnotes":""},"categories":[51,49],"tags":[],"class_list":["post-349745","post","type-post","status-publish","format-standard","has-post-thumbnail","hentry","category-evidenza-top","category-news-18","category-51","category-49","description-off"],"img_url":"https:\/\/www.radiopiu.net\/wordpress\/wp-content\/uploads\/2023\/08\/Senza-nome-62.png","_links":{"self":[{"href":"https:\/\/www.radiopiu.net\/wordpress\/wp-json\/wp\/v2\/posts\/349745","targetHints":{"allow":["GET"]}}],"collection":[{"href":"https:\/\/www.radiopiu.net\/wordpress\/wp-json\/wp\/v2\/posts"}],"about":[{"href":"https:\/\/www.radiopiu.net\/wordpress\/wp-json\/wp\/v2\/types\/post"}],"author":[{"embeddable":true,"href":"https:\/\/www.radiopiu.net\/wordpress\/wp-json\/wp\/v2\/users\/4"}],"replies":[{"embeddable":true,"href":"https:\/\/www.radiopiu.net\/wordpress\/wp-json\/wp\/v2\/comments?post=349745"}],"version-history":[{"count":0,"href":"https:\/\/www.radiopiu.net\/wordpress\/wp-json\/wp\/v2\/posts\/349745\/revisions"}],"wp:featuredmedia":[{"embeddable":true,"href":"https:\/\/www.radiopiu.net\/wordpress\/wp-json\/wp\/v2\/media\/349748"}],"wp:attachment":[{"href":"https:\/\/www.radiopiu.net\/wordpress\/wp-json\/wp\/v2\/media?parent=349745"}],"wp:term":[{"taxonomy":"category","embeddable":true,"href":"https:\/\/www.radiopiu.net\/wordpress\/wp-json\/wp\/v2\/categories?post=349745"},{"taxonomy":"post_tag","embeddable":true,"href":"https:\/\/www.radiopiu.net\/wordpress\/wp-json\/wp\/v2\/tags?post=349745"}],"curies":[{"name":"wp","href":"https:\/\/api.w.org\/{rel}","templated":true}]}}