{"id":349767,"date":"2023-08-22T07:55:02","date_gmt":"2023-08-22T05:55:02","guid":{"rendered":"https:\/\/www.radiopiu.net\/wordpress\/?p=349767"},"modified":"2023-08-22T08:00:54","modified_gmt":"2023-08-22T06:00:54","slug":"dal-1983-ogni-giorno-alle-otto-del-mattino-la-rassegna-stampa-locale-di-mirko-mezzacasa-3","status":"publish","type":"post","link":"https:\/\/www.radiopiu.net\/wordpress\/dal-1983-ogni-giorno-alle-otto-del-mattino-la-rassegna-stampa-locale-di-mirko-mezzacasa-3\/","title":{"rendered":"DAL 1983 OGNI GIORNO ALLE OTTO DEL MATTINO &#8220;LA RASSEGNA STAMPA LOCALE&#8221; DI MIRKO MEZZACASA"},"content":{"rendered":"<p><iframe loading=\"lazy\" title=\"RASSEGNA STAMPA LOCALE\" width=\"1200\" height=\"675\" src=\"https:\/\/www.youtube.com\/embed\/imDeVLgR3E0?feature=oembed\" frameborder=\"0\" allow=\"accelerometer; autoplay; clipboard-write; encrypted-media; gyroscope; picture-in-picture; web-share\" allowfullscreen><\/iframe><\/p>\n<p>&nbsp;<\/p>\n<p>ROCCA PIETORE Oggi previsti 16 gradi in Marmolada. Un invito agli escursionisti a non lasciare i percorsi tracciati. Potrebbero scattare i presupposti per vietare l&#8217;accesso alla parte centrale del ghiacciaio.<\/p>\n<p>CORTINA L&#8217;anniversario, 14 anni dopo l&#8217;incidente di Rio Gere, persero la vita quattro soccorritori di Falco.<\/p>\n<p>VAL DI ZOLDO Due interventi di poco conto ma di grande impegno per il personale Suem, dell\u2019elicottero, del Soccorso Alpino. Per cosa? Una caviglia traumatizzata sopra\u00a0 Passo Staulanza\u00a0 e \u00a0una 71enne di Ferrara infortunata a un piede.<\/p>\n<p>FELTRE E&#8217; mancato Don\u00a0 Giuseppe Minella, era ospite in casa Kolbe a Pedavena. Ha dedicato la sua vita allo studio e ai giovani.<\/p>\n<p>LONGARONE Tredici anni fa Don Francesco Cassol fu ucciso, scambiato da un cacciatore per un cinghiale. I giorni del ricordo anche in un libro, sul sito di RADIOPIU presentato da Renato Bona.<\/p>\n<p>BELLUNO\u00a0Scene da film l\u2019altra sera a Belluno, ben documentato dalla chat Viabilit\u00e0 Provincia di Belluno: \u201cc\u2019\u00e8 un motociclista in fuga\u201d, \u201cun uomo in moto inseguito dalla Polizia\u201d. In effetti \u00e8 andata proprio cos\u00ec. Erano le\u00a0 21 quando il motociclista campano, da tempo a Belluno, ha deciso di dribblare gli uomini della Polizia. Immediato l\u2019inseguimento, personale della Questura e Carabinieri lungo via Garibaldi (in contromano), Piazzale Marconi, Via Feltre e fino in via dei Dendrofori. L\u2019uomo \u00e8 stato fermato in via Sarajevo<\/p>\n<p>AGORDO Tutela dei minori, nel capoluogo di vallata il primo ufficio di prossimit\u00e0 nella sede dell&#8217;Unione Montana Agordina.<\/p>\n<p>IL COMUNE DI LA VALLE CONTINUA IL SODALIZIO CON AUSER PER IL TRASPORTO STUDENTI<\/p>\n<p>UN NUOVO AVVISO DI GARA PER L\u2019AREA CAMPER DI LAMBROI<br \/>\nGSP E&#8217; sempre emergenza acqua a Danta di Cadore, problemi superati in Comelico, acqua ancora inquinata nell&#8217;Agordino a Canale d&#8217;Agordo e Falcade.<\/p>\n<p>PROFUGHI In provincia oggi se ne contano 300, raddoppiato il numero di trasferimenti (10 persone anzich\u00e9 5 ad ogni chiamata). Si cercano nuove strutture per l&#8217;accoglienza.<\/p>\n<p><strong>SP 563 SALESEI\u00a0<\/strong>Fino al 25 agosto in localit\u00e0 Digonera di Rocca Pietore interdizione al traffico dalle 8 alle 18. Negli altri orari senso unico alternato regolato da semaforo. Dal 26 al 28 agosto senso unico alternato regolato da semaforo.<\/p>\n<p>LO STATO DI ALLARME CLIMATICO PER DISAGIO FISICO CONTINUA FINO AL 24 AGOSTO<br \/>\nSOSPIROLO\u00a0\u00a0Domenica sera verso le 20 la Centrale del Suem \u00e8 stata contattata dalla compagna di un alpinista da due giorni impegnato nella traversata del Mont\u2019Alt. Il 34enne di Mogliano Veneto (TV) era partito sabato per bivaccare alla base della Torre del Mont\u2019Alt. Dopo una serata di ricerche ieri mattina, i soccorritori mentre stavano per organizzare la giornata di ricerche hanno scorto un uomo alla fermata dell\u2019autobus: era proprio lui<\/p>\n<p>IN RICORDO DI ERMANNO SALVATERRA: UNA LUCE\u00a0 TRA LE VETTE Nei giorni in cui l\u2019alpinismo piange la perdita di Ermanno Salvaterra, una delle figure pi\u00f9 amate e rispettate nel mondo dell\u2019arrampicata, si riaccendono i ricordi di un uomo che ha lasciato un\u2019impronta indelebile tra le vette pi\u00f9 imponenti. La sua prematura scomparsa riporta alla mente uno dei momenti pi\u00f9 significativi della sua carriera, quando nel lontano 1992 si alz\u00f2 fiero sul palco dell\u2019Agordino D\u2019Oro Premio i Discreti.<\/p>\n<p>STAZIONE DI LONGARONE, SPORCIZIA E VANDALISMO<\/p>\n<p>VANDALI IN VIA MATTEOTTI A BELLUNO\u00a0 ALBERTO \u201cNON SI E\u2019 FATTO VIVO NESSUNO\u2026ORA VADO IN QUESTURA A DENUNCIARLI\u201d<\/p>\n<p>ATTI DI VANDALISMO ALLA SUCCURSALE DELLE MEDIE DI AGORDO<\/p>\n<p>UNA SUPER FRANCESCA DE COLO\u2019 NEL PALIO DEI CENTO, NELL\u2019EDIZIONE DEI RECORD<\/p>\n<p>ATLETICA VENETA IN RADUNO, A MEL LA CARICA DEI 101Agosto, come sempre, \u00e8 tempo di raduni per l\u2019atletica veneta: da domani 101 atleti delle categorie cadetti e allievi sono coinvolti nei tradizionali incontri organizzati dal settore tecnico del Comitato regionale della Fidal.<\/p>\n<p>PALLAVOLO I VOLTI NUOVI DELLA PALLAVOLO BELLUNO FEMMINILE Faranno parte del roster Vittoria Pombia e Camilla Consoli. Classe 1997, con esperienze all\u2019estero (e in particolare in Francia) l\u2019una; diciotto anni con un passato nella Spes, l\u2019altra. Insomma, un mix intrigante per la coppia che \u201cgoverner\u00e0\u201d il centro.<\/p>\n<p>&nbsp;<\/p>\n<p>&nbsp;<\/p>\n","protected":false},"excerpt":{"rendered":"<p>&nbsp; ROCCA PIETORE Oggi previsti 16 gradi in Marmolada. Un invito agli escursionisti a non lasciare i percorsi tracciati. Potrebbero scattare i presupposti per vietare l&#8217;accesso alla parte centrale del ghiacciaio. CORTINA L&#8217;anniversario, 14 anni dopo l&#8217;incidente di Rio Gere, persero la vita quattro soccorritori di Falco. VAL DI ZOLDO Due interventi di poco conto&hellip;<\/p>\n","protected":false},"author":4,"featured_media":349768,"comment_status":"closed","ping_status":"closed","sticky":false,"template":"","format":"standard","meta":{"_monsterinsights_skip_tracking":false,"_monsterinsights_sitenote_active":false,"_monsterinsights_sitenote_note":"","_monsterinsights_sitenote_category":0,"footnotes":""},"categories":[104,49],"tags":[],"class_list":["post-349767","post","type-post","status-publish","format-standard","has-post-thumbnail","hentry","category-evidenza_3","category-news-18","category-104","category-49","description-off"],"img_url":"https:\/\/www.radiopiu.net\/wordpress\/wp-content\/uploads\/2023\/08\/Senza-nome-64.png","_links":{"self":[{"href":"https:\/\/www.radiopiu.net\/wordpress\/wp-json\/wp\/v2\/posts\/349767","targetHints":{"allow":["GET"]}}],"collection":[{"href":"https:\/\/www.radiopiu.net\/wordpress\/wp-json\/wp\/v2\/posts"}],"about":[{"href":"https:\/\/www.radiopiu.net\/wordpress\/wp-json\/wp\/v2\/types\/post"}],"author":[{"embeddable":true,"href":"https:\/\/www.radiopiu.net\/wordpress\/wp-json\/wp\/v2\/users\/4"}],"replies":[{"embeddable":true,"href":"https:\/\/www.radiopiu.net\/wordpress\/wp-json\/wp\/v2\/comments?post=349767"}],"version-history":[{"count":0,"href":"https:\/\/www.radiopiu.net\/wordpress\/wp-json\/wp\/v2\/posts\/349767\/revisions"}],"wp:featuredmedia":[{"embeddable":true,"href":"https:\/\/www.radiopiu.net\/wordpress\/wp-json\/wp\/v2\/media\/349768"}],"wp:attachment":[{"href":"https:\/\/www.radiopiu.net\/wordpress\/wp-json\/wp\/v2\/media?parent=349767"}],"wp:term":[{"taxonomy":"category","embeddable":true,"href":"https:\/\/www.radiopiu.net\/wordpress\/wp-json\/wp\/v2\/categories?post=349767"},{"taxonomy":"post_tag","embeddable":true,"href":"https:\/\/www.radiopiu.net\/wordpress\/wp-json\/wp\/v2\/tags?post=349767"}],"curies":[{"name":"wp","href":"https:\/\/api.w.org\/{rel}","templated":true}]}}