{"id":349795,"date":"2023-08-22T10:27:39","date_gmt":"2023-08-22T08:27:39","guid":{"rendered":"https:\/\/www.radiopiu.net\/wordpress\/?p=349795"},"modified":"2023-08-22T10:28:32","modified_gmt":"2023-08-22T08:28:32","slug":"ferite-gravi-per-il-motociclista-finito-fuori-strada-ad-arabba","status":"publish","type":"post","link":"https:\/\/www.radiopiu.net\/wordpress\/ferite-gravi-per-il-motociclista-finito-fuori-strada-ad-arabba\/","title":{"rendered":"FERITE GRAVI PER IL MOTOCICLISTA FINITO FUORI STRADA AD ARABBA"},"content":{"rendered":"<p><strong>REDAZIONE<\/strong> Mattinata di &#8220;ordinaria amministrazione&#8221; per uomini e donne del Suem dopo l&#8217;ennesima giornata di pressione. Ieri a met\u00e0 mattinata Falco1 \u00e8 volato sul Pelmo per soccorrere un 40enne di San Don\u00e0 per un problema ad una gamba. All&#8217;una Falco1 nell&#8217;Agordino, per un malore: soccorso un 53enne\u00a0 portato in ospedale a Belluno. Nel pomeriggio altri due interventi al Rifugio Vandelli, soccorso un77enne che accusava un dolore toracico (Falco1 lo ha portato a Belluno), ad Auronzo auto fuori strada, ferito (codice 2 media gravit\u00e0) un turista 65enne di Roma. Infine in serata alle 18 l&#8217;incidente del motociclista 34enne tedesco ad Arabba, trasferito in elicottero a Belluno con ferite gravi.<\/p>\n<p>&nbsp;<\/p>\n<p>___<\/p>\n","protected":false},"excerpt":{"rendered":"<p>REDAZIONE Mattinata di &#8220;ordinaria amministrazione&#8221; per uomini e donne del Suem dopo l&#8217;ennesima giornata di pressione. Ieri a met\u00e0 mattinata Falco1 \u00e8 volato sul Pelmo per soccorrere un 40enne di San Don\u00e0 per un problema ad una gamba. All&#8217;una Falco1 nell&#8217;Agordino, per un malore: soccorso un 53enne\u00a0 portato in ospedale a Belluno. Nel pomeriggio altri&hellip;<\/p>\n","protected":false},"author":4,"featured_media":210755,"comment_status":"closed","ping_status":"closed","sticky":false,"template":"","format":"standard","meta":{"_monsterinsights_skip_tracking":false,"_monsterinsights_sitenote_active":false,"_monsterinsights_sitenote_note":"","_monsterinsights_sitenote_category":0,"footnotes":""},"categories":[51,49],"tags":[],"class_list":["post-349795","post","type-post","status-publish","format-standard","has-post-thumbnail","hentry","category-evidenza-top","category-news-18","category-51","category-49","description-off"],"img_url":"https:\/\/www.radiopiu.net\/wordpress\/wp-content\/uploads\/2021\/05\/Arabba_Passo-Pordoi_ph.credit_freddy-planinschek-scaled.jpg","_links":{"self":[{"href":"https:\/\/www.radiopiu.net\/wordpress\/wp-json\/wp\/v2\/posts\/349795","targetHints":{"allow":["GET"]}}],"collection":[{"href":"https:\/\/www.radiopiu.net\/wordpress\/wp-json\/wp\/v2\/posts"}],"about":[{"href":"https:\/\/www.radiopiu.net\/wordpress\/wp-json\/wp\/v2\/types\/post"}],"author":[{"embeddable":true,"href":"https:\/\/www.radiopiu.net\/wordpress\/wp-json\/wp\/v2\/users\/4"}],"replies":[{"embeddable":true,"href":"https:\/\/www.radiopiu.net\/wordpress\/wp-json\/wp\/v2\/comments?post=349795"}],"version-history":[{"count":0,"href":"https:\/\/www.radiopiu.net\/wordpress\/wp-json\/wp\/v2\/posts\/349795\/revisions"}],"wp:featuredmedia":[{"embeddable":true,"href":"https:\/\/www.radiopiu.net\/wordpress\/wp-json\/wp\/v2\/media\/210755"}],"wp:attachment":[{"href":"https:\/\/www.radiopiu.net\/wordpress\/wp-json\/wp\/v2\/media?parent=349795"}],"wp:term":[{"taxonomy":"category","embeddable":true,"href":"https:\/\/www.radiopiu.net\/wordpress\/wp-json\/wp\/v2\/categories?post=349795"},{"taxonomy":"post_tag","embeddable":true,"href":"https:\/\/www.radiopiu.net\/wordpress\/wp-json\/wp\/v2\/tags?post=349795"}],"curies":[{"name":"wp","href":"https:\/\/api.w.org\/{rel}","templated":true}]}}