{"id":349919,"date":"2023-08-24T05:47:09","date_gmt":"2023-08-24T03:47:09","guid":{"rendered":"https:\/\/www.radiopiu.net\/wordpress\/?p=349919"},"modified":"2023-08-24T09:03:28","modified_gmt":"2023-08-24T07:03:28","slug":"giornale-radiopiu-24-agosto-2023-direttore-mirko-mezzacasada-40-anni-25-giugno-1983-25-giugno-2023","status":"publish","type":"post","link":"https:\/\/www.radiopiu.net\/wordpress\/giornale-radiopiu-24-agosto-2023-direttore-mirko-mezzacasada-40-anni-25-giugno-1983-25-giugno-2023\/","title":{"rendered":"GIORNALE RADIOPIU 24 AGOSTO 2023 DIRETTORE MIRKO MEZZACASA\u2026DA 40 ANNI 25 GIUGNO 1983-25 GIUGNO 2023"},"content":{"rendered":"<h2 style=\"text-align: left;\"><span style=\"color: #ff0000;\"><span style=\"vertical-align: inherit;\"><a class=\"dt-pswp-item\" href=\"https:\/\/www.radiopiu.net\/wordpress\/wp-content\/uploads\/2023\/04\/e0aad41d-951e-47b9-9fae-1a879a9bcb7e-1.jpg\" data-dt-img-description=\"\" data-large_image_width=\"1200\" data-large_image_height=\"1200\"><img loading=\"lazy\" decoding=\"async\" class=\"wp-image-333205 alignleft\" src=\"https:\/\/www.radiopiu.net\/wordpress\/wp-content\/uploads\/2023\/04\/e0aad41d-951e-47b9-9fae-1a879a9bcb7e-1-300x300.jpg\" alt=\"\" width=\"110\" height=\"110\" srcset=\"https:\/\/www.radiopiu.net\/wordpress\/wp-content\/uploads\/2023\/04\/e0aad41d-951e-47b9-9fae-1a879a9bcb7e-1-300x300.jpg 300w, https:\/\/www.radiopiu.net\/wordpress\/wp-content\/uploads\/2023\/04\/e0aad41d-951e-47b9-9fae-1a879a9bcb7e-1-1024x1024.jpg 1024w, https:\/\/www.radiopiu.net\/wordpress\/wp-content\/uploads\/2023\/04\/e0aad41d-951e-47b9-9fae-1a879a9bcb7e-1-150x150.jpg 150w, https:\/\/www.radiopiu.net\/wordpress\/wp-content\/uploads\/2023\/04\/e0aad41d-951e-47b9-9fae-1a879a9bcb7e-1-768x768.jpg 768w, https:\/\/www.radiopiu.net\/wordpress\/wp-content\/uploads\/2023\/04\/e0aad41d-951e-47b9-9fae-1a879a9bcb7e-1.jpg 1200w\" sizes=\"auto, (max-width: 110px) 100vw, 110px\" \/><\/a><\/span><\/span><\/h2>\n<h1 class=\"entry-title\">40esimo di RADIOPIU\u2026. LA VOCE DELL\u2019EMOZIONE<\/h1>\n<h2><span style=\"color: #ff0000;\">ISCRIVITI AL NOSTRO CANALE\u00a0\u00a0YOUTUBE PER SEGUIRE IN DIRETTA I PRINCIPALI PROGRAMMI DI RADIO PIU\u2019 E LE FUTURE DIRETTE IN ESTERNA. PER ISCRIVERTI\u00a0<a style=\"color: #ff0000;\" href=\"https:\/\/youtube.com\/@radiopiu1527\">CLICCA QUI\u00a0<\/a>E PREMI\u00a0 \u201cIscriviti\u201d<\/span><\/h2>\n<p>&nbsp;<\/p>\n<p><a class=\"dt-pswp-item\" href=\"https:\/\/www.radiopiu.net\/wordpress\/wp-content\/uploads\/2023\/08\/sersa-ok-1.jpg\" data-dt-img-description=\"\" data-large_image_width=\"300\" data-large_image_height=\"300\"><img loading=\"lazy\" decoding=\"async\" class=\"size-full wp-image-349822 aligncenter\" src=\"https:\/\/www.radiopiu.net\/wordpress\/wp-content\/uploads\/2023\/08\/sersa-ok-1.jpg\" alt=\"\" width=\"300\" height=\"300\" srcset=\"https:\/\/www.radiopiu.net\/wordpress\/wp-content\/uploads\/2023\/08\/sersa-ok-1.jpg 300w, https:\/\/www.radiopiu.net\/wordpress\/wp-content\/uploads\/2023\/08\/sersa-ok-1-150x150.jpg 150w\" sizes=\"auto, (max-width: 300px) 100vw, 300px\" \/><\/a><\/p>\n<p>&nbsp;<\/p>\n<hr \/>\n<p>&nbsp;<\/p>\n<blockquote>\n<h2>ultim&#8217;ora 8.00 RITROVATA INCOLUME NEI BOSCHI DI SELVA DI CADORE<\/h2>\n<\/blockquote>\n<p>&nbsp;<\/p>\n<p><strong><img loading=\"lazy\" decoding=\"async\" class=\"alignleft\" src=\"https:\/\/www.radiopiu.net\/wordpress\/wp-content\/uploads\/2018\/05\/SELVA-DI-CADORE.jpg\" width=\"175\" height=\"70\" \/>SELVA DI CADORE<\/strong> L&#8217;esercito rosso dei pompieri: di Agordo, Selva di Cadore e Colle Santa Lucia, unitamente al Soccorso Alpino ha setacciato i boschi per un&#8217;ora, ieri sera alle 22.30. L&#8217;allarme scattato per la scomparsa di una signora, Z.L. 80 anni di Padova . Ritrovata incolume<\/p>\n<p>&nbsp;<\/p>\n<hr \/>\n<p>&nbsp;<\/p>\n<p>&nbsp;<\/p>\n<blockquote>\n<h3 style=\"text-align: left;\"><a class=\"dt-pswp-item\" href=\"https:\/\/www.radiopiu.net\/wordpress\/wp-content\/uploads\/2023\/08\/Senza-nome-75.png\" data-dt-img-description=\"\" data-large_image_width=\"582\" data-large_image_height=\"355\"><img loading=\"lazy\" decoding=\"async\" class=\"size-medium wp-image-350082 alignleft\" src=\"https:\/\/www.radiopiu.net\/wordpress\/wp-content\/uploads\/2023\/08\/Senza-nome-75-300x183.png\" alt=\"\" width=\"300\" height=\"183\" srcset=\"https:\/\/www.radiopiu.net\/wordpress\/wp-content\/uploads\/2023\/08\/Senza-nome-75-300x183.png 300w, https:\/\/www.radiopiu.net\/wordpress\/wp-content\/uploads\/2023\/08\/Senza-nome-75.png 582w\" sizes=\"auto, (max-width: 300px) 100vw, 300px\" \/><\/a>INIZIATO IL TERZO RITIRO SOTTO AL FOCOBON<\/h3>\n<\/blockquote>\n<h1>BENVENUTA REYER!<\/h1>\n<div class=\"articlePlainText\"><strong>FALCADE<\/strong> Dopo il Venezia, ecco la Reyer in ritiro con quartier generale allo SportHotel Cristal, dove rimarr\u00e0 fino a domenica, sosterr\u00e0 gli allenamenti al palasport di via Trieste, mentre la parte atletica si svolger\u00e0 nel nuovo campo da calcio inaugurato un mese fa con il ritiro del Venezia. Ieri sera, all&#8217;esterno dello SportHotel Cristal, la Reyer ha ricevuto il benvenuto da parte del sindaco Mauro Salvaterra, del delegato a sport e cultura Fulvio Valt, della presidente di PromoFalcade Dolomiti Antonella Schena e del presidente dell&#8217;associazione albergatori Luigi De Toffol.\u00a0 \u00a0I giocatori e lo staff della Reyer incontreranno sabato, in tarda mattinata al termine dell&#8217;allenamento, i tifosi e le famiglie al Reyer Village, allestito sulla piana di Falcade, davanti all&#8217;hotel, dove saranno allestiti uno stand e canestri per i pi\u00f9 piccoli. Luned\u00ec, invece, arriver\u00e0 a Falcade la squadra femminile guidata da coach Andrea Mazzon.<\/div>\n<div><\/div>\n<p>&nbsp;<\/p>\n<hr \/>\n<p>&nbsp;<\/p>\n<h2 class=\"entry-title\"><span style=\"color: #0000ff;\">ACQUA INQUINATA A FALCADE E CANALE D&#8217;AGORDO<\/span><\/h2>\n<p>Gestione Servizi Pubblici informa che a FALCADE nelle localit\u00e0 FALCADE ALTO, VILLOTTA, LA FOCA E VIA MAS DE LE MOLE e a CANALE D&#8217;AGORDO nelle localit\u00e0 CAPOLUOGO, CASATE, VAL e CALCERGNAN l\u2019acqua erogata dall\u2019acquedotto non \u00e8 potabile e pu\u00f2 essere usata per scopi alimentari SOLO PREVIA bollitura. GSP ha, comunque, gi\u00e0 adottato le necessarie misure per la disinfezione dell\u2019acqua presente nei serbatoi e nella rete idrica con l\u2019aggiunta di cloro.<\/p>\n<p>&nbsp;<\/p>\n<p>&nbsp;<\/p>\n<hr \/>\n<p>&nbsp;<\/p>\n<blockquote>\n<h3>INTERDIZIONE TOTALE AL TRAFFICO A DIGONERA<\/h3>\n<\/blockquote>\n<p><strong>SP 563 SALESEI <\/strong>Fino al 25 agosto in localit\u00e0 Digonera di Rocca Pietore interdizione al traffico dalle 8 alle 18. Negli altri orari senso unico alternato regolato da semaforo. Dal 26 al 28 agosto senso unico alternato regolato da semaforo.<\/p>\n<p>&nbsp;<\/p>\n<blockquote>\n<h3 class=\"entry-title\">CHIUDE LA PROVINCIALE 19 DI LAMON<\/h3>\n<\/blockquote>\n<p><strong>REDAZIONE<\/strong> Fino all\u20198 settembre, dalle 7.30 alle 17.30 chiude totalmente la provinciale 19 in Comune di Lamon, Negli altri orari senso unico alternato regolato da semaforo, divieto di sorpasso e limite orario 50 e 30 chilometri.<\/p>\n<p>&nbsp;<\/p>\n<hr \/>\n<p>&nbsp;<\/p>\n<blockquote>\n<h3>RUGBY FELTRE IN LUTTO. MUORE DOPO L&#8217;ALLENAMENTO COACH ALESSANDRO GERARDI, ALLENATORE DELL&#8217;UNDER 16<\/h3>\n<\/blockquote>\n<p><strong><a class=\"dt-pswp-item\" href=\"https:\/\/www.radiopiu.net\/wordpress\/wp-content\/uploads\/2023\/08\/Senza-nome-72.png\" data-dt-img-description=\"\" data-large_image_width=\"229\" data-large_image_height=\"162\"><img loading=\"lazy\" decoding=\"async\" class=\"size-full wp-image-350073 alignleft\" src=\"https:\/\/www.radiopiu.net\/wordpress\/wp-content\/uploads\/2023\/08\/Senza-nome-72.png\" alt=\"\" width=\"229\" height=\"162\" \/><\/a>FELTRE<\/strong> Alessandro Gerardi, allenatore dell&#8217;under 16 del Rugby Feltre, \u00e8 scomparso tragicamente marted\u00ec dopo una sessione di allenamento presso il campo sportivo di Segusino. Nonostante i tentativi di rianimazione da parte dei presenti e degli operatori sanitari, non \u00e8 stato possibile salvarlo. Gerardi era entrato a far parte del Rugby Feltre nel 2017 e aveva sviluppato una vasta conoscenza tecnica e passione per il rugby, acquisendo esperienze in tutta Europa, tra cui Francia, Inghilterra e Italia. Originario di Venezia, aveva scelto Feltre come sua citt\u00e0 e contribuiva attivamente allo sviluppo del rugby giovanile. La sua improvvisa scomparsa ha scosso profondamente la comunit\u00e0 sportiva e lasciato un vuoto nella societ\u00e0 presieduta da Paolo Aspodello.<\/p>\n<p>&nbsp;<\/p>\n<hr \/>\n<p>&nbsp;<\/p>\n<p>&nbsp;<\/p>\n<blockquote>\n<h3>\u00a0MUORE A DUE GIORNI DALLA CADUTA IN BICICLETTA<\/h3>\n<p><em>L&#8217;incidente in bicicletta si \u00e8 verificato mentre Alfio tornava a casa, cadendo in un sottopasso vicino all&#8217;abitazione. Le ferite alla testa derivanti dall&#8217;impatto sono state molto gravi.<\/em><\/p><\/blockquote>\n<p><strong><a class=\"dt-pswp-item\" href=\"https:\/\/www.radiopiu.net\/wordpress\/wp-content\/uploads\/2023\/08\/Senza-nome-73.png\" data-dt-img-description=\"\" data-large_image_width=\"561\" data-large_image_height=\"401\"><img loading=\"lazy\" decoding=\"async\" class=\"size-medium wp-image-350075 alignleft\" src=\"https:\/\/www.radiopiu.net\/wordpress\/wp-content\/uploads\/2023\/08\/Senza-nome-73-300x214.png\" alt=\"\" width=\"300\" height=\"214\" srcset=\"https:\/\/www.radiopiu.net\/wordpress\/wp-content\/uploads\/2023\/08\/Senza-nome-73-300x214.png 300w, https:\/\/www.radiopiu.net\/wordpress\/wp-content\/uploads\/2023\/08\/Senza-nome-73.png 561w\" sizes=\"auto, (max-width: 300px) 100vw, 300px\" \/><\/a>BORGO VALBELLUNA<\/strong>\u00a0 Alfio Dal Piva, residente a Lentiai, \u00e8 deceduto a causa delle gravi lesioni subite in un incidente in bicicletta. Dopo essere stato trovato privo di conoscenza dai familiari nella sua abitazione a seguito della caduta dalla bicicletta, \u00e8 stato ricoverato in condizioni critiche all&#8217;ospedale Ca&#8217; Foncello di Treviso. Purtroppo, a due giorni dal ricovero, il marted\u00ec successivo, il suo cuore ha smesso di battere a causa del trauma cranico subito nell&#8217;incidente.\u00a0 La comunit\u00e0 di Lentiai \u00e8 profondamente colpita dalla sua scomparsa. Alfio Dal Piva era una persona molto rispettata ed era conosciuta per la sua gentilezza e disponibilit\u00e0. Amava passare del tempo con gli amici, era un&#8217;anima buona e aveva un&#8217;ottima reputazione tra i conoscenti. La sua compagna, Domenica, ha condiviso un toccante messaggio di addio, sottolineando l&#8217;anno intenso di relazione e di progetti condivisi. Alfio era un dipendente presso Pandolfo Alluminio di Lentiai ma dedicava gran parte del suo tempo libero ad aiutare la comunit\u00e0 locale.\u00a0 I funerali di Alfio Dal Piva si terranno presso la chiesa arcipretale di Lentiai, dove parenti e amici gli daranno l&#8217;ultimo saluto. Lascia\u00a0 due fratelli, Fabrizio e Giuliano, oltre alla compagna Domenica.<\/p>\n<div class=\"flex-1 overflow-hidden\">\n<div class=\"react-scroll-to-bottom--css-vkbdj-79elbk h-full dark:bg-gray-800\">\n<div class=\"react-scroll-to-bottom--css-vkbdj-1n7m0yu\">\n<div class=\"flex flex-col text-sm dark:bg-gray-800\">\n<div class=\"group w-full text-token-text-primary border-b border-black\/10 dark:border-gray-900\/50 bg-gray-50 dark:bg-[#444654]\">\n<div class=\"flex p-4 gap-4 text-base md:gap-6 md:max-w-2xl lg:max-w-[38rem] xl:max-w-3xl md:py-6 lg:px-0 m-auto\">\n<div class=\"relative flex w-[calc(100%-50px)] flex-col gap-1 md:gap-3 lg:w-[calc(100%-115px)]\">\n<div class=\"flex justify-between lg:block\">\n<blockquote>\n<div class=\"text-xs flex items-center justify-center gap-1 self-center pt-2 !invisible\"><em> \u00abAbbiamo passato poco pi\u00f9 di un anno delle nostre vite insieme, ma un anno intenso di complicit\u00e0, di chiacchierate, di decisioni e di progetti che purtroppo non si realizzeranno. Grazie per questo anno di serenit\u00e0 e di sostegno\u00bb. Domenica.<\/em><\/div>\n<\/blockquote>\n<\/div>\n<div><\/div>\n<\/div>\n<\/div>\n<\/div>\n<\/div>\n<\/div>\n<\/div>\n<\/div>\n<p>&nbsp;<\/p>\n<hr \/>\n<p>&nbsp;<\/p>\n<blockquote>\n<h3>GLI INTERVENTI DEL SUEM. UN DECESSO A CALALZO DI CADORE<\/h3>\n<div class=\"articlePlainTitle\"><em>Malore al volante, Maurizio Monego muore a sessant&#8217;anni<\/em><\/div>\n<div class=\"articlePlainText\"><\/div>\n<\/blockquote>\n<p><strong>di BARBARA PAOLAZZI\u00a0<\/strong><\/p>\n<audio class=\"wp-audio-shortcode\" id=\"audio-349919-1\" preload=\"none\" style=\"width: 100%;\" controls=\"controls\"><source type=\"audio\/mpeg\" src=\"https:\/\/www.radiopiu.net\/wordpress\/wp-content\/uploads\/2023\/08\/MALORE-BARBARA.mp3?_=1\" \/><a href=\"https:\/\/www.radiopiu.net\/wordpress\/wp-content\/uploads\/2023\/08\/MALORE-BARBARA.mp3\">https:\/\/www.radiopiu.net\/wordpress\/wp-content\/uploads\/2023\/08\/MALORE-BARBARA.mp3<\/a><\/audio>\n<p>&nbsp;<\/p>\n<p><strong><a class=\"dt-pswp-item\" href=\"https:\/\/www.radiopiu.net\/wordpress\/wp-content\/uploads\/2023\/08\/dc17a8a9-8a61-451f-b905-c827c020af63.jpg\" data-dt-img-description=\"\" data-large_image_width=\"1349\" data-large_image_height=\"1599\"><img loading=\"lazy\" decoding=\"async\" class=\" wp-image-350079 alignleft\" src=\"https:\/\/www.radiopiu.net\/wordpress\/wp-content\/uploads\/2023\/08\/dc17a8a9-8a61-451f-b905-c827c020af63-253x300.jpg\" alt=\"\" width=\"160\" height=\"190\" srcset=\"https:\/\/www.radiopiu.net\/wordpress\/wp-content\/uploads\/2023\/08\/dc17a8a9-8a61-451f-b905-c827c020af63-253x300.jpg 253w, https:\/\/www.radiopiu.net\/wordpress\/wp-content\/uploads\/2023\/08\/dc17a8a9-8a61-451f-b905-c827c020af63-864x1024.jpg 864w, https:\/\/www.radiopiu.net\/wordpress\/wp-content\/uploads\/2023\/08\/dc17a8a9-8a61-451f-b905-c827c020af63-768x910.jpg 768w, https:\/\/www.radiopiu.net\/wordpress\/wp-content\/uploads\/2023\/08\/dc17a8a9-8a61-451f-b905-c827c020af63-1296x1536.jpg 1296w, https:\/\/www.radiopiu.net\/wordpress\/wp-content\/uploads\/2023\/08\/dc17a8a9-8a61-451f-b905-c827c020af63.jpg 1349w\" sizes=\"auto, (max-width: 160px) 100vw, 160px\" \/><\/a> <\/strong><\/p>\n<p><strong>\u00a0<\/strong><\/p>\n<p><strong>REDAZIONE<\/strong> Altra giornata impegnativa per il SUEM 118 dell&#8217;Ulss 1 Dolomiti. Il primo intervento di ieri alle 10:55 a Padola, Passo Sant&#8217;Antonio, dove un 59enne di Mirano (VE) si era sentito male. Alle 11 a Lozzo di Cadore il primo intervento dove un uomo di 62 anni di Calalzo di Cadore \u00e8 deceduto in seguito ad un malore. Alle 11:28 il 118 \u00e8 stato allertato per un incidente sul lavoro ad Alleghe.\u00a0 Poco prima, alle 11:11 l&#8217;ambulanza di Pieve di Cadore \u00e8 intervenuta a Santo Stefano di Cadore per soccorrere un 36enne di Calalzo che si era fatto male in seguito ad un malore.<\/p>\n<p>&nbsp;<\/p>\n<p>&nbsp;<\/p>\n<blockquote>\n<h3>INFORTUNIO IN CANTIERE, FERITO UN 52ENNE DI SEDICO<\/h3>\n<\/blockquote>\n<p><strong>ALLEGHE<\/strong> In un cantiere edile, uno dei tanti che in questo periodo caratterizzano la provincia bellunese, un uomo di 52 anni, di Sedico, W.D.B. durante la normale attivit\u00e0 lavorativa \u00e8 caduto riportando varie ferite. Sul posto, allertati dagli altri compagni di lavoro, \u00e8 arrivata l&#8217;ambulanza dei volontari di Alleghe della Croce Verde. Ma poi viste le condizioni dell&#8217;operaio, si \u00e8 deciso di chiamare l&#8217;elicottero del Suem di Belluno. W.D.B, quindi, \u00e8 stato caricato nel velivolo ed elitrasportato al pronto soccorso dell&#8217;ospedale San Martino di Belluno. Qui il personale sanitario ha sottoposto il paziente a tutti gli accertamenti del caso, provvedendo alla medicazione delle molteplici ferite. L&#8217;uomo \u00e8 stato quindi tenuto sotto osservazione per tutta la giornata<\/p>\n<p>&nbsp;<\/p>\n<p>&nbsp;<\/p>\n<hr \/>\n<p>&nbsp;<\/p>\n<p>&nbsp;<\/p>\n<blockquote>\n<h3>ACCOLTELLATO PER STRADA DA SCONOSCIUTI, POLMONE TRAFITTO<\/h3>\n<\/blockquote>\n<p><strong>OGGI SUL CORRIERE DELLE ALPI<\/strong><\/p>\n<p><strong>DI GIGI SOSSO<\/strong><\/p>\n<blockquote><p><em><img loading=\"lazy\" decoding=\"async\" class=\"alignleft\" src=\"https:\/\/www.radiopiu.net\/wordpress\/wp-content\/uploads\/2023\/03\/6b217f7f-c8e2-4bf2-9a48-914f58ef4bbe.jpg\" width=\"79\" height=\"134\" \/>Secondo una prima ricostruzione, sembra che l&#8217;uomo sia stato aggredito con un coltello lungo via Cesa da un individuo non identificato, che si \u00e8 allontanato dopo l&#8217;attacco. La motivazione dietro l&#8217;aggressione \u00e8 sconosciuta e manca una descrizione dettagliata dell&#8217;aggressore.<\/em><\/p><\/blockquote>\n<p><strong>BELLUNO\u00a0<\/strong> Nella notte tra marted\u00ec e mercoled\u00ec, un grido straziante ha squarciato il silenzio notturno della citt\u00e0. Poco dopo le 2, un uomo di circa quarant&#8217;anni ha lanciato un&#8217;appellativa chiamata ai soccorsi tramite il suo cellulare, segnalando di essere stato ferito da un aggressore non identificato. L&#8217;incidente ha attivato una rapida risposta da parte delle forze dell&#8217;ordine e del personale medico. L&#8217;uomo \u00e8 stato trovato vicino a via Matteo Cesa, una strada stretta che collega il palasport De Mas al torrente Ardo, terminando alla rotatoria delle vie Vittorio Veneto, San Biagio e Simon da Cusighe. La zona, costeggiata da abitazioni private, non aveva testimoni oculari, e l&#8217;unico locale pubblico nelle vicinanze risultava chiuso al momento dell&#8217;incidente. Presentando evidenti segni di intossicazione alcolica, l&#8217;uomo, il cui abbigliamento era macchiato di sangue, \u00e8 stato prontamente assistito dai sanitari sul luogo. Le ferite riportate, localizzate tra l&#8217;addome e il torace, includevano almeno due tagli all&#8217;addome e uno al costato. Uno di questi tagli aveva interessato uno dei polmoni, richiedendo interventi medici pi\u00f9 invasivi.<\/p>\n<p>&nbsp;<\/p>\n<hr \/>\n<p>&nbsp;<\/p>\n<p>&nbsp;<\/p>\n<blockquote>\n<h2>SABATO L&#8217;ULTIMO SALUTO A &#8220;PINO&#8221;, &#8220;Peace, love and harmony&#8221;<\/h2>\n<\/blockquote>\n<p><strong><img loading=\"lazy\" decoding=\"async\" class=\"alignleft\" src=\"https:\/\/www.radiopiu.net\/wordpress\/wp-content\/uploads\/2023\/08\/papes.png\" width=\"213\" height=\"189\" \/>BELLUNO<\/strong> Marzio &#8220;Pino&#8221; Papes, ex giocatore di rugby del Belluno e dirigente accompagnatore dei giovani giocatori di calcio del Castion, \u00e8 scomparso improvvisamente. Gli amici e colleghi si stanno organizzando per un momento di addio al cimitero di Prade, in cui si riuniranno per un ultimo saluto caratterizzato dal motto<em> &#8220;Peace, love and harmony&#8221;<\/em>, a testimonianza della personalit\u00e0 di Pino.<\/p>\n<p>Il Rugby Belluno lo ricorda con affetto e apprezzamento per il suo spirito di squadra e il senso di appartenenza. Pino \u00e8 stato un membro prezioso per entrambe le squadre, sia in campo che negli spogliatoi, dove ha contribuito a creare un ambiente positivo. Oltre al suo coinvolgimento nel rugby, Pino ha portato la stessa passione e entusiasmo al mondo del calcio giovanile con il Castion. La sua improvvisa scomparsa lascia un vuoto nei cuori di coloro che lo conoscevano e lo stimavano, lasciando dietro di s\u00e9 la moglie Sonja con Daniele, il fratello Ezio e la sorella Katia<\/p>\n<p>&nbsp;<\/p>\n<p>&nbsp;<\/p>\n<hr \/>\n<p>&nbsp;<\/p>\n<blockquote>\n<h3>ATTIVATO IL SOCCORSO ALPINO PER UN ESCURSIONISTA DISPERSO, RIENTRA A CASA AUTONOMAMENTE PRIMA DI MEZZANOTTE<\/h3>\n<\/blockquote>\n<p><strong><img loading=\"lazy\" decoding=\"async\" class=\"alignleft\" src=\"https:\/\/www.radiopiu.net\/wordpress\/wp-content\/uploads\/2023\/08\/faa4ebdd7450940a408e8053cc6aca82.jpg\" width=\"192\" height=\"144\" \/>REDAZIONE<\/strong>\u00a0 Per la seconda volta in pochi giorni scatta l&#8217;allarme, s&#8217;attiva la macchina dei soccorsi, e qualche ora dopo l&#8217;allarme rientra. In Val di Zoldo, l&#8217;altra sera\u00a0 un uomo che doveva tornare in giornata dalla zona degli Spiz di Mezzod\u00ec non si \u00e8 pi\u00f9 fatto sentire. A dare l&#8217;allarme, dopo aver contattato i rifugi Sora&#8217;l Sass e Pramperet per verificare non si trovasse l\u00ec, il figlio, che aveva avuto l&#8217;ultimo contatto verso le 17, il telefono del padre non pi\u00f9 raggiungibile. Dopo che i Carabinieri hanno rinvenuto la sua auto ancora al parcheggio e il cellulare ha iniziato a suonare libero senza alcuna risposta, una squadra del Soccorso alpino della Val di Zoldo \u00e8 stata inviata a controllare il Bivacco Carnielli, caso mai l&#8217;uomo non si fosse fermato l\u00ec. Fortunatamente poco prima di mezzanotte \u00e8 arrivata la notizia che era rientrato a casa e i soccorritori sono tornati indietro.<\/p>\n<p>FOTO Rifugio Pramperet Val di Zoldo Belluno Dolomiti Veneto Italia<\/p>\n<p>&nbsp;<\/p>\n<hr \/>\n<p>&nbsp;<\/p>\n<blockquote>\n<h3>SOCCORSO ALPINO AD AURONZO E LIVINALLONGO<\/h3>\n<\/blockquote>\n<p><strong>AURONZO<\/strong> Ieri verso le 14.20 una squadra del Soccorso alpino della Guardia di finanza di Auronzo \u00e8 stata inviata al Rifugio Citt\u00e0 di Carpi, dove una turista tedesca di 46 anni era stata colta da malore. La donna \u00e8 stata trasportata a Misurina e affidata all&#8217;ambulanza.<\/p>\n<p><strong>LIVINALLONGO <\/strong>Il Soccorso alpino di Livinallongo \u00e8 invece intervenuto sul percorso che sale al Rifugio Cherz, poich\u00e9 un&#8217;escursionista 62enne di Buscate (MI) si era procurata un probabile trauma al polso. La donna \u00e8 stata accompagnata a valle dai soccorritori.<\/p>\n<p>&nbsp;<\/p>\n<p>&nbsp;<\/p>\n<hr \/>\n<p>&nbsp;<\/p>\n<p>&nbsp;<\/p>\n<blockquote>\n<h3><a class=\"dt-pswp-item\" href=\"https:\/\/www.radiopiu.net\/wordpress\/wp-content\/uploads\/2021\/08\/FALCO.jpeg\" data-dt-img-description=\"\" data-large_image_width=\"258\" data-large_image_height=\"196\"><img loading=\"lazy\" decoding=\"async\" class=\"wp-image-228856 alignleft\" src=\"https:\/\/www.radiopiu.net\/wordpress\/wp-content\/uploads\/2021\/08\/FALCO.jpeg\" alt=\"\" width=\"157\" height=\"119\" \/><\/a>I GIORNI DEL RICORDO, LA TRAGEDIA DI RIO GERE 22 AGOSTO 2009<\/h3>\n<\/blockquote>\n<p><strong>DI BARBARA PAOLAZZI\u00a0<\/strong><br \/>\n<strong>CON Alex Barattin,\u00a0 Giulio Trill\u00f2 e Don Ivano Brambilla parroco di Cortina<\/strong><\/p>\n<audio class=\"wp-audio-shortcode\" id=\"audio-349919-2\" preload=\"none\" style=\"width: 100%;\" controls=\"controls\"><source type=\"audio\/mpeg\" src=\"https:\/\/www.radiopiu.net\/wordpress\/wp-content\/uploads\/2023\/08\/BARABRA-FALCO.mp3?_=2\" \/><a href=\"https:\/\/www.radiopiu.net\/wordpress\/wp-content\/uploads\/2023\/08\/BARABRA-FALCO.mp3\">https:\/\/www.radiopiu.net\/wordpress\/wp-content\/uploads\/2023\/08\/BARABRA-FALCO.mp3<\/a><\/audio>\n<p>&nbsp;<\/p>\n<p>&nbsp;<\/p>\n<hr \/>\n<p>&nbsp;<\/p>\n<p>&nbsp;<\/p>\n<p><a class=\"dt-pswp-item\" href=\"https:\/\/www.radiopiu.net\/wordpress\/wp-content\/uploads\/2023\/08\/Senza-nome-76.png\" data-dt-img-description=\"\" data-large_image_width=\"378\" data-large_image_height=\"347\"><img loading=\"lazy\" decoding=\"async\" class=\"wp-image-350085 alignleft\" src=\"https:\/\/www.radiopiu.net\/wordpress\/wp-content\/uploads\/2023\/08\/Senza-nome-76-300x275.png\" alt=\"\" width=\"183\" height=\"168\" srcset=\"https:\/\/www.radiopiu.net\/wordpress\/wp-content\/uploads\/2023\/08\/Senza-nome-76-300x275.png 300w, https:\/\/www.radiopiu.net\/wordpress\/wp-content\/uploads\/2023\/08\/Senza-nome-76.png 378w\" sizes=\"auto, (max-width: 183px) 100vw, 183px\" \/><\/a><strong>BRUCIATO IL DRAGO DI VAIA, SIMBOLO DELLA MEMORIA\u00a0<\/strong><\/p>\n<div id=\"articleContent\" class=\"mercuryWrapper\">\n<div class=\"mercuryScroller\">\n<div class=\"mercuryElement\">\n<div class=\"mercuryBox\">\n<div id=\"articlePlain\">\n<div class=\"articlePlainText\">Il Drago di Vaia, l&#8217;opera d&#8217;arte realizzata da Marco Martalar sull&#8217;Alpe Cimbra utilizzando il legno di risulta della tempesta Vaia, \u00e8 stato distrutto dalle fiamme nella tarda serata di ieri. Non si esclude il dolo. Triste e amareggiato l&#8217;artista Marco Martalar (in foto su ci\u00f2 che resta della sua creazione) che lo aveva composto con duemila scarti di legno martoriato dalla tempesta. \u00abHo il cuore spezzato, non so se lo ricostruir\u00f2\u00bb.<\/div>\n<\/div>\n<\/div>\n<\/div>\n<\/div>\n<\/div>\n<p>&nbsp;<\/p>\n<blockquote class=\"wp-embedded-content\" data-secret=\"TwmBHF7zu5\"><p><a href=\"https:\/\/www.radiopiu.net\/wordpress\/vaia-diventa-arte-lincontro-a-candaten\/\">VAIA DIVENTA ARTE, L&#8217;INCONTRO A CANDATEN<\/a><\/p><\/blockquote>\n<p><iframe loading=\"lazy\" class=\"wp-embedded-content\" sandbox=\"allow-scripts\" security=\"restricted\" style=\"position: absolute; clip: rect(1px, 1px, 1px, 1px);\" title=\"&#8220;VAIA DIVENTA ARTE, L&#8217;INCONTRO A CANDATEN&#8221; &#8212; Radio Pi\u00f9\" src=\"https:\/\/www.radiopiu.net\/wordpress\/vaia-diventa-arte-lincontro-a-candaten\/embed\/#?secret=qxnbcT8be6#?secret=TwmBHF7zu5\" data-secret=\"TwmBHF7zu5\" width=\"600\" height=\"338\" frameborder=\"0\" marginwidth=\"0\" marginheight=\"0\" scrolling=\"no\"><\/iframe><\/p>\n<p>&nbsp;<\/p>\n<hr \/>\n<p>&nbsp;<\/p>\n<blockquote>\n<h3>INFERMIERI DI FAMIGLIA: SI TROVA NEL FELTRINO UNA DELLE SPERIMENTAZIONI IN VENETO<\/h3>\n<\/blockquote>\n<p><strong><a class=\"dt-pswp-item\" href=\"https:\/\/www.radiopiu.net\/wordpress\/wp-content\/uploads\/2023\/08\/2c096a50-c9ae-41b3-b631-c14e3d7d728a.jpg\" data-dt-img-description=\"\" data-large_image_width=\"1024\" data-large_image_height=\"768\"><img loading=\"lazy\" decoding=\"async\" class=\" wp-image-350039 alignleft\" src=\"https:\/\/www.radiopiu.net\/wordpress\/wp-content\/uploads\/2023\/08\/2c096a50-c9ae-41b3-b631-c14e3d7d728a-300x225.jpg\" alt=\"\" width=\"163\" height=\"122\" srcset=\"https:\/\/www.radiopiu.net\/wordpress\/wp-content\/uploads\/2023\/08\/2c096a50-c9ae-41b3-b631-c14e3d7d728a-300x225.jpg 300w, https:\/\/www.radiopiu.net\/wordpress\/wp-content\/uploads\/2023\/08\/2c096a50-c9ae-41b3-b631-c14e3d7d728a-768x576.jpg 768w, https:\/\/www.radiopiu.net\/wordpress\/wp-content\/uploads\/2023\/08\/2c096a50-c9ae-41b3-b631-c14e3d7d728a.jpg 1024w\" sizes=\"auto, (max-width: 163px) 100vw, 163px\" \/><\/a>FELTRE<\/strong> Si trova nel Feltrino una delle pochissime sperimentazioni in Veneto sugli Infermieri di Famiglia e di Comunit\u00e0; 7 i comuni interessati per un bacino di oltre 28mila utenti.<\/p>\n<p><strong>di Daniele Dalvit<\/strong><\/p>\n<audio class=\"wp-audio-shortcode\" id=\"audio-349919-3\" preload=\"none\" style=\"width: 100%;\" controls=\"controls\"><source type=\"audio\/mpeg\" src=\"https:\/\/www.radiopiu.net\/wordpress\/wp-content\/uploads\/2023\/08\/Radio-Piu-Servizio-Ulss-Infermieri-di-famiglia.mp3?_=3\" \/><a href=\"https:\/\/www.radiopiu.net\/wordpress\/wp-content\/uploads\/2023\/08\/Radio-Piu-Servizio-Ulss-Infermieri-di-famiglia.mp3\">https:\/\/www.radiopiu.net\/wordpress\/wp-content\/uploads\/2023\/08\/Radio-Piu-Servizio-Ulss-Infermieri-di-famiglia.mp3<\/a><\/audio>\n<p>&nbsp;<\/p>\n<hr \/>\n<p>&nbsp;<\/p>\n<blockquote>\n<h3>Bim Gsp, al via l\u2019ammodernamento del depuratore di Renaz.<\/h3>\n<\/blockquote>\n<p align=\"CENTER\"><span style=\"font-family: Calibri, serif;\"><span style=\"font-size: medium;\"><i>Investiti 2 milioni di euro. <\/i><\/span><\/span><\/p>\n<p align=\"JUSTIFY\"><span style=\"font-size: medium;\"><strong>LIVINALLONGO<\/strong> Nuova vita al depuratore di Renaz, l\u2019impianto che tratta i reflui dell\u2019omonimo abitato e di Arabba. Bim Gsp, di recente, ha avviato i lavori di rinnovamento integrale della struttura e del processo depurativo. Il cantiere, che durer\u00e0 indicativamente un anno, porter\u00e0 nuove unit\u00e0 operative e importanti migliorie ai comparti esistenti. Lavori del valore complessivo di 2,1 milioni di euro, una volta conclusi aumenteranno anche la capacit\u00e0 complessiva dell\u2019impianto, che passer\u00e0 dagli attuali 2mila abitanti equivalenti ai 4mila previsti da progetto. <\/span><em>\u201c<\/em><span style=\"font-size: medium;\"><em>Questo intervento \u2013 spiega Attilio Sommavilla, presidente di Bim Gsp \u2013 ci permetter\u00e0 di adeguare l\u2019intera filiera depurativa alle pi\u00f9 recenti tecnologie e di raddoppiare la capacit\u00e0 di trattamento. Questo significa massima efficienza in tutte le stagioni dell\u2019anno, minori costi energetici grazie al rinnovamento infrastrutturale, ma soprattutto miglior qualit\u00e0 dell\u2019acqua restituita in ambiente e nei\u00a0 corsi d\u2019acqua&#8221;\u00a0<\/em><\/span><\/p>\n\n\t\t\t<style type='text\/css'>\n\t\t\t\t#gallery-1 {\n\t\t\t\t\tmargin: auto;\n\t\t\t\t}\n\t\t\t\t#gallery-1 .gallery-item {\n\t\t\t\t\tfloat: left;\n\t\t\t\t\tmargin-top: 10px;\n\t\t\t\t\ttext-align: center;\n\t\t\t\t\twidth: 33%;\n\t\t\t\t}\n\t\t\t\t#gallery-1 img {\n\t\t\t\t\tborder: 2px solid #cfcfcf;\n\t\t\t\t}\n\t\t\t\t#gallery-1 .gallery-caption {\n\t\t\t\t\tmargin-left: 0;\n\t\t\t\t}\n\t\t\t\t\/* see gallery_shortcode() in wp-includes\/media.php *\/\n\t\t\t<\/style>\n\t\t<div id='gallery-1' class='dt-gallery-container gallery galleryid-349919 gallery-columns-3 gallery-size-thumbnail'><dl class='gallery-item'>\n\t\t\t\t<dt class='gallery-icon landscape'>\n\t\t\t\t\t<a class=\"rollover rollover-zoom dt-pswp-item\" title=\"3_l&#039;impianto\" data-dt-img-description=\"\" data-large_image_width=\"2560\" data-large_image_height=\"1267\"href='https:\/\/www.radiopiu.net\/wordpress\/wp-content\/uploads\/2023\/08\/3_limpianto-scaled.jpg'><img loading=\"lazy\" decoding=\"async\" width=\"150\" height=\"150\" src=\"https:\/\/www.radiopiu.net\/wordpress\/wp-content\/uploads\/2023\/08\/3_limpianto-150x150.jpg\" class=\"attachment-thumbnail size-thumbnail\" alt=\"\" \/><\/a>\n\t\t\t\t<\/dt><\/dl><dl class='gallery-item'>\n\t\t\t\t<dt class='gallery-icon landscape'>\n\t\t\t\t\t<a class=\"rollover rollover-zoom dt-pswp-item\" title=\"2_il cantiere\" data-dt-img-description=\"\" data-large_image_width=\"1600\" data-large_image_height=\"1200\"href='https:\/\/www.radiopiu.net\/wordpress\/wp-content\/uploads\/2023\/08\/2_il-cantiere.jpg'><img loading=\"lazy\" decoding=\"async\" width=\"150\" height=\"150\" src=\"https:\/\/www.radiopiu.net\/wordpress\/wp-content\/uploads\/2023\/08\/2_il-cantiere-150x150.jpg\" class=\"attachment-thumbnail size-thumbnail\" alt=\"\" \/><\/a>\n\t\t\t\t<\/dt><\/dl><dl class='gallery-item'>\n\t\t\t\t<dt class='gallery-icon landscape'>\n\t\t\t\t\t<a class=\"rollover rollover-zoom dt-pswp-item\" title=\"4_l&#039;impianto\" data-dt-img-description=\"\" data-large_image_width=\"2560\" data-large_image_height=\"1443\"href='https:\/\/www.radiopiu.net\/wordpress\/wp-content\/uploads\/2023\/08\/4_limpianto-scaled.jpg'><img loading=\"lazy\" decoding=\"async\" width=\"150\" height=\"150\" src=\"https:\/\/www.radiopiu.net\/wordpress\/wp-content\/uploads\/2023\/08\/4_limpianto-150x150.jpg\" class=\"attachment-thumbnail size-thumbnail\" alt=\"\" \/><\/a>\n\t\t\t\t<\/dt><\/dl><br style=\"clear: both\" \/>\n\t\t\t<\/div>\n\n<p>&nbsp;<\/p>\n<hr \/>\n<p>&nbsp;<\/p>\n<p>&nbsp;<\/p>\n<p align=\"CENTER\"><strong><span style=\"color: #000000;\">KIT ANTI ZANZARE IN DISTRIBUZIONE IN COMUNE<\/span><\/strong><\/p>\n<p align=\"CENTER\"><strong><span style=\"color: #000000;\">Da domani a disposizione gratuitamente presso il Sirp<\/span><\/strong><\/p>\n<p align=\"JUSTIFY\"><span style=\"font-family: Arial, serif;\"><span style=\"font-size: large;\"><strong>BELLUNO<\/strong> A disposizione, da oggi anche in Comune, i kit anti zanzare per uso domestico. Il punto di ritiro sar\u00e0 presso il Sirp, al piano terra dello stabile ex Tribunale all\u2019uscita lato piazza Duomo della scala mobile. Il pacchetto messo a disposizione dall\u2019Ulss con i dispositivi utili a contenere la diffusione delle zanzare attorno alle case, negli orti e nei giardini potr\u00e0 essere ritirato gratuitamente (fino ad esaurimento della disponibilit\u00e0) tutti i giorni dal luned\u00ec al venerd\u00ec dalle 10 alle 12 e il gioved\u00ec anche dalle 15 alle 17. Al momento del ritiro saranno registrati i dati (nome, cognome e residenza) per una mappatura precisa della distribuzione.<\/span><\/span><\/p>\n<p>&nbsp;<\/p>\n<p>&nbsp;<\/p>\n<p>&nbsp;<\/p>\n<p>&nbsp;<\/p>\n<p>&nbsp;<\/p>\n<p>&nbsp;<\/p>\n<hr \/>\n<p>&nbsp;<\/p>\n<blockquote>\n<h3><strong><a class=\"dt-pswp-item\" href=\"https:\/\/www.radiopiu.net\/wordpress\/wp-content\/uploads\/2023\/08\/ipertensione-nei-rifugi_lagazuoi.png\" data-dt-img-description=\"\" data-large_image_width=\"1768\" data-large_image_height=\"2500\"><img loading=\"lazy\" decoding=\"async\" class=\"size-medium wp-image-350005 alignleft\" src=\"https:\/\/www.radiopiu.net\/wordpress\/wp-content\/uploads\/2023\/08\/ipertensione-nei-rifugi_lagazuoi-212x300.png\" alt=\"\" width=\"212\" height=\"300\" srcset=\"https:\/\/www.radiopiu.net\/wordpress\/wp-content\/uploads\/2023\/08\/ipertensione-nei-rifugi_lagazuoi-212x300.png 212w, https:\/\/www.radiopiu.net\/wordpress\/wp-content\/uploads\/2023\/08\/ipertensione-nei-rifugi_lagazuoi-724x1024.png 724w, https:\/\/www.radiopiu.net\/wordpress\/wp-content\/uploads\/2023\/08\/ipertensione-nei-rifugi_lagazuoi-768x1086.png 768w, https:\/\/www.radiopiu.net\/wordpress\/wp-content\/uploads\/2023\/08\/ipertensione-nei-rifugi_lagazuoi-1086x1536.png 1086w, https:\/\/www.radiopiu.net\/wordpress\/wp-content\/uploads\/2023\/08\/ipertensione-nei-rifugi_lagazuoi-1448x2048.png 1448w, https:\/\/www.radiopiu.net\/wordpress\/wp-content\/uploads\/2023\/08\/ipertensione-nei-rifugi_lagazuoi.png 1768w\" sizes=\"auto, (max-width: 212px) 100vw, 212px\" \/><\/a>Misurazione della pressione in alta quota<\/strong><\/h3>\n<\/blockquote>\n<p><strong>CORTINA<\/strong> Dopo il successo delle giornate dell\u2019ipertensione nei rifugi nelle scorse settimane, l\u2019iniziativa sar\u00e0 ripetuta anche questo <strong>venerd\u00ec 25 agosto 2023<\/strong> al <strong>Rifugio Lagazuoi<\/strong>. <strong>Dalle 10.00 alle 14.00<\/strong> gli operatori del Dipartimento di Prevenzione dell\u2019Ulss Dolomiti saranno a disposizione per eseguire, su base volontaria, la <strong>misurazione della pressione arteriosa <\/strong>e della saturazione a favore degli escursionisti in arrivo, che potranno cos\u00ec verificare in modo semplice e rapido la propria situazione cardiovascolare e la propria reazione all\u2019esposizione alla quota. Chi lo desidera potr\u00e0, inoltre, rispondere in forma anonima a un breve questionario per la raccolta di dati sanitari utili per la ricerca scientifica sul comportamento della pressione arteriosa in montagna e sul profilo individuale di rischio cardiovascolare tra gli escursionisti.<\/p>\n<p>&nbsp;<\/p>\n<p>&nbsp;<\/p>\n<p>&nbsp;<\/p>\n<hr \/>\n<p>&nbsp;<\/p>\n<p>&nbsp;<\/p>\n<blockquote>\n<h3>TRENO MILANO &#8211; CALALZO. OGGI E DOMANI DUE CORSE PROVA<\/h3>\n<\/blockquote>\n<p><strong><a class=\"dt-pswp-item\" href=\"https:\/\/www.radiopiu.net\/wordpress\/wp-content\/uploads\/2023\/01\/SCOPEL.png\" data-dt-img-description=\"\" data-large_image_width=\"1234\" data-large_image_height=\"780\"><img loading=\"lazy\" decoding=\"async\" class=\" wp-image-315591 alignleft\" src=\"https:\/\/www.radiopiu.net\/wordpress\/wp-content\/uploads\/2023\/01\/SCOPEL-300x190.png\" alt=\"\" width=\"164\" height=\"104\" srcset=\"https:\/\/www.radiopiu.net\/wordpress\/wp-content\/uploads\/2023\/01\/SCOPEL-300x190.png 300w, https:\/\/www.radiopiu.net\/wordpress\/wp-content\/uploads\/2023\/01\/SCOPEL-1024x647.png 1024w, https:\/\/www.radiopiu.net\/wordpress\/wp-content\/uploads\/2023\/01\/SCOPEL-768x485.png 768w, https:\/\/www.radiopiu.net\/wordpress\/wp-content\/uploads\/2023\/01\/SCOPEL.png 1234w\" sizes=\"auto, (max-width: 164px) 100vw, 164px\" \/><\/a>BELLUNO <\/strong>\u00abIl potenziamento di treni diretti dal Trevigiano e dal Friuli verso Milano \u00e8 un\u2019ottima notizia, specialmente se &#8211; come pare &#8211; in questo aumento delle corse verr\u00e0 inserita anche la \u201cFreccia delle Dolomiti\u201d\u00bb. \u00c8 quanto afferma il consigliere provinciale delegato ai trasporti, Dario Scopel, in merito ai test di Fondazione Fs italiane che oggi e domani porteranno una corsa prova tra Milano Centrale e Calalzo. Una corsa che dovrebbe partire oggi da Milano alle 7.30 per giungere a Calalzo poco dopo le 13, e rientrare in Lombardia venerd\u00ec con partenza dal Cadore alle 8.31.<\/p>\n<p>&nbsp;<\/p>\n<p>&nbsp;<\/p>\n<hr \/>\n<p>&nbsp;<\/p>\n<blockquote>\n<h2>Educazione stradale con la polizia locale<\/h2>\n<\/blockquote>\n<p>&nbsp;<\/p>\n<p align=\"JUSTIFY\"><span style=\"font-family: Arial, serif;\"><span style=\"font-size: large;\"><a class=\"dt-pswp-item\" href=\"https:\/\/www.radiopiu.net\/wordpress\/wp-content\/uploads\/2023\/08\/Educazione-stradale-23.08.23.jpeg\" data-dt-img-description=\"\" data-large_image_width=\"1024\" data-large_image_height=\"514\"><img loading=\"lazy\" decoding=\"async\" class=\"size-medium wp-image-349999 alignleft\" src=\"https:\/\/www.radiopiu.net\/wordpress\/wp-content\/uploads\/2023\/08\/Educazione-stradale-23.08.23-300x151.jpeg\" alt=\"\" width=\"300\" height=\"151\" srcset=\"https:\/\/www.radiopiu.net\/wordpress\/wp-content\/uploads\/2023\/08\/Educazione-stradale-23.08.23-300x151.jpeg 300w, https:\/\/www.radiopiu.net\/wordpress\/wp-content\/uploads\/2023\/08\/Educazione-stradale-23.08.23-768x386.jpeg 768w, https:\/\/www.radiopiu.net\/wordpress\/wp-content\/uploads\/2023\/08\/Educazione-stradale-23.08.23.jpeg 1024w\" sizes=\"auto, (max-width: 300px) 100vw, 300px\" \/><\/a><strong>BELLUNO<\/strong> La giornata di gioco e di scoperta della citt\u00e0 si \u00e8 arricchita di una lezione attiva di educazione stradale per i piccoli del centro estivo comunale di Mier. Al parco Citt\u00e0 di Bologna, infatti, i bambini hanno ascoltato dalle parole degli agenti di polizia locale le regole base per muoversi in strada a piedi e in bicicletta in tutta sicurezza e, poi, sono stati accompagnati lungo le vie del centro storico per la prova sul campo. <\/span><\/span><\/p>\n<blockquote>\n<p align=\"JUSTIFY\"><em>\u201c<span style=\"font-family: Arial, serif;\"><span style=\"font-size: large;\">Siamo stati contattati dall\u2019organizzazione del Centro estivo e siamo stati ben felici di intervenire \u2013 commenta il comandante della polizia locale, Antonio Codemo -, l\u2019educazione stradale vissuta come un gioco, con prove ed esempi concreti \u00e8 il modo migliore per insegnare ai nostri figli il rispetto delle regole, necessarie ad assicurare la loro sicurezza e quella di chi sta attorno\u201d.<\/span><\/span><\/em><\/p>\n<\/blockquote>\n<p>&nbsp;<\/p>\n<p>&nbsp;<\/p>\n<hr \/>\n<p>&nbsp;<\/p>\n<blockquote>\n<h3>LA VAL DA INCORNISA&#8217;&#8230;LA STORIA DI LA VALLE RACCONTATA TRA LE BURELE DI FADES<\/h3>\n<\/blockquote>\n<p><strong><a class=\"dt-pswp-item\" href=\"https:\/\/www.radiopiu.net\/wordpress\/wp-content\/uploads\/2023\/08\/12fe4c41-c40c-4ade-9e6e-35e29b78b5ef.jpg\" data-dt-img-description=\"\" data-large_image_width=\"1600\" data-large_image_height=\"1132\"><img loading=\"lazy\" decoding=\"async\" class=\" wp-image-350027 alignleft\" src=\"https:\/\/www.radiopiu.net\/wordpress\/wp-content\/uploads\/2023\/08\/12fe4c41-c40c-4ade-9e6e-35e29b78b5ef-300x212.jpg\" alt=\"\" width=\"188\" height=\"133\" srcset=\"https:\/\/www.radiopiu.net\/wordpress\/wp-content\/uploads\/2023\/08\/12fe4c41-c40c-4ade-9e6e-35e29b78b5ef-300x212.jpg 300w, https:\/\/www.radiopiu.net\/wordpress\/wp-content\/uploads\/2023\/08\/12fe4c41-c40c-4ade-9e6e-35e29b78b5ef-1024x724.jpg 1024w, https:\/\/www.radiopiu.net\/wordpress\/wp-content\/uploads\/2023\/08\/12fe4c41-c40c-4ade-9e6e-35e29b78b5ef-768x543.jpg 768w, https:\/\/www.radiopiu.net\/wordpress\/wp-content\/uploads\/2023\/08\/12fe4c41-c40c-4ade-9e6e-35e29b78b5ef-1536x1087.jpg 1536w, https:\/\/www.radiopiu.net\/wordpress\/wp-content\/uploads\/2023\/08\/12fe4c41-c40c-4ade-9e6e-35e29b78b5ef.jpg 1600w\" sizes=\"auto, (max-width: 188px) 100vw, 188px\" \/><\/a>LA VALLE AGORDINA <\/strong>Ci sar\u00e0 tempo fino al 31 agosto per visitare la particolare rassegna di fotografie d\u2019epoca presentata lungo le burele (viuzze tipiche tra le case) della frazione Fades a La Valle Agordina. La Pro Loco La Val ha deciso di riproporre per il secondo anno la mostra \u201cLa Val da Incornis\u00e0 &#8211; vite e ricordi nel cassetto\u201d, la quale riscopre in punta di piedi il passato delle vile (frazioni) di La Valle Agordina, raccontando preziosi stralci di vita quotidiana e mettendo in moto uno splendido spirito di comunit\u00e0. Quest\u2019anno gli organizzatori hanno scelto come soggetto la vila de Fades e i suoi abitanti. La frazione si trova sulla sinistra della strada che porta al Passo Duran ed essa ha mantenuto lo stile e il modello di edilizia povera (ma ricca di significato) delle piccole borgate di montagna: al centro la brenta (fontana) posta solitamente sulla piazza, attorno le case e in cerchi concentrici i fienili e le stalle; per muoversi tra gli edifici, all&#8217;interno del poco spazio concesso, si percorrevano delle piccole stradine lastricate, chiamate appunto burele. La vila di Fades ha proprio custodito questa struttura concentrica intramezzata dalle caratteristiche burele; una testimonianza di ci\u00f2 si trova nel testo di una canzone antica, intitolata \u201cle vilote\u201d, che riporta letteralmente: \u201ce chele da Fades le va via per le burele, le se tira le zopele, parch\u00e8 morous no l\u2019\u00e8 ghen \u00e0\u201d (tradotto: e le ragazze di Fades si spostano per le burele e si tirano ciabatte perch\u00e9 non hanno il fidanzato). Il lavoro di preparazione della mostra \u00e8 particolarmente articolato, ma porta con s\u00e9 grande soddisfazione. Fondamentale \u00e8 l\u2019incontro con i frazionisti e il continuo scambio di suggerimenti, idee, punti di vista per presentare al meglio la frazione e gli ingrandimenti fotografici. Quest&#8217;anno, come lo scorso anno per la frazione di Conaggia, gli abitanti di Fades hanno risposto con infinito entusiasmo all\u2019iniziativa e con forte spirito di collaborazione hanno cercato nei cassetti le foto, sistemato e abbellito oltre l\u2019immaginazione la frazione, contagiando tutti con la loro passione che hanno dimostrato. Non finiremo mai di ringraziarli abbastanza. La mostra fotografica &#8220;La Val da incornis\u00e0&#8221; ripercorre quasi cento anni di storia di una piccola frazione di montagna: l&#8217;arco temporale delle foto esposte \u00e8 infatti molto ampio dal 1883 al 1972. Ci\u00f2 che pi\u00f9 fa emozionare \u00e8 il rapporto che si crea tra il luogo in cui viene esposta la fotografia, la fotografia stessa e il visitatore che la guarda: le foto, scelte e descritte con particolare cura, consentono di entrare nella paese di La Valle Agordina attraverso gli sguardi e i sorrisi dei soggetti che hanno vissuto, camminato, amato, proprio nella frazione. La mostra \u00e8 perfettamente calata nel contesto, permettendo di scoprire le magnifiche particolarit\u00e0 architettoniche delle nostre valli dolomitiche.<\/p>\n\n\t\t\t<style type='text\/css'>\n\t\t\t\t#gallery-2 {\n\t\t\t\t\tmargin: auto;\n\t\t\t\t}\n\t\t\t\t#gallery-2 .gallery-item {\n\t\t\t\t\tfloat: left;\n\t\t\t\t\tmargin-top: 10px;\n\t\t\t\t\ttext-align: center;\n\t\t\t\t\twidth: 14%;\n\t\t\t\t}\n\t\t\t\t#gallery-2 img {\n\t\t\t\t\tborder: 2px solid #cfcfcf;\n\t\t\t\t}\n\t\t\t\t#gallery-2 .gallery-caption {\n\t\t\t\t\tmargin-left: 0;\n\t\t\t\t}\n\t\t\t\t\/* see gallery_shortcode() in wp-includes\/media.php *\/\n\t\t\t<\/style>\n\t\t<div id='gallery-2' class='dt-gallery-container gallery galleryid-349919 gallery-columns-7 gallery-size-thumbnail'><dl class='gallery-item'>\n\t\t\t\t<dt class='gallery-icon portrait'>\n\t\t\t\t\t<a class=\"rollover rollover-zoom dt-pswp-item\" title=\"4de0fd30-8462-408a-8705-e18110dd32a9\" data-dt-img-description=\"\" data-large_image_width=\"1079\" data-large_image_height=\"1351\"href='https:\/\/www.radiopiu.net\/wordpress\/wp-content\/uploads\/2023\/08\/4de0fd30-8462-408a-8705-e18110dd32a9.jpg'><img loading=\"lazy\" decoding=\"async\" width=\"150\" height=\"150\" src=\"https:\/\/www.radiopiu.net\/wordpress\/wp-content\/uploads\/2023\/08\/4de0fd30-8462-408a-8705-e18110dd32a9-150x150.jpg\" class=\"attachment-thumbnail size-thumbnail\" alt=\"\" \/><\/a>\n\t\t\t\t<\/dt><\/dl><dl class='gallery-item'>\n\t\t\t\t<dt class='gallery-icon portrait'>\n\t\t\t\t\t<a class=\"rollover rollover-zoom dt-pswp-item\" title=\"6f8be8a7-af62-4118-8531-98d288adb580\" data-dt-img-description=\"\" data-large_image_width=\"1078\" data-large_image_height=\"1351\"href='https:\/\/www.radiopiu.net\/wordpress\/wp-content\/uploads\/2023\/08\/6f8be8a7-af62-4118-8531-98d288adb580.jpg'><img loading=\"lazy\" decoding=\"async\" width=\"150\" height=\"150\" src=\"https:\/\/www.radiopiu.net\/wordpress\/wp-content\/uploads\/2023\/08\/6f8be8a7-af62-4118-8531-98d288adb580-150x150.jpg\" class=\"attachment-thumbnail size-thumbnail\" alt=\"\" \/><\/a>\n\t\t\t\t<\/dt><\/dl><dl class='gallery-item'>\n\t\t\t\t<dt class='gallery-icon portrait'>\n\t\t\t\t\t<a class=\"rollover rollover-zoom dt-pswp-item\" title=\"49c60205-8fc6-477d-8eb1-5e8f9e634d5d\" data-dt-img-description=\"\" data-large_image_width=\"1077\" data-large_image_height=\"1351\"href='https:\/\/www.radiopiu.net\/wordpress\/wp-content\/uploads\/2023\/08\/49c60205-8fc6-477d-8eb1-5e8f9e634d5d.jpg'><img loading=\"lazy\" decoding=\"async\" width=\"150\" height=\"150\" src=\"https:\/\/www.radiopiu.net\/wordpress\/wp-content\/uploads\/2023\/08\/49c60205-8fc6-477d-8eb1-5e8f9e634d5d-150x150.jpg\" class=\"attachment-thumbnail size-thumbnail\" alt=\"\" \/><\/a>\n\t\t\t\t<\/dt><\/dl><dl class='gallery-item'>\n\t\t\t\t<dt class='gallery-icon portrait'>\n\t\t\t\t\t<a class=\"rollover rollover-zoom dt-pswp-item\" title=\"53c3254c-f47a-4dde-8d10-8cf52d6ee880\" data-dt-img-description=\"\" data-large_image_width=\"1200\" data-large_image_height=\"1600\"href='https:\/\/www.radiopiu.net\/wordpress\/wp-content\/uploads\/2023\/08\/53c3254c-f47a-4dde-8d10-8cf52d6ee880.jpg'><img loading=\"lazy\" decoding=\"async\" width=\"150\" height=\"150\" src=\"https:\/\/www.radiopiu.net\/wordpress\/wp-content\/uploads\/2023\/08\/53c3254c-f47a-4dde-8d10-8cf52d6ee880-150x150.jpg\" class=\"attachment-thumbnail size-thumbnail\" alt=\"\" \/><\/a>\n\t\t\t\t<\/dt><\/dl><dl class='gallery-item'>\n\t\t\t\t<dt class='gallery-icon portrait'>\n\t\t\t\t\t<a class=\"rollover rollover-zoom dt-pswp-item\" title=\"73d85073-61de-4461-80a0-de7d54cf50b1\" data-dt-img-description=\"\" data-large_image_width=\"768\" data-large_image_height=\"1024\"href='https:\/\/www.radiopiu.net\/wordpress\/wp-content\/uploads\/2023\/08\/73d85073-61de-4461-80a0-de7d54cf50b1.jpg'><img loading=\"lazy\" decoding=\"async\" width=\"150\" height=\"150\" src=\"https:\/\/www.radiopiu.net\/wordpress\/wp-content\/uploads\/2023\/08\/73d85073-61de-4461-80a0-de7d54cf50b1-150x150.jpg\" class=\"attachment-thumbnail size-thumbnail\" alt=\"\" \/><\/a>\n\t\t\t\t<\/dt><\/dl><dl class='gallery-item'>\n\t\t\t\t<dt class='gallery-icon portrait'>\n\t\t\t\t\t<a class=\"rollover rollover-zoom dt-pswp-item\" title=\"96908eee-2f85-4ff6-beb5-313178e08043\" data-dt-img-description=\"\" data-large_image_width=\"1200\" data-large_image_height=\"1600\"href='https:\/\/www.radiopiu.net\/wordpress\/wp-content\/uploads\/2023\/08\/96908eee-2f85-4ff6-beb5-313178e08043.jpg'><img loading=\"lazy\" decoding=\"async\" width=\"150\" height=\"150\" src=\"https:\/\/www.radiopiu.net\/wordpress\/wp-content\/uploads\/2023\/08\/96908eee-2f85-4ff6-beb5-313178e08043-150x150.jpg\" class=\"attachment-thumbnail size-thumbnail\" alt=\"\" \/><\/a>\n\t\t\t\t<\/dt><\/dl><dl class='gallery-item'>\n\t\t\t\t<dt class='gallery-icon portrait'>\n\t\t\t\t\t<a class=\"rollover rollover-zoom dt-pswp-item\" title=\"74878060-3f68-4d19-a4f0-5ee5df9e3d8d\" data-dt-img-description=\"\" data-large_image_width=\"1200\" data-large_image_height=\"1600\"href='https:\/\/www.radiopiu.net\/wordpress\/wp-content\/uploads\/2023\/08\/74878060-3f68-4d19-a4f0-5ee5df9e3d8d.jpg'><img loading=\"lazy\" decoding=\"async\" width=\"150\" height=\"150\" src=\"https:\/\/www.radiopiu.net\/wordpress\/wp-content\/uploads\/2023\/08\/74878060-3f68-4d19-a4f0-5ee5df9e3d8d-150x150.jpg\" class=\"attachment-thumbnail size-thumbnail\" alt=\"\" \/><\/a>\n\t\t\t\t<\/dt><\/dl><br style=\"clear: both\" \/><dl class='gallery-item'>\n\t\t\t\t<dt class='gallery-icon portrait'>\n\t\t\t\t\t<a class=\"rollover rollover-zoom dt-pswp-item\" title=\"b7bc1c2b-4bae-40e2-bf34-15f0d2a51658\" data-dt-img-description=\"\" data-large_image_width=\"1200\" data-large_image_height=\"1600\"href='https:\/\/www.radiopiu.net\/wordpress\/wp-content\/uploads\/2023\/08\/b7bc1c2b-4bae-40e2-bf34-15f0d2a51658.jpg'><img loading=\"lazy\" decoding=\"async\" width=\"150\" height=\"150\" src=\"https:\/\/www.radiopiu.net\/wordpress\/wp-content\/uploads\/2023\/08\/b7bc1c2b-4bae-40e2-bf34-15f0d2a51658-150x150.jpg\" class=\"attachment-thumbnail size-thumbnail\" alt=\"\" \/><\/a>\n\t\t\t\t<\/dt><\/dl><dl class='gallery-item'>\n\t\t\t\t<dt class='gallery-icon landscape'>\n\t\t\t\t\t<a class=\"rollover rollover-zoom dt-pswp-item\" title=\"bbfba530-d655-4efa-adb4-d66a3c385a24\" data-dt-img-description=\"\" data-large_image_width=\"1600\" data-large_image_height=\"1200\"href='https:\/\/www.radiopiu.net\/wordpress\/wp-content\/uploads\/2023\/08\/bbfba530-d655-4efa-adb4-d66a3c385a24.jpg'><img loading=\"lazy\" decoding=\"async\" width=\"150\" height=\"150\" src=\"https:\/\/www.radiopiu.net\/wordpress\/wp-content\/uploads\/2023\/08\/bbfba530-d655-4efa-adb4-d66a3c385a24-150x150.jpg\" class=\"attachment-thumbnail size-thumbnail\" alt=\"\" \/><\/a>\n\t\t\t\t<\/dt><\/dl><dl class='gallery-item'>\n\t\t\t\t<dt class='gallery-icon portrait'>\n\t\t\t\t\t<a class=\"rollover rollover-zoom dt-pswp-item\" title=\"ca5b4256-1eb0-4581-a8a8-be30170b964f\" data-dt-img-description=\"\" data-large_image_width=\"1200\" data-large_image_height=\"1600\"href='https:\/\/www.radiopiu.net\/wordpress\/wp-content\/uploads\/2023\/08\/ca5b4256-1eb0-4581-a8a8-be30170b964f.jpg'><img loading=\"lazy\" decoding=\"async\" width=\"150\" height=\"150\" src=\"https:\/\/www.radiopiu.net\/wordpress\/wp-content\/uploads\/2023\/08\/ca5b4256-1eb0-4581-a8a8-be30170b964f-150x150.jpg\" class=\"attachment-thumbnail size-thumbnail\" alt=\"\" \/><\/a>\n\t\t\t\t<\/dt><\/dl><dl class='gallery-item'>\n\t\t\t\t<dt class='gallery-icon portrait'>\n\t\t\t\t\t<a class=\"rollover rollover-zoom dt-pswp-item\" title=\"d5cb4ec6-b6ad-48de-a89d-7a37f8c7d4b4\" data-dt-img-description=\"\" data-large_image_width=\"1080\" data-large_image_height=\"1351\"href='https:\/\/www.radiopiu.net\/wordpress\/wp-content\/uploads\/2023\/08\/d5cb4ec6-b6ad-48de-a89d-7a37f8c7d4b4.jpg'><img loading=\"lazy\" decoding=\"async\" width=\"150\" height=\"150\" src=\"https:\/\/www.radiopiu.net\/wordpress\/wp-content\/uploads\/2023\/08\/d5cb4ec6-b6ad-48de-a89d-7a37f8c7d4b4-150x150.jpg\" class=\"attachment-thumbnail size-thumbnail\" alt=\"\" \/><\/a>\n\t\t\t\t<\/dt><\/dl><dl class='gallery-item'>\n\t\t\t\t<dt class='gallery-icon portrait'>\n\t\t\t\t\t<a class=\"rollover rollover-zoom dt-pswp-item\" title=\"e5467ba9-ba46-40b1-9001-4462688b50fc\" data-dt-img-description=\"\" data-large_image_width=\"1200\" data-large_image_height=\"1600\"href='https:\/\/www.radiopiu.net\/wordpress\/wp-content\/uploads\/2023\/08\/e5467ba9-ba46-40b1-9001-4462688b50fc.jpg'><img loading=\"lazy\" decoding=\"async\" width=\"150\" height=\"150\" src=\"https:\/\/www.radiopiu.net\/wordpress\/wp-content\/uploads\/2023\/08\/e5467ba9-ba46-40b1-9001-4462688b50fc-150x150.jpg\" class=\"attachment-thumbnail size-thumbnail\" alt=\"\" \/><\/a>\n\t\t\t\t<\/dt><\/dl><dl class='gallery-item'>\n\t\t\t\t<dt class='gallery-icon portrait'>\n\t\t\t\t\t<a class=\"rollover rollover-zoom dt-pswp-item\" title=\"f429601d-51c3-427d-b1f0-fc0a0e2e38dc\" data-dt-img-description=\"\" data-large_image_width=\"1079\" data-large_image_height=\"1351\"href='https:\/\/www.radiopiu.net\/wordpress\/wp-content\/uploads\/2023\/08\/f429601d-51c3-427d-b1f0-fc0a0e2e38dc.jpg'><img loading=\"lazy\" decoding=\"async\" width=\"150\" height=\"150\" src=\"https:\/\/www.radiopiu.net\/wordpress\/wp-content\/uploads\/2023\/08\/f429601d-51c3-427d-b1f0-fc0a0e2e38dc-150x150.jpg\" class=\"attachment-thumbnail size-thumbnail\" alt=\"\" \/><\/a>\n\t\t\t\t<\/dt><\/dl><dl class='gallery-item'>\n\t\t\t\t<dt class='gallery-icon portrait'>\n\t\t\t\t\t<a class=\"rollover rollover-zoom dt-pswp-item\" title=\"fe3c89b0-2103-4cf0-8069-43bf85c54c95\" data-dt-img-description=\"\" data-large_image_width=\"768\" data-large_image_height=\"1024\"href='https:\/\/www.radiopiu.net\/wordpress\/wp-content\/uploads\/2023\/08\/fe3c89b0-2103-4cf0-8069-43bf85c54c95.jpg'><img loading=\"lazy\" decoding=\"async\" width=\"150\" height=\"150\" src=\"https:\/\/www.radiopiu.net\/wordpress\/wp-content\/uploads\/2023\/08\/fe3c89b0-2103-4cf0-8069-43bf85c54c95-150x150.jpg\" class=\"attachment-thumbnail size-thumbnail\" alt=\"\" \/><\/a>\n\t\t\t\t<\/dt><\/dl><br style=\"clear: both\" \/>\n\t\t\t<\/div>\n\n<p>&nbsp;<\/p>\n<hr \/>\n<p>&nbsp;<\/p>\n<blockquote>\n<h3>GIORNATA DI ALLEGRIA AL BORGO ANTICO<\/h3>\n<\/blockquote>\n<p>&nbsp;<\/p>\n<blockquote><p>\u00a0<em>Una giornata di svago, scoperta e divertimento per 40 piccoli partecipanti nell&#8217;incantevole cornice di Palue<\/em><\/p><\/blockquote>\n<p><strong><a class=\"dt-pswp-item\" href=\"https:\/\/www.radiopiu.net\/wordpress\/wp-content\/uploads\/2023\/08\/367429465_7307510859265781_8112626803948930237_n.jpg\" data-dt-img-description=\"\" data-large_image_width=\"1196\" data-large_image_height=\"1600\"><img loading=\"lazy\" decoding=\"async\" class=\"size-medium wp-image-350052 alignleft\" src=\"https:\/\/www.radiopiu.net\/wordpress\/wp-content\/uploads\/2023\/08\/367429465_7307510859265781_8112626803948930237_n-224x300.jpg\" alt=\"\" width=\"224\" height=\"300\" srcset=\"https:\/\/www.radiopiu.net\/wordpress\/wp-content\/uploads\/2023\/08\/367429465_7307510859265781_8112626803948930237_n-224x300.jpg 224w, https:\/\/www.radiopiu.net\/wordpress\/wp-content\/uploads\/2023\/08\/367429465_7307510859265781_8112626803948930237_n-765x1024.jpg 765w, https:\/\/www.radiopiu.net\/wordpress\/wp-content\/uploads\/2023\/08\/367429465_7307510859265781_8112626803948930237_n-768x1027.jpg 768w, https:\/\/www.radiopiu.net\/wordpress\/wp-content\/uploads\/2023\/08\/367429465_7307510859265781_8112626803948930237_n-1148x1536.jpg 1148w, https:\/\/www.radiopiu.net\/wordpress\/wp-content\/uploads\/2023\/08\/367429465_7307510859265781_8112626803948930237_n.jpg 1196w\" sizes=\"auto, (max-width: 224px) 100vw, 224px\" \/><\/a>ROCCA PIETORE\u00a0<\/strong> In una splendida giornata di sole, i bambini dei centri estivi di Caprile si sono avventurati in un&#8217;entusiasmante gita al Borgo Antico di Palue. Un gruppo di 40 bambini ha riempito le strade lastricate del borgo con la loro vivace energia, trasformando la giornata in una festa di colori, sorrisi e scoperte, i bambini hanno percorso un viaggio attraverso il tempo nel suggestivo Borgo Antico di Palue, un luogo intriso di storia e cultura. La gita \u00e8 stata un&#8217;occasione unica per i giovani esploratori di immergersi nel passato e scoprire le tradizioni di un tempo. Le stradine, le case, il ricordo di\u00a0 un&#8217;epoca lontana, che ha suscitato domande, curiosit\u00e0 e meraviglia.<\/p>\n<div class=\"flex-1 overflow-hidden\">\n<div class=\"react-scroll-to-bottom--css-mrsiv-79elbk h-full dark:bg-gray-800\">\n<div class=\"react-scroll-to-bottom--css-mrsiv-1n7m0yu\">\n<div class=\"flex flex-col text-sm dark:bg-gray-800\">\n<div class=\"group w-full text-token-text-primary border-b border-black\/10 dark:border-gray-900\/50 bg-gray-50 dark:bg-[#444654]\">\n<div class=\"flex p-4 gap-4 text-base md:gap-6 md:max-w-2xl lg:max-w-[38rem] xl:max-w-3xl md:py-6 lg:px-0 m-auto\">\n<div class=\"relative flex w-[calc(100%-50px)] flex-col gap-1 md:gap-3 lg:w-[calc(100%-115px)]\">\n<div class=\"flex flex-grow flex-col gap-3\">\n<div class=\"min-h-[20px] flex flex-col items-start gap-3 overflow-x-auto whitespace-pre-wrap break-words\">\n<div class=\"markdown prose w-full break-words dark:prose-invert light\">\n<blockquote><p><em>&#8220;Meraviglioso \u00e8 &#8230; vedere i bambini cos\u00ec coinvolti e interessati&#8221;, <\/em>ha commentato Lorena Casaril\u00a0 dal borgo del Comune rocchesano &#8220;<em>Questa gita \u00e8 stata un&#8217;opportunit\u00e0 non solo di divertimento, ma anche di apprendimento. Abbiamo potuto vedere quanto siano curiosi e desiderosi di conoscere il mondo che li circonda.&#8221; L&#8217;escursione al Borgo Antico di Palue rimarr\u00e0 senz&#8217;altro un momento da ricordare per i bambini dei centri estivi di Caprile.\u00a0<\/em><\/p><\/blockquote>\n<p>&nbsp;<\/p>\n\n\t\t\t<style type='text\/css'>\n\t\t\t\t#gallery-3 {\n\t\t\t\t\tmargin: auto;\n\t\t\t\t}\n\t\t\t\t#gallery-3 .gallery-item {\n\t\t\t\t\tfloat: left;\n\t\t\t\t\tmargin-top: 10px;\n\t\t\t\t\ttext-align: center;\n\t\t\t\t\twidth: 50%;\n\t\t\t\t}\n\t\t\t\t#gallery-3 img {\n\t\t\t\t\tborder: 2px solid #cfcfcf;\n\t\t\t\t}\n\t\t\t\t#gallery-3 .gallery-caption {\n\t\t\t\t\tmargin-left: 0;\n\t\t\t\t}\n\t\t\t\t\/* see gallery_shortcode() in wp-includes\/media.php *\/\n\t\t\t<\/style>\n\t\t<div id='gallery-3' class='dt-gallery-container gallery galleryid-349919 gallery-columns-2 gallery-size-thumbnail'><dl class='gallery-item'>\n\t\t\t\t<dt class='gallery-icon landscape'>\n\t\t\t\t\t<a class=\"rollover rollover-zoom dt-pswp-item\" title=\"Senza nome\" data-dt-img-description=\"\" data-large_image_width=\"507\" data-large_image_height=\"388\"href='https:\/\/www.radiopiu.net\/wordpress\/wp-content\/uploads\/2023\/08\/Senza-nome-71.png'><img loading=\"lazy\" decoding=\"async\" width=\"150\" height=\"150\" src=\"https:\/\/www.radiopiu.net\/wordpress\/wp-content\/uploads\/2023\/08\/Senza-nome-71-150x150.png\" class=\"attachment-thumbnail size-thumbnail\" alt=\"\" \/><\/a>\n\t\t\t\t<\/dt><\/dl><dl class='gallery-item'>\n\t\t\t\t<dt class='gallery-icon portrait'>\n\t\t\t\t\t<a class=\"rollover rollover-zoom dt-pswp-item\" title=\"367479874_7307510879265779_4155836608727513897_n\" data-dt-img-description=\"\" data-large_image_width=\"1196\" data-large_image_height=\"1600\"href='https:\/\/www.radiopiu.net\/wordpress\/wp-content\/uploads\/2023\/08\/367479874_7307510879265779_4155836608727513897_n.jpg'><img loading=\"lazy\" decoding=\"async\" width=\"150\" height=\"150\" src=\"https:\/\/www.radiopiu.net\/wordpress\/wp-content\/uploads\/2023\/08\/367479874_7307510879265779_4155836608727513897_n-150x150.jpg\" class=\"attachment-thumbnail size-thumbnail\" alt=\"\" \/><\/a>\n\t\t\t\t<\/dt><\/dl><br style=\"clear: both\" \/>\n\t\t\t<\/div>\n\n<\/div>\n<\/div>\n<\/div>\n<\/div>\n<\/div>\n<\/div>\n<div class=\"h-32 md:h-48 flex-shrink-0\"><\/div>\n<blockquote>\n<h2><\/h2>\n<h2>DILLO A RADIO PIU&#8217;&#8230; &#8220;PREGASI RIPRISTINARE IL SERVIZIO&#8221;.<\/h2>\n<\/blockquote>\n<div>\n<p><a class=\"dt-pswp-item\" href=\"https:\/\/www.radiopiu.net\/wordpress\/wp-content\/uploads\/2023\/08\/s-l1600.jpg\" data-dt-img-description=\"\" data-large_image_width=\"1600\" data-large_image_height=\"1575\"><img loading=\"lazy\" decoding=\"async\" class=\"wp-image-350101 alignleft\" src=\"https:\/\/www.radiopiu.net\/wordpress\/wp-content\/uploads\/2023\/08\/s-l1600-300x295.jpg\" alt=\"\" width=\"152\" height=\"149\" srcset=\"https:\/\/www.radiopiu.net\/wordpress\/wp-content\/uploads\/2023\/08\/s-l1600-300x295.jpg 300w, https:\/\/www.radiopiu.net\/wordpress\/wp-content\/uploads\/2023\/08\/s-l1600-1024x1008.jpg 1024w, https:\/\/www.radiopiu.net\/wordpress\/wp-content\/uploads\/2023\/08\/s-l1600-768x756.jpg 768w, https:\/\/www.radiopiu.net\/wordpress\/wp-content\/uploads\/2023\/08\/s-l1600-1536x1512.jpg 1536w, https:\/\/www.radiopiu.net\/wordpress\/wp-content\/uploads\/2023\/08\/s-l1600.jpg 1600w\" sizes=\"auto, (max-width: 152px) 100vw, 152px\" \/><\/a>RICEVIAMO E PUBBLICHIAMO. Ancora disservizi. Ieri sulla rete Vodafone non sono mancati i problemi, anche ad Agordo dalle 11 del mattino fino alle 17<\/p>\n<p>&nbsp;<\/p>\n<p><strong>LISTOLADE DI TAIBON AGORDINO<\/strong>\u00a0 <em>&#8220;Da due giorni a Listolade mancano i segnali dei cellulari, ho un abbonamento Vodafone. Non si ricevono ne si possono fare telefonate. Solo WhatsApp funziona. I gestori si attivino per ripristinare il servizio al pi\u00f9 presto&#8221;. <\/em>A.S.<\/p>\n<p>&nbsp;<\/p>\n<\/div>\n<div><\/div>\n<p>&nbsp;<\/p>\n<\/div>\n<\/div>\n<\/div>\n<\/div>\n<p>&nbsp;<\/p>\n<hr \/>\n<p>&nbsp;<\/p>\n<blockquote>\n<h2>9 SETTEMBRE, AD AGORDO SPORT IN PIAZZA<\/h2>\n<\/blockquote>\n<p><strong><a class=\"dt-pswp-item\" href=\"https:\/\/www.radiopiu.net\/wordpress\/wp-content\/uploads\/2023\/08\/Senza-nome-70.png\" data-dt-img-description=\"\" data-large_image_width=\"563\" data-large_image_height=\"163\"><img loading=\"lazy\" decoding=\"async\" class=\"size-medium wp-image-350002 alignleft\" src=\"https:\/\/www.radiopiu.net\/wordpress\/wp-content\/uploads\/2023\/08\/Senza-nome-70-300x87.png\" alt=\"\" width=\"300\" height=\"87\" srcset=\"https:\/\/www.radiopiu.net\/wordpress\/wp-content\/uploads\/2023\/08\/Senza-nome-70-300x87.png 300w, https:\/\/www.radiopiu.net\/wordpress\/wp-content\/uploads\/2023\/08\/Senza-nome-70-350x100.png 350w, https:\/\/www.radiopiu.net\/wordpress\/wp-content\/uploads\/2023\/08\/Senza-nome-70.png 563w\" sizes=\"auto, (max-width: 300px) 100vw, 300px\" \/><\/a>AGORDO <\/strong>Sabato 9 settembre 2023 le organizzazioni sportive e di volontariato dell\u2019Agordino organizzeranno ad Agordo la XVI\u00b0 edizione della manifestazione \u201cSport in piazza nell\u2019Agordino\u201d . Durante tutta la giornata , dalle 9.30 alle 12.30 e dalle 14.00 alle 18.00 proporranno a bambini e ragazzi\u00a0 le loro attivit\u00e0 sul grande prato del Broi di Agordo e nelle strade e spazi limitrofi, chiusi al traffico in collaborazione con l\u2019Amministrazione comunale e la polizia locale di Agordo. I giovani partecipanti potranno raccogliere in una apposita scheda i timbri di \u201cavvenuta attivit\u00e0\u201d rilasciati da ciascuno stand: a chi raccoglier\u00e0 un congruo numero di timbri, \u00a0al termine\u00a0 del percorso sar\u00e0 regalata la maglietta ricordo della manifestazione.<\/p>\n<p>Sotto l\u2019egida del Comitato provinciale AICS di Belluno , hanno gi\u00e0 dato la loro adesione 14 associazioni sportive, oltre ad alcune\u00a0 associazioni di volontariato: bambini e ragazzi potranno sperimentare in prima persona dalla pesca sportiva alla danza, dallo sci alla pallavolo, dall\u2019atletica al pattinaggio on line, dall\u2019Hockey alla ginnastica ritmica, e ancora judo, karate, scherma antica, nuoto e \u00a0tennis .\u00a0 Le associazioni di volontariato coinvolgeranno i giovani in giochi che avranno a tema l\u2019attivit\u00e0 e gli scopi della loro associazione. Obiettivo della manifestazione \u00e8\u00a0 far vivere concretamente ai ragazzini esperienze\u00a0 sportive o di volontariato , per stimolarli ad impegnarsi nella pratica attiva durante la loro vita. La manifestazione gode del patrocinio del CONI regionale Veneto,\u00a0 del Comune di Agordo e dell\u2019Unione Montana Agordina. Fondamentale l\u2019aiuto di tante piccole realt\u00e0 commerciali locali, cui va il ringraziamento degli organizzatori.<\/p>\n<p>&nbsp;<\/p>\n<hr \/>\n<p>&nbsp;<\/p>\n<blockquote>\n<h3><a class=\"dt-pswp-item\" href=\"https:\/\/www.radiopiu.net\/wordpress\/wp-content\/uploads\/2023\/08\/IMG-20230823-WA0002.jpg\" data-dt-img-description=\"\" data-large_image_width=\"905\" data-large_image_height=\"1280\"><img loading=\"lazy\" decoding=\"async\" class=\" wp-image-350009 alignleft\" src=\"https:\/\/www.radiopiu.net\/wordpress\/wp-content\/uploads\/2023\/08\/IMG-20230823-WA0002-212x300.jpg\" alt=\"\" width=\"99\" height=\"140\" srcset=\"https:\/\/www.radiopiu.net\/wordpress\/wp-content\/uploads\/2023\/08\/IMG-20230823-WA0002-212x300.jpg 212w, https:\/\/www.radiopiu.net\/wordpress\/wp-content\/uploads\/2023\/08\/IMG-20230823-WA0002-724x1024.jpg 724w, https:\/\/www.radiopiu.net\/wordpress\/wp-content\/uploads\/2023\/08\/IMG-20230823-WA0002-768x1086.jpg 768w, https:\/\/www.radiopiu.net\/wordpress\/wp-content\/uploads\/2023\/08\/IMG-20230823-WA0002.jpg 905w\" sizes=\"auto, (max-width: 99px) 100vw, 99px\" \/><\/a>A BELLUNO IL MERCATINO SCOLASTICO DEI LIBRI USATI<\/h3>\n<\/blockquote>\n<p><strong>BELLUNO<\/strong> Un gruppo di giovani studenti di Belluno si \u00e8 ritrovato all&#8217;UrbanHub di Belluno per il Mercatino Scolastico dei libri di testo usati. Un&#8217;iniziativa che ha gi\u00e0 visto i giovani incontrarsi per scambiarsi i libri due volte. Il 30 agosto e il 6 settembre i prossimi appuntamenti in programma sempre all&#8217;UrbanHub di Belluno dalle 15 alle 18:30. Chi volesse partecipare pu\u00f2 recarsi in sede e portare i propri libri scolastici usati per aiutare gli studenti delle scuole superiori.<\/p>\n<p>&nbsp;<\/p>\n<p>&nbsp;<\/p>\n<hr \/>\n<p>&nbsp;<\/p>\n<blockquote>\n<h3>STORIE DI LUOGHI E NOMI DELL&#8217;AGORDINO CON MARCO PERALE<\/h3>\n<\/blockquote>\n<p><strong><a class=\"dt-pswp-item\" href=\"https:\/\/www.radiopiu.net\/wordpress\/wp-content\/uploads\/2023\/08\/Serata-con-Marco-Perale.png\" data-dt-img-description=\"\" data-large_image_width=\"1587\" data-large_image_height=\"2245\"><img loading=\"lazy\" decoding=\"async\" class=\"wp-image-349909 alignleft\" src=\"https:\/\/www.radiopiu.net\/wordpress\/wp-content\/uploads\/2023\/08\/Serata-con-Marco-Perale-212x300.png\" alt=\"\" width=\"115\" height=\"163\" srcset=\"https:\/\/www.radiopiu.net\/wordpress\/wp-content\/uploads\/2023\/08\/Serata-con-Marco-Perale-212x300.png 212w, https:\/\/www.radiopiu.net\/wordpress\/wp-content\/uploads\/2023\/08\/Serata-con-Marco-Perale-724x1024.png 724w, https:\/\/www.radiopiu.net\/wordpress\/wp-content\/uploads\/2023\/08\/Serata-con-Marco-Perale-768x1086.png 768w, https:\/\/www.radiopiu.net\/wordpress\/wp-content\/uploads\/2023\/08\/Serata-con-Marco-Perale-1086x1536.png 1086w, https:\/\/www.radiopiu.net\/wordpress\/wp-content\/uploads\/2023\/08\/Serata-con-Marco-Perale-1448x2048.png 1448w, https:\/\/www.radiopiu.net\/wordpress\/wp-content\/uploads\/2023\/08\/Serata-con-Marco-Perale.png 1587w\" sizes=\"auto, (max-width: 115px) 100vw, 115px\" \/><\/a>di Luisa Manfroi<\/strong><\/p>\n<p><strong>CENCENIGHE<\/strong> Appuntamento con la storia venerd\u00ec 25 agosto alle ore 20:30 con il giornalista e storico Marco Perale\u00a0 che guider\u00e0 i partecipanti in un&#8217;esplorazione dei nomi e dei luoghi dell&#8217;Agordino. L&#8217;incontro \u00e8 aperto a tutti coloro che sono interessati alla storia e alla cultura locale ed \u00e8 un&#8217;occasione per apprendere e condividere conoscenze con uno dei principali studiosi del settore. L&#8217;evento che si terr\u00e0 nella sala consiliare e congressi del municipio, \u00e8 organizzato dalla Biblioteca e dalla Pro Loco di Cencenighe con il patrocinio del Comune.<\/p>\n<p>&nbsp;<\/p>\n<p>&nbsp;<\/p>\n<hr \/>\n<p>&nbsp;<\/p>\n<blockquote>\n<h3>AL RIFUGIO SCARPA IL FESTIVAL DI AGOSTO ALLE PENDICI DELL&#8217;AGNER<\/h3>\n<\/blockquote>\n<p><strong><a class=\"dt-pswp-item\" href=\"https:\/\/www.radiopiu.net\/wordpress\/wp-content\/uploads\/2023\/08\/rivolta.png\" data-dt-img-description=\"\" data-large_image_width=\"275\" data-large_image_height=\"175\"><img loading=\"lazy\" decoding=\"async\" class=\" wp-image-349654 alignleft\" src=\"https:\/\/www.radiopiu.net\/wordpress\/wp-content\/uploads\/2023\/08\/rivolta.png\" alt=\"\" width=\"187\" height=\"119\" \/><\/a>di Mirko Mezzacasa<\/strong><\/p>\n<p>OSPITE: Nicolas Farenzena<\/p>\n<audio class=\"wp-audio-shortcode\" id=\"audio-349919-4\" preload=\"none\" style=\"width: 100%;\" controls=\"controls\"><source type=\"audio\/mpeg\" src=\"https:\/\/www.radiopiu.net\/wordpress\/wp-content\/uploads\/2023\/08\/NICOLAS-FARENZENA-1.mp3?_=4\" \/><a href=\"https:\/\/www.radiopiu.net\/wordpress\/wp-content\/uploads\/2023\/08\/NICOLAS-FARENZENA-1.mp3\">https:\/\/www.radiopiu.net\/wordpress\/wp-content\/uploads\/2023\/08\/NICOLAS-FARENZENA-1.mp3<\/a><\/audio>\n<p>&nbsp;<\/p>\n<blockquote>\n<h3>AL RIFUGIO SCARPA IL FESTIVAL DI AGOSTO ALLE PENDICI DELL&#8217;AGNER<\/h3>\n<\/blockquote>\n<p><strong>VOLTAGO<\/strong><\/p>\n<p><strong>DAL RIFUGIO SCARPA IL GESTORE MARCO BERGAMO<\/strong><\/p>\n<audio class=\"wp-audio-shortcode\" id=\"audio-349919-5\" preload=\"none\" style=\"width: 100%;\" controls=\"controls\"><source type=\"audio\/mpeg\" src=\"https:\/\/www.radiopiu.net\/wordpress\/wp-content\/uploads\/2023\/08\/MARCO-BERGAMO.mp3?_=5\" \/><a href=\"https:\/\/www.radiopiu.net\/wordpress\/wp-content\/uploads\/2023\/08\/MARCO-BERGAMO.mp3\">https:\/\/www.radiopiu.net\/wordpress\/wp-content\/uploads\/2023\/08\/MARCO-BERGAMO.mp3<\/a><\/audio>\n<p>&nbsp;<\/p>\n<p>&nbsp;<\/p>\n<hr \/>\n<p>&nbsp;<\/p>\n<blockquote>\n<h2>A CAPRILE DI ALLEGHE LA SAGRA DI SAN BARTOLOMEO<\/h2>\n<\/blockquote>\n<p>di Mirko Mezzacasa<\/p>\n<p><strong>PAOLA BALDISSERA, CONSIGLIERE COMUNALE ISCRITTA GRUPPO ALPINI ALLEGHE<\/strong><\/p>\n<audio class=\"wp-audio-shortcode\" id=\"audio-349919-6\" preload=\"none\" style=\"width: 100%;\" controls=\"controls\"><source type=\"audio\/mpeg\" src=\"https:\/\/www.radiopiu.net\/wordpress\/wp-content\/uploads\/2023\/08\/PAOLA-BALDISSERA-SAN-BARTOLOMEO.mp3?_=6\" \/><a href=\"https:\/\/www.radiopiu.net\/wordpress\/wp-content\/uploads\/2023\/08\/PAOLA-BALDISSERA-SAN-BARTOLOMEO.mp3\">https:\/\/www.radiopiu.net\/wordpress\/wp-content\/uploads\/2023\/08\/PAOLA-BALDISSERA-SAN-BARTOLOMEO.mp3<\/a><\/audio>\n<p>&nbsp;<\/p>\n<p><strong><img loading=\"lazy\" decoding=\"async\" class=\"alignleft\" src=\"https:\/\/www.radiopiu.net\/wordpress\/wp-content\/uploads\/2023\/08\/Senza-nome-59.png\" width=\"333\" height=\"111\" \/>ALLEGHE <\/strong>Un nuovo appuntamento ad Alleghe con gli alpini del Gruppo Monte Civetta, patrocinio del Comune di Alleghe e collaborazione della Proloco. Per tre giorni a Caprile di Alleghe (scuole medie) tradizione, cultura e festa. GIOVEDI 24 AGOSTO 10:30\u00a0 Messa nella parrocchiale di San Bartolomeo; \u00a020:30\u00a0 nella sede\u00a0 del Cai Caprile ai campi sportivi &#8220;La Storia del Cai Caprile&#8221; attraverso le immagini di Mario Tenega. VENERDI 25 AGOSTO: 20:30 Presso la palestra delle scuole medie concerto del Coro Monte Dolada e del Coro Alpino Monte Civetta;\u00a0 SABATO 26 AGOSTO \u00a09:00 Escursione guidata del CAI Caprile lungo il Sentiero Carducci. 16 esibizione di intaglio del legno con la motosega \u00a017:30 Happy Hour Music drink 19:00 apertura stand gastronomico e musica dal vivo con l&#8217;orchestra Liscio Spritz e dalle 23:00 dj music by Binyl Boys Sound\u00a0 DOMENICA 27 AGOSTO\u00a0 10:00 e per tutto il giorno: -gioco &#8221; Su per Piaseta in socoi e savate&#8221;.\u00a0 -Mettiti alla prova con le associazioni della Croce Verde, del Soccorso Alpino, dei Pompieri: Grandi avventure sulle orme dei volontari: attivit\u00e0 per bambini e ragazzi. 10:30 \/ 11:30 happy Hour music drink \u00a012:00 Apertura stand gastronomico Pomeriggio musica itinerante con il complesso &#8220;Die D\u00fcrstigen&#8221; 17:00 Gran finale con i pompieri volontari di Caprile.<\/p>\n<p><strong>il sindaco di Alleghe Danilo De Toni<\/strong><\/p>\n<audio class=\"wp-audio-shortcode\" id=\"audio-349919-7\" preload=\"none\" style=\"width: 100%;\" controls=\"controls\"><source type=\"audio\/mpeg\" src=\"https:\/\/www.radiopiu.net\/wordpress\/wp-content\/uploads\/2023\/08\/danilo-de-toni.mp3?_=7\" \/><a href=\"https:\/\/www.radiopiu.net\/wordpress\/wp-content\/uploads\/2023\/08\/danilo-de-toni.mp3\">https:\/\/www.radiopiu.net\/wordpress\/wp-content\/uploads\/2023\/08\/danilo-de-toni.mp3<\/a><\/audio>\n<p>&nbsp;<\/p>\n<p>&nbsp;<\/p>\n<hr \/>\n<p>&nbsp;<\/p>\n<blockquote>\n<h3>IERI IN RADIO, LA VISITA DELL&#8217;ASSESSORE ADDAMIANO<\/h3>\n<\/blockquote>\n<p><strong>REDAZIONE<\/strong> Gradita visita a sorpresa ieri in via Paris Bordone, l\u2019incontro con Raffaele Addamiano,\u00a0 assessore alla cultura, rapporti con le associazioni culturali e sicurezza,\u00a0 del Comune di Belluno. Occasione per raccontare 40 anni di storia radiofonica della radio locale. Dall\u2019antica radio valvolare, alle bobine della Teac, dal registratore a cassette al nastro della Grunding e fino al computer dagli schermi a tratti inquietanti tra quattro bottoni che hanno sostituito giradischi, vinili,\u00a0 piastre per musicassette, video registratori, dat, mini disc e Cd<em>\u00a0\u201c\u00c8 stata una visita molto interessante e, a tratti, davvero sorprendente\u201d.\u00a0<\/em>Ha concluso l\u2019assessore<\/p>\n\n\t\t\t<style type='text\/css'>\n\t\t\t\t#gallery-4 {\n\t\t\t\t\tmargin: auto;\n\t\t\t\t}\n\t\t\t\t#gallery-4 .gallery-item {\n\t\t\t\t\tfloat: left;\n\t\t\t\t\tmargin-top: 10px;\n\t\t\t\t\ttext-align: center;\n\t\t\t\t\twidth: 50%;\n\t\t\t\t}\n\t\t\t\t#gallery-4 img {\n\t\t\t\t\tborder: 2px solid #cfcfcf;\n\t\t\t\t}\n\t\t\t\t#gallery-4 .gallery-caption {\n\t\t\t\t\tmargin-left: 0;\n\t\t\t\t}\n\t\t\t\t\/* see gallery_shortcode() in wp-includes\/media.php *\/\n\t\t\t<\/style>\n\t\t<div id='gallery-4' class='dt-gallery-container gallery galleryid-349919 gallery-columns-2 gallery-size-thumbnail'><dl class='gallery-item'>\n\t\t\t\t<dt class='gallery-icon portrait'>\n\t\t\t\t\t<a class=\"rollover rollover-zoom dt-pswp-item\" title=\"d5eca974-257d-44a4-bf60-d8bed431c775\" data-dt-img-description=\"\" data-large_image_width=\"1200\" data-large_image_height=\"1600\"href='https:\/\/www.radiopiu.net\/wordpress\/wp-content\/uploads\/2023\/08\/d5eca974-257d-44a4-bf60-d8bed431c775-1.jpg'><img loading=\"lazy\" decoding=\"async\" width=\"150\" height=\"150\" src=\"https:\/\/www.radiopiu.net\/wordpress\/wp-content\/uploads\/2023\/08\/d5eca974-257d-44a4-bf60-d8bed431c775-1-150x150.jpg\" class=\"attachment-thumbnail size-thumbnail\" alt=\"\" \/><\/a>\n\t\t\t\t<\/dt><\/dl><dl class='gallery-item'>\n\t\t\t\t<dt class='gallery-icon landscape'>\n\t\t\t\t\t<a class=\"rollover rollover-zoom dt-pswp-item\" title=\"4f1f7109-74a6-4570-8661-14119f766349\" data-dt-img-description=\"\" data-large_image_width=\"1600\" data-large_image_height=\"1200\"href='https:\/\/www.radiopiu.net\/wordpress\/wp-content\/uploads\/2023\/08\/4f1f7109-74a6-4570-8661-14119f766349-1.jpg'><img loading=\"lazy\" decoding=\"async\" width=\"150\" height=\"150\" src=\"https:\/\/www.radiopiu.net\/wordpress\/wp-content\/uploads\/2023\/08\/4f1f7109-74a6-4570-8661-14119f766349-1-150x150.jpg\" class=\"attachment-thumbnail size-thumbnail\" alt=\"\" \/><\/a>\n\t\t\t\t<\/dt><\/dl><br style=\"clear: both\" \/>\n\t\t\t<\/div>\n\n<p>&nbsp;<\/p>\n<hr \/>\n<p>&nbsp;<\/p>\n<h2><span style=\"color: #ff0000;\">GLI APPUNTAMENTI DELLA SETTIMANA\u00a0<\/span><\/h2>\n<blockquote>\n<h3>CONCERTI IN ALTA QUOTA CON &#8220;MELODIE NEL BOSCO, SUSSURRI TRA LE DOLOMITI&#8221;.<\/h3>\n<\/blockquote>\n<p><strong><a class=\"dt-pswp-item\" href=\"https:\/\/www.radiopiu.net\/wordpress\/wp-content\/uploads\/2018\/07\/Pota-l_Orso_Bosco-degli-Artisti.png\" data-dt-img-description=\"\" data-large_image_width=\"750\" data-large_image_height=\"534\"><img loading=\"lazy\" decoding=\"async\" class=\" wp-image-55065 alignleft\" src=\"https:\/\/www.radiopiu.net\/wordpress\/wp-content\/uploads\/2018\/07\/Pota-l_Orso_Bosco-degli-Artisti-300x214.png\" alt=\"\" width=\"199\" height=\"142\" srcset=\"https:\/\/www.radiopiu.net\/wordpress\/wp-content\/uploads\/2018\/07\/Pota-l_Orso_Bosco-degli-Artisti-300x214.png 300w, https:\/\/www.radiopiu.net\/wordpress\/wp-content\/uploads\/2018\/07\/Pota-l_Orso_Bosco-degli-Artisti.png 750w\" sizes=\"auto, (max-width: 199px) 100vw, 199px\" \/><\/a>FALCADE<\/strong>\u00a0 &#8220;Melodie nel Bosco, sussurri tra le Dolomiti&#8221;. Si chiama cos\u00ec il festival che porter\u00e0 quattro concerti a 2.000 metri di altitudine per far incontrare musica e natura al cospetto di vette come Mulaz e Focobon.\u00a0 A fare da teatro sar\u00e0 il Bosco degli Artisti di Falcade, galleria d\u2019arte a cielo aperto che sorge in localit\u00e0 Le Buse, nella Ski Area San Pellegrino. Concerti in programma alle 10:30.<\/p>\n<p>Sabato 26 agosto toccher\u00e0 a Emanuele Bastanzetti, da Bach a Kreisler &#8211; sinfonie di violino.<\/p>\n<p>&nbsp;<\/p>\n<p>&nbsp;<\/p>\n<p>&nbsp;<\/p>\n<hr \/>\n<p>&nbsp;<\/p>\n<blockquote>\n<h3>APERITIVO ? MA MAI SENZA MUSICA<\/h3>\n<\/blockquote>\n<p class=\"photoswipe-wrapper\"><a class=\"dt-pswp-item pspw-wrap-ready\" href=\"https:\/\/www.radiopiu.net\/wordpress\/wp-content\/uploads\/2023\/07\/d86dbc06-7161-49d4-b544-90770e85269f.jpg\" data-dt-img-description=\"\" data-large_image_width=\"1448\" data-large_image_height=\"2048\"><img loading=\"lazy\" decoding=\"async\" class=\" wp-image-342766 alignleft\" src=\"https:\/\/www.radiopiu.net\/wordpress\/wp-content\/uploads\/2023\/07\/d86dbc06-7161-49d4-b544-90770e85269f-212x300.jpg\" sizes=\"auto, (max-width: 133px) 100vw, 133px\" srcset=\"https:\/\/www.radiopiu.net\/wordpress\/wp-content\/uploads\/2023\/07\/d86dbc06-7161-49d4-b544-90770e85269f-212x300.jpg 212w, https:\/\/www.radiopiu.net\/wordpress\/wp-content\/uploads\/2023\/07\/d86dbc06-7161-49d4-b544-90770e85269f-724x1024.jpg 724w, https:\/\/www.radiopiu.net\/wordpress\/wp-content\/uploads\/2023\/07\/d86dbc06-7161-49d4-b544-90770e85269f-768x1086.jpg 768w, https:\/\/www.radiopiu.net\/wordpress\/wp-content\/uploads\/2023\/07\/d86dbc06-7161-49d4-b544-90770e85269f-1086x1536.jpg 1086w, https:\/\/www.radiopiu.net\/wordpress\/wp-content\/uploads\/2023\/07\/d86dbc06-7161-49d4-b544-90770e85269f.jpg 1448w\" alt=\"\" width=\"133\" height=\"189\" \/><\/a>Dimentica la routine, concediti un momento di relax e divertimento con amici e familiari. L\u2019aperitivo in musica all\u2019Hotel Stella Alpina in piazza a Falcade \u00e8 l\u2019occasione perfetta per socializzare e creare ricordi preziosi.Ogni venerd\u00ec di luglio ed agosto, l\u2019Hotel Stella Alpina vi accoglie per una serata di puro divertimento, dalle 18 alle 21. I\u00a0venerdi di luglio ed agosto allo Stella alpina, appuntamento con la buona musica e le specialit\u00e0 che sapranno deliziarvi il palato. INFO 0437 599046.\u00a0<a class=\"moz-txt-link-abbreviated\" href=\"http:\/\/www.hotel\/\">WWW.HOTEL<\/a>\u00a0STELLA ALPINA . COM<\/p>\n<p>&nbsp;<\/p>\n<p><strong>DOMANI<\/strong> CONCERTO DI LUCA DE ZORZI E CENA CON RIBS &amp; CHIPS<\/p>\n<p>&nbsp;<\/p>\n<p>&nbsp;<\/p>\n<hr \/>\n<p>&nbsp;<\/p>\n<blockquote>\n<h3>IL RAPPORTO TRA PAPA BEATO LUCIANI E GIOVANNI XXIII<\/h3>\n<\/blockquote>\n<p><strong>CANALE D&#8217;AGORDO<\/strong> Domani alle 21 in sala Emigranti di Canale D&#8217;Agordo ospite Marco Roncalli, pronipote di Papa Giovanni XXIII, che racconter\u00e0 il rapporto tra il prozio e Papa Albino Luciani<\/p>\n<p>&nbsp;<\/p>\n<p>&nbsp;<\/p>\n<hr \/>\n<p>&nbsp;<\/p>\n<blockquote>\n<h3>VOLEVO VEDERE LA TUNDRA A TAMBRE D\u2019ALPAGO<\/h3>\n<\/blockquote>\n<p><strong>ALPAGO<\/strong> Domani\u00a0 alle\u00a0 20:45 al Centro Sociale in piazza a Tambre d\u2019Alpago, la sezione de Cai Alpago incontra Antonella Giacomini, viaggiatrice estrema e la sua opera prima Volevo vedere la tundra<\/p>\n<p>&nbsp;<\/p>\n<hr \/>\n<p>&nbsp;<\/p>\n<blockquote>\n<h3>EVENTI DI SUCCESSO AD AGORDO<\/h3>\n<\/blockquote>\n<p><strong>di Giorgio Fontanive<\/strong><\/p>\n<p><strong>AGORDO <\/strong>Agordo ha visto due importanti appuntamenti che hanno attirato una moltitudine di curiosi e appassionati dei due settori coinvolti. Sabato 12 attorno al Broi ha avuto luogo il secondo mercatino stagionale dell\u2019antiquariato e del collezionismo con la partecipazione di una cinquantina di espositori del Veneto: l\u2019evento, pubblicizzato via etere da Radio Pi\u00f9, con volantinaggio e con cartellonistica stradale, ha visto un\u2019affluenza costante di visitatori che ha fine giornata ha raggiunto e superato i duemila passaggi, creando interesse e un buon indotto commerciale per la piazza, a riprova che, se il mercatino \u00e8 ben organizzato, d\u00e0 soddisfazione a tutti. Da segnalare che il prossimo e ultimo appuntamento con gli Amici dell\u2019Antiquariato \u00e8 in calendario per sabato 26 agosto. Domenica 13 agosto \u00e8 stata invece la volta della 32.ma Rassegna di minerali e fossili organizzata dal Gamp (Gruppo Agordino Mineralogico Paleontologico). L\u2019appuntamento per il pubblico si \u00e8 svolto dalle 8:30 alle 18:00 con minerali, fossili, gemme, bigiotteria e libri d\u2019argomento attinente; tra le attivit\u00e0 collaterali, all\u2019esterno \u00e8 stata allestita una vasca per la ricerca dell\u2019oro alluvionale con l\u2019utilizzo del piatto (bat\u00e8a). Tale iniziativa, sotto la guida del barbuto cercatore d\u2019oro Romeo Battistella d\u2019origine trevigiana, ha attirato almeno un centinaio di curiosi per la ricerca di vere pagliuzze (del perso totale di circa un grammo d\u2019oro), alcune delle quali sono state ritrovate e omaggiate al fortunato che aveva fatto ruotare il classico strumento, la bat\u00e8a. Particolarmente appassionati i pi\u00f9 giovani che hanno fatto la fila per provare la tecnica di ricerca. All\u2019interno del Palasport, come al solito, una 40.na di espositori hanno messo in evidenza il proprio materiale (minerali, fossili, pietre preziose, articoli di bigiotteria, libri d\u2019argomento attinente al mondo sotterraneo), accogliendo complessivamente oltre 1300 visitatori. Alla luce di quanto visto, per ambedue gli appuntamenti sono gi\u00e0 allo studio alcune proposte atte a migliorare e promuoverne l\u2019offerta, come accade quando le cose (meteorologia permettendo) riescono bene, rinnovandosi di anno in anno.<\/p>\n\n\t\t\t<style type='text\/css'>\n\t\t\t\t#gallery-5 {\n\t\t\t\t\tmargin: auto;\n\t\t\t\t}\n\t\t\t\t#gallery-5 .gallery-item {\n\t\t\t\t\tfloat: left;\n\t\t\t\t\tmargin-top: 10px;\n\t\t\t\t\ttext-align: center;\n\t\t\t\t\twidth: 33%;\n\t\t\t\t}\n\t\t\t\t#gallery-5 img {\n\t\t\t\t\tborder: 2px solid #cfcfcf;\n\t\t\t\t}\n\t\t\t\t#gallery-5 .gallery-caption {\n\t\t\t\t\tmargin-left: 0;\n\t\t\t\t}\n\t\t\t\t\/* see gallery_shortcode() in wp-includes\/media.php *\/\n\t\t\t<\/style>\n\t\t<div id='gallery-5' class='dt-gallery-container gallery galleryid-349919 gallery-columns-3 gallery-size-thumbnail'><dl class='gallery-item'>\n\t\t\t\t<dt class='gallery-icon landscape'>\n\t\t\t\t\t<a class=\"rollover rollover-zoom dt-pswp-item\" title=\"1-Mercato AGORDO 12 .8\" data-dt-img-description=\"\" data-large_image_width=\"2209\" data-large_image_height=\"1475\"href='https:\/\/www.radiopiu.net\/wordpress\/wp-content\/uploads\/2023\/08\/1-Mercato-AGORDO-12-.8.jpg'><img loading=\"lazy\" decoding=\"async\" width=\"150\" height=\"150\" src=\"https:\/\/www.radiopiu.net\/wordpress\/wp-content\/uploads\/2023\/08\/1-Mercato-AGORDO-12-.8-150x150.jpg\" class=\"attachment-thumbnail size-thumbnail\" alt=\"\" \/><\/a>\n\t\t\t\t<\/dt><\/dl><dl class='gallery-item'>\n\t\t\t\t<dt class='gallery-icon landscape'>\n\t\t\t\t\t<a class=\"rollover rollover-zoom dt-pswp-item\" title=\"2-Mercato AGORDO 12.8\" data-dt-img-description=\"\" data-large_image_width=\"2560\" data-large_image_height=\"1709\"href='https:\/\/www.radiopiu.net\/wordpress\/wp-content\/uploads\/2023\/08\/2-Mercato-AGORDO-12.8-scaled.jpg'><img loading=\"lazy\" decoding=\"async\" width=\"150\" height=\"150\" src=\"https:\/\/www.radiopiu.net\/wordpress\/wp-content\/uploads\/2023\/08\/2-Mercato-AGORDO-12.8-150x150.jpg\" class=\"attachment-thumbnail size-thumbnail\" alt=\"\" \/><\/a>\n\t\t\t\t<\/dt><\/dl><dl class='gallery-item'>\n\t\t\t\t<dt class='gallery-icon landscape'>\n\t\t\t\t\t<a class=\"rollover rollover-zoom dt-pswp-item\" title=\"3-Mercato AGORDO 12.8\" data-dt-img-description=\"\" data-large_image_width=\"2560\" data-large_image_height=\"1709\"href='https:\/\/www.radiopiu.net\/wordpress\/wp-content\/uploads\/2023\/08\/3-Mercato-AGORDO-12.8-scaled.jpg'><img loading=\"lazy\" decoding=\"async\" width=\"150\" height=\"150\" src=\"https:\/\/www.radiopiu.net\/wordpress\/wp-content\/uploads\/2023\/08\/3-Mercato-AGORDO-12.8-150x150.jpg\" class=\"attachment-thumbnail size-thumbnail\" alt=\"\" \/><\/a>\n\t\t\t\t<\/dt><\/dl><br style=\"clear: both\" \/><dl class='gallery-item'>\n\t\t\t\t<dt class='gallery-icon landscape'>\n\t\t\t\t\t<a class=\"rollover rollover-zoom dt-pswp-item\" title=\"4-PALAROVA 13.8\" data-dt-img-description=\"\" data-large_image_width=\"2560\" data-large_image_height=\"1709\"href='https:\/\/www.radiopiu.net\/wordpress\/wp-content\/uploads\/2023\/08\/4-PALAROVA-13.8-scaled.jpg'><img loading=\"lazy\" decoding=\"async\" width=\"150\" height=\"150\" src=\"https:\/\/www.radiopiu.net\/wordpress\/wp-content\/uploads\/2023\/08\/4-PALAROVA-13.8-150x150.jpg\" class=\"attachment-thumbnail size-thumbnail\" alt=\"\" \/><\/a>\n\t\t\t\t<\/dt><\/dl><dl class='gallery-item'>\n\t\t\t\t<dt class='gallery-icon portrait'>\n\t\t\t\t\t<a class=\"rollover rollover-zoom dt-pswp-item\" title=\"5-Il cercatore d&#039;oro Romeo\" data-dt-img-description=\"\" data-large_image_width=\"1709\" data-large_image_height=\"2560\"href='https:\/\/www.radiopiu.net\/wordpress\/wp-content\/uploads\/2023\/08\/5-Il-cercatore-doro-Romeo-scaled.jpg'><img loading=\"lazy\" decoding=\"async\" width=\"150\" height=\"150\" src=\"https:\/\/www.radiopiu.net\/wordpress\/wp-content\/uploads\/2023\/08\/5-Il-cercatore-doro-Romeo-150x150.jpg\" class=\"attachment-thumbnail size-thumbnail\" alt=\"\" \/><\/a>\n\t\t\t\t<\/dt><\/dl><dl class='gallery-item'>\n\t\t\t\t<dt class='gallery-icon landscape'>\n\t\t\t\t\t<a class=\"rollover rollover-zoom dt-pswp-item\" title=\"6-Cercatore e pres. GAMP\" data-dt-img-description=\"\" data-large_image_width=\"2560\" data-large_image_height=\"1709\"href='https:\/\/www.radiopiu.net\/wordpress\/wp-content\/uploads\/2023\/08\/6-Cercatore-e-pres.-GAMP-scaled.jpg'><img loading=\"lazy\" decoding=\"async\" width=\"150\" height=\"150\" src=\"https:\/\/www.radiopiu.net\/wordpress\/wp-content\/uploads\/2023\/08\/6-Cercatore-e-pres.-GAMP-150x150.jpg\" class=\"attachment-thumbnail size-thumbnail\" alt=\"\" \/><\/a>\n\t\t\t\t<\/dt><\/dl><br style=\"clear: both\" \/>\n\t\t\t<\/div>\n\n<hr \/>\n<p>&nbsp;<\/p>\n<blockquote>\n<h3>IL CARDINALE STELLA A CANALE D&#8217;AGORDO NEL RICORDO DEL BEATO LUCIANI<\/h3>\n<\/blockquote>\n<p><strong>CANALE D&#8217;AGORDO <\/strong>La Celebrazione della Messa del Beato Giovanni Paolo I nel 45\u00b0 anniversario della Sua elezione a Sommo Pontefice che si terr\u00e0<b> sabato <\/b>alle 16.30 nella piazza Papa Luciani di Canale d&#8217;Agordo. In caso di mal tempo l&#8217;evento avr\u00e0 luogo nella Chiuesa Arcipretale di Canale d&#8217;Agordo. La messa sar\u00e0 presieduta dal Cardinale Beniamino Stella.<\/p>\n<p>&nbsp;<\/p>\n<p>&nbsp;<\/p>\n<hr \/>\n<p>&nbsp;<\/p>\n<blockquote>\n<h3>OMAGGIO ALL&#8217;OSPITE A FALCADE<\/h3>\n<\/blockquote>\n<p><strong>FALCADE\u00a0<\/strong>Domenica all&#8217;ingresso della piana di Falcade, nel porticato di fronte al municipio, sar\u00e0 scoperto e inaugurato il Monumento all&#8217;ospite, opera dell&#8217;artista rodigino Carlo Tintore. Appuntamento per le 11:30, sono invitati a partecipare cittadinanza e ospiti.<\/p>\n<p>&nbsp;<\/p>\n<p>&nbsp;<\/p>\n<hr \/>\n<p>&nbsp;<\/p>\n<blockquote>\n<h3>MERCATINO DI PICCOLI TESORI<\/h3>\n<\/blockquote>\n<p><strong>BELLUNO<\/strong> Domenica dalle 15.30 alle 18 nel chiostro del seminario di Belluno &#8220;Mercatino dell&#8217;usato&#8221;, il ricavato sar\u00e0 devoluto a sostegno del seminario e associazione Campedel<\/p>\n<p>&nbsp;<\/p>\n<h2><span style=\"color: #ff0000;\">PROSSIMAMENTE&#8230;\u00a0<\/span><\/h2>\n<blockquote>\n<h3>ESPERIENZA CULINARIA AL RIFUGIO AVERAU<\/h3>\n<\/blockquote>\n<p><strong>CORTINA<\/strong> Marted\u00ec 12 settembre, evento straordinario al Rifugio Averau. Gli chef di casa, Matteo e Stefano, della trattoria alla Cima di Valdobbiadene uniscono genio e bravura per un&#8217;esperienza unica &#8220;dalla laguna alle dolomiti&#8221;. Un percorso enogastronomico dal mare ai fiumi, dalle colline ai boschi del veneziano, trevigiano e bellunese fino alle cime di Cortina. Sar\u00e0 predisposto su prenotazione un servizio di trasporto in jeep dal rifugio Cinque Torri, raggiungibile in macchina dalla strada del passo Falzarego Per info e prenotazioni: 0436 4660<br \/>\nDALLA LAGUNA ALLE DOLOMITI, 12 SETTEMBRE AL RIFUGIO AVERAU<\/p>\n<p>&nbsp;<\/p>\n<blockquote>\n<h3>LA GIORNATA DEL RESPIRO<\/h3>\n<\/blockquote>\n<p><strong>BELLUNO<\/strong> Sabato 2 settembre al Ristorante De Gusto Dolomiti di Via Meassa a Sagrogna di Belluno viene organizzata una giornata all&#8217;insegna della ricerca del buon cibo e della magia. Info e prenotazioni al 373 5042705 o 373 5101875. Le donazioni raccolte durante l&#8217;evento saranno devolute alla Fondazione Ricerca Fibrosi Cistica<\/p>\n<p>&nbsp;<\/p>\n<p>&nbsp;<\/p>\n<hr \/>\n<p>&nbsp;<\/p>\n<blockquote class=\"wp-embedded-content\" data-secret=\"wmR29lNFDm\"><p><a href=\"https:\/\/www.radiopiu.net\/wordpress\/etta-band-gadenz-tour-2023\/\">ETTA &#038; BAND \u2013 GADENZ TOUR 2023<\/a><\/p><\/blockquote>\n<p><iframe loading=\"lazy\" class=\"wp-embedded-content\" sandbox=\"allow-scripts\" security=\"restricted\" style=\"position: absolute; clip: rect(1px, 1px, 1px, 1px);\" title=\"&#8220;ETTA &#038; BAND \u2013 GADENZ TOUR 2023&#8221; &#8212; Radio Pi\u00f9\" src=\"https:\/\/www.radiopiu.net\/wordpress\/etta-band-gadenz-tour-2023\/embed\/#?secret=bpRfcyFMyJ#?secret=wmR29lNFDm\" data-secret=\"wmR29lNFDm\" width=\"600\" height=\"338\" frameborder=\"0\" marginwidth=\"0\" marginheight=\"0\" scrolling=\"no\"><\/iframe><\/p>\n<p>&nbsp;<\/p>\n<p>&nbsp;<\/p>\n<hr \/>\n<p>&nbsp;<\/p>\n<div class=\"message spoilers-container\" dir=\"auto\">\n<div class=\"column\">\n<div class=\"message spoilers-container\" dir=\"auto\">\n<div class=\"column\">\n<p><img loading=\"lazy\" decoding=\"async\" class=\"aligncenter wp-image-61954 size-full\" src=\"https:\/\/www.radiopiu.net\/wordpress\/wp-content\/uploads\/2018\/09\/viabilita.jpeg\" sizes=\"auto, (max-width: 800px) 100vw, 800px\" srcset=\"https:\/\/www.radiopiu.net\/wordpress\/wp-content\/uploads\/2018\/09\/viabilita.jpeg 800w, https:\/\/www.radiopiu.net\/wordpress\/wp-content\/uploads\/2018\/09\/viabilita-300x38.jpeg 300w, https:\/\/www.radiopiu.net\/wordpress\/wp-content\/uploads\/2018\/09\/viabilita-768x96.jpeg 768w\" alt=\"\" width=\"800\" height=\"100\" \/><\/p>\n<\/div>\n<\/div>\n<div class=\"message spoilers-container\" dir=\"auto\">\n<div class=\"column\">\n<p>&nbsp;<\/p>\n<\/div>\n<\/div>\n<\/div>\n<\/div>\n<blockquote class=\"wp-embedded-content\" data-secret=\"WmbA89jnEq\"><p><a href=\"https:\/\/www.radiopiu.net\/wordpress\/viabilita\/\">viabilita<\/a><\/p><\/blockquote>\n<p><iframe loading=\"lazy\" class=\"wp-embedded-content\" sandbox=\"allow-scripts\" security=\"restricted\" style=\"position: absolute; clip: rect(1px, 1px, 1px, 1px);\" title=\"&#8220;viabilita&#8221; &#8212; Radio Pi\u00f9\" src=\"https:\/\/www.radiopiu.net\/wordpress\/viabilita\/embed\/#?secret=gjKgVqvCd3#?secret=WmbA89jnEq\" data-secret=\"WmbA89jnEq\" width=\"600\" height=\"338\" frameborder=\"0\" marginwidth=\"0\" marginheight=\"0\" scrolling=\"no\"><\/iframe><\/p>\n<div class=\"message spoilers-container\" dir=\"auto\">\n<div class=\"column\">\n<div class=\"message spoilers-container\" dir=\"auto\">\n<div class=\"column\">\n<div>\n<div dir=\"ltr\">\n<div class=\"gmail_quote\">\n<div dir=\"ltr\">\n<div><\/div>\n<div><\/div>\n<div><\/div>\n<\/div>\n<\/div>\n<\/div>\n<\/div>\n<hr \/>\n<p>&nbsp;<\/p>\n<p><a class=\"dt-pswp-item\" href=\"https:\/\/www.radiopiu.net\/wordpress\/wp-content\/uploads\/2018\/09\/WhatsApp-Image-2018-09-20-at-16.04.06.jpeg\" data-dt-img-description=\"\" data-large_image_width=\"800\" data-large_image_height=\"100\"><img loading=\"lazy\" decoding=\"async\" class=\"wp-image-61378 size-full aligncenter\" src=\"https:\/\/www.radiopiu.net\/wordpress\/wp-content\/uploads\/2018\/09\/WhatsApp-Image-2018-09-20-at-16.04.06.jpeg\" alt=\"\" width=\"800\" height=\"100\" srcset=\"https:\/\/www.radiopiu.net\/wordpress\/wp-content\/uploads\/2018\/09\/WhatsApp-Image-2018-09-20-at-16.04.06.jpeg 800w, https:\/\/www.radiopiu.net\/wordpress\/wp-content\/uploads\/2018\/09\/WhatsApp-Image-2018-09-20-at-16.04.06-300x38.jpeg 300w, https:\/\/www.radiopiu.net\/wordpress\/wp-content\/uploads\/2018\/09\/WhatsApp-Image-2018-09-20-at-16.04.06-768x96.jpeg 768w\" sizes=\"auto, (max-width: 800px) 100vw, 800px\" \/><\/a><\/p>\n<\/div>\n<\/div>\n<div class=\"message spoilers-container\" dir=\"auto\">\n<p>&nbsp;<\/p>\n<p><center><\/center><center><\/center><b>OGGI: <\/b>Al mattino tempo ben soleggiato e cielo sereno, salvo qualche banco di cirri. Al pomeriggio parziale riduzione del soleggiamento per nubi medio-alte e per modesta attivit\u00e0 cumuliforme, localmente moderata sulle Dolomiti alla sera e, seppur assai limitata a scala spazio-temporale, l&#8217;insidia dell&#8217;instabilit\u00e0 convettiva non sar\u00e0 da scartare del tutto. Il gran caldo perdurer\u00e0 nelle valli e la grande mitezza sar\u00e0 alquanto persistente in alta quota, seppur non pi\u00f9 sui livelli record di marted\u00ec.<br \/>\n<b>Precipitazioni: <\/b>In giornata assenti (0%); tra il tardo pomeriggio e parte della serata non escluso qualche sporadico breve rovescio o singolo temporale<\/p>\n<hr \/>\n<p><center><\/center><b>DOMANI: <\/b>Al mattino tempo ben soleggiato e cielo sereno o poco nuvoloso per cirri; al pomeriggio lieve e parziale riduzione del soleggiamento per attivit\u00e0 cumuliforme irregolare, spesso modesta e solo localmente moderata. Il rischio di qualche rovescio o temporale serale non sar\u00e0 escluso, anche se si tratter\u00e0 di qualche eccezione in un contesto complessivamente stabile con prosecuzione del gran caldo nel valli e di singolare mitezza in alta quota.<br \/>\n<b>Precipitazioni: <\/b>Fino a met\u00e0 pomeriggio assenti, in seguito non escluso qualche sporadico breve rovescio o singolo temporale di calore, specie tra il tardo pomeriggio e parte della serata. <b><\/b><\/p>\n<hr \/>\n<p><center><\/center><strong>SABATO<\/strong> Tempo in prevalenza soleggiato e cielo perlopi\u00f9 sereno tutto il giorno sulle Prealpi, mentre ci sar\u00e0 una lieve riduzione del soleggiamento per modesta attivit\u00e0 cumuliforme sulle Dolomiti, localmente anche moderata su alcuni settori, per\u00f2 l&#8217;insidia di qualche fenomeno convettivo rimarr\u00e0 bassa e limitata ai suddetti settori nelle ore serali. Temperature senza notevoli variazioni<\/p>\n<p>&nbsp;<\/p>\n<hr \/>\n<p><center><\/center><strong>DOMENICA<\/strong> Inizialmente ben soleggiato, per\u00f2 con il passare delle ore riduzione del soleggiamento e addensamenti cumuliformi man mano pi\u00f9 imponenti con crescente rischio di rovesci e temporali fino a risultare alta nella seconda parte del pomeriggio sulle Dolomiti, successivamente anche sulle Prealpi. Temperature in diminuzione con minime osservate alla sera, il calo sar\u00e0 pi\u00f9 avvertito in quota che non nelle valli, dove le massime saranno ancora alte, specie in caso d&#8217;iniziale prolungato soleggiamento.<\/p>\n<p>&nbsp;<\/p>\n<\/div>\n<div class=\"message spoilers-container\" dir=\"auto\">\n<hr \/>\n<p>&nbsp;<\/p>\n<p><img loading=\"lazy\" decoding=\"async\" class=\"wp-image-60761 size-full aligncenter\" src=\"https:\/\/www.radiopiu.net\/wordpress\/wp-content\/uploads\/2018\/09\/sport.jpg\" alt=\"\" width=\"800\" height=\"100\" srcset=\"https:\/\/www.radiopiu.net\/wordpress\/wp-content\/uploads\/2018\/09\/sport.jpg 800w, https:\/\/www.radiopiu.net\/wordpress\/wp-content\/uploads\/2018\/09\/sport-300x38.jpg 300w, https:\/\/www.radiopiu.net\/wordpress\/wp-content\/uploads\/2018\/09\/sport-768x96.jpg 768w\" sizes=\"auto, (max-width: 800px) 100vw, 800px\" \/><\/p>\n<p>&nbsp;<\/p>\n<\/div>\n\n\t\t\t<style type='text\/css'>\n\t\t\t\t#gallery-6 {\n\t\t\t\t\tmargin: auto;\n\t\t\t\t}\n\t\t\t\t#gallery-6 .gallery-item {\n\t\t\t\t\tfloat: left;\n\t\t\t\t\tmargin-top: 10px;\n\t\t\t\t\ttext-align: center;\n\t\t\t\t\twidth: 33%;\n\t\t\t\t}\n\t\t\t\t#gallery-6 img {\n\t\t\t\t\tborder: 2px solid #cfcfcf;\n\t\t\t\t}\n\t\t\t\t#gallery-6 .gallery-caption {\n\t\t\t\t\tmargin-left: 0;\n\t\t\t\t}\n\t\t\t\t\/* see gallery_shortcode() in wp-includes\/media.php *\/\n\t\t\t<\/style>\n\t\t<div id='gallery-6' class='dt-gallery-container gallery galleryid-349919 gallery-columns-3 gallery-size-thumbnail'><dl class='gallery-item'>\n\t\t\t\t<dt class='gallery-icon portrait'>\n\t\t\t\t\t<a class=\"rollover rollover-zoom dt-pswp-item\" title=\"cb3e84c7-6b7b-4086-b96b-e2b820cc0e41\" data-dt-img-description=\"\" data-large_image_width=\"1132\" data-large_image_height=\"1600\"href='https:\/\/www.radiopiu.net\/wordpress\/wp-content\/uploads\/2023\/07\/cb3e84c7-6b7b-4086-b96b-e2b820cc0e41.jpg'><img loading=\"lazy\" decoding=\"async\" width=\"150\" height=\"150\" src=\"https:\/\/www.radiopiu.net\/wordpress\/wp-content\/uploads\/2023\/07\/cb3e84c7-6b7b-4086-b96b-e2b820cc0e41-150x150.jpg\" class=\"attachment-thumbnail size-thumbnail\" alt=\"\" aria-describedby=\"gallery-6-345600\" \/><\/a>\n\t\t\t\t<\/dt>\n\t\t\t\t\t<dd class='wp-caption-text gallery-caption' id='gallery-6-345600'>\n\t\t\t\t\tVOLTAGO\n\t\t\t\t\t<\/dd><\/dl><dl class='gallery-item'>\n\t\t\t\t<dt class='gallery-icon portrait'>\n\t\t\t\t\t<a class=\"rollover rollover-zoom dt-pswp-item\" title=\"8d8ef44f-5625-4f28-9787-81bf41c07ccb\" data-dt-img-description=\"\" data-large_image_width=\"726\" data-large_image_height=\"1024\"href='https:\/\/www.radiopiu.net\/wordpress\/wp-content\/uploads\/2023\/08\/8d8ef44f-5625-4f28-9787-81bf41c07ccb.jpg'><img loading=\"lazy\" decoding=\"async\" width=\"150\" height=\"150\" src=\"https:\/\/www.radiopiu.net\/wordpress\/wp-content\/uploads\/2023\/08\/8d8ef44f-5625-4f28-9787-81bf41c07ccb-150x150.jpg\" class=\"attachment-thumbnail size-thumbnail\" alt=\"\" aria-describedby=\"gallery-6-347009\" \/><\/a>\n\t\t\t\t<\/dt>\n\t\t\t\t\t<dd class='wp-caption-text gallery-caption' id='gallery-6-347009'>\n\t\t\t\t\tFALCADE\n\t\t\t\t\t<\/dd><\/dl><dl class='gallery-item'>\n\t\t\t\t<dt class='gallery-icon portrait'>\n\t\t\t\t\t<a class=\"rollover rollover-zoom dt-pswp-item\" title=\"Locandina Trofeo 16 Comuni dell&#039;Agordino\" data-dt-img-description=\"\" data-large_image_width=\"828\" data-large_image_height=\"1151\"href='https:\/\/www.radiopiu.net\/wordpress\/wp-content\/uploads\/2023\/08\/Locandina-Trofeo-16-Comuni-dellAgordino.jpg'><img loading=\"lazy\" decoding=\"async\" width=\"150\" height=\"150\" src=\"https:\/\/www.radiopiu.net\/wordpress\/wp-content\/uploads\/2023\/08\/Locandina-Trofeo-16-Comuni-dellAgordino-150x150.jpg\" class=\"attachment-thumbnail size-thumbnail\" alt=\"\" aria-describedby=\"gallery-6-349182\" \/><\/a>\n\t\t\t\t<\/dt>\n\t\t\t\t\t<dd class='wp-caption-text gallery-caption' id='gallery-6-349182'>\n\t\t\t\t\tTROFEO 16 COMUNI\n\t\t\t\t\t<\/dd><\/dl><br style=\"clear: both\" \/>\n\t\t\t<\/div>\n\n<p><span style=\"color: #0000ff;\"><strong>CORSA IN MONTAGNA <\/strong><\/span><\/p>\n<blockquote>\n<h3>LA CORRI POI 2023, ULTIMO ATTO A VOLTAGO<\/h3>\n<p>&nbsp;<\/p><\/blockquote>\n<p><strong><a class=\"dt-pswp-item\" href=\"https:\/\/www.radiopiu.net\/wordpress\/wp-content\/uploads\/2023\/05\/79322dad-2f9d-40a0-ba4e-b53719e43953.jpg\" data-dt-img-description=\"\" data-large_image_width=\"2048\" data-large_image_height=\"1152\"><img loading=\"lazy\" decoding=\"async\" class=\" wp-image-349977 alignleft\" src=\"https:\/\/www.radiopiu.net\/wordpress\/wp-content\/uploads\/2023\/05\/79322dad-2f9d-40a0-ba4e-b53719e43953-300x169.jpg\" alt=\"\" width=\"272\" height=\"153\" srcset=\"https:\/\/www.radiopiu.net\/wordpress\/wp-content\/uploads\/2023\/05\/79322dad-2f9d-40a0-ba4e-b53719e43953-300x169.jpg 300w, https:\/\/www.radiopiu.net\/wordpress\/wp-content\/uploads\/2023\/05\/79322dad-2f9d-40a0-ba4e-b53719e43953-1024x576.jpg 1024w, https:\/\/www.radiopiu.net\/wordpress\/wp-content\/uploads\/2023\/05\/79322dad-2f9d-40a0-ba4e-b53719e43953-768x432.jpg 768w, https:\/\/www.radiopiu.net\/wordpress\/wp-content\/uploads\/2023\/05\/79322dad-2f9d-40a0-ba4e-b53719e43953-1536x864.jpg 1536w, https:\/\/www.radiopiu.net\/wordpress\/wp-content\/uploads\/2023\/05\/79322dad-2f9d-40a0-ba4e-b53719e43953.jpg 2048w\" sizes=\"auto, (max-width: 272px) 100vw, 272px\" \/><\/a><\/strong><\/p>\n<p>&nbsp;<\/p>\n<p>&nbsp;<\/p>\n<p>&nbsp;<\/p>\n<p>&nbsp;<\/p>\n<p>&nbsp;<\/p>\n<p>&nbsp;<\/p>\n<p><strong>IN STUDIO GRETEL RIVA E GABRIELE RIVA<\/strong><\/p>\n<p>&nbsp;<\/p>\n<audio class=\"wp-audio-shortcode\" id=\"audio-349919-8\" preload=\"none\" style=\"width: 100%;\" controls=\"controls\"><source type=\"audio\/mpeg\" src=\"https:\/\/www.radiopiu.net\/wordpress\/wp-content\/uploads\/2023\/08\/VA-PIAN-MA-RIVA-2023.mp3?_=8\" \/><a href=\"https:\/\/www.radiopiu.net\/wordpress\/wp-content\/uploads\/2023\/08\/VA-PIAN-MA-RIVA-2023.mp3\">https:\/\/www.radiopiu.net\/wordpress\/wp-content\/uploads\/2023\/08\/VA-PIAN-MA-RIVA-2023.mp3<\/a><\/audio>\n<p><span style=\"color: #0000ff;\"><strong>\u00a0<\/strong><\/span><\/p>\n<p><span style=\"color: #0000ff;\"><strong>EXTREME TRAIL<\/strong><\/span><\/p>\n<h2><strong><a class=\"dt-pswp-item\" href=\"https:\/\/www.radiopiu.net\/wordpress\/wp-content\/uploads\/2023\/08\/VERTICAL-107-FALCADE.jpg\" data-dt-img-description=\"\" data-large_image_width=\"825\" data-large_image_height=\"565\"><img loading=\"lazy\" decoding=\"async\" class=\" wp-image-349838 alignleft\" src=\"https:\/\/www.radiopiu.net\/wordpress\/wp-content\/uploads\/2023\/08\/VERTICAL-107-FALCADE-300x205.jpg\" alt=\"\" width=\"195\" height=\"133\" srcset=\"https:\/\/www.radiopiu.net\/wordpress\/wp-content\/uploads\/2023\/08\/VERTICAL-107-FALCADE-300x205.jpg 300w, https:\/\/www.radiopiu.net\/wordpress\/wp-content\/uploads\/2023\/08\/VERTICAL-107-FALCADE-768x526.jpg 768w, https:\/\/www.radiopiu.net\/wordpress\/wp-content\/uploads\/2023\/08\/VERTICAL-107-FALCADE.jpg 825w\" sizes=\"auto, (max-width: 195px) 100vw, 195px\" \/><\/a><span style=\"color: #99cc00;\">DOMENICA A FALCADE LA TERZA EDIZIONE DELLA VERTICAL 107<\/span><\/strong><\/h2>\n<p><strong>di Mirko Mezzacasa<\/strong><\/p>\n<p>OSPITE: Carlo Zanon<\/p>\n<audio class=\"wp-audio-shortcode\" id=\"audio-349919-9\" preload=\"none\" style=\"width: 100%;\" controls=\"controls\"><source type=\"audio\/mpeg\" src=\"https:\/\/www.radiopiu.net\/wordpress\/wp-content\/uploads\/2023\/08\/CARLO-ZANON-107-SCALINI-2023.mp3?_=9\" \/><a href=\"https:\/\/www.radiopiu.net\/wordpress\/wp-content\/uploads\/2023\/08\/CARLO-ZANON-107-SCALINI-2023.mp3\">https:\/\/www.radiopiu.net\/wordpress\/wp-content\/uploads\/2023\/08\/CARLO-ZANON-107-SCALINI-2023.mp3<\/a><\/audio>\n<p>&nbsp;<\/p>\n<\/div>\n<\/div>\n","protected":false},"excerpt":{"rendered":"<p>40esimo di RADIOPIU\u2026. LA VOCE DELL\u2019EMOZIONE ISCRIVITI AL NOSTRO CANALE\u00a0\u00a0YOUTUBE PER SEGUIRE IN DIRETTA I PRINCIPALI PROGRAMMI DI RADIO PIU\u2019 E LE FUTURE DIRETTE IN ESTERNA. PER ISCRIVERTI\u00a0CLICCA QUI\u00a0E PREMI\u00a0 \u201cIscriviti\u201d &nbsp; &nbsp; &nbsp; ultim&#8217;ora 8.00 RITROVATA INCOLUME NEI BOSCHI DI SELVA DI CADORE &nbsp; SELVA DI CADORE L&#8217;esercito rosso dei pompieri: di Agordo, Selva&hellip;<\/p>\n","protected":false},"author":4,"featured_media":350082,"comment_status":"closed","ping_status":"closed","sticky":false,"template":"","format":"standard","meta":{"_monsterinsights_skip_tracking":false,"_monsterinsights_sitenote_active":false,"_monsterinsights_sitenote_note":"","_monsterinsights_sitenote_category":0,"footnotes":""},"categories":[51,86,49],"tags":[],"class_list":["post-349919","post","type-post","status-publish","format-standard","has-post-thumbnail","hentry","category-evidenza-top","category-gr","category-news-18","category-51","category-86","category-49","description-off"],"img_url":"https:\/\/www.radiopiu.net\/wordpress\/wp-content\/uploads\/2023\/08\/Senza-nome-75.png","_links":{"self":[{"href":"https:\/\/www.radiopiu.net\/wordpress\/wp-json\/wp\/v2\/posts\/349919","targetHints":{"allow":["GET"]}}],"collection":[{"href":"https:\/\/www.radiopiu.net\/wordpress\/wp-json\/wp\/v2\/posts"}],"about":[{"href":"https:\/\/www.radiopiu.net\/wordpress\/wp-json\/wp\/v2\/types\/post"}],"author":[{"embeddable":true,"href":"https:\/\/www.radiopiu.net\/wordpress\/wp-json\/wp\/v2\/users\/4"}],"replies":[{"embeddable":true,"href":"https:\/\/www.radiopiu.net\/wordpress\/wp-json\/wp\/v2\/comments?post=349919"}],"version-history":[{"count":0,"href":"https:\/\/www.radiopiu.net\/wordpress\/wp-json\/wp\/v2\/posts\/349919\/revisions"}],"wp:featuredmedia":[{"embeddable":true,"href":"https:\/\/www.radiopiu.net\/wordpress\/wp-json\/wp\/v2\/media\/350082"}],"wp:attachment":[{"href":"https:\/\/www.radiopiu.net\/wordpress\/wp-json\/wp\/v2\/media?parent=349919"}],"wp:term":[{"taxonomy":"category","embeddable":true,"href":"https:\/\/www.radiopiu.net\/wordpress\/wp-json\/wp\/v2\/categories?post=349919"},{"taxonomy":"post_tag","embeddable":true,"href":"https:\/\/www.radiopiu.net\/wordpress\/wp-json\/wp\/v2\/tags?post=349919"}],"curies":[{"name":"wp","href":"https:\/\/api.w.org\/{rel}","templated":true}]}}