{"id":349974,"date":"2023-08-23T11:10:25","date_gmt":"2023-08-23T09:10:25","guid":{"rendered":"https:\/\/www.radiopiu.net\/wordpress\/?p=349974"},"modified":"2023-08-23T11:10:25","modified_gmt":"2023-08-23T09:10:25","slug":"attivato-il-soccorso-alpino-per-un-escursionista-disperso-rientra-a-casa-autonomamente-prima-di-mezzanotte","status":"publish","type":"post","link":"https:\/\/www.radiopiu.net\/wordpress\/attivato-il-soccorso-alpino-per-un-escursionista-disperso-rientra-a-casa-autonomamente-prima-di-mezzanotte\/","title":{"rendered":"ATTIVATO IL SOCCORSO ALPINO PER UN ESCURSIONISTA DISPERSO, RIENTRA A CASA AUTONOMAMENTE PRIMA DI MEZZANOTTE"},"content":{"rendered":"<p>&nbsp;<\/p>\n<p><strong>REDAZIONE<\/strong>\u00a0 Per la seconda volta in pochi giorni scatta l&#8217;allarme, s&#8217;attiva la macchina dei soccorsi, e qualche ora dopo l&#8217;allarme rientra. In Val di Zoldo, ieri sera\u00a0 un uomo che doveva tornare in giornata dalla zona degli Spiz di Mezzod\u00ec non si \u00e8 pi\u00f9 fatto sentire. A dare l&#8217;allarme, dopo aver contattato i rifugi Sora&#8217;l Sass e Pramperet per verificare non si trovasse l\u00ec, il figlio, che aveva avuto l&#8217;ultimo contatto verso le 17, il telefono del padre non pi\u00f9 raggiungibile. Dopo che i Carabinieri hanno rinvenuto la sua auto ancora al parcheggio e il cellulare ha iniziato a suonare libero senza alcuna risposta, una squadra del Soccorso alpino della Val di Zoldo \u00e8 stata inviata a controllare il Bivacco Carnielli, caso mai l&#8217;uomo non si fosse fermato l\u00ec. Fortunatamente poco prima di mezzanotte \u00e8 arrivata la notizia che era rientrato a casa e i soccorritori sono tornati indietro.<\/p>\n<p>FOTO Rifugio Pramperet Val di Zoldo Belluno Dolomiti Veneto Italia<\/p>\n<div class=\"FNs Rz6 zI7 iyn Hsu\" data-test-id=\"less-description-container\">\n<div class=\"CCY S9z eEj e8F BG7\" tabindex=\"0\" role=\"button\" aria-disabled=\"false\"><\/div>\n<\/div>\n<p>&nbsp;<\/p>\n<p>____<\/p>\n","protected":false},"excerpt":{"rendered":"<p>&nbsp; REDAZIONE\u00a0 Per la seconda volta in pochi giorni scatta l&#8217;allarme, s&#8217;attiva la macchina dei soccorsi, e qualche ora dopo l&#8217;allarme rientra. In Val di Zoldo, ieri sera\u00a0 un uomo che doveva tornare in giornata dalla zona degli Spiz di Mezzod\u00ec non si \u00e8 pi\u00f9 fatto sentire. A dare l&#8217;allarme, dopo aver contattato i rifugi&hellip;<\/p>\n","protected":false},"author":4,"featured_media":349975,"comment_status":"closed","ping_status":"closed","sticky":false,"template":"","format":"standard","meta":{"_monsterinsights_skip_tracking":false,"_monsterinsights_sitenote_active":false,"_monsterinsights_sitenote_note":"","_monsterinsights_sitenote_category":0,"footnotes":""},"categories":[51,49],"tags":[],"class_list":["post-349974","post","type-post","status-publish","format-standard","has-post-thumbnail","hentry","category-evidenza-top","category-news-18","category-51","category-49","description-off"],"img_url":"https:\/\/www.radiopiu.net\/wordpress\/wp-content\/uploads\/2023\/08\/faa4ebdd7450940a408e8053cc6aca82.jpg","_links":{"self":[{"href":"https:\/\/www.radiopiu.net\/wordpress\/wp-json\/wp\/v2\/posts\/349974","targetHints":{"allow":["GET"]}}],"collection":[{"href":"https:\/\/www.radiopiu.net\/wordpress\/wp-json\/wp\/v2\/posts"}],"about":[{"href":"https:\/\/www.radiopiu.net\/wordpress\/wp-json\/wp\/v2\/types\/post"}],"author":[{"embeddable":true,"href":"https:\/\/www.radiopiu.net\/wordpress\/wp-json\/wp\/v2\/users\/4"}],"replies":[{"embeddable":true,"href":"https:\/\/www.radiopiu.net\/wordpress\/wp-json\/wp\/v2\/comments?post=349974"}],"version-history":[{"count":0,"href":"https:\/\/www.radiopiu.net\/wordpress\/wp-json\/wp\/v2\/posts\/349974\/revisions"}],"wp:featuredmedia":[{"embeddable":true,"href":"https:\/\/www.radiopiu.net\/wordpress\/wp-json\/wp\/v2\/media\/349975"}],"wp:attachment":[{"href":"https:\/\/www.radiopiu.net\/wordpress\/wp-json\/wp\/v2\/media?parent=349974"}],"wp:term":[{"taxonomy":"category","embeddable":true,"href":"https:\/\/www.radiopiu.net\/wordpress\/wp-json\/wp\/v2\/categories?post=349974"},{"taxonomy":"post_tag","embeddable":true,"href":"https:\/\/www.radiopiu.net\/wordpress\/wp-json\/wp\/v2\/tags?post=349974"}],"curies":[{"name":"wp","href":"https:\/\/api.w.org\/{rel}","templated":true}]}}