{"id":350012,"date":"2023-08-23T16:48:18","date_gmt":"2023-08-23T14:48:18","guid":{"rendered":"https:\/\/www.radiopiu.net\/wordpress\/?p=350012"},"modified":"2023-08-24T05:59:13","modified_gmt":"2023-08-24T03:59:13","slug":"la-val-da-incornisa-la-storia-di-la-valle-raccontata-tra-le-burele-di-fades","status":"publish","type":"post","link":"https:\/\/www.radiopiu.net\/wordpress\/la-val-da-incornisa-la-storia-di-la-valle-raccontata-tra-le-burele-di-fades\/","title":{"rendered":"LA VAL DA INCORNISA&#8217;&#8230;LA STORIA DI LA VALLE RACCONTATA TRA LE BURELE DI FADES"},"content":{"rendered":"<p><strong><a class=\"dt-pswp-item\" href=\"https:\/\/www.radiopiu.net\/wordpress\/wp-content\/uploads\/2023\/08\/12fe4c41-c40c-4ade-9e6e-35e29b78b5ef.jpg\" data-dt-img-description=\"\" data-large_image_width=\"1600\" data-large_image_height=\"1132\"><img loading=\"lazy\" decoding=\"async\" class=\" wp-image-350027 alignleft\" src=\"https:\/\/www.radiopiu.net\/wordpress\/wp-content\/uploads\/2023\/08\/12fe4c41-c40c-4ade-9e6e-35e29b78b5ef-300x212.jpg\" alt=\"\" width=\"188\" height=\"133\" srcset=\"https:\/\/www.radiopiu.net\/wordpress\/wp-content\/uploads\/2023\/08\/12fe4c41-c40c-4ade-9e6e-35e29b78b5ef-300x212.jpg 300w, https:\/\/www.radiopiu.net\/wordpress\/wp-content\/uploads\/2023\/08\/12fe4c41-c40c-4ade-9e6e-35e29b78b5ef-1024x724.jpg 1024w, https:\/\/www.radiopiu.net\/wordpress\/wp-content\/uploads\/2023\/08\/12fe4c41-c40c-4ade-9e6e-35e29b78b5ef-768x543.jpg 768w, https:\/\/www.radiopiu.net\/wordpress\/wp-content\/uploads\/2023\/08\/12fe4c41-c40c-4ade-9e6e-35e29b78b5ef-1536x1087.jpg 1536w, https:\/\/www.radiopiu.net\/wordpress\/wp-content\/uploads\/2023\/08\/12fe4c41-c40c-4ade-9e6e-35e29b78b5ef.jpg 1600w\" sizes=\"auto, (max-width: 188px) 100vw, 188px\" \/><\/a>LA VALLE AGORDINA <\/strong>Ci sar\u00e0 tempo fino al 31 agosto per visitare la particolare rassegna di fotografie d\u2019epoca presentata lungo le burele (viuzze tipiche tra le case) della frazione Fades a La Valle Agordina. La Pro Loco La Val ha deciso di riproporre per il secondo anno la mostra \u201cLa Val da Incornis\u00e0 &#8211; vite e ricordi nel cassetto\u201d, la quale riscopre in punta di piedi il passato delle vile (frazioni) di La Valle Agordina, raccontando preziosi stralci di vita quotidiana e mettendo in moto uno splendido spirito di comunit\u00e0. Quest\u2019anno gli organizzatori hanno scelto come soggetto la vila de Fades e i suoi abitanti. La frazione si trova sulla sinistra della strada che porta al Passo Duran ed essa ha mantenuto lo stile e il modello di edilizia povera (ma ricca di significato) delle piccole borgate di montagna: al centro la brenta (fontana) posta solitamente sulla piazza, attorno le case e in cerchi concentrici i fienili e le stalle; per muoversi tra gli edifici, all&#8217;interno del poco spazio concesso, si percorrevano delle piccole stradine lastricate, chiamate appunto burele. La vila di Fades ha proprio custodito questa struttura concentrica intramezzata dalle caratteristiche burele; una testimonianza di ci\u00f2 si trova nel testo di una canzone antica, intitolata \u201cle vilote\u201d, che riporta letteralmente: \u201ce chele da Fades le va via per le burele, le se tira le zopele, parch\u00e8 morous no l\u2019\u00e8 ghen \u00e0\u201d (tradotto: e le ragazze di Fades si spostano per le burele e si tirano ciabatte perch\u00e9 non hanno il fidanzato). Il lavoro di preparazione della mostra \u00e8 particolarmente articolato, ma porta con s\u00e9 grande soddisfazione. Fondamentale \u00e8 l\u2019incontro con i frazionisti e il continuo scambio di suggerimenti, idee, punti di vista per presentare al meglio la frazione e gli ingrandimenti fotografici. Quest&#8217;anno, come lo scorso anno per la frazione di Conaggia, gli abitanti di Fades hanno risposto con infinito entusiasmo all\u2019iniziativa e con forte spirito di collaborazione hanno cercato nei cassetti le foto, sistemato e abbellito oltre l\u2019immaginazione la frazione, contagiando tutti con la loro passione che hanno dimostrato. Non finiremo mai di ringraziarli abbastanza. La mostra fotografica &#8220;La Val da incornis\u00e0&#8221; ripercorre quasi cento anni di storia di una piccola frazione di montagna: l&#8217;arco temporale delle foto esposte \u00e8 infatti molto ampio dal 1883 al 1972. Ci\u00f2 che pi\u00f9 fa emozionare \u00e8 il rapporto che si crea tra il luogo in cui viene esposta la fotografia, la fotografia stessa e il visitatore che la guarda: le foto, scelte e descritte con particolare cura, consentono di entrare nella paese di La Valle Agordina attraverso gli sguardi e i sorrisi dei soggetti che hanno vissuto, camminato, amato, proprio nella frazione. La mostra \u00e8 perfettamente calata nel contesto, permettendo di scoprire le magnifiche particolarit\u00e0 architettoniche delle nostre valli dolomitiche.<\/p>\n\n\t\t\t<style type='text\/css'>\n\t\t\t\t#gallery-1 {\n\t\t\t\t\tmargin: auto;\n\t\t\t\t}\n\t\t\t\t#gallery-1 .gallery-item {\n\t\t\t\t\tfloat: left;\n\t\t\t\t\tmargin-top: 10px;\n\t\t\t\t\ttext-align: center;\n\t\t\t\t\twidth: 14%;\n\t\t\t\t}\n\t\t\t\t#gallery-1 img {\n\t\t\t\t\tborder: 2px solid #cfcfcf;\n\t\t\t\t}\n\t\t\t\t#gallery-1 .gallery-caption {\n\t\t\t\t\tmargin-left: 0;\n\t\t\t\t}\n\t\t\t\t\/* see gallery_shortcode() in wp-includes\/media.php *\/\n\t\t\t<\/style>\n\t\t<div id='gallery-1' class='dt-gallery-container gallery galleryid-350012 gallery-columns-7 gallery-size-thumbnail'><dl class='gallery-item'>\n\t\t\t\t<dt class='gallery-icon portrait'>\n\t\t\t\t\t<a class=\"rollover rollover-zoom dt-pswp-item\" title=\"4de0fd30-8462-408a-8705-e18110dd32a9\" data-dt-img-description=\"\" data-large_image_width=\"1079\" data-large_image_height=\"1351\"href='https:\/\/www.radiopiu.net\/wordpress\/wp-content\/uploads\/2023\/08\/4de0fd30-8462-408a-8705-e18110dd32a9.jpg'><img loading=\"lazy\" decoding=\"async\" width=\"150\" height=\"150\" src=\"https:\/\/www.radiopiu.net\/wordpress\/wp-content\/uploads\/2023\/08\/4de0fd30-8462-408a-8705-e18110dd32a9-150x150.jpg\" class=\"attachment-thumbnail size-thumbnail\" alt=\"\" \/><\/a>\n\t\t\t\t<\/dt><\/dl><dl class='gallery-item'>\n\t\t\t\t<dt class='gallery-icon portrait'>\n\t\t\t\t\t<a class=\"rollover rollover-zoom dt-pswp-item\" title=\"6f8be8a7-af62-4118-8531-98d288adb580\" data-dt-img-description=\"\" data-large_image_width=\"1078\" data-large_image_height=\"1351\"href='https:\/\/www.radiopiu.net\/wordpress\/wp-content\/uploads\/2023\/08\/6f8be8a7-af62-4118-8531-98d288adb580.jpg'><img loading=\"lazy\" decoding=\"async\" width=\"150\" height=\"150\" src=\"https:\/\/www.radiopiu.net\/wordpress\/wp-content\/uploads\/2023\/08\/6f8be8a7-af62-4118-8531-98d288adb580-150x150.jpg\" class=\"attachment-thumbnail size-thumbnail\" alt=\"\" \/><\/a>\n\t\t\t\t<\/dt><\/dl><dl class='gallery-item'>\n\t\t\t\t<dt class='gallery-icon portrait'>\n\t\t\t\t\t<a class=\"rollover rollover-zoom dt-pswp-item\" title=\"49c60205-8fc6-477d-8eb1-5e8f9e634d5d\" data-dt-img-description=\"\" data-large_image_width=\"1077\" data-large_image_height=\"1351\"href='https:\/\/www.radiopiu.net\/wordpress\/wp-content\/uploads\/2023\/08\/49c60205-8fc6-477d-8eb1-5e8f9e634d5d.jpg'><img loading=\"lazy\" decoding=\"async\" width=\"150\" height=\"150\" src=\"https:\/\/www.radiopiu.net\/wordpress\/wp-content\/uploads\/2023\/08\/49c60205-8fc6-477d-8eb1-5e8f9e634d5d-150x150.jpg\" class=\"attachment-thumbnail size-thumbnail\" alt=\"\" \/><\/a>\n\t\t\t\t<\/dt><\/dl><dl class='gallery-item'>\n\t\t\t\t<dt class='gallery-icon portrait'>\n\t\t\t\t\t<a class=\"rollover rollover-zoom dt-pswp-item\" title=\"53c3254c-f47a-4dde-8d10-8cf52d6ee880\" data-dt-img-description=\"\" data-large_image_width=\"1200\" data-large_image_height=\"1600\"href='https:\/\/www.radiopiu.net\/wordpress\/wp-content\/uploads\/2023\/08\/53c3254c-f47a-4dde-8d10-8cf52d6ee880.jpg'><img loading=\"lazy\" decoding=\"async\" width=\"150\" height=\"150\" src=\"https:\/\/www.radiopiu.net\/wordpress\/wp-content\/uploads\/2023\/08\/53c3254c-f47a-4dde-8d10-8cf52d6ee880-150x150.jpg\" class=\"attachment-thumbnail size-thumbnail\" alt=\"\" \/><\/a>\n\t\t\t\t<\/dt><\/dl><dl class='gallery-item'>\n\t\t\t\t<dt class='gallery-icon portrait'>\n\t\t\t\t\t<a class=\"rollover rollover-zoom dt-pswp-item\" title=\"73d85073-61de-4461-80a0-de7d54cf50b1\" data-dt-img-description=\"\" data-large_image_width=\"768\" data-large_image_height=\"1024\"href='https:\/\/www.radiopiu.net\/wordpress\/wp-content\/uploads\/2023\/08\/73d85073-61de-4461-80a0-de7d54cf50b1.jpg'><img loading=\"lazy\" decoding=\"async\" width=\"150\" height=\"150\" src=\"https:\/\/www.radiopiu.net\/wordpress\/wp-content\/uploads\/2023\/08\/73d85073-61de-4461-80a0-de7d54cf50b1-150x150.jpg\" class=\"attachment-thumbnail size-thumbnail\" alt=\"\" \/><\/a>\n\t\t\t\t<\/dt><\/dl><dl class='gallery-item'>\n\t\t\t\t<dt class='gallery-icon portrait'>\n\t\t\t\t\t<a class=\"rollover rollover-zoom dt-pswp-item\" title=\"96908eee-2f85-4ff6-beb5-313178e08043\" data-dt-img-description=\"\" data-large_image_width=\"1200\" data-large_image_height=\"1600\"href='https:\/\/www.radiopiu.net\/wordpress\/wp-content\/uploads\/2023\/08\/96908eee-2f85-4ff6-beb5-313178e08043.jpg'><img loading=\"lazy\" decoding=\"async\" width=\"150\" height=\"150\" src=\"https:\/\/www.radiopiu.net\/wordpress\/wp-content\/uploads\/2023\/08\/96908eee-2f85-4ff6-beb5-313178e08043-150x150.jpg\" class=\"attachment-thumbnail size-thumbnail\" alt=\"\" \/><\/a>\n\t\t\t\t<\/dt><\/dl><dl class='gallery-item'>\n\t\t\t\t<dt class='gallery-icon portrait'>\n\t\t\t\t\t<a class=\"rollover rollover-zoom dt-pswp-item\" title=\"74878060-3f68-4d19-a4f0-5ee5df9e3d8d\" data-dt-img-description=\"\" data-large_image_width=\"1200\" data-large_image_height=\"1600\"href='https:\/\/www.radiopiu.net\/wordpress\/wp-content\/uploads\/2023\/08\/74878060-3f68-4d19-a4f0-5ee5df9e3d8d.jpg'><img loading=\"lazy\" decoding=\"async\" width=\"150\" height=\"150\" src=\"https:\/\/www.radiopiu.net\/wordpress\/wp-content\/uploads\/2023\/08\/74878060-3f68-4d19-a4f0-5ee5df9e3d8d-150x150.jpg\" class=\"attachment-thumbnail size-thumbnail\" alt=\"\" \/><\/a>\n\t\t\t\t<\/dt><\/dl><br style=\"clear: both\" \/><dl class='gallery-item'>\n\t\t\t\t<dt class='gallery-icon portrait'>\n\t\t\t\t\t<a class=\"rollover rollover-zoom dt-pswp-item\" title=\"b7bc1c2b-4bae-40e2-bf34-15f0d2a51658\" data-dt-img-description=\"\" data-large_image_width=\"1200\" data-large_image_height=\"1600\"href='https:\/\/www.radiopiu.net\/wordpress\/wp-content\/uploads\/2023\/08\/b7bc1c2b-4bae-40e2-bf34-15f0d2a51658.jpg'><img loading=\"lazy\" decoding=\"async\" width=\"150\" height=\"150\" src=\"https:\/\/www.radiopiu.net\/wordpress\/wp-content\/uploads\/2023\/08\/b7bc1c2b-4bae-40e2-bf34-15f0d2a51658-150x150.jpg\" class=\"attachment-thumbnail size-thumbnail\" alt=\"\" \/><\/a>\n\t\t\t\t<\/dt><\/dl><dl class='gallery-item'>\n\t\t\t\t<dt class='gallery-icon landscape'>\n\t\t\t\t\t<a class=\"rollover rollover-zoom dt-pswp-item\" title=\"bbfba530-d655-4efa-adb4-d66a3c385a24\" data-dt-img-description=\"\" data-large_image_width=\"1600\" data-large_image_height=\"1200\"href='https:\/\/www.radiopiu.net\/wordpress\/wp-content\/uploads\/2023\/08\/bbfba530-d655-4efa-adb4-d66a3c385a24.jpg'><img loading=\"lazy\" decoding=\"async\" width=\"150\" height=\"150\" src=\"https:\/\/www.radiopiu.net\/wordpress\/wp-content\/uploads\/2023\/08\/bbfba530-d655-4efa-adb4-d66a3c385a24-150x150.jpg\" class=\"attachment-thumbnail size-thumbnail\" alt=\"\" \/><\/a>\n\t\t\t\t<\/dt><\/dl><dl class='gallery-item'>\n\t\t\t\t<dt class='gallery-icon portrait'>\n\t\t\t\t\t<a class=\"rollover rollover-zoom dt-pswp-item\" title=\"ca5b4256-1eb0-4581-a8a8-be30170b964f\" data-dt-img-description=\"\" data-large_image_width=\"1200\" data-large_image_height=\"1600\"href='https:\/\/www.radiopiu.net\/wordpress\/wp-content\/uploads\/2023\/08\/ca5b4256-1eb0-4581-a8a8-be30170b964f.jpg'><img loading=\"lazy\" decoding=\"async\" width=\"150\" height=\"150\" src=\"https:\/\/www.radiopiu.net\/wordpress\/wp-content\/uploads\/2023\/08\/ca5b4256-1eb0-4581-a8a8-be30170b964f-150x150.jpg\" class=\"attachment-thumbnail size-thumbnail\" alt=\"\" \/><\/a>\n\t\t\t\t<\/dt><\/dl><dl class='gallery-item'>\n\t\t\t\t<dt class='gallery-icon portrait'>\n\t\t\t\t\t<a class=\"rollover rollover-zoom dt-pswp-item\" title=\"d5cb4ec6-b6ad-48de-a89d-7a37f8c7d4b4\" data-dt-img-description=\"\" data-large_image_width=\"1080\" data-large_image_height=\"1351\"href='https:\/\/www.radiopiu.net\/wordpress\/wp-content\/uploads\/2023\/08\/d5cb4ec6-b6ad-48de-a89d-7a37f8c7d4b4.jpg'><img loading=\"lazy\" decoding=\"async\" width=\"150\" height=\"150\" src=\"https:\/\/www.radiopiu.net\/wordpress\/wp-content\/uploads\/2023\/08\/d5cb4ec6-b6ad-48de-a89d-7a37f8c7d4b4-150x150.jpg\" class=\"attachment-thumbnail size-thumbnail\" alt=\"\" \/><\/a>\n\t\t\t\t<\/dt><\/dl><dl class='gallery-item'>\n\t\t\t\t<dt class='gallery-icon portrait'>\n\t\t\t\t\t<a class=\"rollover rollover-zoom dt-pswp-item\" title=\"e5467ba9-ba46-40b1-9001-4462688b50fc\" data-dt-img-description=\"\" data-large_image_width=\"1200\" data-large_image_height=\"1600\"href='https:\/\/www.radiopiu.net\/wordpress\/wp-content\/uploads\/2023\/08\/e5467ba9-ba46-40b1-9001-4462688b50fc.jpg'><img loading=\"lazy\" decoding=\"async\" width=\"150\" height=\"150\" src=\"https:\/\/www.radiopiu.net\/wordpress\/wp-content\/uploads\/2023\/08\/e5467ba9-ba46-40b1-9001-4462688b50fc-150x150.jpg\" class=\"attachment-thumbnail size-thumbnail\" alt=\"\" \/><\/a>\n\t\t\t\t<\/dt><\/dl><dl class='gallery-item'>\n\t\t\t\t<dt class='gallery-icon portrait'>\n\t\t\t\t\t<a class=\"rollover rollover-zoom dt-pswp-item\" title=\"f429601d-51c3-427d-b1f0-fc0a0e2e38dc\" data-dt-img-description=\"\" data-large_image_width=\"1079\" data-large_image_height=\"1351\"href='https:\/\/www.radiopiu.net\/wordpress\/wp-content\/uploads\/2023\/08\/f429601d-51c3-427d-b1f0-fc0a0e2e38dc.jpg'><img loading=\"lazy\" decoding=\"async\" width=\"150\" height=\"150\" src=\"https:\/\/www.radiopiu.net\/wordpress\/wp-content\/uploads\/2023\/08\/f429601d-51c3-427d-b1f0-fc0a0e2e38dc-150x150.jpg\" class=\"attachment-thumbnail size-thumbnail\" alt=\"\" \/><\/a>\n\t\t\t\t<\/dt><\/dl><dl class='gallery-item'>\n\t\t\t\t<dt class='gallery-icon portrait'>\n\t\t\t\t\t<a class=\"rollover rollover-zoom dt-pswp-item\" title=\"fe3c89b0-2103-4cf0-8069-43bf85c54c95\" data-dt-img-description=\"\" data-large_image_width=\"768\" data-large_image_height=\"1024\"href='https:\/\/www.radiopiu.net\/wordpress\/wp-content\/uploads\/2023\/08\/fe3c89b0-2103-4cf0-8069-43bf85c54c95.jpg'><img loading=\"lazy\" decoding=\"async\" width=\"150\" height=\"150\" src=\"https:\/\/www.radiopiu.net\/wordpress\/wp-content\/uploads\/2023\/08\/fe3c89b0-2103-4cf0-8069-43bf85c54c95-150x150.jpg\" class=\"attachment-thumbnail size-thumbnail\" alt=\"\" \/><\/a>\n\t\t\t\t<\/dt><\/dl><br style=\"clear: both\" \/>\n\t\t\t<\/div>\n\n","protected":false},"excerpt":{"rendered":"<p>LA VALLE AGORDINA Ci sar\u00e0 tempo fino al 31 agosto per visitare la particolare rassegna di fotografie d\u2019epoca presentata lungo le burele (viuzze tipiche tra le case) della frazione Fades a La Valle Agordina. La Pro Loco La Val ha deciso di riproporre per il secondo anno la mostra \u201cLa Val da Incornis\u00e0 &#8211; vite&hellip;<\/p>\n","protected":false},"author":4,"featured_media":350028,"comment_status":"closed","ping_status":"closed","sticky":false,"template":"","format":"standard","meta":{"_monsterinsights_skip_tracking":false,"_monsterinsights_sitenote_active":false,"_monsterinsights_sitenote_note":"","_monsterinsights_sitenote_category":0,"footnotes":""},"categories":[51,49],"tags":[],"class_list":["post-350012","post","type-post","status-publish","format-standard","has-post-thumbnail","hentry","category-evidenza-top","category-news-18","category-51","category-49","description-off"],"img_url":"https:\/\/www.radiopiu.net\/wordpress\/wp-content\/uploads\/2023\/08\/LA-VAL.jpg","_links":{"self":[{"href":"https:\/\/www.radiopiu.net\/wordpress\/wp-json\/wp\/v2\/posts\/350012","targetHints":{"allow":["GET"]}}],"collection":[{"href":"https:\/\/www.radiopiu.net\/wordpress\/wp-json\/wp\/v2\/posts"}],"about":[{"href":"https:\/\/www.radiopiu.net\/wordpress\/wp-json\/wp\/v2\/types\/post"}],"author":[{"embeddable":true,"href":"https:\/\/www.radiopiu.net\/wordpress\/wp-json\/wp\/v2\/users\/4"}],"replies":[{"embeddable":true,"href":"https:\/\/www.radiopiu.net\/wordpress\/wp-json\/wp\/v2\/comments?post=350012"}],"version-history":[{"count":0,"href":"https:\/\/www.radiopiu.net\/wordpress\/wp-json\/wp\/v2\/posts\/350012\/revisions"}],"wp:featuredmedia":[{"embeddable":true,"href":"https:\/\/www.radiopiu.net\/wordpress\/wp-json\/wp\/v2\/media\/350028"}],"wp:attachment":[{"href":"https:\/\/www.radiopiu.net\/wordpress\/wp-json\/wp\/v2\/media?parent=350012"}],"wp:term":[{"taxonomy":"category","embeddable":true,"href":"https:\/\/www.radiopiu.net\/wordpress\/wp-json\/wp\/v2\/categories?post=350012"},{"taxonomy":"post_tag","embeddable":true,"href":"https:\/\/www.radiopiu.net\/wordpress\/wp-json\/wp\/v2\/tags?post=350012"}],"curies":[{"name":"wp","href":"https:\/\/api.w.org\/{rel}","templated":true}]}}