{"id":350067,"date":"2023-08-24T05:44:05","date_gmt":"2023-08-24T03:44:05","guid":{"rendered":"https:\/\/www.radiopiu.net\/wordpress\/?p=350067"},"modified":"2023-08-24T07:17:54","modified_gmt":"2023-08-24T05:17:54","slug":"accoltellato-per-strada","status":"publish","type":"post","link":"https:\/\/www.radiopiu.net\/wordpress\/accoltellato-per-strada\/","title":{"rendered":"ACCOLTELLATO PER STRADA DA SCONOSCIUTI, POLMONE TRAFITTO"},"content":{"rendered":"<p>OGGI SUL CORRIERE DELLE ALPI<\/p>\n<p>DI GIGI SOSSO<\/p>\n<blockquote><p><em><img loading=\"lazy\" decoding=\"async\" class=\"alignleft\" src=\"https:\/\/www.radiopiu.net\/wordpress\/wp-content\/uploads\/2023\/03\/6b217f7f-c8e2-4bf2-9a48-914f58ef4bbe.jpg\" width=\"79\" height=\"134\" \/>Secondo una prima ricostruzione, sembra che l&#8217;uomo sia stato aggredito con un coltello lungo via Cesa da un individuo non identificato, che si \u00e8 allontanato dopo l&#8217;attacco. La motivazione dietro l&#8217;aggressione \u00e8 sconosciuta e manca una descrizione dettagliata dell&#8217;aggressore.<\/em><\/p><\/blockquote>\n<p><strong>BELLUNO\u00a0<\/strong> Nella notte tra marted\u00ec e mercoled\u00ec, un grido straziante ha squarciato il silenzio notturno della citt\u00e0. Poco dopo le 2, un uomo di circa quarant&#8217;anni ha lanciato un&#8217;appellativa chiamata ai soccorsi tramite il suo cellulare, segnalando di essere stato ferito da un aggressore non identificato. L&#8217;incidente ha attivato una rapida risposta da parte delle forze dell&#8217;ordine e del personale medico. L&#8217;uomo \u00e8 stato trovato vicino a via Matteo Cesa, una strada stretta che collega il palasport De Mas al torrente Ardo, terminando alla rotatoria delle vie Vittorio Veneto, San Biagio e Simon da Cusighe. La zona, costeggiata da abitazioni private, non aveva testimoni oculari, e l&#8217;unico locale pubblico nelle vicinanze risultava chiuso al momento dell&#8217;incidente. Presentando evidenti segni di intossicazione alcolica, l&#8217;uomo, il cui abbigliamento era macchiato di sangue, \u00e8 stato prontamente assistito dai sanitari sul luogo. Le ferite riportate, localizzate tra l&#8217;addome e il torace, includevano almeno due tagli all&#8217;addome e uno al costato. Uno di questi tagli aveva interessato uno dei polmoni, richiedendo interventi medici pi\u00f9 invasivi.<\/p>\n<p>&nbsp;<\/p>\n<p>&nbsp;<\/p>\n<hr \/>\n<div class=\"absolute bottom-0 left-0 w-full border-t md:border-t-0 dark:border-white\/20 md:border-transparent md:dark:border-transparent md:bg-vert-light-gradient bg-white dark:bg-gray-800 md:!bg-transparent dark:md:bg-vert-dark-gradient pt-2 md:pl-2 md:w-[calc(100%-.5rem)]\">\n<form class=\"stretch mx-2 flex flex-row gap-3 last:mb-2 md:mx-4 md:last:mb-6 lg:mx-auto lg:max-w-2xl xl:max-w-3xl\">\n<div class=\"relative flex h-full flex-1 items-stretch md:flex-col\">\n<div>\n<div class=\"h-full flex ml-1 md:w-full md:m-auto md:mb-4 gap-0 md:gap-2 justify-center\"><\/div>\n<\/div>\n<\/div>\n<\/form>\n<\/div>\n<p>&nbsp;<\/p>\n","protected":false},"excerpt":{"rendered":"<p>OGGI SUL CORRIERE DELLE ALPI DI GIGI SOSSO Secondo una prima ricostruzione, sembra che l&#8217;uomo sia stato aggredito con un coltello lungo via Cesa da un individuo non identificato, che si \u00e8 allontanato dopo l&#8217;attacco. La motivazione dietro l&#8217;aggressione \u00e8 sconosciuta e manca una descrizione dettagliata dell&#8217;aggressore. BELLUNO\u00a0 Nella notte tra marted\u00ec e mercoled\u00ec, un&hellip;<\/p>\n","protected":false},"author":4,"featured_media":325882,"comment_status":"closed","ping_status":"closed","sticky":false,"template":"","format":"standard","meta":{"_monsterinsights_skip_tracking":false,"_monsterinsights_sitenote_active":false,"_monsterinsights_sitenote_note":"","_monsterinsights_sitenote_category":0,"footnotes":""},"categories":[104,49],"tags":[],"class_list":["post-350067","post","type-post","status-publish","format-standard","has-post-thumbnail","hentry","category-evidenza_3","category-news-18","category-104","category-49","description-off"],"img_url":"https:\/\/www.radiopiu.net\/wordpress\/wp-content\/uploads\/2023\/03\/6b217f7f-c8e2-4bf2-9a48-914f58ef4bbe.jpg","_links":{"self":[{"href":"https:\/\/www.radiopiu.net\/wordpress\/wp-json\/wp\/v2\/posts\/350067","targetHints":{"allow":["GET"]}}],"collection":[{"href":"https:\/\/www.radiopiu.net\/wordpress\/wp-json\/wp\/v2\/posts"}],"about":[{"href":"https:\/\/www.radiopiu.net\/wordpress\/wp-json\/wp\/v2\/types\/post"}],"author":[{"embeddable":true,"href":"https:\/\/www.radiopiu.net\/wordpress\/wp-json\/wp\/v2\/users\/4"}],"replies":[{"embeddable":true,"href":"https:\/\/www.radiopiu.net\/wordpress\/wp-json\/wp\/v2\/comments?post=350067"}],"version-history":[{"count":0,"href":"https:\/\/www.radiopiu.net\/wordpress\/wp-json\/wp\/v2\/posts\/350067\/revisions"}],"wp:featuredmedia":[{"embeddable":true,"href":"https:\/\/www.radiopiu.net\/wordpress\/wp-json\/wp\/v2\/media\/325882"}],"wp:attachment":[{"href":"https:\/\/www.radiopiu.net\/wordpress\/wp-json\/wp\/v2\/media?parent=350067"}],"wp:term":[{"taxonomy":"category","embeddable":true,"href":"https:\/\/www.radiopiu.net\/wordpress\/wp-json\/wp\/v2\/categories?post=350067"},{"taxonomy":"post_tag","embeddable":true,"href":"https:\/\/www.radiopiu.net\/wordpress\/wp-json\/wp\/v2\/tags?post=350067"}],"curies":[{"name":"wp","href":"https:\/\/api.w.org\/{rel}","templated":true}]}}