{"id":350074,"date":"2023-08-24T05:46:45","date_gmt":"2023-08-24T03:46:45","guid":{"rendered":"https:\/\/www.radiopiu.net\/wordpress\/?p=350074"},"modified":"2023-08-24T05:54:54","modified_gmt":"2023-08-24T03:54:54","slug":"350074-2","status":"publish","type":"post","link":"https:\/\/www.radiopiu.net\/wordpress\/350074-2\/","title":{"rendered":"\u00a0MUORE A DUE GIORNI DALLA CADUTA IN BICICLETTA\u00a0"},"content":{"rendered":"<blockquote><p><em>L&#8217;incidente in bicicletta si \u00e8 verificato mentre Alfio tornava a casa, cadendo in un sottopasso vicino all&#8217;abitazione. Le ferite alla testa derivanti dall&#8217;impatto sono state molto gravi.<\/em><\/p><\/blockquote>\n<p><strong><a class=\"dt-pswp-item\" href=\"https:\/\/www.radiopiu.net\/wordpress\/wp-content\/uploads\/2023\/08\/Senza-nome-73.png\" data-dt-img-description=\"\" data-large_image_width=\"561\" data-large_image_height=\"401\"><img loading=\"lazy\" decoding=\"async\" class=\"size-medium wp-image-350075 alignleft\" src=\"https:\/\/www.radiopiu.net\/wordpress\/wp-content\/uploads\/2023\/08\/Senza-nome-73-300x214.png\" alt=\"\" width=\"300\" height=\"214\" srcset=\"https:\/\/www.radiopiu.net\/wordpress\/wp-content\/uploads\/2023\/08\/Senza-nome-73-300x214.png 300w, https:\/\/www.radiopiu.net\/wordpress\/wp-content\/uploads\/2023\/08\/Senza-nome-73.png 561w\" sizes=\"auto, (max-width: 300px) 100vw, 300px\" \/><\/a>BORGO VALBELLUNA<\/strong>\u00a0 Alfio Dal Piva, residente a Lentiai, \u00e8 deceduto a causa delle gravi lesioni subite in un incidente in bicicletta. Dopo essere stato trovato privo di conoscenza dai familiari nella sua abitazione a seguito della caduta dalla bicicletta, \u00e8 stato ricoverato in condizioni critiche all&#8217;ospedale Ca&#8217; Foncello di Treviso. Purtroppo, a due giorni dal ricovero, il marted\u00ec successivo, il suo cuore ha smesso di battere a causa del trauma cranico subito nell&#8217;incidente.\u00a0 La comunit\u00e0 di Lentiai \u00e8 profondamente colpita dalla sua scomparsa. Alfio Dal Piva era una persona molto rispettata ed era conosciuta per la sua gentilezza e disponibilit\u00e0. Amava passare del tempo con gli amici, era un&#8217;anima buona e aveva un&#8217;ottima reputazione tra i conoscenti. La sua compagna, Domenica, ha condiviso un toccante messaggio di addio, sottolineando l&#8217;anno intenso di relazione e di progetti condivisi. Alfio era un dipendente presso Pandolfo Alluminio di Lentiai ma dedicava gran parte del suo tempo libero ad aiutare la comunit\u00e0 locale.\u00a0 I funerali di Alfio Dal Piva si terranno presso la chiesa arcipretale di Lentiai, dove parenti e amici gli daranno l&#8217;ultimo saluto. Lascia\u00a0 due fratelli, Fabrizio e Giuliano, oltre alla compagna Domenica.<\/p>\n<div class=\"flex-1 overflow-hidden\">\n<div class=\"react-scroll-to-bottom--css-vkbdj-79elbk h-full dark:bg-gray-800\">\n<div class=\"react-scroll-to-bottom--css-vkbdj-1n7m0yu\">\n<div class=\"flex flex-col text-sm dark:bg-gray-800\">\n<div class=\"group w-full text-token-text-primary border-b border-black\/10 dark:border-gray-900\/50 bg-gray-50 dark:bg-[#444654]\">\n<div class=\"flex p-4 gap-4 text-base md:gap-6 md:max-w-2xl lg:max-w-[38rem] xl:max-w-3xl md:py-6 lg:px-0 m-auto\">\n<div class=\"relative flex w-[calc(100%-50px)] flex-col gap-1 md:gap-3 lg:w-[calc(100%-115px)]\">\n<div class=\"flex justify-between lg:block\">\n<blockquote>\n<div class=\"text-xs flex items-center justify-center gap-1 self-center pt-2 !invisible\"><em> \u00abAbbiamo passato poco pi\u00f9 di un anno delle nostre vite insieme, ma un anno intenso di complicit\u00e0, di chiacchierate, di decisioni e di progetti che purtroppo non si realizzeranno. Grazie per questo anno di serenit\u00e0 e di sostegno\u00bb. Domenica.<\/em><\/div>\n<\/blockquote>\n<\/div>\n<div>___<\/div>\n<\/div>\n<\/div>\n<\/div>\n<\/div>\n<\/div>\n<\/div>\n<\/div>\n<div class=\"absolute bottom-0 left-0 w-full border-t md:border-t-0 dark:border-white\/20 md:border-transparent md:dark:border-transparent md:bg-vert-light-gradient bg-white dark:bg-gray-800 md:!bg-transparent dark:md:bg-vert-dark-gradient pt-2 md:pl-2 md:w-[calc(100%-.5rem)]\">\n<form class=\"stretch mx-2 flex flex-row gap-3 last:mb-2 md:mx-4 md:last:mb-6 lg:mx-auto lg:max-w-2xl xl:max-w-3xl\">\n<div class=\"relative flex h-full flex-1 items-stretch md:flex-col\">\n<div class=\"flex w-full items-center\"><\/div>\n<\/div>\n<\/form>\n<\/div>\n","protected":false},"excerpt":{"rendered":"<p>L&#8217;incidente in bicicletta si \u00e8 verificato mentre Alfio tornava a casa, cadendo in un sottopasso vicino all&#8217;abitazione. Le ferite alla testa derivanti dall&#8217;impatto sono state molto gravi. BORGO VALBELLUNA\u00a0 Alfio Dal Piva, residente a Lentiai, \u00e8 deceduto a causa delle gravi lesioni subite in un incidente in bicicletta. Dopo essere stato trovato privo di conoscenza&hellip;<\/p>\n","protected":false},"author":4,"featured_media":350075,"comment_status":"closed","ping_status":"closed","sticky":false,"template":"","format":"standard","meta":{"_monsterinsights_skip_tracking":false,"_monsterinsights_sitenote_active":false,"_monsterinsights_sitenote_note":"","_monsterinsights_sitenote_category":0,"footnotes":""},"categories":[51,49],"tags":[],"class_list":["post-350074","post","type-post","status-publish","format-standard","has-post-thumbnail","hentry","category-evidenza-top","category-news-18","category-51","category-49","description-off"],"img_url":"https:\/\/www.radiopiu.net\/wordpress\/wp-content\/uploads\/2023\/08\/Senza-nome-73.png","_links":{"self":[{"href":"https:\/\/www.radiopiu.net\/wordpress\/wp-json\/wp\/v2\/posts\/350074","targetHints":{"allow":["GET"]}}],"collection":[{"href":"https:\/\/www.radiopiu.net\/wordpress\/wp-json\/wp\/v2\/posts"}],"about":[{"href":"https:\/\/www.radiopiu.net\/wordpress\/wp-json\/wp\/v2\/types\/post"}],"author":[{"embeddable":true,"href":"https:\/\/www.radiopiu.net\/wordpress\/wp-json\/wp\/v2\/users\/4"}],"replies":[{"embeddable":true,"href":"https:\/\/www.radiopiu.net\/wordpress\/wp-json\/wp\/v2\/comments?post=350074"}],"version-history":[{"count":0,"href":"https:\/\/www.radiopiu.net\/wordpress\/wp-json\/wp\/v2\/posts\/350074\/revisions"}],"wp:featuredmedia":[{"embeddable":true,"href":"https:\/\/www.radiopiu.net\/wordpress\/wp-json\/wp\/v2\/media\/350075"}],"wp:attachment":[{"href":"https:\/\/www.radiopiu.net\/wordpress\/wp-json\/wp\/v2\/media?parent=350074"}],"wp:term":[{"taxonomy":"category","embeddable":true,"href":"https:\/\/www.radiopiu.net\/wordpress\/wp-json\/wp\/v2\/categories?post=350074"},{"taxonomy":"post_tag","embeddable":true,"href":"https:\/\/www.radiopiu.net\/wordpress\/wp-json\/wp\/v2\/tags?post=350074"}],"curies":[{"name":"wp","href":"https:\/\/api.w.org\/{rel}","templated":true}]}}