{"id":350094,"date":"2023-08-24T07:55:57","date_gmt":"2023-08-24T05:55:57","guid":{"rendered":"https:\/\/www.radiopiu.net\/wordpress\/?p=350094"},"modified":"2023-08-24T08:39:53","modified_gmt":"2023-08-24T06:39:53","slug":"dal-1983-tutti-i-giorni-alla-radio-la-rassegna-stampa-locale-loriginale-di-mirko-mezzacasa","status":"publish","type":"post","link":"https:\/\/www.radiopiu.net\/wordpress\/dal-1983-tutti-i-giorni-alla-radio-la-rassegna-stampa-locale-loriginale-di-mirko-mezzacasa\/","title":{"rendered":"dal 1983, tutti i giorni alla radio&#8230; la rassegna stampa locale &#8220;L&#8217;ORIGINALE&#8221; di mirko mezzacasa"},"content":{"rendered":"<p>&nbsp;<\/p>\n<blockquote>\n<h2>ultim&#8217;ora 8.00 RITROVATA INCOLUME NEI BOSCHI DI SELVA DI CADORE<\/h2>\n<\/blockquote>\n<p>&nbsp;<\/p>\n<p><strong><img loading=\"lazy\" decoding=\"async\" class=\"alignleft\" src=\"https:\/\/www.radiopiu.net\/wordpress\/wp-content\/uploads\/2018\/05\/SELVA-DI-CADORE.jpg\" width=\"175\" height=\"70\" \/>SELVA DI CADORE<\/strong> L&#8217;esercito rosso dei pompieri: di Agordo, Selva di Cadore e Colle Santa Lucia, unitamente al Soccorso Alpino ha setacciato i boschi per un&#8217;ora, ieri sera alle 22.30. L&#8217;allarme scattato per la scomparsa di una signora, Z.L. 80 anni di Padova . Ritrovata incolume<\/p>\n<p>&nbsp;<\/p>\n<p>&nbsp;<\/p>\n<p><iframe loading=\"lazy\" title=\"RASSEGNA STAMPA LOCALE\" width=\"1200\" height=\"675\" src=\"https:\/\/www.youtube.com\/embed\/AEH3aGVIrQk?feature=oembed\" frameborder=\"0\" allow=\"accelerometer; autoplay; clipboard-write; encrypted-media; gyroscope; picture-in-picture; web-share\" allowfullscreen><\/iframe><\/p>\n<p>&nbsp;<\/p>\n<blockquote>\n<h3>BENVENUTA REYER! INIZIATO IL TERZO RITIRO SOTTO AL FOCOBON<\/h3>\n<\/blockquote>\n<p>A FALCADE E CANALE D&#8217;AGORDO L&#8217;ACQUA E&#8217; SEMPRE INQUINATA<\/p>\n<p>SP 563 SALESEI Fino al 25 agosto in localit\u00e0 Digonera di Rocca Pietore interdizione al traffico dalle 8 alle 18. Negli altri orari senso unico alternato regolato da semaforo. Dal 26 al 28 agosto senso unico alternato regolato da semaforo.<\/p>\n<p>RUGBY FELTRE IN LUTTO. MUORE DOPO L&#8217;ALLENAMENTO COACH ALESSANDRO GERARDI, ALLENATORE DELL&#8217;UNDER 16<br \/>\nMUORE A DUE GIORNI DALLA CADUTA IN BICICLETTA L&#8217;incidente in bicicletta si \u00e8 verificato mentre Alfio Dal Piva tornava a casa, cadendo in un sottopasso vicino all&#8217;abitazione. Le ferite alla testa derivanti dall&#8217;impatto sono state molto gravi.<br \/>\nGLI INTERVENTI DEL SUEM. UN DECESSO A CALALZO DI CADORE Malore al volante, Maurizio Monego muore a sessant&#8217;anni<br \/>\nVAL DI ZOLDO, ATTIVATO IL SOCCORSO ALPINO PER UN ESCURSIONISTA DISPERSO, RIENTRA A CASA AUTONOMAMENTE PRIMA DI MEZZANOTTE<br \/>\nALLEGHE, INFORTUNIO IN CANTIERE, FERITO UN 52ENNE DI SEDICO<br \/>\nACCOLTELLATO PER STRADA DA SCONOSCIUTI, POLMONE TRAFITTO Secondo una prima ricostruzione, sembra che l&#8217;uomo sia stato aggredito con un coltello lungo via Cesa da un individuo non identificato, che si \u00e8 allontanato dopo l&#8217;attacco. La motivazione dietro l&#8217;aggressione \u00e8 sconosciuta e manca una descrizione dettagliata dell&#8217;aggressore.<br \/>\nBELLUNO Marzio &#8220;Pino&#8221; Papes, ex giocatore di rugby del Belluno e dirigente accompagnatore dei giovani giocatori di calcio del Castion, \u00e8 scomparso improvvisamente. Gli amici e colleghi si stanno organizzando per un momento di addio al cimitero di Prade, in cui si riuniranno per un ultimo saluto caratterizzato dal motto &#8220;Peace, love and harmony&#8221;, a testimonianza della personalit\u00e0 di Pino.<br \/>\nBRUCIATO IL DRAGO DI VAIA, SIMBOLO DELLA MEMORIA\u00a0 Il Drago di Vaia, l&#8217;opera d&#8217;arte realizzata da Marco Martalar sull&#8217;Alpe Cimbra utilizzando il legno di risulta della tempesta Vaia, \u00e8 stato distrutto dalle fiamme nella tarda serata di ieri. Non si esclude il dolo.<br \/>\nFELTRE Si trova nel Feltrino una delle pochissime sperimentazioni in Veneto sugli Infermieri di Famiglia e di Comunit\u00e0; 7 i comuni interessati per un bacino di oltre 28mila utenti.<br \/>\nLIVINALLONGO Bim Gsp, al via l\u2019ammodernamento del depuratore di Renaz.<br \/>\n9 SETTEMBRE, AD AGORDO SPORT IN PIAZZA<br \/>\nA BELLUNO IL MERCATINO SCOLASTICO DEI LIBRI USATI<br \/>\nCENCENIGHE Appuntamento con la storia venerd\u00ec 25 agosto alle ore 20:30 con il giornalista e storico Marco Perale\u00a0 che guider\u00e0 i partecipanti in un&#8217;esplorazione dei nomi e dei luoghi dell&#8217;Agordino. L&#8217;evento che si terr\u00e0 nella sala consiliare e congressi del municipio, \u00e8 organizzato dalla Biblioteca e dalla Pro Loco di Cencenighe con il patrocinio del Comune.<br \/>\nAL RIFUGIO SCARPA IL FESTIVAL DI AGOSTO ALLE PENDICI DELL&#8217;AGNER SABATO con LA RIVOLTA e le arrampicate in famiglia di Silvano e Matteo De Zaiacomo.<br \/>\nGLI APPUNTAMENTI DELLA SETTIMANA<br \/>\nCONCERTI IN ALTA QUOTA CON &#8220;MELODIE NEL BOSCO, SUSSURRI TRA LE DOLOMITI&#8221;.Sabato 26 agosto toccher\u00e0 a Emanuele Bastanzetti, da Bach a Kreisler &#8211; sinfonie di violino.<br \/>\nCANALE D&#8217;AGORDO La Celebrazione della Messa del Beato Giovanni Paolo I nel 45\u00b0 anniversario della Sua elezione a Sommo Pontefice che si terr\u00e0 sabato alle 16.30 nella piazza Papa Luciani di Canale d&#8217;Agordo.<br \/>\nFALCADE\u00a0Domenica all&#8217;ingresso della piana di Falcade, nel porticato di fronte al municipio, sar\u00e0 scoperto e inaugurato il Monumento all&#8217;ospite, opera dell&#8217;artista rodigino Carlo Tintore. Appuntamento per le 11:30, sono invitati a partecipare cittadinanza e ospiti.<br \/>\nCORSA IN MONTAGNA LA CORRI POI 2023, ULTIMO ATTO A VOLTAGO<br \/>\nEXTREME TRAIL DOMENICA A FALCADE LA TERZA EDIZIONE DELLA VERTICAL 107<\/p>\n<p>&nbsp;<\/p>\n<p>&nbsp;<\/p>\n<p>&nbsp;<\/p>\n<p>&nbsp;<\/p>\n<p>&nbsp;<\/p>\n","protected":false},"excerpt":{"rendered":"<p>&nbsp; ultim&#8217;ora 8.00 RITROVATA INCOLUME NEI BOSCHI DI SELVA DI CADORE &nbsp; SELVA DI CADORE L&#8217;esercito rosso dei pompieri: di Agordo, Selva di Cadore e Colle Santa Lucia, unitamente al Soccorso Alpino ha setacciato i boschi per un&#8217;ora, ieri sera alle 22.30. L&#8217;allarme scattato per la scomparsa di una signora, Z.L. 80 anni di Padova&hellip;<\/p>\n","protected":false},"author":4,"featured_media":350095,"comment_status":"closed","ping_status":"closed","sticky":false,"template":"","format":"standard","meta":{"_monsterinsights_skip_tracking":false,"_monsterinsights_sitenote_active":false,"_monsterinsights_sitenote_note":"","_monsterinsights_sitenote_category":0,"footnotes":""},"categories":[104,49,142],"tags":[],"class_list":["post-350094","post","type-post","status-publish","format-standard","has-post-thumbnail","hentry","category-evidenza_3","category-news-18","category-rassegna-stampa","category-104","category-49","category-142","description-off"],"img_url":"https:\/\/www.radiopiu.net\/wordpress\/wp-content\/uploads\/2023\/08\/COPER-8.png","_links":{"self":[{"href":"https:\/\/www.radiopiu.net\/wordpress\/wp-json\/wp\/v2\/posts\/350094","targetHints":{"allow":["GET"]}}],"collection":[{"href":"https:\/\/www.radiopiu.net\/wordpress\/wp-json\/wp\/v2\/posts"}],"about":[{"href":"https:\/\/www.radiopiu.net\/wordpress\/wp-json\/wp\/v2\/types\/post"}],"author":[{"embeddable":true,"href":"https:\/\/www.radiopiu.net\/wordpress\/wp-json\/wp\/v2\/users\/4"}],"replies":[{"embeddable":true,"href":"https:\/\/www.radiopiu.net\/wordpress\/wp-json\/wp\/v2\/comments?post=350094"}],"version-history":[{"count":0,"href":"https:\/\/www.radiopiu.net\/wordpress\/wp-json\/wp\/v2\/posts\/350094\/revisions"}],"wp:featuredmedia":[{"embeddable":true,"href":"https:\/\/www.radiopiu.net\/wordpress\/wp-json\/wp\/v2\/media\/350095"}],"wp:attachment":[{"href":"https:\/\/www.radiopiu.net\/wordpress\/wp-json\/wp\/v2\/media?parent=350094"}],"wp:term":[{"taxonomy":"category","embeddable":true,"href":"https:\/\/www.radiopiu.net\/wordpress\/wp-json\/wp\/v2\/categories?post=350094"},{"taxonomy":"post_tag","embeddable":true,"href":"https:\/\/www.radiopiu.net\/wordpress\/wp-json\/wp\/v2\/tags?post=350094"}],"curies":[{"name":"wp","href":"https:\/\/api.w.org\/{rel}","templated":true}]}}