{"id":350129,"date":"2023-08-24T11:26:17","date_gmt":"2023-08-24T09:26:17","guid":{"rendered":"https:\/\/www.radiopiu.net\/wordpress\/?p=350129"},"modified":"2023-08-24T11:26:17","modified_gmt":"2023-08-24T09:26:17","slug":"a-le-buse-vino-e-cibo-in-quota-tra-i-panorami-delle-dolomiti","status":"publish","type":"post","link":"https:\/\/www.radiopiu.net\/wordpress\/a-le-buse-vino-e-cibo-in-quota-tra-i-panorami-delle-dolomiti\/","title":{"rendered":"A LE BUSE &#8220;VINO E CIBO IN QUOTA&#8221; TRA I PANORAMI DELLE DOLOMITI"},"content":{"rendered":"<p><strong><a class=\"dt-pswp-item\" href=\"https:\/\/www.radiopiu.net\/wordpress\/wp-content\/uploads\/2023\/08\/Senza-nome-77.png\" data-dt-img-description=\"\" data-large_image_width=\"606\" data-large_image_height=\"243\"><img loading=\"lazy\" decoding=\"async\" class=\"size-medium wp-image-350130 alignleft\" src=\"https:\/\/www.radiopiu.net\/wordpress\/wp-content\/uploads\/2023\/08\/Senza-nome-77-300x120.png\" alt=\"\" width=\"300\" height=\"120\" srcset=\"https:\/\/www.radiopiu.net\/wordpress\/wp-content\/uploads\/2023\/08\/Senza-nome-77-300x120.png 300w, https:\/\/www.radiopiu.net\/wordpress\/wp-content\/uploads\/2023\/08\/Senza-nome-77.png 606w\" sizes=\"auto, (max-width: 300px) 100vw, 300px\" \/><\/a>FALCADE\u00a0<\/strong> La stagione estiva a Le Buse di Falcade non termina ad agosto. Settembre s&#8217;apre con il botto. Sabato 2\u00a0 &#8220;vino e cibo in quota&#8221;, \u00e8 l&#8217;evento proposto per il secondo anno da Chalet Le Buse, Baita Gigio Picol, Malga Le Buse e Ski Stop. Sar\u00e0 proposta la degustazione di 4 cicchetti abbinati a 4 calici con possibilit\u00e0 di salire e scendere in\u00a0 Cabinovia (aperta fino alle 17.30). Prenotazioni entro giovedi 31 agosto iscrivendosi sul sito <a href=\"https:\/\/www.falcadedolomiti.it\/\">www.falcadedolomiti.it<\/a><\/p>\n<p>Un circuito di sapori, un circuito di piacere con i cicchetti itineranti tra i panorami delle Dolomiti: <strong>CHALET LE BUSE<\/strong> Sfera di polenta ripiena con guancialino di maiale, salsa al barolo e porcini con Barbera Bovio o Valpolicella classico Conte Rugolin. <strong>GIGIO PICOL\u00a0<\/strong> Crostino con ricotta montata alle erbe e trota affumicata, con spumante pinot nero Blanc de noir Montagna o Traminer Vigna del Lauro <strong>MALGA LE BUSE<\/strong> Strudel salato con crema di formaggio di malga, con Raboso frizzante Sutto o Soave San Michele C\u00e0 Rugate; <strong>SKI STOP<\/strong>\u00a0 Battuta di salmone al coltello su humus di ceci e croste di mais con Rosato Negroamaro Vallone o Primitivo imprint a mano.<\/p>\n<p>&nbsp;<\/p>\n","protected":false},"excerpt":{"rendered":"<p>FALCADE\u00a0 La stagione estiva a Le Buse di Falcade non termina ad agosto. Settembre s&#8217;apre con il botto. Sabato 2\u00a0 &#8220;vino e cibo in quota&#8221;, \u00e8 l&#8217;evento proposto per il secondo anno da Chalet Le Buse, Baita Gigio Picol, Malga Le Buse e Ski Stop. Sar\u00e0 proposta la degustazione di 4 cicchetti abbinati a 4&hellip;<\/p>\n","protected":false},"author":4,"featured_media":350130,"comment_status":"closed","ping_status":"closed","sticky":false,"template":"","format":"standard","meta":{"_monsterinsights_skip_tracking":false,"_monsterinsights_sitenote_active":false,"_monsterinsights_sitenote_note":"","_monsterinsights_sitenote_category":0,"footnotes":""},"categories":[104,49],"tags":[],"class_list":["post-350129","post","type-post","status-publish","format-standard","has-post-thumbnail","hentry","category-evidenza_3","category-news-18","category-104","category-49","description-off"],"img_url":"https:\/\/www.radiopiu.net\/wordpress\/wp-content\/uploads\/2023\/08\/Senza-nome-77.png","_links":{"self":[{"href":"https:\/\/www.radiopiu.net\/wordpress\/wp-json\/wp\/v2\/posts\/350129","targetHints":{"allow":["GET"]}}],"collection":[{"href":"https:\/\/www.radiopiu.net\/wordpress\/wp-json\/wp\/v2\/posts"}],"about":[{"href":"https:\/\/www.radiopiu.net\/wordpress\/wp-json\/wp\/v2\/types\/post"}],"author":[{"embeddable":true,"href":"https:\/\/www.radiopiu.net\/wordpress\/wp-json\/wp\/v2\/users\/4"}],"replies":[{"embeddable":true,"href":"https:\/\/www.radiopiu.net\/wordpress\/wp-json\/wp\/v2\/comments?post=350129"}],"version-history":[{"count":0,"href":"https:\/\/www.radiopiu.net\/wordpress\/wp-json\/wp\/v2\/posts\/350129\/revisions"}],"wp:featuredmedia":[{"embeddable":true,"href":"https:\/\/www.radiopiu.net\/wordpress\/wp-json\/wp\/v2\/media\/350130"}],"wp:attachment":[{"href":"https:\/\/www.radiopiu.net\/wordpress\/wp-json\/wp\/v2\/media?parent=350129"}],"wp:term":[{"taxonomy":"category","embeddable":true,"href":"https:\/\/www.radiopiu.net\/wordpress\/wp-json\/wp\/v2\/categories?post=350129"},{"taxonomy":"post_tag","embeddable":true,"href":"https:\/\/www.radiopiu.net\/wordpress\/wp-json\/wp\/v2\/tags?post=350129"}],"curies":[{"name":"wp","href":"https:\/\/api.w.org\/{rel}","templated":true}]}}