{"id":350146,"date":"2023-08-24T13:28:49","date_gmt":"2023-08-24T11:28:49","guid":{"rendered":"https:\/\/www.radiopiu.net\/wordpress\/?p=350146"},"modified":"2023-08-24T13:28:49","modified_gmt":"2023-08-24T11:28:49","slug":"i-mestieri-artigiani-al-cuore-del-custom-made-fra-manualita-versatilita-e-tecnologie","status":"publish","type":"post","link":"https:\/\/www.radiopiu.net\/wordpress\/i-mestieri-artigiani-al-cuore-del-custom-made-fra-manualita-versatilita-e-tecnologie\/","title":{"rendered":"I MESTIERI ARTIGIANI: AL CUORE DEL \u201cCUSTOM-MADE\u201d FRA MANUALITA\u2019, VERSATILITA\u2019 E TECNOLOGIE"},"content":{"rendered":"<p><strong><img loading=\"lazy\" decoding=\"async\" class=\"alignleft\" src=\"https:\/\/www.radiopiu.net\/wordpress\/wp-content\/uploads\/2019\/11\/Artigiani-tappezzieri-all-opera.jpg\" width=\"302\" height=\"201\" \/>TREVISO<\/strong>\u00a0<em>L\u2019analisi\u00a0 infocamere-Veneto Lavoro intreccia struttura dimensionale e dinamica delle imprese artigiane nelle province di Treviso e Belluno e la domanda di lavoro generata.<\/em><\/p>\n<p><strong>Il commento del Presidente Mario Pozza<\/strong><\/p>\n<p><em>&#8220;Dietro ai numeri c\u2019\u00e8 una realt\u00e0 viva e in profonda trasformazione<\/em>. <em>E\u2019 vero che tra il 2018 e il 2022 il numero complessivo delle imprese artigiane si \u00e8 ridotto di oltre 400 unit\u00e0 a Treviso e di 330 unit\u00e0 a Belluno <\/em><em>, tuttavia tiene la classe dimensionale pi\u00f9 strutturata, che \u00e8 quella che genera i maggiori flussi occupazionali. <\/em><em>Sono state quasi 15.000 le assunzioni fatte nel 2022 da aziende artigiane trevigiane e circa 3.300 le analoghe assunzioni in provincia di Belluno. Si tratta di numeri importanti che rappresentano circa il 10% dei flussi occupazionali di entrambe le province.<\/em><\/p>\n<p><strong>Quali figure professionali sono maggiormente assorbite in queste realt\u00e0 artigiane?<\/strong><\/p>\n<p><em>&#8220;Prevalgono sicuramente i \u201cmestieri\u201d, ma vorrei subito richiamare l\u2019attenzione sul fatto che i nomi di questi mestieri (\u201cfabbri\u201d, \u201cmanutentori\u201d, e via dicendo) non danno giustizia delle trasformazioni che hanno conosciuto. Oggi un operaio metalmeccanico adotta in prevalenza sistemi digitali 4.0 e 5.0, si parla di manutentori predittivi, gli autoriparatori si confrontano con sofisticate diagnostiche elettroniche e la \u201crivoluzione\u201d della mobilit\u00e0 elettrica, un falegname taglia i materiali attraverso strumenti laser computerizzati ad alta precisione&#8221;.<\/em><\/p>\n<p><em><br \/>\n<\/em><strong>E\u00a0 a proposito delle polemiche di questi giorni sui salari?<\/strong><\/p>\n<p><em>&#8220;<\/em><em>Nelle piccole imprese innovative i giovani possono sperimentare ruoli pi\u00f9 ricchi e \u201corizzontali\u201d rispetto alle aziende con organigrammi pi\u00f9 strutturati. Evidenzio questo aspetto in quanto si possono presentare interessanti occasioni di motivazione e carriera lavorativa&#8221;.\u00a0<\/em><\/p>\n<p><strong>A Belluno<\/strong>. Le assunzioni generate nel 2022 dalle imprese artigiane sono state pari a 3.310 unit\u00e0 di lavoro dipendenti; cinque anni prima erano un po\u2019 di pi\u00f9 (3.585), ma l\u2019ordine di grandezza si pu\u00f2 dire che resta quello, a fronte di una contrazione della base artigiana di 330 imprese, estesa a quasi tutte le classi dimensionali. Fa peraltro eccezione la classe 10 addetti e oltre: le imprese pi\u00f9 strutturate dimensionalmente crescono di 17 unit\u00e0 nei cinque anni considerati.<\/p>\n<p>&#8212;<\/p>\n","protected":false},"excerpt":{"rendered":"<p>TREVISO\u00a0L\u2019analisi\u00a0 infocamere-Veneto Lavoro intreccia struttura dimensionale e dinamica delle imprese artigiane nelle province di Treviso e Belluno e la domanda di lavoro generata. Il commento del Presidente Mario Pozza &#8220;Dietro ai numeri c\u2019\u00e8 una realt\u00e0 viva e in profonda trasformazione. E\u2019 vero che tra il 2018 e il 2022 il numero complessivo delle imprese artigiane&hellip;<\/p>\n","protected":false},"author":4,"featured_media":104851,"comment_status":"closed","ping_status":"closed","sticky":false,"template":"","format":"standard","meta":{"_monsterinsights_skip_tracking":false,"_monsterinsights_sitenote_active":false,"_monsterinsights_sitenote_note":"","_monsterinsights_sitenote_category":0,"footnotes":""},"categories":[49],"tags":[],"class_list":["post-350146","post","type-post","status-publish","format-standard","has-post-thumbnail","hentry","category-news-18","category-49","description-off"],"img_url":"https:\/\/www.radiopiu.net\/wordpress\/wp-content\/uploads\/2019\/11\/Artigiani-tappezzieri-all-opera.jpg","_links":{"self":[{"href":"https:\/\/www.radiopiu.net\/wordpress\/wp-json\/wp\/v2\/posts\/350146","targetHints":{"allow":["GET"]}}],"collection":[{"href":"https:\/\/www.radiopiu.net\/wordpress\/wp-json\/wp\/v2\/posts"}],"about":[{"href":"https:\/\/www.radiopiu.net\/wordpress\/wp-json\/wp\/v2\/types\/post"}],"author":[{"embeddable":true,"href":"https:\/\/www.radiopiu.net\/wordpress\/wp-json\/wp\/v2\/users\/4"}],"replies":[{"embeddable":true,"href":"https:\/\/www.radiopiu.net\/wordpress\/wp-json\/wp\/v2\/comments?post=350146"}],"version-history":[{"count":0,"href":"https:\/\/www.radiopiu.net\/wordpress\/wp-json\/wp\/v2\/posts\/350146\/revisions"}],"wp:featuredmedia":[{"embeddable":true,"href":"https:\/\/www.radiopiu.net\/wordpress\/wp-json\/wp\/v2\/media\/104851"}],"wp:attachment":[{"href":"https:\/\/www.radiopiu.net\/wordpress\/wp-json\/wp\/v2\/media?parent=350146"}],"wp:term":[{"taxonomy":"category","embeddable":true,"href":"https:\/\/www.radiopiu.net\/wordpress\/wp-json\/wp\/v2\/categories?post=350146"},{"taxonomy":"post_tag","embeddable":true,"href":"https:\/\/www.radiopiu.net\/wordpress\/wp-json\/wp\/v2\/tags?post=350146"}],"curies":[{"name":"wp","href":"https:\/\/api.w.org\/{rel}","templated":true}]}}