{"id":350150,"date":"2023-08-24T13:36:12","date_gmt":"2023-08-24T11:36:12","guid":{"rendered":"https:\/\/www.radiopiu.net\/wordpress\/?p=350150"},"modified":"2023-08-24T14:35:17","modified_gmt":"2023-08-24T12:35:17","slug":"il-mio-nome-e-dolomieua","status":"publish","type":"post","link":"https:\/\/www.radiopiu.net\/wordpress\/il-mio-nome-e-dolomieua\/","title":{"rendered":"IL MIO NOME E&#8217; DOLOMIEU\u00a0"},"content":{"rendered":"<blockquote>\n<h3><a class=\"dt-pswp-item\" href=\"https:\/\/www.radiopiu.net\/wordpress\/wp-content\/uploads\/2023\/08\/Senza-nome-78.png\" data-dt-img-description=\"\" data-large_image_width=\"186\" data-large_image_height=\"139\"><img loading=\"lazy\" decoding=\"async\" class=\"size-full wp-image-350149 alignleft\" src=\"https:\/\/www.radiopiu.net\/wordpress\/wp-content\/uploads\/2023\/08\/Senza-nome-78.png\" alt=\"\" width=\"186\" height=\"139\" \/><\/a><\/h3>\n<\/blockquote>\n<p><strong>AGORDO<\/strong> Per iniziativa del Comitato di Gemellaggio, sabato alle 21 in Sala Don Tamis &#8220;La vita e le avventure dello scienziato da cui le Dolomiti hanno preso il nome. Monologo ideato, scritto ed interpretato da Eugenio Maria Cipriani. Ingresso libero.<\/p>\n<p><strong><em>Dieudonn\u00e9 Guy Silvain Tancr\u00e8de de Gratet de Dolomieu (1750-1801). Ne racconter\u00e0 l\u2019avventurosa esistenza Eugenio Maria Cipriani, autore di numerose pubblicazioni sul mondo della montagna e che, per l\u2019occasione, indosser\u00e0 i panni dello studioso e viaggiatore francese. Quella del \u201cpadre delle Dolomiti\u201d fu una vita rocambolesca che lo vide per ben due volte in prigione ma anche ospite dei pi\u00f9 importanti salotti culturali europei. Amatissimo dalle donne al punto da essere definito un \u201cseduttore seriale\u201d come il suo contemporaneo, Giacomo Casanova, Dolomieu fu altres\u00ec uno scienziato di fama europea e uno dei fondatori della moderna geologia. Tuttavia oggi nessuno si ricorderebbe pi\u00f9 di lui se, contro la sua volont\u00e0, non fosse stato attribuito il suo nome alle montagne pi\u00f9 belle del mondo: le Dolomiti.<\/em><\/strong><\/p>\n<p>&nbsp;<\/p>\n<hr \/>\n<p>&nbsp;<\/p>\n","protected":false},"excerpt":{"rendered":"<p>AGORDO Per iniziativa del Comitato di Gemellaggio, sabato alle 21 in Sala Don Tamis &#8220;La vita e le avventure dello scienziato da cui le Dolomiti hanno preso il nome. Monologo ideato, scritto ed interpretato da Eugenio Maria Cipriani. Ingresso libero. Dieudonn\u00e9 Guy Silvain Tancr\u00e8de de Gratet de Dolomieu (1750-1801). Ne racconter\u00e0 l\u2019avventurosa esistenza Eugenio Maria&hellip;<\/p>\n","protected":false},"author":4,"featured_media":350149,"comment_status":"closed","ping_status":"closed","sticky":false,"template":"","format":"standard","meta":{"_monsterinsights_skip_tracking":false,"_monsterinsights_sitenote_active":false,"_monsterinsights_sitenote_note":"","_monsterinsights_sitenote_category":0,"footnotes":""},"categories":[49],"tags":[],"class_list":["post-350150","post","type-post","status-publish","format-standard","has-post-thumbnail","hentry","category-news-18","category-49","description-off"],"img_url":"https:\/\/www.radiopiu.net\/wordpress\/wp-content\/uploads\/2023\/08\/Senza-nome-78.png","_links":{"self":[{"href":"https:\/\/www.radiopiu.net\/wordpress\/wp-json\/wp\/v2\/posts\/350150","targetHints":{"allow":["GET"]}}],"collection":[{"href":"https:\/\/www.radiopiu.net\/wordpress\/wp-json\/wp\/v2\/posts"}],"about":[{"href":"https:\/\/www.radiopiu.net\/wordpress\/wp-json\/wp\/v2\/types\/post"}],"author":[{"embeddable":true,"href":"https:\/\/www.radiopiu.net\/wordpress\/wp-json\/wp\/v2\/users\/4"}],"replies":[{"embeddable":true,"href":"https:\/\/www.radiopiu.net\/wordpress\/wp-json\/wp\/v2\/comments?post=350150"}],"version-history":[{"count":0,"href":"https:\/\/www.radiopiu.net\/wordpress\/wp-json\/wp\/v2\/posts\/350150\/revisions"}],"wp:featuredmedia":[{"embeddable":true,"href":"https:\/\/www.radiopiu.net\/wordpress\/wp-json\/wp\/v2\/media\/350149"}],"wp:attachment":[{"href":"https:\/\/www.radiopiu.net\/wordpress\/wp-json\/wp\/v2\/media?parent=350150"}],"wp:term":[{"taxonomy":"category","embeddable":true,"href":"https:\/\/www.radiopiu.net\/wordpress\/wp-json\/wp\/v2\/categories?post=350150"},{"taxonomy":"post_tag","embeddable":true,"href":"https:\/\/www.radiopiu.net\/wordpress\/wp-json\/wp\/v2\/tags?post=350150"}],"curies":[{"name":"wp","href":"https:\/\/api.w.org\/{rel}","templated":true}]}}