{"id":350155,"date":"2023-08-24T14:29:40","date_gmt":"2023-08-24T12:29:40","guid":{"rendered":"https:\/\/www.radiopiu.net\/wordpress\/?p=350155"},"modified":"2023-08-24T14:33:09","modified_gmt":"2023-08-24T12:33:09","slug":"anniversario-nel-ricordo-di-luciani-e-wojtyla-presidente-zaia-26-agosto-giorno-che-lega-la-storia-del-veneto-alla-memoria-di-due-papi","status":"publish","type":"post","link":"https:\/\/www.radiopiu.net\/wordpress\/anniversario-nel-ricordo-di-luciani-e-wojtyla-presidente-zaia-26-agosto-giorno-che-lega-la-storia-del-veneto-alla-memoria-di-due-papi\/","title":{"rendered":"ANNIVERSARIO NEL RICORDO DI LUCIANI E WOJTYLA. PRESIDENTE ZAIA, \u201c26 AGOSTO, GIORNO CHE LEGA LA STORIA DEL VENETO ALLA MEMORIA DI DUE PAPI\u201d"},"content":{"rendered":"<p><strong>VENEZIA<\/strong><i> <\/i><em>\u201cSono trascorsi quarantacinque anni dal giorno in cui il sorriso di un Papa veneto appena eletto ha conquistato il mondo dalla loggia di San Pietro. Albino Luciani, figlio delle nostre valli Dolomitiche e fino a quel giorno patriarca di Venezia, \u00e8 vissuto solo trentatr\u00e9 giorni ma destinati a lasciare un\u2019impronta non solo tra i cattolici<\/em>. Cos\u00ec il Presidente della Regione del Veneto, Luca Zaia, ricorda il 26 agosto 1978 con l\u2019elezione al soglio pontificio di Albino Luciani e il quarantaquattresimo anniversario della visita in Veneto, a lui dedicata, del successore\u00a0 Papa Woytila con una memorabile ascesa in funivia sul ghiacciaio della Marmolada.<\/p>\n<p><strong>IMMAGINI DELLA VISITA DI SAN GIOVANNI PAOLO II, FATTE ALL\u2019EPOCA A CANALE D\u2019AGORDO E PRESSO GLI IMPIANTI A FUNE DELLA MARMOLADA<\/strong><\/p>\n\n\t\t\t<style type='text\/css'>\n\t\t\t\t#gallery-1 {\n\t\t\t\t\tmargin: auto;\n\t\t\t\t}\n\t\t\t\t#gallery-1 .gallery-item {\n\t\t\t\t\tfloat: left;\n\t\t\t\t\tmargin-top: 10px;\n\t\t\t\t\ttext-align: center;\n\t\t\t\t\twidth: 50%;\n\t\t\t\t}\n\t\t\t\t#gallery-1 img {\n\t\t\t\t\tborder: 2px solid #cfcfcf;\n\t\t\t\t}\n\t\t\t\t#gallery-1 .gallery-caption {\n\t\t\t\t\tmargin-left: 0;\n\t\t\t\t}\n\t\t\t\t\/* see gallery_shortcode() in wp-includes\/media.php *\/\n\t\t\t<\/style>\n\t\t<div id='gallery-1' class='dt-gallery-container gallery galleryid-350155 gallery-columns-2 gallery-size-medium'><dl class='gallery-item'>\n\t\t\t\t<dt class='gallery-icon landscape'>\n\t\t\t\t\t<a class=\"rollover rollover-zoom dt-pswp-item\" title=\"1400-2023 1 CANALE CON FAMILIARI LUCIANI\" data-dt-img-description=\"\" data-large_image_width=\"1600\" data-large_image_height=\"1056\"href='https:\/\/www.radiopiu.net\/wordpress\/wp-content\/uploads\/2023\/08\/1400-2023-1-CANALE-CON-FAMILIARI-LUCIANI.jpg'><img loading=\"lazy\" decoding=\"async\" width=\"300\" height=\"198\" src=\"https:\/\/www.radiopiu.net\/wordpress\/wp-content\/uploads\/2023\/08\/1400-2023-1-CANALE-CON-FAMILIARI-LUCIANI-300x198.jpg\" class=\"attachment-medium size-medium\" alt=\"\" srcset=\"https:\/\/www.radiopiu.net\/wordpress\/wp-content\/uploads\/2023\/08\/1400-2023-1-CANALE-CON-FAMILIARI-LUCIANI-300x198.jpg 300w, https:\/\/www.radiopiu.net\/wordpress\/wp-content\/uploads\/2023\/08\/1400-2023-1-CANALE-CON-FAMILIARI-LUCIANI-1024x676.jpg 1024w, https:\/\/www.radiopiu.net\/wordpress\/wp-content\/uploads\/2023\/08\/1400-2023-1-CANALE-CON-FAMILIARI-LUCIANI-768x507.jpg 768w, https:\/\/www.radiopiu.net\/wordpress\/wp-content\/uploads\/2023\/08\/1400-2023-1-CANALE-CON-FAMILIARI-LUCIANI-1536x1014.jpg 1536w, https:\/\/www.radiopiu.net\/wordpress\/wp-content\/uploads\/2023\/08\/1400-2023-1-CANALE-CON-FAMILIARI-LUCIANI.jpg 1600w\" sizes=\"auto, (max-width: 300px) 100vw, 300px\" \/><\/a>\n\t\t\t\t<\/dt><\/dl><dl class='gallery-item'>\n\t\t\t\t<dt class='gallery-icon landscape'>\n\t\t\t\t\t<a class=\"rollover rollover-zoom dt-pswp-item\" title=\"1400-2023 3 MARMOLADA 2\" data-dt-img-description=\"\" data-large_image_width=\"800\" data-large_image_height=\"445\"href='https:\/\/www.radiopiu.net\/wordpress\/wp-content\/uploads\/2023\/08\/1400-2023-3-MARMOLADA-2.jpg'><img loading=\"lazy\" decoding=\"async\" width=\"300\" height=\"167\" src=\"https:\/\/www.radiopiu.net\/wordpress\/wp-content\/uploads\/2023\/08\/1400-2023-3-MARMOLADA-2-300x167.jpg\" class=\"attachment-medium size-medium\" alt=\"\" srcset=\"https:\/\/www.radiopiu.net\/wordpress\/wp-content\/uploads\/2023\/08\/1400-2023-3-MARMOLADA-2-300x167.jpg 300w, https:\/\/www.radiopiu.net\/wordpress\/wp-content\/uploads\/2023\/08\/1400-2023-3-MARMOLADA-2-768x427.jpg 768w, https:\/\/www.radiopiu.net\/wordpress\/wp-content\/uploads\/2023\/08\/1400-2023-3-MARMOLADA-2.jpg 800w\" sizes=\"auto, (max-width: 300px) 100vw, 300px\" \/><\/a>\n\t\t\t\t<\/dt><\/dl><br style=\"clear: both\" \/><dl class='gallery-item'>\n\t\t\t\t<dt class='gallery-icon landscape'>\n\t\t\t\t\t<a class=\"rollover rollover-zoom dt-pswp-item\" title=\"1400-2023 2 FUNIVIA DA MALGA CIAPELA\" data-dt-img-description=\"\" data-large_image_width=\"800\" data-large_image_height=\"445\"href='https:\/\/www.radiopiu.net\/wordpress\/wp-content\/uploads\/2023\/08\/1400-2023-2-FUNIVIA-DA-MALGA-CIAPELA.jpg'><img loading=\"lazy\" decoding=\"async\" width=\"300\" height=\"167\" src=\"https:\/\/www.radiopiu.net\/wordpress\/wp-content\/uploads\/2023\/08\/1400-2023-2-FUNIVIA-DA-MALGA-CIAPELA-300x167.jpg\" class=\"attachment-medium size-medium\" alt=\"\" srcset=\"https:\/\/www.radiopiu.net\/wordpress\/wp-content\/uploads\/2023\/08\/1400-2023-2-FUNIVIA-DA-MALGA-CIAPELA-300x167.jpg 300w, https:\/\/www.radiopiu.net\/wordpress\/wp-content\/uploads\/2023\/08\/1400-2023-2-FUNIVIA-DA-MALGA-CIAPELA-768x427.jpg 768w, https:\/\/www.radiopiu.net\/wordpress\/wp-content\/uploads\/2023\/08\/1400-2023-2-FUNIVIA-DA-MALGA-CIAPELA.jpg 800w\" sizes=\"auto, (max-width: 300px) 100vw, 300px\" \/><\/a>\n\t\t\t\t<\/dt><\/dl><dl class='gallery-item'>\n\t\t\t\t<dt class='gallery-icon landscape'>\n\t\t\t\t\t<a class=\"rollover rollover-zoom dt-pswp-item\" title=\"1400-2023 4 MARMOLADA\" data-dt-img-description=\"\" data-large_image_width=\"990\" data-large_image_height=\"541\"href='https:\/\/www.radiopiu.net\/wordpress\/wp-content\/uploads\/2023\/08\/1400-2023-4-MARMOLADA.jpg'><img loading=\"lazy\" decoding=\"async\" width=\"300\" height=\"164\" src=\"https:\/\/www.radiopiu.net\/wordpress\/wp-content\/uploads\/2023\/08\/1400-2023-4-MARMOLADA-300x164.jpg\" class=\"attachment-medium size-medium\" alt=\"\" srcset=\"https:\/\/www.radiopiu.net\/wordpress\/wp-content\/uploads\/2023\/08\/1400-2023-4-MARMOLADA-300x164.jpg 300w, https:\/\/www.radiopiu.net\/wordpress\/wp-content\/uploads\/2023\/08\/1400-2023-4-MARMOLADA-768x420.jpg 768w, https:\/\/www.radiopiu.net\/wordpress\/wp-content\/uploads\/2023\/08\/1400-2023-4-MARMOLADA.jpg 990w\" sizes=\"auto, (max-width: 300px) 100vw, 300px\" \/><\/a>\n\t\t\t\t<\/dt><\/dl><br style=\"clear: both\" \/>\n\t\t\t<\/div>\n\n<p>&nbsp;<\/p>\n<blockquote>\n<h3><strong>MARMOLADA, LUOGO DELLO SPIRITO \u2013 A 44 ANNI DALLA VISITA DI GIOVANNI PAOLO II E A 45 DALLA CONSACRAZIONE A PAPA DI ALBINO LUCIANI UNA MESSA NELLA GROTTA DELLA MADONNA A PUNTA ROCCA<\/strong><\/h3>\n<\/blockquote>\n<p class=\"Standard\"><strong><a href=\"https:\/\/www.radiopiu.net\/wordpress\/wp-content\/uploads\/2023\/08\/220.bmp\"><img loading=\"lazy\" decoding=\"async\" class=\"wp-image-350162 alignleft\" src=\"https:\/\/www.radiopiu.net\/wordpress\/wp-content\/uploads\/2023\/08\/220.bmp\" alt=\"\" width=\"287\" height=\"208\" \/><\/a>ROCCA PIETORE<\/strong> A 44 anni di distanza, Marmolada srl, la societ\u00e0 degli impianti, ricorder\u00e0 quel giorno con una celebrazione officiata dal vescovo di Belluno Feltre, monsignor Renato Marangoni. Lo far\u00e0 il 26 agosto alle 10.30 presso la grotta-cappella di Punta Rocca alla presenza di numerose autorit\u00e0 civili e militari, a partire dal Prefetto di Belluno. <em>\u201cSar\u00e0 un momento di raccoglimento e gratitudine per quella giornata che ha fatto la storia delle nostre comunit\u00e0. La Marmolada non \u00e8 solo paesaggi mozzafiato, sport, natura e grande storia, ma anche un luogo dell&#8217;anima, terra amata da due papi\u201d, afferma Patrick Pomar\u00e8, direttore della societ\u00e0 delle funivie. \u201cE&#8217; un patrimonio del quale siamo orgogliosi, per questo l&#8217;organizzazione di questa celebrazione per noi \u00e8 un punto irrinunciabile\u201d. <\/em>Anche in questa estate 2023 la grotta della Madonna, a Punta Rocca, \u00e8 stata tra i luoghi pi\u00f9 visitati della Marmolada, un tesoro dal valore inestimabile ormai parte integrante del massiccio e della sua storia. Per info chiamare il numero 334 6794461 o inviare una mail a <a href=\"mailto:visitmarmolada@funiviemarmolada.com\" target=\"_blank\" rel=\"noopener\">visitmarmolada@funiviemarmolada.com<\/a><\/p>\n<p>&nbsp;<\/p>\n<p class=\"Standard\">\n<p>&nbsp;<\/p>\n<p>&nbsp;<\/p>\n<p>&nbsp;<\/p>\n","protected":false},"excerpt":{"rendered":"<p>VENEZIA \u201cSono trascorsi quarantacinque anni dal giorno in cui il sorriso di un Papa veneto appena eletto ha conquistato il mondo dalla loggia di San Pietro. Albino Luciani, figlio delle nostre valli Dolomitiche e fino a quel giorno patriarca di Venezia, \u00e8 vissuto solo trentatr\u00e9 giorni ma destinati a lasciare un\u2019impronta non solo tra i&hellip;<\/p>\n","protected":false},"author":4,"featured_media":350159,"comment_status":"closed","ping_status":"closed","sticky":false,"template":"","format":"standard","meta":{"_monsterinsights_skip_tracking":false,"_monsterinsights_sitenote_active":false,"_monsterinsights_sitenote_note":"","_monsterinsights_sitenote_category":0,"footnotes":""},"categories":[49],"tags":[],"class_list":["post-350155","post","type-post","status-publish","format-standard","has-post-thumbnail","hentry","category-news-18","category-49","description-off"],"img_url":"https:\/\/www.radiopiu.net\/wordpress\/wp-content\/uploads\/2023\/08\/1400-2023-4-MARMOLADA.jpg","_links":{"self":[{"href":"https:\/\/www.radiopiu.net\/wordpress\/wp-json\/wp\/v2\/posts\/350155","targetHints":{"allow":["GET"]}}],"collection":[{"href":"https:\/\/www.radiopiu.net\/wordpress\/wp-json\/wp\/v2\/posts"}],"about":[{"href":"https:\/\/www.radiopiu.net\/wordpress\/wp-json\/wp\/v2\/types\/post"}],"author":[{"embeddable":true,"href":"https:\/\/www.radiopiu.net\/wordpress\/wp-json\/wp\/v2\/users\/4"}],"replies":[{"embeddable":true,"href":"https:\/\/www.radiopiu.net\/wordpress\/wp-json\/wp\/v2\/comments?post=350155"}],"version-history":[{"count":0,"href":"https:\/\/www.radiopiu.net\/wordpress\/wp-json\/wp\/v2\/posts\/350155\/revisions"}],"wp:featuredmedia":[{"embeddable":true,"href":"https:\/\/www.radiopiu.net\/wordpress\/wp-json\/wp\/v2\/media\/350159"}],"wp:attachment":[{"href":"https:\/\/www.radiopiu.net\/wordpress\/wp-json\/wp\/v2\/media?parent=350155"}],"wp:term":[{"taxonomy":"category","embeddable":true,"href":"https:\/\/www.radiopiu.net\/wordpress\/wp-json\/wp\/v2\/categories?post=350155"},{"taxonomy":"post_tag","embeddable":true,"href":"https:\/\/www.radiopiu.net\/wordpress\/wp-json\/wp\/v2\/tags?post=350155"}],"curies":[{"name":"wp","href":"https:\/\/api.w.org\/{rel}","templated":true}]}}