{"id":350188,"date":"2023-08-25T05:01:44","date_gmt":"2023-08-25T03:01:44","guid":{"rendered":"https:\/\/www.radiopiu.net\/wordpress\/?p=350188"},"modified":"2023-08-25T05:13:57","modified_gmt":"2023-08-25T03:13:57","slug":"gli-interventi-del-soccorso-alpino-due-in-agordino","status":"publish","type":"post","link":"https:\/\/www.radiopiu.net\/wordpress\/gli-interventi-del-soccorso-alpino-due-in-agordino\/","title":{"rendered":"GLI INTERVENTI DEL SOCCORSO ALPINO. DUE IN AGORDINO"},"content":{"rendered":"<p><strong><a class=\"dt-pswp-item\" href=\"https:\/\/www.radiopiu.net\/wordpress\/wp-content\/uploads\/2022\/09\/309142707_771246390814523_5693451179006834112_n.jpg\" data-dt-img-description=\"\" data-large_image_width=\"2048\" data-large_image_height=\"1212\"><img loading=\"lazy\" decoding=\"async\" class=\" wp-image-298850 alignleft\" src=\"https:\/\/www.radiopiu.net\/wordpress\/wp-content\/uploads\/2022\/09\/309142707_771246390814523_5693451179006834112_n-300x178.jpg\" alt=\"\" width=\"161\" height=\"95\" srcset=\"https:\/\/www.radiopiu.net\/wordpress\/wp-content\/uploads\/2022\/09\/309142707_771246390814523_5693451179006834112_n-300x178.jpg 300w, https:\/\/www.radiopiu.net\/wordpress\/wp-content\/uploads\/2022\/09\/309142707_771246390814523_5693451179006834112_n-1024x606.jpg 1024w, https:\/\/www.radiopiu.net\/wordpress\/wp-content\/uploads\/2022\/09\/309142707_771246390814523_5693451179006834112_n-768x455.jpg 768w, https:\/\/www.radiopiu.net\/wordpress\/wp-content\/uploads\/2022\/09\/309142707_771246390814523_5693451179006834112_n-1536x909.jpg 1536w, https:\/\/www.radiopiu.net\/wordpress\/wp-content\/uploads\/2022\/09\/309142707_771246390814523_5693451179006834112_n.jpg 2048w\" sizes=\"auto, (max-width: 161px) 100vw, 161px\" \/><\/a>ROCCA PIETORE <\/strong>Questa mattina verso le 9 la Centrale del Suem \u00e8 stata attivata per un uomo infortunatosi, mentre stava facendo dei lavori in localit\u00e0 Tabiai Forca a Rocca Pietore. Il 62enne di Alleghe (BL), con un sospetto trauma cranico, \u00e8 stato assistito dall&#8217;equipe medica dell&#8217;elicottero del Suem di Pieve di Cadore. Dopo essere stato imbarellato, l&#8217;uomo \u00e8 stato issato a bordo con il verricello e trasportato all&#8217;ospedale di Belluno.<\/p>\n<p><strong>VAL DI ZOLDO<\/strong>\u00a0Falco \u00e8 stato poi inviato sul Pelmo dove, salendo da solo la normale alla Cima, un 27enne di Santa Lucia di Piave (TV), arrivato sull&#8217;anfiteatro, aveva proseguito fuori via lungo la spalla sud, finendo incrodato tra le rocce a circa 3mila metri di quota. Individuato dell&#8217;equipaggio, \u00e8 stato recuperato con il verricello e lasciato al Rifugio Venezia.<\/p>\n<p><strong>CORTINA <\/strong>Una squadra del Soccorso alpino della Guardia di finanza di Cortina si \u00e8 invece diretta in jeep al Rifugio Biella, nei cui pressi un&#8217;escursionista di Roma di 46 anni aveva riportato un sospetto trauma al ginocchio che le impediva di proseguire a piedi.<\/p>\n<p><strong>LIVINALLONGO <\/strong>Il Soccorso alpino di Livinallongo ha invece raggiunto con i mezzi un ciclista con un probabile trauma al ginocchio, a causa di una caduta scendendo da Porta Vescovo. L&#8217;infortunato \u00e8 stato trasportato al rendez vous con l&#8217;ambulanza.<\/p>\n<p>&nbsp;<\/p>\n<p>&nbsp;<\/p>\n<p>********<\/p>\n","protected":false},"excerpt":{"rendered":"<p>ROCCA PIETORE Questa mattina verso le 9 la Centrale del Suem \u00e8 stata attivata per un uomo infortunatosi, mentre stava facendo dei lavori in localit\u00e0 Tabiai Forca a Rocca Pietore. Il 62enne di Alleghe (BL), con un sospetto trauma cranico, \u00e8 stato assistito dall&#8217;equipe medica dell&#8217;elicottero del Suem di Pieve di Cadore. Dopo essere stato&hellip;<\/p>\n","protected":false},"author":4,"featured_media":298850,"comment_status":"closed","ping_status":"closed","sticky":false,"template":"","format":"standard","meta":{"_monsterinsights_skip_tracking":false,"_monsterinsights_sitenote_active":false,"_monsterinsights_sitenote_note":"","_monsterinsights_sitenote_category":0,"footnotes":""},"categories":[51,49],"tags":[],"class_list":["post-350188","post","type-post","status-publish","format-standard","has-post-thumbnail","hentry","category-evidenza-top","category-news-18","category-51","category-49","description-off"],"img_url":"https:\/\/www.radiopiu.net\/wordpress\/wp-content\/uploads\/2022\/09\/309142707_771246390814523_5693451179006834112_n.jpg","_links":{"self":[{"href":"https:\/\/www.radiopiu.net\/wordpress\/wp-json\/wp\/v2\/posts\/350188","targetHints":{"allow":["GET"]}}],"collection":[{"href":"https:\/\/www.radiopiu.net\/wordpress\/wp-json\/wp\/v2\/posts"}],"about":[{"href":"https:\/\/www.radiopiu.net\/wordpress\/wp-json\/wp\/v2\/types\/post"}],"author":[{"embeddable":true,"href":"https:\/\/www.radiopiu.net\/wordpress\/wp-json\/wp\/v2\/users\/4"}],"replies":[{"embeddable":true,"href":"https:\/\/www.radiopiu.net\/wordpress\/wp-json\/wp\/v2\/comments?post=350188"}],"version-history":[{"count":0,"href":"https:\/\/www.radiopiu.net\/wordpress\/wp-json\/wp\/v2\/posts\/350188\/revisions"}],"wp:featuredmedia":[{"embeddable":true,"href":"https:\/\/www.radiopiu.net\/wordpress\/wp-json\/wp\/v2\/media\/298850"}],"wp:attachment":[{"href":"https:\/\/www.radiopiu.net\/wordpress\/wp-json\/wp\/v2\/media?parent=350188"}],"wp:term":[{"taxonomy":"category","embeddable":true,"href":"https:\/\/www.radiopiu.net\/wordpress\/wp-json\/wp\/v2\/categories?post=350188"},{"taxonomy":"post_tag","embeddable":true,"href":"https:\/\/www.radiopiu.net\/wordpress\/wp-json\/wp\/v2\/tags?post=350188"}],"curies":[{"name":"wp","href":"https:\/\/api.w.org\/{rel}","templated":true}]}}