{"id":350216,"date":"2023-08-26T05:54:33","date_gmt":"2023-08-26T03:54:33","guid":{"rendered":"https:\/\/www.radiopiu.net\/wordpress\/?p=350216"},"modified":"2023-08-26T05:54:33","modified_gmt":"2023-08-26T03:54:33","slug":"giornale-radiopiu-26-agosto-2023-direttore-mirko-mezzacasada-40-anni-25-giugno-1983-25-giugno-2023","status":"publish","type":"post","link":"https:\/\/www.radiopiu.net\/wordpress\/giornale-radiopiu-26-agosto-2023-direttore-mirko-mezzacasada-40-anni-25-giugno-1983-25-giugno-2023\/","title":{"rendered":"GIORNALE RADIOPIU 26 AGOSTO 2023 DIRETTORE MIRKO MEZZACASA\u2026DA 40 ANNI 25 GIUGNO 1983-25 GIUGNO 2023"},"content":{"rendered":"<h2 style=\"text-align: left;\"><span style=\"color: #ff0000;\"><span style=\"vertical-align: inherit;\"><a class=\"dt-pswp-item\" href=\"https:\/\/www.radiopiu.net\/wordpress\/wp-content\/uploads\/2023\/04\/e0aad41d-951e-47b9-9fae-1a879a9bcb7e-1.jpg\" data-dt-img-description=\"\" data-large_image_width=\"1200\" data-large_image_height=\"1200\"><img loading=\"lazy\" decoding=\"async\" class=\"wp-image-333205 alignleft\" src=\"https:\/\/www.radiopiu.net\/wordpress\/wp-content\/uploads\/2023\/04\/e0aad41d-951e-47b9-9fae-1a879a9bcb7e-1-300x300.jpg\" alt=\"\" width=\"110\" height=\"110\" srcset=\"https:\/\/www.radiopiu.net\/wordpress\/wp-content\/uploads\/2023\/04\/e0aad41d-951e-47b9-9fae-1a879a9bcb7e-1-300x300.jpg 300w, https:\/\/www.radiopiu.net\/wordpress\/wp-content\/uploads\/2023\/04\/e0aad41d-951e-47b9-9fae-1a879a9bcb7e-1-1024x1024.jpg 1024w, https:\/\/www.radiopiu.net\/wordpress\/wp-content\/uploads\/2023\/04\/e0aad41d-951e-47b9-9fae-1a879a9bcb7e-1-150x150.jpg 150w, https:\/\/www.radiopiu.net\/wordpress\/wp-content\/uploads\/2023\/04\/e0aad41d-951e-47b9-9fae-1a879a9bcb7e-1-768x768.jpg 768w, https:\/\/www.radiopiu.net\/wordpress\/wp-content\/uploads\/2023\/04\/e0aad41d-951e-47b9-9fae-1a879a9bcb7e-1.jpg 1200w\" sizes=\"auto, (max-width: 110px) 100vw, 110px\" \/><\/a><\/span><\/span><\/h2>\n<h1 class=\"entry-title\">40esimo di RADIOPIU\u2026. LA VOCE DELL\u2019EMOZIONE<\/h1>\n<h2><span style=\"color: #ff0000;\">ISCRIVITI AL NOSTRO CANALE\u00a0\u00a0YOUTUBE PER SEGUIRE IN DIRETTA I PRINCIPALI PROGRAMMI DI RADIO PIU\u2019 E LE FUTURE DIRETTE IN ESTERNA. PER ISCRIVERTI\u00a0<a style=\"color: #ff0000;\" href=\"https:\/\/youtube.com\/@radiopiu1527\">CLICCA QUI\u00a0<\/a>E PREMI\u00a0 \u201cIscriviti\u201d<\/span><\/h2>\n<p>&nbsp;<\/p>\n<p><a class=\"dt-pswp-item\" href=\"https:\/\/www.radiopiu.net\/wordpress\/wp-content\/uploads\/2023\/08\/sersa-ok-1.jpg\" data-dt-img-description=\"\" data-large_image_width=\"300\" data-large_image_height=\"300\"><img loading=\"lazy\" decoding=\"async\" class=\"size-full wp-image-349822 aligncenter\" src=\"https:\/\/www.radiopiu.net\/wordpress\/wp-content\/uploads\/2023\/08\/sersa-ok-1.jpg\" alt=\"\" width=\"300\" height=\"300\" srcset=\"https:\/\/www.radiopiu.net\/wordpress\/wp-content\/uploads\/2023\/08\/sersa-ok-1.jpg 300w, https:\/\/www.radiopiu.net\/wordpress\/wp-content\/uploads\/2023\/08\/sersa-ok-1-150x150.jpg 150w\" sizes=\"auto, (max-width: 300px) 100vw, 300px\" \/><\/a><\/p>\n<p>&nbsp;<\/p>\n<hr \/>\n<p>&nbsp;<\/p>\n<h2 class=\"entry-title\"><span style=\"color: #0000ff;\">TORNA POTABILE L&#8217;ACQUA A FALCADE E CANALE D&#8217;AGORDO<\/span><\/h2>\n<p>Gestione Servizi Pubblici informa che a FALCADE nelle localit\u00e0 FALCADE ALTO, VILLOTTA, LA FOCA E VIA MAS DE LE MOLE e a a CANALE D&#8217; AGORDO nelle localit\u00e0 CAPOLUOGO, CASATE, VAL e CALCERGNAN l&#8217;acqua erogata dall&#8217;acquedotto \u00e8 di nuovo potabile e pu\u00f2 essere usata, quindi, per scopi alimentari.<\/p>\n<p>&nbsp;<\/p>\n<p>&nbsp;<\/p>\n<p>&nbsp;<\/p>\n<hr \/>\n<p>&nbsp;<\/p>\n<blockquote>\n<h3>INTERDIZIONE TOTALE AL TRAFFICO A DIGONERA &#8220;ULTIMO GIORNO&#8221;<\/h3>\n<\/blockquote>\n<p><strong>SP 563 SALESEI <\/strong><span style=\"color: #ff0000;\">\u00a0Dal 28 agosto al 1 settembre<\/span> in localit\u00e0 Digonera di Rocca Pietore interdizione al traffico dalle 8 alle 18. Negli altri orari senso unico alternato regolato da semaforo. <span style=\"color: #ff0000;\">Dal 26 al 28 agosto e dal 1 al 4 settembre<\/span> senso unico alternato regolato da semaforo.<\/p>\n<p>&nbsp;<\/p>\n<p>&nbsp;<\/p>\n<hr \/>\n<p>&nbsp;<\/p>\n<blockquote>\n<h3 class=\"entry-title\">GLI INTERVENTI DEL SOCCORSO ALPINO NELLA SERATA DI GIOVEDI<\/h3>\n<\/blockquote>\n<p><strong class=\"photoswipe-wrapper\"><a class=\"dt-pswp-item pspw-wrap-ready\" href=\"https:\/\/www.radiopiu.net\/wordpress\/wp-content\/uploads\/2022\/04\/soccorso-alpino-1024x602-1.jpg\" data-dt-img-description=\"\" data-large_image_width=\"1024\" data-large_image_height=\"602\"><img loading=\"lazy\" decoding=\"async\" class=\" wp-image-270917 alignleft\" src=\"https:\/\/www.radiopiu.net\/wordpress\/wp-content\/uploads\/2022\/04\/soccorso-alpino-1024x602-1-300x176.jpg\" sizes=\"auto, (max-width: 300px) 100vw, 300px\" srcset=\"https:\/\/www.radiopiu.net\/wordpress\/wp-content\/uploads\/2022\/04\/soccorso-alpino-1024x602-1-300x176.jpg 300w, https:\/\/www.radiopiu.net\/wordpress\/wp-content\/uploads\/2022\/04\/soccorso-alpino-1024x602-1-768x452.jpg 768w, https:\/\/www.radiopiu.net\/wordpress\/wp-content\/uploads\/2022\/04\/soccorso-alpino-1024x602-1.jpg 1024w\" alt=\"\" width=\"170\" height=\"100\" \/><\/a>BELLUNO\u00a0<\/strong>Giovedi attorno <span dir=\"ltr\">alle 19.15<\/span>\u00a0il Soccorso alpino della Val Fiorentina \u00e8 stato allertato per un escursionista uscito fuori tracciato nella zona di Mondeval. Dalle coordinate ricevute, i soccorritori hanno capito che il 49enne di Padova si trovava a circa un chilometro dalla strada, vicino a Rio Sacuz. Avvicinatisi in fuoristrada, la squadra ha poi proseguito a piedi per un quarto d\u2019ora. Raggiunto l\u2019uomo, i soccorritori lo hanno riportato a valle, assicurandolo alla corda per superare i tratti pi\u00f9 impegnativi. L\u2019escursionista \u00e8 stato infine accompagnato a casa.\u00a0<span dir=\"ltr\">Verso le 21<\/span>\u00a0la Centrale del Suem ha attivato il Soccorso alpino di Longarone per una turista statunitense di 32 anni, che si era sentita poco bene mentre si trovava al Rifugio Pian de Fontana, al termine di un tratto dell\u2019Alta Via numero 1. Poich\u00e9 non si conoscevano le sue reali condizioni, una squadra veloce compreso un infermiere \u00e8 subito partita. Contemporaneamente si preparavano altri soccorritori, provenienti anche dalle Stazioni limitrofie per un eventuale trasporto in barella. Percorsa la distanza in un\u2019ora, i soccorritori sono arrivati in Rifugio e, in contatto con la Centrale del 118, \u00e8 stato deciso di attendere la mattina, in quanto il malessere poteva farsi risalire a una disidratazione durante la giornata. L\u2019infermiere e un altro soccorritore sono qundi rimasti tutta la notte in Rifugio. Questa mattina la donna si era ripresa completamente, al punto di proseguire la camminata verso il rifugio Bianchet.<\/p>\n<p>&nbsp;<\/p>\n<p>&nbsp;<\/p>\n<hr \/>\n<p>&nbsp;<\/p>\n<blockquote>\n<h3>SOCCORSO ALPINO AL LAVORO TRA CADORE ED AGORDINO<\/h3>\n<\/blockquote>\n<p><strong>PIEVE DI CADORE<\/strong> Ieri attorno a mezzogiorno l&#8217;elicottero del Suem di Pieve di Cadore \u00e8 volato sul tratto finale della Ferrata di Punta Anna, dove un 33enne di Roma, che stava salendo con tre amici, era scivolato riportando botte ed escoriazioni. L&#8217;escursionista, che non aveva l&#8217;imbrago, ma un cordino legato con un moschettone, \u00e8 stato recuperato con il verricello dal tecnico di elisoccorso e trasportato alla piazzola di Cortina. All&#8217;arrivo dell&#8217;elisoccorso, gli amici erano andati via, lasciandolo da solo.<\/p>\n<p><strong>AURONZO <\/strong>Alle 13.20 circa la Centrale del 118 \u00e8 stata contattata da un escursionista uscito fuori via, mentre stava percorrendo la normale che sale al Piz Popena. Messo in contatto telefonico con il Soccorso alpino di Auronzo, al 47enne di Godega di Sant&#8217;Urbano (TV) sono state date indicazioni per tornare sull&#8217;itinerario corretto. Poco dopo l&#8217;uomo ha per\u00f2 richiamato che non riusciva a trovare la via ed \u00e8 stato recuperato con un verricello dall&#8217;elicottero e lasciato a Misurina. Pronta a intervenire una squadra del Soccorso alpino della Guardia di finanza.<\/p>\n<p><strong>TAIBON <\/strong>Alle 14.30 circa una squadra del Soccorso alpino di Agordo \u00e8 partita in fuoristrada in direzione del Rifugio Vazzoler, dove si trovava una 44enne di Malnate (VA), che si era sentita poco bene mentre saliva con la famiglia da Capanna Trieste. La donna \u00e8 stata accompagnata all&#8217;ospedale per i dovuti controlli.<\/p>\n<p>&nbsp;<\/p>\n<p>&nbsp;<\/p>\n<hr \/>\n<p>&nbsp;<\/p>\n<blockquote>\n<h3>400 MILA EURO PER INVESTI SCUOLA DA BIM PIAVE<\/h3>\n<\/blockquote>\n<p><strong><a class=\"dt-pswp-item\" href=\"https:\/\/www.radiopiu.net\/wordpress\/wp-content\/uploads\/2021\/12\/BIM-PIAVE.jpg\" data-dt-img-description=\"\" data-large_image_width=\"420\" data-large_image_height=\"280\"><img loading=\"lazy\" decoding=\"async\" class=\" wp-image-249802 alignleft\" src=\"https:\/\/www.radiopiu.net\/wordpress\/wp-content\/uploads\/2021\/12\/BIM-PIAVE-300x200.jpg\" alt=\"\" width=\"161\" height=\"107\" srcset=\"https:\/\/www.radiopiu.net\/wordpress\/wp-content\/uploads\/2021\/12\/BIM-PIAVE-300x200.jpg 300w, https:\/\/www.radiopiu.net\/wordpress\/wp-content\/uploads\/2021\/12\/BIM-PIAVE.jpg 420w\" sizes=\"auto, (max-width: 161px) 100vw, 161px\" \/><\/a>BELLUNO <\/strong>Il Consorzio Bim Piave di Belluno ha contribuito finanziariamente all&#8217;iniziativa &#8220;Investi Scuola&#8221;, finalizzata a parificare i costi degli abbonamenti di trasporto pubblico per gli studenti della provincia di Belluno. Quest&#8217;anno, oltre ai 250.000 euro stanziati inizialmente (30.000 euro in pi\u00f9 rispetto agli anni precedenti), il consiglio direttivo ha deliberato un ulteriore finanziamento di 150.000 euro, portando il totale a 400.000 euro. Questa misura mira a ridurre i costi del trasporto pubblico per oltre 4.000 famiglie bellunesi. Il Consorzio ha sostenuto questa iniziativa dal 2016, fornendo contributi significativi. Il contributo \u00e8 aumentato fino a 440.000 euro per l&#8217;anno scolastico 2022\/2023, sostituendo cos\u00ec la parte prevista dal Fondo Comuni Confinanti (F.C.C.), che non sar\u00e0 pi\u00f9 erogato a partire da quest&#8217;anno. La Provincia ha chiesto al Consorzio di intervenire in modo emergenziale per garantire il finanziamento anche per l&#8217;inizio del prossimo anno scolastico. Il presidente del Consorzio, Marco Staunovo Polacco, ha sottolineato l&#8217;importanza dell&#8217;aiuto alle famiglie degli studenti bellunesi e ha auspicato una pianificazione strutturale futura da parte della Provincia per evitare situazioni emergenziali. Inoltre, il Consorzio ha richiesto che l&#8217;abbonamento degli studenti sia valido su tutte le tratte del territorio provinciale, consentendo maggiore libert\u00e0 di movimento per attivit\u00e0 extrascolastiche e promuovendo l&#8217;uso dei mezzi pubblici e la coesione sociale tra le giovani generazioni.<\/p>\n<p>&nbsp;<\/p>\n<p>&nbsp;<\/p>\n<hr \/>\n<p>&nbsp;<\/p>\n<blockquote>\n<h3>SARA&#8217; UN SETTEMBRE DI FLESSIBILITA&#8217; POSITIVA PER LO STABILIMENTO ESSILORLUXOTTICA DI AGORDO<\/h3>\n<\/blockquote>\n<p><strong><a class=\"dt-pswp-item\" href=\"https:\/\/www.radiopiu.net\/wordpress\/wp-content\/uploads\/2022\/06\/LUXOTTICA-1-scaled.jpg\" data-dt-img-description=\"\" data-large_image_width=\"2560\" data-large_image_height=\"1920\"><img loading=\"lazy\" decoding=\"async\" class=\" wp-image-284022 alignleft\" src=\"https:\/\/www.radiopiu.net\/wordpress\/wp-content\/uploads\/2022\/06\/LUXOTTICA-1-300x225.jpg\" alt=\"\" width=\"187\" height=\"140\" srcset=\"https:\/\/www.radiopiu.net\/wordpress\/wp-content\/uploads\/2022\/06\/LUXOTTICA-1-300x225.jpg 300w, https:\/\/www.radiopiu.net\/wordpress\/wp-content\/uploads\/2022\/06\/LUXOTTICA-1-1024x768.jpg 1024w, https:\/\/www.radiopiu.net\/wordpress\/wp-content\/uploads\/2022\/06\/LUXOTTICA-1-768x576.jpg 768w, https:\/\/www.radiopiu.net\/wordpress\/wp-content\/uploads\/2022\/06\/LUXOTTICA-1-1536x1152.jpg 1536w, https:\/\/www.radiopiu.net\/wordpress\/wp-content\/uploads\/2022\/06\/LUXOTTICA-1-2048x1536.jpg 2048w\" sizes=\"auto, (max-width: 187px) 100vw, 187px\" \/><\/a>AGORDO<\/strong> Nelle ultime ore la dirigenza dello stabilimento EssilorLuxottica di Agordo e le RSU si sono incontrate per stabilire il calendario di flessibilit\u00e0 positiva nel mese di settembre. Saranno quattro i sabati lavorativi per le maestranze della filiera del metallo ma in realt\u00e0 ogni lavoratore ne lavorer\u00e0 due, solo nella settimana in cui sar\u00e0 di turno al mattino. Diversa la storia per gli operai della filiera della plastica che invece saranno chiamati al lavoro una sola volta. 9, 16, 23 e 30 settembre le date da segnare sul calendario per i reparti stamperia metallo, magazzino, saldatura, trattamenti superficiali e taglio lenti. 9 e 16 settembre per stamperia iniettato, nastratura iniettato e finitura iniettato. L&#8217;area confezionamento a turno lavorer\u00e0 il 23 e 30 settembre mentre la finitura metallo sar\u00e0 chiamata a rapporto solo sabato 30 settembre. Un piano di flessibilit\u00e0 che si chiuder\u00e0 il 31 agosto 2024. Il saldo negativo di flessibilit\u00e0 fin qui accumulato nello stabilimento Iniettato, finitura metallo, ricambi e confezionamento verr\u00e0 trasferito nel piano 2024.<\/p>\n<p>&nbsp;<\/p>\n<p>&nbsp;<\/p>\n<hr \/>\n<p>&nbsp;<\/p>\n<blockquote>\n<h3>CRESCE OCCUPAZIONE NEL TURISMO. ZAIA, \u201cBENE LE 90MILA ASSUNZIONI DA INIZIO ANNO<\/h3>\n<\/blockquote>\n<p><strong><a class=\"dt-pswp-item\" href=\"https:\/\/www.radiopiu.net\/wordpress\/wp-content\/uploads\/2021\/07\/Pieve-di-Livinallongo_Arabba-Fodom-Turismo.jpg\" data-dt-img-description=\"\" data-large_image_width=\"2016\" data-large_image_height=\"1512\"><img loading=\"lazy\" decoding=\"async\" class=\" wp-image-222884 alignleft\" src=\"https:\/\/www.radiopiu.net\/wordpress\/wp-content\/uploads\/2021\/07\/Pieve-di-Livinallongo_Arabba-Fodom-Turismo-300x225.jpg\" alt=\"\" width=\"157\" height=\"118\" srcset=\"https:\/\/www.radiopiu.net\/wordpress\/wp-content\/uploads\/2021\/07\/Pieve-di-Livinallongo_Arabba-Fodom-Turismo-300x225.jpg 300w, https:\/\/www.radiopiu.net\/wordpress\/wp-content\/uploads\/2021\/07\/Pieve-di-Livinallongo_Arabba-Fodom-Turismo-1024x768.jpg 1024w, https:\/\/www.radiopiu.net\/wordpress\/wp-content\/uploads\/2021\/07\/Pieve-di-Livinallongo_Arabba-Fodom-Turismo-768x576.jpg 768w, https:\/\/www.radiopiu.net\/wordpress\/wp-content\/uploads\/2021\/07\/Pieve-di-Livinallongo_Arabba-Fodom-Turismo-1536x1152.jpg 1536w, https:\/\/www.radiopiu.net\/wordpress\/wp-content\/uploads\/2021\/07\/Pieve-di-Livinallongo_Arabba-Fodom-Turismo.jpg 2016w\" sizes=\"auto, (max-width: 157px) 100vw, 157px\" \/><\/a>VENEZIA <\/strong>\u201cDall\u2019inizio dell\u2019anno sono stati assunti in Veneto 90 mila lavoratori nel settore turistico. Il settore complessivamente va davvero bene. Non ci accontentiamo di essere i primi in Italia: abbiamo lanciato nuove linee di offerta turistica, ma i nostri operatori hanno bisogno di ulteriore forza lavoro, che non sempre \u00e8 possibile trovare nell\u2019attuale mercato. La chiave \u00e8 investire sui giovani e attirare ulteriori nuovi professionisti nel nostro Veneto. Le citt\u00e0 d\u2019arte con il 40% delle assunzioni, il 27% solo a Venezia, si confermano le nostre punte di diamante ma ci sono altri elementi interessanti. Come, ad esempio, il fatto che la maggiore crescita in termini percentuali rispetto allo scorso anno sia registrata nell\u2019area delle Colline del prosecco (+17% rispetto al 2022 e anche al 2019). Anche questi numeri ci dicono che la nuova offerta turistica fa crescere l\u2019economia territoriale, attirando occupati\u201d. Lo afferma il Presidente della Regione del Veneto Luca Zaia a commento dei dati diffusi oggi da Veneto Lavoro nel report dedicato alla domanda di lavoro nel settore turistico veneto, che offre un\u2019analisi comparata rispetto alle principali aree a vocazione turistica della nostra regione. Il mercato del lavoro del turismo risulta oggi in crescita come uno dei comparti pi\u00f9 attivi nel reclutamento di lavoratori in Veneto, nonostante le persistenti difficolt\u00e0 di reperimento denunciate dagli operatori del settore.<\/p>\n<h2><strong>OGGI ALLE 16:30 L&#8217;INTERVISTA AL GOVERNATORE DEL VENETO LUCA ZAIA A CURA DI BARBARA PAOLAZZI, RADIO CLUB 103<\/strong><\/h2>\n<p>&nbsp;<\/p>\n<hr \/>\n<p>&nbsp;<\/p>\n<blockquote>\n<h3>PRESENTATI I PROGETTI DEL DE MAS 2 E DEL POLISPOTIVO DI BELLUNO<\/h3>\n<\/blockquote>\n<p><strong>BELLUNO<\/strong> Conferenza stampa ieri mattina a Palazzo Rosso per presentare i progetti degli impianti sportivi De Mas 2 e Polisportivo che verranno realizzati con i fondi PNRR per un totale di 6,5 milioni di euro.<\/p>\n<p><strong>L&#8217;ASSESSORE ALLO SPORT DEL COMUNE DI BELLUNO MONICA MAZZOCCOLI<\/strong><\/p>\n<p><iframe loading=\"lazy\" title=\"MAZZOCCOLI DE MAS 2 E POLISPORTIVO\" width=\"1200\" height=\"675\" src=\"https:\/\/www.youtube.com\/embed\/JoU9Xgwbx6U?feature=oembed\" frameborder=\"0\" allow=\"accelerometer; autoplay; clipboard-write; encrypted-media; gyroscope; picture-in-picture; web-share\" allowfullscreen><\/iframe><\/p>\n<p>&nbsp;<\/p>\n<hr \/>\n<p>&nbsp;<\/p>\n<blockquote>\n<h3>DILLO A RADIO PIU&#8217;&#8230;QUANDO I CARTELLI STRADALI COPRONO IL SEMAFORO<\/h3>\n<\/blockquote>\n<p><strong>REDAZIONE<\/strong> Riceviamo e pubblichiamo due foto scattate a Listolade di Taibon. Siamo lungo la SR 203 Agordina in pieno centro della frazione dove ci sono le strisce pedonali che sono regolarizzate da un semaforo a chiamata. I cartelli che indicano la presenza del passaggio pedonale per\u00f2 coprono il semaforo posizionato in bassi sul palo.<\/p>\n\n\t\t\t<style type='text\/css'>\n\t\t\t\t#gallery-1 {\n\t\t\t\t\tmargin: auto;\n\t\t\t\t}\n\t\t\t\t#gallery-1 .gallery-item {\n\t\t\t\t\tfloat: left;\n\t\t\t\t\tmargin-top: 10px;\n\t\t\t\t\ttext-align: center;\n\t\t\t\t\twidth: 100%;\n\t\t\t\t}\n\t\t\t\t#gallery-1 img {\n\t\t\t\t\tborder: 2px solid #cfcfcf;\n\t\t\t\t}\n\t\t\t\t#gallery-1 .gallery-caption {\n\t\t\t\t\tmargin-left: 0;\n\t\t\t\t}\n\t\t\t\t\/* see gallery_shortcode() in wp-includes\/media.php *\/\n\t\t\t<\/style>\n\t\t<div id='gallery-1' class='dt-gallery-container gallery galleryid-350216 gallery-columns-1 gallery-size-medium'><dl class='gallery-item'>\n\t\t\t\t<dt class='gallery-icon portrait'>\n\t\t\t\t\t<a class=\"rollover rollover-zoom dt-pswp-item\" title=\"smart\" data-dt-img-description=\"\" data-large_image_width=\"1920\" data-large_image_height=\"2560\"href='https:\/\/www.radiopiu.net\/wordpress\/wp-content\/uploads\/2023\/08\/2-scaled.jpg'><img loading=\"lazy\" decoding=\"async\" width=\"225\" height=\"300\" src=\"https:\/\/www.radiopiu.net\/wordpress\/wp-content\/uploads\/2023\/08\/2-225x300.jpg\" class=\"attachment-medium size-medium\" alt=\"\" srcset=\"https:\/\/www.radiopiu.net\/wordpress\/wp-content\/uploads\/2023\/08\/2-225x300.jpg 225w, https:\/\/www.radiopiu.net\/wordpress\/wp-content\/uploads\/2023\/08\/2-768x1024.jpg 768w, https:\/\/www.radiopiu.net\/wordpress\/wp-content\/uploads\/2023\/08\/2-1152x1536.jpg 1152w, https:\/\/www.radiopiu.net\/wordpress\/wp-content\/uploads\/2023\/08\/2-1536x2048.jpg 1536w, https:\/\/www.radiopiu.net\/wordpress\/wp-content\/uploads\/2023\/08\/2-scaled.jpg 1920w\" sizes=\"auto, (max-width: 225px) 100vw, 225px\" \/><\/a>\n\t\t\t\t<\/dt><\/dl><br style=\"clear: both\" \/>\n\t\t\t<\/div>\n\n<p>&nbsp;<\/p>\n<hr \/>\n<p>&nbsp;<\/p>\n<blockquote>\n<h3>A FALCADE VERRA&#8217; INAUGURATO IL MONUMENTO ALL&#8217;OSPITE<\/h3>\n<\/blockquote>\n<p><strong><a class=\"dt-pswp-item\" href=\"https:\/\/www.radiopiu.net\/wordpress\/wp-content\/uploads\/2020\/09\/FALCADE-1.jpg\" data-dt-img-description=\"\" data-large_image_width=\"960\" data-large_image_height=\"720\"><img loading=\"lazy\" decoding=\"async\" class=\" wp-image-163186 alignleft\" src=\"https:\/\/www.radiopiu.net\/wordpress\/wp-content\/uploads\/2020\/09\/FALCADE-1-300x225.jpg\" alt=\"\" width=\"168\" height=\"126\" srcset=\"https:\/\/www.radiopiu.net\/wordpress\/wp-content\/uploads\/2020\/09\/FALCADE-1-300x225.jpg 300w, https:\/\/www.radiopiu.net\/wordpress\/wp-content\/uploads\/2020\/09\/FALCADE-1-768x576.jpg 768w, https:\/\/www.radiopiu.net\/wordpress\/wp-content\/uploads\/2020\/09\/FALCADE-1-640x480.jpg 640w, https:\/\/www.radiopiu.net\/wordpress\/wp-content\/uploads\/2020\/09\/FALCADE-1.jpg 960w\" sizes=\"auto, (max-width: 168px) 100vw, 168px\" \/><\/a>FALCADE<\/strong><\/p>\n<p>di Gianni Santomaso<\/p>\n<audio class=\"wp-audio-shortcode\" id=\"audio-350216-1\" preload=\"none\" style=\"width: 100%;\" controls=\"controls\"><source type=\"audio\/mpeg\" src=\"https:\/\/www.radiopiu.net\/wordpress\/wp-content\/uploads\/2023\/08\/GIANNI-A-FALCADE-VERRA-INAUGURATO-IL-MONUMENTO-ALLOSPITE.mp3?_=1\" \/><a href=\"https:\/\/www.radiopiu.net\/wordpress\/wp-content\/uploads\/2023\/08\/GIANNI-A-FALCADE-VERRA-INAUGURATO-IL-MONUMENTO-ALLOSPITE.mp3\">https:\/\/www.radiopiu.net\/wordpress\/wp-content\/uploads\/2023\/08\/GIANNI-A-FALCADE-VERRA-INAUGURATO-IL-MONUMENTO-ALLOSPITE.mp3<\/a><\/audio>\n<p>&nbsp;<\/p>\n<hr \/>\n<p>&nbsp;<\/p>\n<blockquote>\n<h3>LUNEDI LA PRIMA CAMPANELLA PER LA DOLOMITI SUMMER SCHOOL<\/h3>\n<\/blockquote>\n<p><strong><a class=\"dt-pswp-item\" href=\"https:\/\/www.radiopiu.net\/wordpress\/wp-content\/uploads\/2021\/05\/CONFINDUSTRIA.png\" data-dt-img-description=\"\" data-large_image_width=\"575\" data-large_image_height=\"575\"><img loading=\"lazy\" decoding=\"async\" class=\" wp-image-211858 alignleft\" src=\"https:\/\/www.radiopiu.net\/wordpress\/wp-content\/uploads\/2021\/05\/CONFINDUSTRIA-300x300.png\" alt=\"\" width=\"155\" height=\"155\" srcset=\"https:\/\/www.radiopiu.net\/wordpress\/wp-content\/uploads\/2021\/05\/CONFINDUSTRIA-300x300.png 300w, https:\/\/www.radiopiu.net\/wordpress\/wp-content\/uploads\/2021\/05\/CONFINDUSTRIA-150x150.png 150w, https:\/\/www.radiopiu.net\/wordpress\/wp-content\/uploads\/2021\/05\/CONFINDUSTRIA.png 575w\" sizes=\"auto, (max-width: 155px) 100vw, 155px\" \/><\/a>BELLUNO <\/strong>La prima campanella suoner\u00e0 puntualmente alle 9 del mattino all&#8217;interno delle aule di palazzo Bembo, dove da luned\u00ec 28 agosto prender\u00e0 il via la seconda edizione della Dolomiti Summer School, la grande iniziativa di orientamento universitario voluta da Confindustria Belluno Dolomiti con il supporto delle Universit\u00e0 di Trento, Universit\u00e0 di Verona, e Luiss Guido Carli. Per una settimana i partecipanti &#8211; tutti studenti del quarto anno di scuola superiore provenienti da ogni angolo della provincia e non solo &#8211; potranno partecipare a lezioni di diverse materie e fare cos\u00ec delle \u201cprove generali di Universit\u00e0\u201d, un&#8217;esperienza che li aiuter\u00e0 a scegliere il percorso accademico pi\u00f9 adatto una volta conseguita la maturit\u00e0. \u201cAbbiamo raddoppiato le presenze rispetto all&#8217;anno scorso, c&#8217;\u00e8 una classe di venti persone pronta a partire. Il nostro obiettivo \u00e8 crescere gradualmente ogni anno, creare un appuntamento fisso\u201d, conferma Lorraine Berton, presidente di Confindustria Belluno Dolomiti. \u201cLa scelta dell&#8217;Universit\u00e0 \u00e8 un momento cruciale per la vita di ogni studente e di ogni famiglia. Con la Dolomiti Summer School vogliamo avvicinare il mondo accademico a Belluno e occuparci di orientamento a 360 gradi con il coinvolgimento attivo delle imprese\u201d.<\/p>\n<p>&nbsp;<\/p>\n<p>&nbsp;<\/p>\n<hr \/>\n<p>&nbsp;<\/p>\n<blockquote>\n<h3>CORSO D&#8217;INFORMATICA A PONTE NELLE ALPI: UN SUCCESSO<\/h3>\n<\/blockquote>\n<p><strong><a class=\"dt-pswp-item\" href=\"https:\/\/www.radiopiu.net\/wordpress\/wp-content\/uploads\/2023\/08\/Corso_di_informatica.jpg\" data-dt-img-description=\"\" data-large_image_width=\"1024\" data-large_image_height=\"768\"><img loading=\"lazy\" decoding=\"async\" class=\" wp-image-350246 alignleft\" src=\"https:\/\/www.radiopiu.net\/wordpress\/wp-content\/uploads\/2023\/08\/Corso_di_informatica-300x225.jpg\" alt=\"\" width=\"169\" height=\"127\" srcset=\"https:\/\/www.radiopiu.net\/wordpress\/wp-content\/uploads\/2023\/08\/Corso_di_informatica-300x225.jpg 300w, https:\/\/www.radiopiu.net\/wordpress\/wp-content\/uploads\/2023\/08\/Corso_di_informatica-768x576.jpg 768w, https:\/\/www.radiopiu.net\/wordpress\/wp-content\/uploads\/2023\/08\/Corso_di_informatica.jpg 1024w\" sizes=\"auto, (max-width: 169px) 100vw, 169px\" \/><\/a>PONTE NELLE ALPI <\/strong>Si \u00e8 concluso con successo il corso gratuito di informatica per adulti e anziani: l\u2019iniziativa \u00e8 stata promossa da Scuole in Rete col sostegno del Comune di Ponte nelle Alpi e la collaborazione dell\u2019Istituto comprensivo. <span class=\"gmail-Apple-converted-space\">\u00a0 <\/span>Numerosa la partecipazione e ampia la soddisfazione dei partecipanti e dei giovani tutor che hanno accompagnato gli iscritti lungo il percorso. <span class=\"gmail-Apple-converted-space\">\u00a0 <\/span>Gi\u00e0 nella fase di iscrizione, era stata raggiunta la copertura dei posti disponibili nell\u2019aula informatica della scuola secondaria di primo grado \u201cSandro Pertini\u201d di Canevoi: l\u2019interesse ha catalizzato donne e uomini provenienti da tutte le zone del territorio comunale e rappresentanti di una ampia fascia d\u2019et\u00e0 (dal 1937 al 1981).<span class=\"gmail-Apple-converted-space\">\u00a0<\/span><\/p>\n<p>&nbsp;<\/p>\n<p>&nbsp;<\/p>\n<hr \/>\n<p>&nbsp;<\/p>\n<blockquote>\n<h3>\u201cLA MONGOLFIERA DI GIORGIA ONLUS\u201d CON L\u2019ULTIMO BANDO VOLA SEMPRE PIU&#8217; IN ALTO<\/h3>\n<\/blockquote>\n<p><strong><a class=\"dt-pswp-item\" href=\"https:\/\/www.radiopiu.net\/wordpress\/wp-content\/uploads\/2023\/08\/IMG-20230822-WA0003.jpg\" data-dt-img-description=\"\" data-large_image_width=\"1080\" data-large_image_height=\"1244\"><img loading=\"lazy\" decoding=\"async\" class=\" wp-image-350294 alignleft\" src=\"https:\/\/www.radiopiu.net\/wordpress\/wp-content\/uploads\/2023\/08\/IMG-20230822-WA0003-260x300.jpg\" alt=\"\" width=\"162\" height=\"187\" srcset=\"https:\/\/www.radiopiu.net\/wordpress\/wp-content\/uploads\/2023\/08\/IMG-20230822-WA0003-260x300.jpg 260w, https:\/\/www.radiopiu.net\/wordpress\/wp-content\/uploads\/2023\/08\/IMG-20230822-WA0003-889x1024.jpg 889w, https:\/\/www.radiopiu.net\/wordpress\/wp-content\/uploads\/2023\/08\/IMG-20230822-WA0003-768x885.jpg 768w, https:\/\/www.radiopiu.net\/wordpress\/wp-content\/uploads\/2023\/08\/IMG-20230822-WA0003.jpg 1080w\" sizes=\"auto, (max-width: 162px) 100vw, 162px\" \/><\/a>BELLUNO<\/strong> Sette famiglie di Belluno hanno ricevuto contributi finanziari da parte dell&#8217;associazione La Mongolfiera di Giorgia Onlus, in memoria di Giorgia Praloran. L&#8217;associazione aveva stanziato 10.000 euro per finanziare progetti presentati da giovani con disabilit\u00e0 tra i 13 e i 24 anni. Le richieste di contributo ricevute sono state tutte accolte. I finanziamenti includono l&#8217;acquisto di attrezzature per la motorizzazione elettrica di un tandem, l&#8217;autonoleggio di un fuoristrada con conducente, il sostegno a doposcuola pomeridiani e lezioni individuali di nuoto per diversi ragazzi. L&#8217;associazione ha elargito contributi per un totale di quasi 60.000 euro nel corso dei cinque anni della sua attivit\u00e0, grazie al sostegno dei soci, donatori e altre associazioni. Un nuovo bando sar\u00e0 lanciato il 10 ottobre in occasione del settimo anniversario di Giorgia.<\/p>\n<p>&nbsp;<\/p>\n<p>&nbsp;<\/p>\n<hr \/>\n<p>&nbsp;<\/p>\n<blockquote>\n<h2><span style=\"color: #ff00ff;\">AUGURI GIUSTINA&#8230;.MOLTIPLICATI PER 102<\/span><\/h2>\n<\/blockquote>\n<p><strong><a class=\"dt-pswp-item\" href=\"https:\/\/www.radiopiu.net\/wordpress\/wp-content\/uploads\/2022\/08\/8deac097-d52d-4d2c-b0c5-40177ae2aebc.jpg\" data-dt-img-description=\"\" data-large_image_width=\"591\" data-large_image_height=\"1024\"><img loading=\"lazy\" decoding=\"async\" class=\"wp-image-294533 alignleft\" src=\"https:\/\/www.radiopiu.net\/wordpress\/wp-content\/uploads\/2022\/08\/8deac097-d52d-4d2c-b0c5-40177ae2aebc.jpg\" alt=\"\" width=\"181\" height=\"313\" srcset=\"https:\/\/www.radiopiu.net\/wordpress\/wp-content\/uploads\/2022\/08\/8deac097-d52d-4d2c-b0c5-40177ae2aebc.jpg 591w, https:\/\/www.radiopiu.net\/wordpress\/wp-content\/uploads\/2022\/08\/8deac097-d52d-4d2c-b0c5-40177ae2aebc-173x300.jpg 173w\" sizes=\"auto, (max-width: 181px) 100vw, 181px\" \/><\/a><\/strong><\/p>\n<p>&nbsp;<\/p>\n<p>&nbsp;<\/p>\n<p><strong>ALLEGHE<\/strong>\u00a0 A Sala di Alleghe ieri la torta di compleanno \u00e8 di quelle gustose, 102 anni d&#8217;amore. Cara Giustina, tanti auguri di cuore da una vallata intera. Tanti auguri Pi\u00f9 a\u00a0 Giustina Salamon, dalle figlie Nerina e Alba, dai nipoti Igor, Amos, Massimiliano e Stefano, dai\u00a0 pronipoti Genny, Alberto, Natasha, Alan, Justin, Julian, Desir\u00e9e, Mery, Alessandro, Sara, Letizia, Lavinia, Leonie, e\u00a0 dal bis-bis nipote Ethan.<\/p>\n<p>&nbsp;<\/p>\n<p>&nbsp;<\/p>\n<p>&nbsp;<\/p>\n<p>&nbsp;<\/p>\n<p>&nbsp;<\/p>\n<p>&nbsp;<\/p>\n<p><strong>GLI AUGURI ALLA RADIO 2023\u00a0<\/strong><\/p>\n<audio class=\"wp-audio-shortcode\" id=\"audio-350216-2\" preload=\"none\" style=\"width: 100%;\" controls=\"controls\"><source type=\"audio\/mpeg\" src=\"https:\/\/www.radiopiu.net\/wordpress\/wp-content\/uploads\/2022\/08\/GDB945-2.mp3?_=2\" \/><a href=\"https:\/\/www.radiopiu.net\/wordpress\/wp-content\/uploads\/2022\/08\/GDB945-2.mp3\">https:\/\/www.radiopiu.net\/wordpress\/wp-content\/uploads\/2022\/08\/GDB945-2.mp3<\/a><\/audio>\n<p>&nbsp;<\/p>\n<p><strong><a class=\"dt-pswp-item\" href=\"https:\/\/www.radiopiu.net\/wordpress\/wp-content\/uploads\/2023\/08\/7b0bd915-6715-4595-b617-6f3fdd27e7b4.jpg\" data-dt-img-description=\"\" data-large_image_width=\"1200\" data-large_image_height=\"1600\"><img loading=\"lazy\" decoding=\"async\" class=\"size-medium wp-image-350271 alignleft\" src=\"https:\/\/www.radiopiu.net\/wordpress\/wp-content\/uploads\/2023\/08\/7b0bd915-6715-4595-b617-6f3fdd27e7b4-225x300.jpg\" alt=\"\" width=\"225\" height=\"300\" srcset=\"https:\/\/www.radiopiu.net\/wordpress\/wp-content\/uploads\/2023\/08\/7b0bd915-6715-4595-b617-6f3fdd27e7b4-225x300.jpg 225w, https:\/\/www.radiopiu.net\/wordpress\/wp-content\/uploads\/2023\/08\/7b0bd915-6715-4595-b617-6f3fdd27e7b4-768x1024.jpg 768w, https:\/\/www.radiopiu.net\/wordpress\/wp-content\/uploads\/2023\/08\/7b0bd915-6715-4595-b617-6f3fdd27e7b4-1152x1536.jpg 1152w, https:\/\/www.radiopiu.net\/wordpress\/wp-content\/uploads\/2023\/08\/7b0bd915-6715-4595-b617-6f3fdd27e7b4.jpg 1200w\" sizes=\"auto, (max-width: 225px) 100vw, 225px\" \/><\/a>GLI AUGURI DEL SINDACO DI ALLEGHE DANILO DE TONI<\/strong><\/p>\n<p>(IN FOTO IL SINDACO DI ALLEGHE DANILO DE TONI, GIUSTINA SALAMON E IL CONSIGLIERE COMUNALE LARA DE SILVESTRO)<\/p>\n<audio class=\"wp-audio-shortcode\" id=\"audio-350216-3\" preload=\"none\" style=\"width: 100%;\" controls=\"controls\"><source type=\"audio\/mpeg\" src=\"https:\/\/www.radiopiu.net\/wordpress\/wp-content\/uploads\/2023\/08\/WhatsApp-Audio-2023-08-25-at-10.22.17.mp3?_=3\" \/><a href=\"https:\/\/www.radiopiu.net\/wordpress\/wp-content\/uploads\/2023\/08\/WhatsApp-Audio-2023-08-25-at-10.22.17.mp3\">https:\/\/www.radiopiu.net\/wordpress\/wp-content\/uploads\/2023\/08\/WhatsApp-Audio-2023-08-25-at-10.22.17.mp3<\/a><\/audio>\n<p>&nbsp;<\/p>\n<hr \/>\n<p>&nbsp;<\/p>\n<blockquote>\n<h3>CON IL 31 AGOSTO IL DOTTOR SITO CESSA L&#8217;ATTIVITA&#8217;<\/h3>\n<\/blockquote>\n<p><strong><a class=\"dt-pswp-item\" href=\"https:\/\/www.radiopiu.net\/wordpress\/wp-content\/uploads\/2021\/06\/MEDICO.jpg\" data-dt-img-description=\"\" data-large_image_width=\"1920\" data-large_image_height=\"1440\"><img loading=\"lazy\" decoding=\"async\" class=\" wp-image-216887 alignleft\" src=\"https:\/\/www.radiopiu.net\/wordpress\/wp-content\/uploads\/2021\/06\/MEDICO-300x225.jpg\" alt=\"\" width=\"183\" height=\"137\" srcset=\"https:\/\/www.radiopiu.net\/wordpress\/wp-content\/uploads\/2021\/06\/MEDICO-300x225.jpg 300w, https:\/\/www.radiopiu.net\/wordpress\/wp-content\/uploads\/2021\/06\/MEDICO-1024x768.jpg 1024w, https:\/\/www.radiopiu.net\/wordpress\/wp-content\/uploads\/2021\/06\/MEDICO-768x576.jpg 768w, https:\/\/www.radiopiu.net\/wordpress\/wp-content\/uploads\/2021\/06\/MEDICO-1536x1152.jpg 1536w, https:\/\/www.radiopiu.net\/wordpress\/wp-content\/uploads\/2021\/06\/MEDICO.jpg 1920w\" sizes=\"auto, (max-width: 183px) 100vw, 183px\" \/><\/a>AGORDO <\/strong>Il prossimo 31 agosto 2023 il dr. Manlio Sito cesser\u00e0 l\u2019attivit\u00e0 di medico di assistenza primaria operante nell\u2019ambito dei Comuni di Agordo, Gosaldo, La Valle Agordina, Rivamonte\u00a0 Agordino, Taibon Agordino e Voltago Agordino. Per poter dare continuit\u00e0 all\u2019assistenza medica, gli ex assistiti del dr. Sito saranno temporaneamente assegnati d\u2019ufficio al dr. Paolo Fadig\u00e0 e al dr. Ugo Pennacchioni, gi\u00e0\u00a0 operanti nell\u2019ambito sopra citato, che svolgeranno l\u2019attivit\u00e0 ambulatoriale anche al Centro Servizi ASCA di Agordo \u2013 via Dozza n.1 con i seguenti orari: <strong>Paolo Fadig\u00e0 <\/strong>marted\u00ec e gioved\u00ec &#8211; dalle 15.00 alle 18.00 previo appuntamento contattando il numero 339 2901734 dal luned\u00ec al venerd\u00ec dalle 9 alle 10. <strong>Ugo Pennacchioni <\/strong>luned\u00ec e mercoled\u00ec \u2013 dalle 10.00 alle 12.30 previo appuntamento contattando il numero 339 2901734 dal luned\u00ec al venerd\u00ec dalle 9 alle 10. Agli assistiti interessati \u00e8 stata inviata specifica comunicazione.<\/p>\n<p>&nbsp;<\/p>\n<p>&nbsp;<\/p>\n<hr \/>\n<p>&nbsp;<\/p>\n<blockquote>\n<h3>ULTIMI GIORNI PER LA CANDIDATURA AL PREMIO SAN MARTINO<\/h3>\n<\/blockquote>\n<p><strong>BELLUNO<\/strong> Ultimi giorni per la presentazione delle candidature per l&#8217;assegnazione del Premio San Martino, per l\u2019anno 2023. Le persone devono essere viventi e native del Comune di Belluno (oppure devono operare o aver operato nello stesso Comune). L&#8217;Associazione\/Ente del Terzo Settore deve ugualmente avere la sede nel Comune di Belluno, oppure operarvi o avervi operato.<br \/>\nPi\u00f9 cittadini del Comune di Belluno, a esclusione dei consiglieri comunali e della Giunta, possono avanzare una propria proposta relativa all\u2019assegnazione del Premio, corredandola della documentazione che ritengano opportuno trasmettere e utilizzando il modello predefinito, scaricabile dal sito Internet istituzionale, alla voce Regolamenti&gt;Premio San Martino. I moduli vanno presentati entro il 30 agosto.<\/p>\n<p>&nbsp;<\/p>\n<p>&nbsp;<\/p>\n<hr \/>\n<p>&nbsp;<\/p>\n<h2><span style=\"color: #ff6600;\">IERI ALLA RADIO<\/span><\/h2>\n<h2><span style=\"color: #800080;\">\u00a0&#8220;DINTORN E FORA VIA&#8221;\u00a0 IL PROGRAMMA\u00a0 A CURA DEL MUSLA\u00a0\u00a0<\/span><\/h2>\n<p style=\"text-align: left;\"><strong><span style=\"color: #ff0000;\"><span style=\"color: #000000;\">PUNTATA DEL 25 AGOSTO DAVIDE CONEDERA <\/span><\/span><\/strong><\/p>\n<p style=\"text-align: left;\"><span style=\"color: #ff0000;\"><span style=\"color: #000000;\"><a class=\"dt-pswp-item\" href=\"https:\/\/www.radiopiu.net\/wordpress\/wp-content\/uploads\/2023\/08\/WhatsApp-Image-2023-08-24-at-06.16.49.jpeg\" data-dt-img-description=\"\" data-large_image_width=\"231\" data-large_image_height=\"218\"><img loading=\"lazy\" decoding=\"async\" class=\"wp-image-350123 alignleft\" src=\"https:\/\/www.radiopiu.net\/wordpress\/wp-content\/uploads\/2023\/08\/WhatsApp-Image-2023-08-24-at-06.16.49.jpeg\" alt=\"\" width=\"114\" height=\"108\" \/><\/a>Liete dal Davide da Agort con nuove da dalonz su le naziogn dei BRICS, da vesin per Agort l Palio dei 100, asenade sui mur col sprai e burt temp sun Binatega. Co la rubrica geologica se descor de le parole ladine agordine che revarda le boe e i ru (cfr. dizionar del Rossi e Pallabazzer)\u00a0<\/span><\/span><\/p>\n<audio class=\"wp-audio-shortcode\" id=\"audio-350216-4\" preload=\"none\" style=\"width: 100%;\" controls=\"controls\"><source type=\"audio\/mpeg\" src=\"https:\/\/www.radiopiu.net\/wordpress\/wp-content\/uploads\/2023\/08\/MUSLA-6.mp3?_=4\" \/><a href=\"https:\/\/www.radiopiu.net\/wordpress\/wp-content\/uploads\/2023\/08\/MUSLA-6.mp3\">https:\/\/www.radiopiu.net\/wordpress\/wp-content\/uploads\/2023\/08\/MUSLA-6.mp3<\/a><\/audio>\n<p>LA RACCOLTA COMPLETA, <span style=\"color: #0000ff;\"><strong><a style=\"color: #0000ff;\" href=\"https:\/\/www.radiopiu.net\/wordpress\/musla\/\">CLICCA QUI<\/a><\/strong><\/span><\/p>\n<p>&nbsp;<\/p>\n<h2><span style=\"color: #99cc00;\">LA REFA &#8211; ESCURSIONI IN MONTAGNA CON LUCA GANZ. la nuova puntata<\/span><\/h2>\n<p><strong><span style=\"color: #ff0000;\"><a class=\"dt-pswp-item\" href=\"https:\/\/www.radiopiu.net\/wordpress\/wp-content\/uploads\/2023\/08\/WhatsApp-Image-2023-08-23-at-09.59.05.jpeg\" data-dt-img-description=\"\" data-large_image_width=\"1440\" data-large_image_height=\"810\"><img loading=\"lazy\" decoding=\"async\" class=\"wp-image-349990 alignleft\" src=\"https:\/\/www.radiopiu.net\/wordpress\/wp-content\/uploads\/2023\/08\/WhatsApp-Image-2023-08-23-at-09.59.05-300x169.jpeg\" alt=\"\" width=\"172\" height=\"97\" srcset=\"https:\/\/www.radiopiu.net\/wordpress\/wp-content\/uploads\/2023\/08\/WhatsApp-Image-2023-08-23-at-09.59.05-300x169.jpeg 300w, https:\/\/www.radiopiu.net\/wordpress\/wp-content\/uploads\/2023\/08\/WhatsApp-Image-2023-08-23-at-09.59.05-1024x576.jpeg 1024w, https:\/\/www.radiopiu.net\/wordpress\/wp-content\/uploads\/2023\/08\/WhatsApp-Image-2023-08-23-at-09.59.05-768x432.jpeg 768w, https:\/\/www.radiopiu.net\/wordpress\/wp-content\/uploads\/2023\/08\/WhatsApp-Image-2023-08-23-at-09.59.05.jpeg 1440w\" sizes=\"auto, (max-width: 172px) 100vw, 172px\" \/><\/a>PUNTATA 24 AGOSTO\u00a0<\/span><\/strong><\/p>\n<audio class=\"wp-audio-shortcode\" id=\"audio-350216-5\" preload=\"none\" style=\"width: 100%;\" controls=\"controls\"><source type=\"audio\/mpeg\" src=\"https:\/\/www.radiopiu.net\/wordpress\/wp-content\/uploads\/2023\/08\/LA-REFA-DI-LUCA-GANZ-MONTATO.mp3?_=5\" \/><a href=\"https:\/\/www.radiopiu.net\/wordpress\/wp-content\/uploads\/2023\/08\/LA-REFA-DI-LUCA-GANZ-MONTATO.mp3\">https:\/\/www.radiopiu.net\/wordpress\/wp-content\/uploads\/2023\/08\/LA-REFA-DI-LUCA-GANZ-MONTATO.mp3<\/a><\/audio>\n<p>&nbsp;<\/p>\n<p>LA RACCOLTA COMPLETA <span style=\"color: #0000ff;\"><strong><a style=\"color: #0000ff;\" href=\"https:\/\/www.radiopiu.net\/wordpress\/refa-speciale\/\">CLICCA QUI\u00a0<\/a><\/strong><\/span><\/p>\n<p>&nbsp;<\/p>\n<h2><span style=\"color: #33cccc;\">PROLOCO NELL&#8217;AGORDINO: EVENTI E VOLONTARI &#8211; GLI APPUNTAMENTI DEL FINE SETTIMANA<\/span><\/h2>\n<p><a class=\"dt-pswp-item\" href=\"https:\/\/www.radiopiu.net\/wordpress\/wp-content\/uploads\/2023\/07\/th-4-150x150-2.jpg\" data-dt-img-description=\"\" data-large_image_width=\"150\" data-large_image_height=\"150\"><img loading=\"lazy\" decoding=\"async\" class=\"size-full wp-image-346216 alignleft\" src=\"https:\/\/www.radiopiu.net\/wordpress\/wp-content\/uploads\/2023\/07\/th-4-150x150-2.jpg\" alt=\"\" width=\"150\" height=\"150\" \/><\/a>VENERDI ALLE 16.30, SABATO\u00a0 ALLE 13.10, DOMENICA\u00a0 ALLE 8.05, LO SPECIALE ESTIVO IN COLLABORAZIONE CON IL COMITATO PROLOCO DELL&#8217;AGORDINO. OGNI SETTIMANA GLI APPUNTAMENTI CON IL DIVERTIMENTO, LA CULTURA E LO SPORT. SEGUICI E SARAI SEMPRE INFORMATO&#8230; ANCHE AD AGOSTO<\/p>\n<blockquote><p><strong>AGORDINO, UN TERRITORIO UNICO le pro loco della vallata unite nella promozione della loro montagna. Incontro promosso dal Consorzio Proloco dell&#8217;Agordino SEGUI LE INIZIATIVE DELLE PROLOCO LOCALI SUI CANALI SOCIAL E SCARICA L&#8217;APPLICAZIONE. VISITA IL SITO DI DOLOMITINEWS iniziativa realizzata con il contributo della Regione del Veneto, spesa sostenuta con i fondi di cui alla legge regionale 34 del 2014 D.G.R. 458 del 18\/04\/2023\u00a0 \u00a0<\/strong><\/p><\/blockquote>\n<p><strong>PUNTATA DEL 25 AGOSTO &#8211; APPUNTAMENTI<\/strong><\/p>\n<audio class=\"wp-audio-shortcode\" id=\"audio-350216-6\" preload=\"none\" style=\"width: 100%;\" controls=\"controls\"><source type=\"audio\/mpeg\" src=\"https:\/\/www.radiopiu.net\/wordpress\/wp-content\/uploads\/2023\/08\/UNPLI-2.mp3?_=6\" \/><a href=\"https:\/\/www.radiopiu.net\/wordpress\/wp-content\/uploads\/2023\/08\/UNPLI-2.mp3\">https:\/\/www.radiopiu.net\/wordpress\/wp-content\/uploads\/2023\/08\/UNPLI-2.mp3<\/a><\/audio>\n<p>&nbsp;<\/p>\n<p>LA RACCOLTA COMPLETA <a href=\"https:\/\/www.radiopiu.net\/wordpress\/proloco-nellagordino-eventi-e-volontari\/\">CLICCA QUI<\/a><\/p>\n<p>&nbsp;<\/p>\n<h2><span style=\"color: #ff00ff;\">ELENA BERGAMIN DAL RIFUGIO SASSO BIANCO<\/span><\/h2>\n<blockquote>\n<h3><a class=\"dt-pswp-item\" href=\"https:\/\/www.radiopiu.net\/wordpress\/wp-content\/uploads\/2023\/06\/fdd874f0-864c-4c6c-91bc-db331518eeab.jpg\" data-dt-img-description=\"\" data-large_image_width=\"1024\" data-large_image_height=\"768\"><img loading=\"lazy\" decoding=\"async\" class=\" wp-image-341274 alignleft\" src=\"https:\/\/www.radiopiu.net\/wordpress\/wp-content\/uploads\/2023\/06\/fdd874f0-864c-4c6c-91bc-db331518eeab-300x225.jpg\" alt=\"\" width=\"146\" height=\"110\" srcset=\"https:\/\/www.radiopiu.net\/wordpress\/wp-content\/uploads\/2023\/06\/fdd874f0-864c-4c6c-91bc-db331518eeab-300x225.jpg 300w, https:\/\/www.radiopiu.net\/wordpress\/wp-content\/uploads\/2023\/06\/fdd874f0-864c-4c6c-91bc-db331518eeab-768x576.jpg 768w, https:\/\/www.radiopiu.net\/wordpress\/wp-content\/uploads\/2023\/06\/fdd874f0-864c-4c6c-91bc-db331518eeab.jpg 1024w\" sizes=\"auto, (max-width: 146px) 100vw, 146px\" \/><\/a>ALLA RADIO<\/h3>\n<\/blockquote>\n<audio class=\"wp-audio-shortcode\" id=\"audio-350216-7\" preload=\"none\" style=\"width: 100%;\" controls=\"controls\"><source type=\"audio\/mpeg\" src=\"https:\/\/www.radiopiu.net\/wordpress\/wp-content\/uploads\/2023\/06\/ELENA-SASSO-BIANCO.mp3?_=7\" \/><a href=\"https:\/\/www.radiopiu.net\/wordpress\/wp-content\/uploads\/2023\/06\/ELENA-SASSO-BIANCO.mp3\">https:\/\/www.radiopiu.net\/wordpress\/wp-content\/uploads\/2023\/06\/ELENA-SASSO-BIANCO.mp3<\/a><\/audio>\n<p>&nbsp;<\/p>\n<p>LA RACCOLTA <a href=\"https:\/\/www.radiopiu.net\/wordpress\/elena-bergamin-dal-rifugio-sasso-bianco\/\">CLICCA QUI<\/a><\/p>\n<p>&nbsp;<\/p>\n<hr \/>\n<p>&nbsp;<\/p>\n<blockquote>\n<h3>AL RIFUGIO SCARPA IL FESTIVAL DI AGOSTO ALLE PENDICI DELL&#8217;AGNER<\/h3>\n<\/blockquote>\n<h2 style=\"text-align: center;\"><\/h2>\n<p><strong><a class=\"dt-pswp-item\" href=\"https:\/\/www.radiopiu.net\/wordpress\/wp-content\/uploads\/2023\/08\/rivolta.png\" data-dt-img-description=\"\" data-large_image_width=\"275\" data-large_image_height=\"175\"><img loading=\"lazy\" decoding=\"async\" class=\" wp-image-349654 alignleft\" src=\"https:\/\/www.radiopiu.net\/wordpress\/wp-content\/uploads\/2023\/08\/rivolta.png\" alt=\"\" width=\"187\" height=\"119\" \/><\/a>di Mirko Mezzacasa<\/strong><\/p>\n<p>OSPITE: Nicolas Farenzena<\/p>\n<audio class=\"wp-audio-shortcode\" id=\"audio-350216-8\" preload=\"none\" style=\"width: 100%;\" controls=\"controls\"><source type=\"audio\/mpeg\" src=\"https:\/\/www.radiopiu.net\/wordpress\/wp-content\/uploads\/2023\/08\/NICOLAS-FARENZENA-1.mp3?_=8\" \/><a href=\"https:\/\/www.radiopiu.net\/wordpress\/wp-content\/uploads\/2023\/08\/NICOLAS-FARENZENA-1.mp3\">https:\/\/www.radiopiu.net\/wordpress\/wp-content\/uploads\/2023\/08\/NICOLAS-FARENZENA-1.mp3<\/a><\/audio>\n<p>&nbsp;<\/p>\n<blockquote>\n<h3>AL RIFUGIO SCARPA IL FESTIVAL DI AGOSTO ALLE PENDICI DELL&#8217;AGNER<\/h3>\n<\/blockquote>\n<p><strong>VOLTAGO<\/strong><\/p>\n<p><strong>DAL RIFUGIO SCARPA IL GESTORE MARCO BERGAMO<\/strong><\/p>\n<audio class=\"wp-audio-shortcode\" id=\"audio-350216-9\" preload=\"none\" style=\"width: 100%;\" controls=\"controls\"><source type=\"audio\/mpeg\" src=\"https:\/\/www.radiopiu.net\/wordpress\/wp-content\/uploads\/2023\/08\/MARCO-BERGAMO.mp3?_=9\" \/><a href=\"https:\/\/www.radiopiu.net\/wordpress\/wp-content\/uploads\/2023\/08\/MARCO-BERGAMO.mp3\">https:\/\/www.radiopiu.net\/wordpress\/wp-content\/uploads\/2023\/08\/MARCO-BERGAMO.mp3<\/a><\/audio>\n<p>&nbsp;<\/p>\n<p>&nbsp;<\/p>\n<hr \/>\n<p>&nbsp;<\/p>\n<blockquote>\n<h2>A CAPRILE DI ALLEGHE LA SAGRA DI SAN BARTOLOMEO<\/h2>\n<\/blockquote>\n<p>di Mirko Mezzacasa<\/p>\n<p><strong>PAOLA BALDISSERA, CONSIGLIERE COMUNALE ISCRITTA GRUPPO ALPINI ALLEGHE<\/strong><\/p>\n<audio class=\"wp-audio-shortcode\" id=\"audio-350216-10\" preload=\"none\" style=\"width: 100%;\" controls=\"controls\"><source type=\"audio\/mpeg\" src=\"https:\/\/www.radiopiu.net\/wordpress\/wp-content\/uploads\/2023\/08\/PAOLA-BALDISSERA-SAN-BARTOLOMEO.mp3?_=10\" \/><a href=\"https:\/\/www.radiopiu.net\/wordpress\/wp-content\/uploads\/2023\/08\/PAOLA-BALDISSERA-SAN-BARTOLOMEO.mp3\">https:\/\/www.radiopiu.net\/wordpress\/wp-content\/uploads\/2023\/08\/PAOLA-BALDISSERA-SAN-BARTOLOMEO.mp3<\/a><\/audio>\n<p>&nbsp;<\/p>\n<p><strong><img loading=\"lazy\" decoding=\"async\" class=\"alignleft\" src=\"https:\/\/www.radiopiu.net\/wordpress\/wp-content\/uploads\/2023\/08\/Senza-nome-59.png\" width=\"333\" height=\"111\" \/>ALLEGHE <\/strong>Un nuovo appuntamento ad Alleghe con gli alpini del Gruppo Monte Civetta, patrocinio del Comune di Alleghe e collaborazione della Proloco. Per tre giorni a Caprile di Alleghe (scuole medie) tradizione, cultura e festa. SABATO 26 AGOSTO \u00a09:00 Escursione guidata del CAI Caprile lungo il Sentiero Carducci. 16 esibizione di intaglio del legno con la motosega \u00a017:30 Happy Hour Music drink 19:00 apertura stand gastronomico e musica dal vivo con l&#8217;orchestra Liscio Spritz e dalle 23:00 dj music by Binyl Boys Sound\u00a0 DOMENICA 27 AGOSTO\u00a0 10:00 e per tutto il giorno: -gioco &#8221; Su per Piaseta in socoi e savate&#8221;.\u00a0 -Mettiti alla prova con le associazioni della Croce Verde, del Soccorso Alpino, dei Pompieri: Grandi avventure sulle orme dei volontari: attivit\u00e0 per bambini e ragazzi. 10:30 \/ 11:30 happy Hour music drink \u00a012:00 Apertura stand gastronomico Pomeriggio musica itinerante con il complesso &#8220;Die D\u00fcrstigen&#8221; 17:00 Gran finale con i pompieri volontari di Caprile.<\/p>\n<p><strong>il sindaco di Alleghe Danilo De Toni<\/strong><\/p>\n<audio class=\"wp-audio-shortcode\" id=\"audio-350216-11\" preload=\"none\" style=\"width: 100%;\" controls=\"controls\"><source type=\"audio\/mpeg\" src=\"https:\/\/www.radiopiu.net\/wordpress\/wp-content\/uploads\/2023\/08\/danilo-de-toni.mp3?_=11\" \/><a href=\"https:\/\/www.radiopiu.net\/wordpress\/wp-content\/uploads\/2023\/08\/danilo-de-toni.mp3\">https:\/\/www.radiopiu.net\/wordpress\/wp-content\/uploads\/2023\/08\/danilo-de-toni.mp3<\/a><\/audio>\n<p>&nbsp;<\/p>\n<p>&nbsp;<\/p>\n<hr \/>\n<p>&nbsp;<\/p>\n<p>&nbsp;<\/p>\n<blockquote>\n<h3>A LE BUSE &#8220;VINO E CIBO IN QUOTA&#8221; TRA I PANORAMI DELLE DOLOMITI<\/h3>\n<\/blockquote>\n<p><strong><a class=\"dt-pswp-item\" href=\"https:\/\/www.radiopiu.net\/wordpress\/wp-content\/uploads\/2023\/08\/Senza-nome-77.png\" data-dt-img-description=\"\" data-large_image_width=\"606\" data-large_image_height=\"243\"><img loading=\"lazy\" decoding=\"async\" class=\"size-medium wp-image-350130 alignleft\" src=\"https:\/\/www.radiopiu.net\/wordpress\/wp-content\/uploads\/2023\/08\/Senza-nome-77-300x120.png\" alt=\"\" width=\"300\" height=\"120\" srcset=\"https:\/\/www.radiopiu.net\/wordpress\/wp-content\/uploads\/2023\/08\/Senza-nome-77-300x120.png 300w, https:\/\/www.radiopiu.net\/wordpress\/wp-content\/uploads\/2023\/08\/Senza-nome-77.png 606w\" sizes=\"auto, (max-width: 300px) 100vw, 300px\" \/><\/a>FALCADE\u00a0<\/strong> La stagione estiva a Le Buse di Falcade non termina ad agosto. Settembre s&#8217;apre con il botto. Sabato 2\u00a0 &#8220;vino e cibo in quota&#8221;, \u00e8 l&#8217;evento proposto per il secondo anno da Chalet Le Buse, Baita Gigio Picol, Malga Le Buse e Ski Stop. Sar\u00e0 proposta la degustazione di 4 cicchetti abbinati a 4 calici con possibilit\u00e0 di salire e scendere in\u00a0 Cabinovia (aperta fino alle 17.30). Prenotazioni entro giovedi 31 agosto iscrivendosi sul sito <a href=\"https:\/\/www.falcadedolomiti.it\/\">www.falcadedolomiti.it<\/a><\/p>\n<p>Un circuito di sapori, un circuito di piacere con i cicchetti itineranti tra i panorami delle Dolomiti: <strong>CHALET LE BUSE<\/strong> Sfera di polenta ripiena con guancialino di maiale, salsa al barolo e porcini con Barbera Bovio o Valpolicella classico Conte Rugolin. <strong>GIGIO PICOL\u00a0<\/strong> Crostino con ricotta montata alle erbe e trota affumicata, con spumante pinot nero Blanc de noir Montagna o Traminer Vigna del Lauro <strong>MALGA LE BUSE<\/strong> Strudel salato con crema di formaggio di malga, con Raboso frizzante Sutto o Soave San Michele C\u00e0 Rugate; <strong>SKI STOP<\/strong>\u00a0 Battuta di salmone al coltello su humus di ceci e croste di mais con Rosato Negroamaro Vallone o Primitivo imprint a mano.<\/p>\n<p>&nbsp;<\/p>\n<hr \/>\n<p>&nbsp;<\/p>\n<blockquote>\n<h3>9 SETTEMBRE, AD AGORDO SPORT IN PIAZZA<\/h3>\n<\/blockquote>\n<p>&nbsp;<\/p>\n<p><strong><a class=\"dt-pswp-item\" href=\"https:\/\/www.radiopiu.net\/wordpress\/wp-content\/uploads\/2023\/08\/Senza-nome-70.png\" data-dt-img-description=\"\" data-large_image_width=\"563\" data-large_image_height=\"163\"><img loading=\"lazy\" decoding=\"async\" class=\"size-medium wp-image-350002 alignleft\" src=\"https:\/\/www.radiopiu.net\/wordpress\/wp-content\/uploads\/2023\/08\/Senza-nome-70-300x87.png\" alt=\"\" width=\"300\" height=\"87\" srcset=\"https:\/\/www.radiopiu.net\/wordpress\/wp-content\/uploads\/2023\/08\/Senza-nome-70-300x87.png 300w, https:\/\/www.radiopiu.net\/wordpress\/wp-content\/uploads\/2023\/08\/Senza-nome-70-350x100.png 350w, https:\/\/www.radiopiu.net\/wordpress\/wp-content\/uploads\/2023\/08\/Senza-nome-70.png 563w\" sizes=\"auto, (max-width: 300px) 100vw, 300px\" \/><\/a>AGORDO <\/strong>Sabato 9 settembre 2023 le organizzazioni sportive e di volontariato dell\u2019Agordino organizzeranno ad Agordo la XVI\u00b0 edizione della manifestazione \u201cSport in piazza nell\u2019Agordino\u201d . Durante tutta la giornata , dalle 9.30 alle 12.30 e dalle 14.00 alle 18.00 proporranno a bambini e ragazzi\u00a0 le loro attivit\u00e0 sul grande prato del Broi di Agordo e nelle strade e spazi limitrofi, chiusi al traffico in collaborazione con l\u2019Amministrazione comunale e la polizia locale di Agordo. I giovani partecipanti potranno raccogliere in una apposita scheda i timbri di \u201cavvenuta attivit\u00e0\u201d rilasciati da ciascuno stand: a chi raccoglier\u00e0 un congruo numero di timbri, \u00a0al termine\u00a0 del percorso sar\u00e0 regalata la maglietta ricordo della manifestazione.<\/p>\n<p>Sotto l\u2019egida del Comitato provinciale AICS di Belluno , hanno gi\u00e0 dato la loro adesione 14 associazioni sportive, oltre ad alcune\u00a0 associazioni di volontariato: bambini e ragazzi potranno sperimentare in prima persona dalla pesca sportiva alla danza, dallo sci alla pallavolo, dall\u2019atletica al pattinaggio on line, dall\u2019Hockey alla ginnastica ritmica, e ancora judo, karate, scherma antica, nuoto e \u00a0tennis . Le associazioni di volontariato coinvolgeranno i giovani in giochi che avranno a tema l\u2019attivit\u00e0 e gli scopi della loro associazione. Obiettivo della manifestazione \u00e8\u00a0 far vivere concretamente ai ragazzini esperienze\u00a0 sportive o di volontariato , per stimolarli ad impegnarsi nella pratica attiva durante la loro vita. La manifestazione gode del patrocinio del CONI regionale Veneto,\u00a0 del Comune di Agordo e dell\u2019Unione Montana Agordina. Fondamentale l\u2019aiuto di tante piccole realt\u00e0 commerciali locali, cui va il ringraziamento degli organizzatori.<\/p>\n<p>&nbsp;<\/p>\n<p>&nbsp;<\/p>\n<hr \/>\n<p>&nbsp;<\/p>\n<h2><span style=\"color: #ff0000;\">GLI APPUNTAMENTI DELLA SETTIMANA\u00a0<\/span><\/h2>\n<blockquote>\n<h3>CONCERTI IN ALTA QUOTA CON &#8220;MELODIE NEL BOSCO, SUSSURRI TRA LE DOLOMITI&#8221;.<\/h3>\n<\/blockquote>\n<p><strong><a class=\"dt-pswp-item\" href=\"https:\/\/www.radiopiu.net\/wordpress\/wp-content\/uploads\/2018\/07\/Pota-l_Orso_Bosco-degli-Artisti.png\" data-dt-img-description=\"\" data-large_image_width=\"750\" data-large_image_height=\"534\"><img loading=\"lazy\" decoding=\"async\" class=\" wp-image-55065 alignleft\" src=\"https:\/\/www.radiopiu.net\/wordpress\/wp-content\/uploads\/2018\/07\/Pota-l_Orso_Bosco-degli-Artisti-300x214.png\" alt=\"\" width=\"199\" height=\"142\" srcset=\"https:\/\/www.radiopiu.net\/wordpress\/wp-content\/uploads\/2018\/07\/Pota-l_Orso_Bosco-degli-Artisti-300x214.png 300w, https:\/\/www.radiopiu.net\/wordpress\/wp-content\/uploads\/2018\/07\/Pota-l_Orso_Bosco-degli-Artisti.png 750w\" sizes=\"auto, (max-width: 199px) 100vw, 199px\" \/><\/a>FALCADE<\/strong>\u00a0 &#8220;Melodie nel Bosco, sussurri tra le Dolomiti&#8221;. Si chiama cos\u00ec il festival che porter\u00e0 quattro concerti a 2.000 metri di altitudine per far incontrare musica e natura al cospetto di vette come Mulaz e Focobon.\u00a0 A fare da teatro sar\u00e0 il Bosco degli Artisti di Falcade, galleria d\u2019arte a cielo aperto che sorge in localit\u00e0 Le Buse, nella Ski Area San Pellegrino. Concerti in programma alle 10:30.<\/p>\n<p>Oggi toccher\u00e0 a Emanuele Bastanzetti, da Bach a Kreisler &#8211; sinfonie di violino.<\/p>\n<p>&nbsp;<\/p>\n<p>&nbsp;<\/p>\n<hr \/>\n<p>&nbsp;<\/p>\n<blockquote>\n<h3>EVENTI DI SUCCESSO AD AGORDO, mercatino (prossimo appuntamento Oggi) e MOSTRA DEI FOSSILI E MINERARI (prossimo appuntamento agosto 2024)<\/h3>\n<\/blockquote>\n\n\t\t\t<style type='text\/css'>\n\t\t\t\t#gallery-2 {\n\t\t\t\t\tmargin: auto;\n\t\t\t\t}\n\t\t\t\t#gallery-2 .gallery-item {\n\t\t\t\t\tfloat: left;\n\t\t\t\t\tmargin-top: 10px;\n\t\t\t\t\ttext-align: center;\n\t\t\t\t\twidth: 33%;\n\t\t\t\t}\n\t\t\t\t#gallery-2 img {\n\t\t\t\t\tborder: 2px solid #cfcfcf;\n\t\t\t\t}\n\t\t\t\t#gallery-2 .gallery-caption {\n\t\t\t\t\tmargin-left: 0;\n\t\t\t\t}\n\t\t\t\t\/* see gallery_shortcode() in wp-includes\/media.php *\/\n\t\t\t<\/style>\n\t\t<div id='gallery-2' class='dt-gallery-container gallery galleryid-350216 gallery-columns-3 gallery-size-thumbnail'><dl class='gallery-item'>\n\t\t\t\t<dt class='gallery-icon landscape'>\n\t\t\t\t\t<a class=\"rollover rollover-zoom dt-pswp-item\" title=\"1-Mercato AGORDO 12 .8\" data-dt-img-description=\"\" data-large_image_width=\"2209\" data-large_image_height=\"1475\"href='https:\/\/www.radiopiu.net\/wordpress\/wp-content\/uploads\/2023\/08\/1-Mercato-AGORDO-12-.8.jpg'><img loading=\"lazy\" decoding=\"async\" width=\"150\" height=\"150\" src=\"https:\/\/www.radiopiu.net\/wordpress\/wp-content\/uploads\/2023\/08\/1-Mercato-AGORDO-12-.8-150x150.jpg\" class=\"attachment-thumbnail size-thumbnail\" alt=\"\" \/><\/a>\n\t\t\t\t<\/dt><\/dl><dl class='gallery-item'>\n\t\t\t\t<dt class='gallery-icon landscape'>\n\t\t\t\t\t<a class=\"rollover rollover-zoom dt-pswp-item\" title=\"2-Mercato AGORDO 12.8\" data-dt-img-description=\"\" data-large_image_width=\"2560\" data-large_image_height=\"1709\"href='https:\/\/www.radiopiu.net\/wordpress\/wp-content\/uploads\/2023\/08\/2-Mercato-AGORDO-12.8-scaled.jpg'><img loading=\"lazy\" decoding=\"async\" width=\"150\" height=\"150\" src=\"https:\/\/www.radiopiu.net\/wordpress\/wp-content\/uploads\/2023\/08\/2-Mercato-AGORDO-12.8-150x150.jpg\" class=\"attachment-thumbnail size-thumbnail\" alt=\"\" \/><\/a>\n\t\t\t\t<\/dt><\/dl><dl class='gallery-item'>\n\t\t\t\t<dt class='gallery-icon landscape'>\n\t\t\t\t\t<a class=\"rollover rollover-zoom dt-pswp-item\" title=\"3-Mercato AGORDO 12.8\" data-dt-img-description=\"\" data-large_image_width=\"2560\" data-large_image_height=\"1709\"href='https:\/\/www.radiopiu.net\/wordpress\/wp-content\/uploads\/2023\/08\/3-Mercato-AGORDO-12.8-scaled.jpg'><img loading=\"lazy\" decoding=\"async\" width=\"150\" height=\"150\" src=\"https:\/\/www.radiopiu.net\/wordpress\/wp-content\/uploads\/2023\/08\/3-Mercato-AGORDO-12.8-150x150.jpg\" class=\"attachment-thumbnail size-thumbnail\" alt=\"\" \/><\/a>\n\t\t\t\t<\/dt><\/dl><br style=\"clear: both\" \/><dl class='gallery-item'>\n\t\t\t\t<dt class='gallery-icon landscape'>\n\t\t\t\t\t<a class=\"rollover rollover-zoom dt-pswp-item\" title=\"4-PALAROVA 13.8\" data-dt-img-description=\"\" data-large_image_width=\"2560\" data-large_image_height=\"1709\"href='https:\/\/www.radiopiu.net\/wordpress\/wp-content\/uploads\/2023\/08\/4-PALAROVA-13.8-scaled.jpg'><img loading=\"lazy\" decoding=\"async\" width=\"150\" height=\"150\" src=\"https:\/\/www.radiopiu.net\/wordpress\/wp-content\/uploads\/2023\/08\/4-PALAROVA-13.8-150x150.jpg\" class=\"attachment-thumbnail size-thumbnail\" alt=\"\" \/><\/a>\n\t\t\t\t<\/dt><\/dl><dl class='gallery-item'>\n\t\t\t\t<dt class='gallery-icon portrait'>\n\t\t\t\t\t<a class=\"rollover rollover-zoom dt-pswp-item\" title=\"5-Il cercatore d&#039;oro Romeo\" data-dt-img-description=\"\" data-large_image_width=\"1709\" data-large_image_height=\"2560\"href='https:\/\/www.radiopiu.net\/wordpress\/wp-content\/uploads\/2023\/08\/5-Il-cercatore-doro-Romeo-scaled.jpg'><img loading=\"lazy\" decoding=\"async\" width=\"150\" height=\"150\" src=\"https:\/\/www.radiopiu.net\/wordpress\/wp-content\/uploads\/2023\/08\/5-Il-cercatore-doro-Romeo-150x150.jpg\" class=\"attachment-thumbnail size-thumbnail\" alt=\"\" \/><\/a>\n\t\t\t\t<\/dt><\/dl><dl class='gallery-item'>\n\t\t\t\t<dt class='gallery-icon landscape'>\n\t\t\t\t\t<a class=\"rollover rollover-zoom dt-pswp-item\" title=\"6-Cercatore e pres. GAMP\" data-dt-img-description=\"\" data-large_image_width=\"2560\" data-large_image_height=\"1709\"href='https:\/\/www.radiopiu.net\/wordpress\/wp-content\/uploads\/2023\/08\/6-Cercatore-e-pres.-GAMP-scaled.jpg'><img loading=\"lazy\" decoding=\"async\" width=\"150\" height=\"150\" src=\"https:\/\/www.radiopiu.net\/wordpress\/wp-content\/uploads\/2023\/08\/6-Cercatore-e-pres.-GAMP-150x150.jpg\" class=\"attachment-thumbnail size-thumbnail\" alt=\"\" \/><\/a>\n\t\t\t\t<\/dt><\/dl><br style=\"clear: both\" \/>\n\t\t\t<\/div>\n\n<hr \/>\n<p>&nbsp;<\/p>\n<p>&nbsp;<\/p>\n<blockquote>\n<h3><a class=\"dt-pswp-item\" href=\"https:\/\/www.radiopiu.net\/wordpress\/wp-content\/uploads\/2023\/08\/Giovanni-Paolo-I.jpg\" data-dt-img-description=\"Portrait de Albino Luciani, pape Jean Paul Ier (Jean-Paul) (en latin Johannes Paulus I, en italien Giovanni Paolo I : 1912-1978) en 1978 !AUFNAHMEDATUM GESCH?TZT! PUBLICATIONxINxGERxSUIxAUTxHUNxONLY FARA06282 (Portrait de Albino Luciani, pape Jean Pa\" data-large_image_width=\"800\" data-large_image_height=\"1067\"><img loading=\"lazy\" decoding=\"async\" class=\"wp-image-350145 alignleft\" src=\"https:\/\/www.radiopiu.net\/wordpress\/wp-content\/uploads\/2023\/08\/Giovanni-Paolo-I-225x300.jpg\" alt=\"\" width=\"114\" height=\"152\" srcset=\"https:\/\/www.radiopiu.net\/wordpress\/wp-content\/uploads\/2023\/08\/Giovanni-Paolo-I-225x300.jpg 225w, https:\/\/www.radiopiu.net\/wordpress\/wp-content\/uploads\/2023\/08\/Giovanni-Paolo-I-768x1024.jpg 768w, https:\/\/www.radiopiu.net\/wordpress\/wp-content\/uploads\/2023\/08\/Giovanni-Paolo-I.jpg 800w\" sizes=\"auto, (max-width: 114px) 100vw, 114px\" \/><\/a>IL CARDINALE STELLA A CANALE D&#8217;AGORDO NEL RICORDO DEL BEATO LUCIANI<\/h3>\n<\/blockquote>\n<p><strong>CANALE D&#8217;AGORDO <\/strong>La Celebrazione della Messa del Beato Giovanni Paolo I nel 45\u00b0 anniversario della Sua elezione a Sommo Pontefice che si terr\u00e0 oggi alle 16.30 nella piazza Papa Luciani di Canale d&#8217;Agordo. In caso di mal tempo l&#8217;evento avr\u00e0 luogo nella Chiuesa Arcipretale di Canale d&#8217;Agordo. La messa sar\u00e0 presieduta dal Cardinale Beniamino Stella.<\/p>\n<p><span style=\"font-family: Arial, sans-serif;\"><span style=\"font-size: small;\"> alle<\/span><\/span><span style=\"font-family: Arial, sans-serif;\"><span style=\"font-size: small;\"> 21 in<\/span><\/span><span style=\"font-family: Arial, sans-serif;\"><span style=\"font-size: small;\">\u00a0<\/span><\/span><span style=\"font-family: Arial, sans-serif;\"><span style=\"font-size: small;\">Sala Lina Zand\u00f2 Bolda del Museo Albino Luciani<\/span><\/span><span style=\"font-family: Arial, sans-serif;\"><span style=\"font-size: small;\"> si terr\u00e0 l&#8217;incontro <\/span><\/span><span style=\"font-family: Arial, sans-serif;\"><span style=\"font-size: small;\">\u201cIl rapporto tra il beato Giovanni Paolo I e i suoi due predecessori\u201d<\/span><\/span><span style=\"font-family: Arial, sans-serif;\"><span style=\"font-size: small;\">. Ospiti della serata il <\/span><\/span><span style=\"font-family: Arial, sans-serif;\"><span style=\"font-size: small;\">dott. Marco Roncalli<\/span><\/span><span style=\"font-family: Arial, sans-serif;\"><span style=\"font-size: small;\">, pronipote di papa Giovanni XXIII, e <\/span><\/span><span style=\"font-family: Arial, sans-serif;\"><span style=\"font-size: small;\">mons. Ettore Malnati<\/span><\/span><span style=\"font-family: Arial, sans-serif;\"><span style=\"font-size: small;\">, vicario episcopale di Trieste. <\/span><\/span><\/p>\n<p>&nbsp;<\/p>\n<hr \/>\n<p>&nbsp;<\/p>\n<blockquote>\n<h3><a class=\"dt-pswp-item\" href=\"https:\/\/www.radiopiu.net\/wordpress\/wp-content\/uploads\/2023\/08\/Senza-nome-78.png\" data-dt-img-description=\"\" data-large_image_width=\"186\" data-large_image_height=\"139\"><img loading=\"lazy\" decoding=\"async\" class=\"size-full wp-image-350149 alignleft\" src=\"https:\/\/www.radiopiu.net\/wordpress\/wp-content\/uploads\/2023\/08\/Senza-nome-78.png\" alt=\"\" width=\"186\" height=\"139\" \/><\/a>IL MIO NOME E&#8217; DOLOMIEU<\/h3>\n<\/blockquote>\n<p><strong>AGORDO<\/strong> Per iniziativa del Comitato di Gemellaggio, oggi alle 21 in Sala Don Tamis &#8220;La vita e le avventure dello scienziato da cui le Dolomiti hanno preso il nome. Monologo ideato, scritto ed interpretato da Eugenio Maria Cipriani. Ingresso libero.<\/p>\n<p><strong><em>Dieudonn\u00e9 Guy Silvain Tancr\u00e8de de Gratet de Dolomieu (1750-1801). Ne racconter\u00e0 l\u2019avventurosa esistenza Eugenio Maria Cipriani, autore di numerose pubblicazioni sul mondo della montagna e che, per l\u2019occasione, indosser\u00e0 i panni dello studioso e viaggiatore francese. Quella del \u201cpadre delle Dolomiti\u201d fu una vita rocambolesca che lo vide per ben due volte in prigione ma anche ospite dei pi\u00f9 importanti salotti culturali europei. Amatissimo dalle donne al punto da essere definito un \u201cseduttore seriale\u201d come il suo contemporaneo, Giacomo Casanova, Dolomieu fu altres\u00ec uno scienziato di fama europea e uno dei fondatori della moderna geologia. Tuttavia oggi nessuno si ricorderebbe pi\u00f9 di lui se, contro la sua volont\u00e0, non fosse stato attribuito il suo nome alle montagne pi\u00f9 belle del mondo: le Dolomiti.<\/em><\/strong><\/p>\n<p>&nbsp;<\/p>\n<p>&nbsp;<\/p>\n<hr \/>\n<p>&nbsp;<\/p>\n<blockquote>\n<h3>LA SETTIMANA DEL CICLISMO A CESIOMAGGIORE<\/h3>\n<\/blockquote>\n<p><a href=\"https:\/\/www.radiopiu.net\/wordpress\/wp-content\/uploads\/2023\/08\/379a32_d86c7c38565e4702b521f65d7eb480ddmv2_d_3456_4181_s_4_2.webp\"><img loading=\"lazy\" decoding=\"async\" class=\"size-medium wp-image-350140 alignleft\" src=\"https:\/\/www.radiopiu.net\/wordpress\/wp-content\/uploads\/2023\/08\/379a32_d86c7c38565e4702b521f65d7eb480ddmv2_d_3456_4181_s_4_2-248x300.webp\" alt=\"\" width=\"248\" height=\"300\" srcset=\"https:\/\/www.radiopiu.net\/wordpress\/wp-content\/uploads\/2023\/08\/379a32_d86c7c38565e4702b521f65d7eb480ddmv2_d_3456_4181_s_4_2-248x300.webp 248w, https:\/\/www.radiopiu.net\/wordpress\/wp-content\/uploads\/2023\/08\/379a32_d86c7c38565e4702b521f65d7eb480ddmv2_d_3456_4181_s_4_2.webp 667w\" sizes=\"auto, (max-width: 248px) 100vw, 248px\" \/><\/a><strong>CESIOMAGGIORE<\/strong> Avvio\u00a0 oggi\u00a0 alle 11, il piazzale dell\u2019area di Pradenich verr\u00e0 intitolato ad Alfonsina Morini Strada, la prima donna a prendere parte al Giro d\u2019Italia e ad altre competizioni fino ad allora riservate a professionisti uomini. Un\u2019altra via, dalla rotonda di Cesiomaggiore alla chiesa parrocchiale, verr\u00e0 invece dedicata a Sergio Sanvido, l&#8217;illustre concittadino che con la sua passione e il suo impegno ha dato vita al Museo Storico della Bicicletta Toni Bevilacqua, facendo di Cesiomaggiore un luogo di riferimento per gli amanti della bicicletta di tutto il mondo. Il Museo Storico della Bicicletta insieme all\u2019Associazione Feudo di Mel alle\u00a0 17 di domani presenta l\u2019incontro intitolato \u201cStorie di uomini e biciclette bellunesi\u201d, con cui Cesiomaggiore si riempir\u00e0 di ricordi e di voci di chi con la propria passione per la bicicletta ha lasciato e lascia tuttora un segno tangibile sul territorio: Sergio Sanvido (1928-2015), \u00a0Silvio Rui (1930-1999) e\u00a0 Isidoro Busana (nato nel 1949). Non mancher\u00e0 un tributo a Ivano Pocchiesa, noto giornalista, regista e pioniere dell&#8217;emittenza radiotelevisiva, che ha ripreso alcune gare esordienti in provincia di Belluno negli anni \u201860. La sua famiglia doner\u00e0 dei video assolutamente inediti al Museo della Bicicletta, che si arricchir\u00e0 di due preziosi documentazioni di storia locale del ciclismo. Domenica\u00a0 la Sanvido Classic, ciclostorica dedicata a Sergio Sanvido<\/p>\n<p>&nbsp;<\/p>\n<p>&nbsp;<\/p>\n<p>&nbsp;<\/p>\n<hr \/>\n<p>&nbsp;<\/p>\n<blockquote>\n<h3>OMAGGIO ALL&#8217;OSPITE A FALCADE<\/h3>\n<\/blockquote>\n<p><strong>FALCADE\u00a0<\/strong>Domani all&#8217;ingresso della piana di Falcade, nel porticato di fronte al municipio, sar\u00e0 scoperto e inaugurato il Monumento all&#8217;ospite, opera dell&#8217;artista rodigino Carlo Tintore. Appuntamento per le 11:30, sono invitati a partecipare cittadinanza e ospiti.<\/p>\n<p>&nbsp;<\/p>\n<p>&nbsp;<\/p>\n<hr \/>\n<p>&nbsp;<\/p>\n<blockquote>\n<h3>MERCATINO DI PICCOLI TESORI<\/h3>\n<\/blockquote>\n<p><strong>BELLUNO<\/strong> Domani dalle 15.30 alle 18 nel chiostro del seminario di Belluno &#8220;Mercatino dell&#8217;usato&#8221;, il ricavato sar\u00e0 devoluto a sostegno del seminario e associazione Campedel<\/p>\n<p>&nbsp;<\/p>\n<h2><span style=\"color: #ff0000;\">PROSSIMAMENTE&#8230;\u00a0<\/span><\/h2>\n<blockquote>\n<h3>IL CORSO DI ECOLOGIA<\/h3>\n<\/blockquote>\n<p><strong>SAN VITO DI CADORE <\/strong>Tra il 29 agosto e l&#8217;1 settembre, si svolger\u00e0 la <i>57esima edizione del Corso di Cultura in Ecologia<\/i>, che quest&#8217;anno \u00e8 incentrato sul tema de <b>Le Foreste vetuste<\/b>. <i>Il Corso<\/i> di svolge al <i>Centro Studi per l\u2019Ambiente Alpino di San Vito di Cadore<\/i>, ed include una visita all&#8217;<i>ex Villaggio Eni di Corte di Cadore<\/i> (gioved\u00ec 31 agosto dalle ore 16:30 alle 18:00), nel corso della quale si racconter\u00e0 il programma di rigenerazione del sito di Borca, e si far\u00e0 visita ad alcuni dei laboratori attivi nella Colonia, nei quali gli artisti interpretano temi connessi alle ricerche del Tesaf (Bostrico, Tempesta Vaia, Foreste vetuste).<\/p>\n<p>&nbsp;<\/p>\n<blockquote>\n<h3>ESPERIENZA CULINARIA AL RIFUGIO AVERAU<\/h3>\n<\/blockquote>\n<p><strong>CORTINA<\/strong> Marted\u00ec 12 settembre, evento straordinario al Rifugio Averau. Gli chef di casa, Matteo e Stefano, della trattoria alla Cima di Valdobbiadene uniscono genio e bravura per un&#8217;esperienza unica &#8220;dalla laguna alle dolomiti&#8221;. Un percorso enogastronomico dal mare ai fiumi, dalle colline ai boschi del veneziano, trevigiano e bellunese fino alle cime di Cortina. Sar\u00e0 predisposto su prenotazione un servizio di trasporto in jeep dal rifugio Cinque Torri, raggiungibile in macchina dalla strada del passo Falzarego Per info e prenotazioni: 0436 4660<br \/>\nDALLA LAGUNA ALLE DOLOMITI, 12 SETTEMBRE AL RIFUGIO AVERAU<\/p>\n<p>&nbsp;<\/p>\n<blockquote>\n<h3>LA GIORNATA DEL RESPIRO<\/h3>\n<\/blockquote>\n<p><strong>BELLUNO<\/strong> Sabato 2 settembre al Ristorante De Gusto Dolomiti di Via Meassa a Sagrogna di Belluno viene organizzata una giornata all&#8217;insegna della ricerca del buon cibo e della magia. Info e prenotazioni al 373 5042705 o 373 5101875. Le donazioni raccolte durante l&#8217;evento saranno devolute alla Fondazione Ricerca Fibrosi Cistica<\/p>\n<p>&nbsp;<\/p>\n<p>&nbsp;<\/p>\n<hr \/>\n<p>&nbsp;<\/p>\n<blockquote class=\"wp-embedded-content\" data-secret=\"zvEpMMR8QH\"><p><a href=\"https:\/\/www.radiopiu.net\/wordpress\/etta-band-gadenz-tour-2023\/\">ETTA &#038; BAND \u2013 GADENZ TOUR 2023<\/a><\/p><\/blockquote>\n<p><iframe loading=\"lazy\" class=\"wp-embedded-content\" sandbox=\"allow-scripts\" security=\"restricted\" style=\"position: absolute; clip: rect(1px, 1px, 1px, 1px);\" title=\"&#8220;ETTA &#038; BAND \u2013 GADENZ TOUR 2023&#8221; &#8212; Radio Pi\u00f9\" src=\"https:\/\/www.radiopiu.net\/wordpress\/etta-band-gadenz-tour-2023\/embed\/#?secret=0Bg8hb3WYk#?secret=zvEpMMR8QH\" data-secret=\"zvEpMMR8QH\" width=\"600\" height=\"338\" frameborder=\"0\" marginwidth=\"0\" marginheight=\"0\" scrolling=\"no\"><\/iframe><\/p>\n<p>&nbsp;<\/p>\n<hr \/>\n<p>&nbsp;<\/p>\n<blockquote class=\"wp-embedded-content\" data-secret=\"nnfyErh1oK\"><p><a href=\"https:\/\/www.radiopiu.net\/wordpress\/sui-domini-collettivi-ossia-i-cosiddetti-usi-civici-le-regole-altri-ottava-parte\/\">SUI DOMINI COLLETTIVI OSSIA I COSIDDETTI USI CIVICI, LE REGOLE &#038; ALTRI \u2013 OTTAVA  PARTE<\/a><\/p><\/blockquote>\n<p><iframe loading=\"lazy\" class=\"wp-embedded-content\" sandbox=\"allow-scripts\" security=\"restricted\" style=\"position: absolute; clip: rect(1px, 1px, 1px, 1px);\" title=\"&#8220;SUI DOMINI COLLETTIVI OSSIA I COSIDDETTI USI CIVICI, LE REGOLE &#038; ALTRI \u2013 OTTAVA  PARTE&#8221; &#8212; Radio Pi\u00f9\" src=\"https:\/\/www.radiopiu.net\/wordpress\/sui-domini-collettivi-ossia-i-cosiddetti-usi-civici-le-regole-altri-ottava-parte\/embed\/#?secret=iUwUcbvCCp#?secret=nnfyErh1oK\" data-secret=\"nnfyErh1oK\" width=\"600\" height=\"338\" frameborder=\"0\" marginwidth=\"0\" marginheight=\"0\" scrolling=\"no\"><\/iframe><\/p>\n<p>&nbsp;<\/p>\n<hr \/>\n<p>&nbsp;<\/p>\n<div class=\"message spoilers-container\" dir=\"auto\">\n<div class=\"column\">\n<div class=\"message spoilers-container\" dir=\"auto\">\n<div class=\"column\">\n<p><img loading=\"lazy\" decoding=\"async\" class=\"aligncenter wp-image-61954 size-full\" src=\"https:\/\/www.radiopiu.net\/wordpress\/wp-content\/uploads\/2018\/09\/viabilita.jpeg\" sizes=\"auto, (max-width: 800px) 100vw, 800px\" srcset=\"https:\/\/www.radiopiu.net\/wordpress\/wp-content\/uploads\/2018\/09\/viabilita.jpeg 800w, https:\/\/www.radiopiu.net\/wordpress\/wp-content\/uploads\/2018\/09\/viabilita-300x38.jpeg 300w, https:\/\/www.radiopiu.net\/wordpress\/wp-content\/uploads\/2018\/09\/viabilita-768x96.jpeg 768w\" alt=\"\" width=\"800\" height=\"100\" \/><\/p>\n<\/div>\n<\/div>\n<div class=\"message spoilers-container\" dir=\"auto\">\n<div class=\"column\">\n<p>&nbsp;<\/p>\n<\/div>\n<\/div>\n<\/div>\n<\/div>\n<blockquote class=\"wp-embedded-content\" data-secret=\"pNefRR3k8O\"><p><a href=\"https:\/\/www.radiopiu.net\/wordpress\/viabilita\/\">viabilita<\/a><\/p><\/blockquote>\n<p><iframe loading=\"lazy\" class=\"wp-embedded-content\" sandbox=\"allow-scripts\" security=\"restricted\" style=\"position: absolute; clip: rect(1px, 1px, 1px, 1px);\" title=\"&#8220;viabilita&#8221; &#8212; Radio Pi\u00f9\" src=\"https:\/\/www.radiopiu.net\/wordpress\/viabilita\/embed\/#?secret=5k1ssi6gCP#?secret=pNefRR3k8O\" data-secret=\"pNefRR3k8O\" width=\"600\" height=\"338\" frameborder=\"0\" marginwidth=\"0\" marginheight=\"0\" scrolling=\"no\"><\/iframe><\/p>\n<div class=\"message spoilers-container\" dir=\"auto\">\n<div class=\"column\">\n<div class=\"message spoilers-container\" dir=\"auto\">\n<div class=\"column\">\n<div>\n<div dir=\"ltr\">\n<div class=\"gmail_quote\">\n<div dir=\"ltr\">\n<div><\/div>\n<div><\/div>\n<div><\/div>\n<\/div>\n<\/div>\n<\/div>\n<\/div>\n<hr \/>\n<p>&nbsp;<\/p>\n<p><a class=\"dt-pswp-item\" href=\"https:\/\/www.radiopiu.net\/wordpress\/wp-content\/uploads\/2018\/09\/WhatsApp-Image-2018-09-20-at-16.04.06.jpeg\" data-dt-img-description=\"\" data-large_image_width=\"800\" data-large_image_height=\"100\"><img loading=\"lazy\" decoding=\"async\" class=\"wp-image-61378 size-full aligncenter\" src=\"https:\/\/www.radiopiu.net\/wordpress\/wp-content\/uploads\/2018\/09\/WhatsApp-Image-2018-09-20-at-16.04.06.jpeg\" alt=\"\" width=\"800\" height=\"100\" srcset=\"https:\/\/www.radiopiu.net\/wordpress\/wp-content\/uploads\/2018\/09\/WhatsApp-Image-2018-09-20-at-16.04.06.jpeg 800w, https:\/\/www.radiopiu.net\/wordpress\/wp-content\/uploads\/2018\/09\/WhatsApp-Image-2018-09-20-at-16.04.06-300x38.jpeg 300w, https:\/\/www.radiopiu.net\/wordpress\/wp-content\/uploads\/2018\/09\/WhatsApp-Image-2018-09-20-at-16.04.06-768x96.jpeg 768w\" sizes=\"auto, (max-width: 800px) 100vw, 800px\" \/><\/a><\/p>\n<\/div>\n<\/div>\n<p>&nbsp;<\/p>\n<div class=\"message spoilers-container\" dir=\"auto\"><center><b>OGGI<\/b><\/center><b>Tempo atteso: <\/b>Tempo in prevalenza soleggiato e cielo perlopi\u00f9 sereno tutto il giorno sulle Prealpi, mentre ci sar\u00e0 una lieve riduzione del soleggiamento per modesta attivit\u00e0 cumuliforme sulle Dolomiti, localmente anche moderata o intensa su alcuni settori, per\u00f2 l&#8217;insidia di qualche fenomeno convettivo rimarr\u00e0 assai contenuta<br \/>\n<b>Precipitazioni: <\/b>Assenti al mattino (0%). Al pomeriggio\/sera qualche isolato temporale convettivo non sar\u00e0 da scartare del tutto (20-40%) sulle Dolomiti, meno probabili sulle Prealpi (10-30%).<br \/>\n<b>Temperature: <\/b>Senza notevoli variazioni e sempre anormalmente alte per il periodo<\/p>\n<hr \/>\n<p><center><b>DOMANI<\/b><\/center><b>Tempo atteso: <\/b>Inizialmente soleggiato con primi annuvolamenti entro le ore centrali del giorno. In seguito graduale riduzione del soleggiamento, dapprima per irregolare attivit\u00e0 cumuliforme, pi\u00f9 intensa da met\u00e0 pomeriggio in poi e soprattutto alla sera, quando il rischio di rovesci e temporali tender\u00e0 ad aumentare a partire dalle Dolomiti, successivamente in parte anche sulle Prealpi.<br \/>\n<b>Precipitazioni: <\/b>Al mattino probabilit\u00e0 piuttosto bassa (10-20%), in seguito crescente probabilit\u00e0 fino a medio-alta da met\u00e0 pomeriggio in poi (40-60%) per rovesci e temporali sparsi<br \/>\n<b>Temperature: <\/b>In generale flessione, con minime osservate alla sera; il calo sar\u00e0 pi\u00f9 avvertito in quota che non nelle valli, dove le massime saranno ancora elevate<\/p>\n<hr \/>\n<p><center><b>LUNEDI<\/b><\/center>Maltempo con qualche momento di spiccata instabilit\u00e0. I rovesci e i temporali saranno anche diffusi e a tratti intensi. A fine giornata attenuazione dell&#8217;instabilit\u00e0, prima che si esaurisca nella notte successiva. Temperature in ulteriore calo.<\/p>\n<hr \/>\n<p><center><b>MARTEDI<\/b><\/center>Instabilit\u00e0 residua nottetempo, poi il tempo tender\u00e0 a migliorare parzialmente, in maniera pi\u00f9 netta sulle Dolomiti al pomeriggio, mentre una ripresa dell&#8217;instabilit\u00e0 potrebbe verificarsi sulle Prealpi. Temperature minime in calo e massime in leggera ripresa, almeno nelle valli.<\/p>\n<p>&nbsp;<\/p>\n<\/div>\n<div class=\"message spoilers-container\" dir=\"auto\">\n<hr \/>\n<p>&nbsp;<\/p>\n<p><img loading=\"lazy\" decoding=\"async\" class=\"wp-image-60761 size-full aligncenter\" src=\"https:\/\/www.radiopiu.net\/wordpress\/wp-content\/uploads\/2018\/09\/sport.jpg\" alt=\"\" width=\"800\" height=\"100\" srcset=\"https:\/\/www.radiopiu.net\/wordpress\/wp-content\/uploads\/2018\/09\/sport.jpg 800w, https:\/\/www.radiopiu.net\/wordpress\/wp-content\/uploads\/2018\/09\/sport-300x38.jpg 300w, https:\/\/www.radiopiu.net\/wordpress\/wp-content\/uploads\/2018\/09\/sport-768x96.jpg 768w\" sizes=\"auto, (max-width: 800px) 100vw, 800px\" \/><\/p>\n<p>&nbsp;<\/p>\n<\/div>\n\n\t\t\t<style type='text\/css'>\n\t\t\t\t#gallery-3 {\n\t\t\t\t\tmargin: auto;\n\t\t\t\t}\n\t\t\t\t#gallery-3 .gallery-item {\n\t\t\t\t\tfloat: left;\n\t\t\t\t\tmargin-top: 10px;\n\t\t\t\t\ttext-align: center;\n\t\t\t\t\twidth: 33%;\n\t\t\t\t}\n\t\t\t\t#gallery-3 img {\n\t\t\t\t\tborder: 2px solid #cfcfcf;\n\t\t\t\t}\n\t\t\t\t#gallery-3 .gallery-caption {\n\t\t\t\t\tmargin-left: 0;\n\t\t\t\t}\n\t\t\t\t\/* see gallery_shortcode() in wp-includes\/media.php *\/\n\t\t\t<\/style>\n\t\t<div id='gallery-3' class='dt-gallery-container gallery galleryid-350216 gallery-columns-3 gallery-size-thumbnail'><dl class='gallery-item'>\n\t\t\t\t<dt class='gallery-icon portrait'>\n\t\t\t\t\t<a class=\"rollover rollover-zoom dt-pswp-item\" title=\"cb3e84c7-6b7b-4086-b96b-e2b820cc0e41\" data-dt-img-description=\"\" data-large_image_width=\"1132\" data-large_image_height=\"1600\"href='https:\/\/www.radiopiu.net\/wordpress\/wp-content\/uploads\/2023\/07\/cb3e84c7-6b7b-4086-b96b-e2b820cc0e41.jpg'><img loading=\"lazy\" decoding=\"async\" width=\"150\" height=\"150\" src=\"https:\/\/www.radiopiu.net\/wordpress\/wp-content\/uploads\/2023\/07\/cb3e84c7-6b7b-4086-b96b-e2b820cc0e41-150x150.jpg\" class=\"attachment-thumbnail size-thumbnail\" alt=\"\" aria-describedby=\"gallery-3-345600\" \/><\/a>\n\t\t\t\t<\/dt>\n\t\t\t\t\t<dd class='wp-caption-text gallery-caption' id='gallery-3-345600'>\n\t\t\t\t\tVOLTAGO\n\t\t\t\t\t<\/dd><\/dl><dl class='gallery-item'>\n\t\t\t\t<dt class='gallery-icon portrait'>\n\t\t\t\t\t<a class=\"rollover rollover-zoom dt-pswp-item\" title=\"8d8ef44f-5625-4f28-9787-81bf41c07ccb\" data-dt-img-description=\"\" data-large_image_width=\"726\" data-large_image_height=\"1024\"href='https:\/\/www.radiopiu.net\/wordpress\/wp-content\/uploads\/2023\/08\/8d8ef44f-5625-4f28-9787-81bf41c07ccb.jpg'><img loading=\"lazy\" decoding=\"async\" width=\"150\" height=\"150\" src=\"https:\/\/www.radiopiu.net\/wordpress\/wp-content\/uploads\/2023\/08\/8d8ef44f-5625-4f28-9787-81bf41c07ccb-150x150.jpg\" class=\"attachment-thumbnail size-thumbnail\" alt=\"\" aria-describedby=\"gallery-3-347009\" \/><\/a>\n\t\t\t\t<\/dt>\n\t\t\t\t\t<dd class='wp-caption-text gallery-caption' id='gallery-3-347009'>\n\t\t\t\t\tFALCADE\n\t\t\t\t\t<\/dd><\/dl><dl class='gallery-item'>\n\t\t\t\t<dt class='gallery-icon portrait'>\n\t\t\t\t\t<a class=\"rollover rollover-zoom dt-pswp-item\" title=\"Locandina Trofeo 16 Comuni dell&#039;Agordino\" data-dt-img-description=\"\" data-large_image_width=\"828\" data-large_image_height=\"1151\"href='https:\/\/www.radiopiu.net\/wordpress\/wp-content\/uploads\/2023\/08\/Locandina-Trofeo-16-Comuni-dellAgordino.jpg'><img loading=\"lazy\" decoding=\"async\" width=\"150\" height=\"150\" src=\"https:\/\/www.radiopiu.net\/wordpress\/wp-content\/uploads\/2023\/08\/Locandina-Trofeo-16-Comuni-dellAgordino-150x150.jpg\" class=\"attachment-thumbnail size-thumbnail\" alt=\"\" aria-describedby=\"gallery-3-349182\" \/><\/a>\n\t\t\t\t<\/dt>\n\t\t\t\t\t<dd class='wp-caption-text gallery-caption' id='gallery-3-349182'>\n\t\t\t\t\tTROFEO 16 COMUNI\n\t\t\t\t\t<\/dd><\/dl><br style=\"clear: both\" \/>\n\t\t\t<\/div>\n\n<p>&nbsp;<\/p>\n<p><span style=\"color: #0000ff;\"><strong>PALLAVOLO<\/strong><\/span><\/p>\n<blockquote>\n<h3>INIZIATA LA PREPARAZIONE ATLETICA DELLA PALLAVOLO BELLUNO FEMMINILE<\/h3>\n<\/blockquote>\n<p><strong><a class=\"dt-pswp-item\" href=\"https:\/\/www.radiopiu.net\/wordpress\/wp-content\/uploads\/2023\/08\/a8f49ab2-c524-4328-8878-64ff33b47079.jpg\" data-dt-img-description=\"\" data-large_image_width=\"1600\" data-large_image_height=\"1200\"><img loading=\"lazy\" decoding=\"async\" class=\" wp-image-350262 alignleft\" src=\"https:\/\/www.radiopiu.net\/wordpress\/wp-content\/uploads\/2023\/08\/a8f49ab2-c524-4328-8878-64ff33b47079-300x225.jpg\" alt=\"\" width=\"153\" height=\"115\" srcset=\"https:\/\/www.radiopiu.net\/wordpress\/wp-content\/uploads\/2023\/08\/a8f49ab2-c524-4328-8878-64ff33b47079-300x225.jpg 300w, https:\/\/www.radiopiu.net\/wordpress\/wp-content\/uploads\/2023\/08\/a8f49ab2-c524-4328-8878-64ff33b47079-1024x768.jpg 1024w, https:\/\/www.radiopiu.net\/wordpress\/wp-content\/uploads\/2023\/08\/a8f49ab2-c524-4328-8878-64ff33b47079-768x576.jpg 768w, https:\/\/www.radiopiu.net\/wordpress\/wp-content\/uploads\/2023\/08\/a8f49ab2-c524-4328-8878-64ff33b47079-1536x1152.jpg 1536w, https:\/\/www.radiopiu.net\/wordpress\/wp-content\/uploads\/2023\/08\/a8f49ab2-c524-4328-8878-64ff33b47079.jpg 1600w\" sizes=\"auto, (max-width: 153px) 100vw, 153px\" \/><\/a>BELLUNO<\/strong> Nuova avventura nel panorama della pallavolo bellunese: \u00e8 partita ufficialmente con l&#8217;avvio della preparazione in vista del prossimo campionato di Serie C l&#8217;esperienza dell&#8217;Homeclick SB, squadra di volley femminile che unisce le forze di Sedico e Belluno.<\/p>\n<p><strong>di Daniele Dalvit<\/strong><\/p>\n<audio class=\"wp-audio-shortcode\" id=\"audio-350216-12\" preload=\"none\" style=\"width: 100%;\" controls=\"controls\"><source type=\"audio\/mpeg\" src=\"https:\/\/www.radiopiu.net\/wordpress\/wp-content\/uploads\/2023\/08\/Radio-Piu-Servizio-Raduno-Homeclick-SB.mp3?_=12\" \/><a href=\"https:\/\/www.radiopiu.net\/wordpress\/wp-content\/uploads\/2023\/08\/Radio-Piu-Servizio-Raduno-Homeclick-SB.mp3\">https:\/\/www.radiopiu.net\/wordpress\/wp-content\/uploads\/2023\/08\/Radio-Piu-Servizio-Raduno-Homeclick-SB.mp3<\/a><\/audio>\n<p>&nbsp;<\/p>\n<p>&nbsp;<\/p>\n<p>&nbsp;<\/p>\n<\/div>\n<\/div>\n","protected":false},"excerpt":{"rendered":"<p>40esimo di RADIOPIU\u2026. LA VOCE DELL\u2019EMOZIONE ISCRIVITI AL NOSTRO CANALE\u00a0\u00a0YOUTUBE PER SEGUIRE IN DIRETTA I PRINCIPALI PROGRAMMI DI RADIO PIU\u2019 E LE FUTURE DIRETTE IN ESTERNA. PER ISCRIVERTI\u00a0CLICCA QUI\u00a0E PREMI\u00a0 \u201cIscriviti\u201d &nbsp; &nbsp; &nbsp; TORNA POTABILE L&#8217;ACQUA A FALCADE E CANALE D&#8217;AGORDO Gestione Servizi Pubblici informa che a FALCADE nelle localit\u00e0 FALCADE ALTO, VILLOTTA, LA&hellip;<\/p>\n","protected":false},"author":4,"featured_media":350303,"comment_status":"closed","ping_status":"closed","sticky":false,"template":"","format":"standard","meta":{"_monsterinsights_skip_tracking":false,"_monsterinsights_sitenote_active":false,"_monsterinsights_sitenote_note":"","_monsterinsights_sitenote_category":0,"footnotes":""},"categories":[51,86,49],"tags":[],"class_list":["post-350216","post","type-post","status-publish","format-standard","has-post-thumbnail","hentry","category-evidenza-top","category-gr","category-news-18","category-51","category-86","category-49","description-off"],"img_url":"https:\/\/www.radiopiu.net\/wordpress\/wp-content\/uploads\/2023\/08\/SCR-20230826-fthx.jpeg","_links":{"self":[{"href":"https:\/\/www.radiopiu.net\/wordpress\/wp-json\/wp\/v2\/posts\/350216","targetHints":{"allow":["GET"]}}],"collection":[{"href":"https:\/\/www.radiopiu.net\/wordpress\/wp-json\/wp\/v2\/posts"}],"about":[{"href":"https:\/\/www.radiopiu.net\/wordpress\/wp-json\/wp\/v2\/types\/post"}],"author":[{"embeddable":true,"href":"https:\/\/www.radiopiu.net\/wordpress\/wp-json\/wp\/v2\/users\/4"}],"replies":[{"embeddable":true,"href":"https:\/\/www.radiopiu.net\/wordpress\/wp-json\/wp\/v2\/comments?post=350216"}],"version-history":[{"count":0,"href":"https:\/\/www.radiopiu.net\/wordpress\/wp-json\/wp\/v2\/posts\/350216\/revisions"}],"wp:featuredmedia":[{"embeddable":true,"href":"https:\/\/www.radiopiu.net\/wordpress\/wp-json\/wp\/v2\/media\/350303"}],"wp:attachment":[{"href":"https:\/\/www.radiopiu.net\/wordpress\/wp-json\/wp\/v2\/media?parent=350216"}],"wp:term":[{"taxonomy":"category","embeddable":true,"href":"https:\/\/www.radiopiu.net\/wordpress\/wp-json\/wp\/v2\/categories?post=350216"},{"taxonomy":"post_tag","embeddable":true,"href":"https:\/\/www.radiopiu.net\/wordpress\/wp-json\/wp\/v2\/tags?post=350216"}],"curies":[{"name":"wp","href":"https:\/\/api.w.org\/{rel}","templated":true}]}}