{"id":350305,"date":"2023-08-26T07:55:57","date_gmt":"2023-08-26T05:55:57","guid":{"rendered":"https:\/\/www.radiopiu.net\/wordpress\/?p=350305"},"modified":"2023-08-26T07:57:09","modified_gmt":"2023-08-26T05:57:09","slug":"dal-1983-tutti-i-giorni-alla-radio-la-rassegna-stampa-locale-26-agosto-2023","status":"publish","type":"post","link":"https:\/\/www.radiopiu.net\/wordpress\/dal-1983-tutti-i-giorni-alla-radio-la-rassegna-stampa-locale-26-agosto-2023\/","title":{"rendered":"DAL 1983 TUTTI I GIORNI ALLA RADIO&#8230;LA RASSEGNA STAMPA LOCALE &#8211; 26 AGOSTO 2023"},"content":{"rendered":"<p><iframe loading=\"lazy\" title=\"RASSEGNA STAMPA LOCALE - 26 AGOSTO 2023\" width=\"1200\" height=\"675\" src=\"https:\/\/www.youtube.com\/embed\/w440sIWHm_Y?feature=oembed\" frameborder=\"0\" allow=\"accelerometer; autoplay; clipboard-write; encrypted-media; gyroscope; picture-in-picture; web-share\" allowfullscreen><\/iframe><\/p>\n<p>&nbsp;<\/p>\n<hr \/>\n<p>&nbsp;<\/p>\n<p>Torna Potabile l&#8217;acqua a Falcade e Canale d&#8217;Agordo<\/p>\n<p><strong>SP 563 SALESEI <\/strong><span style=\"color: #ff0000;\">\u00a0Dal 28 agosto al 1 settembre<\/span> in localit\u00e0 Digonera di Rocca Pietore interdizione al traffico dalle 8 alle 18<\/p>\n<p>Tanti interventi del Soccorso Alpino tra Gioved\u00ec sera e ieri. Giovedi attorno <span dir=\"ltr\">alle 19.15<\/span> il Soccorso alpino della Val Fiorentina \u00e8 stato allertato per un escursionista uscito fuori tracciato nella zona di Mondeval. Attivato il Soccorso alpino di Longarone per una turista statunitense di 32 anni, che si era sentita poco bene mentre si trovava al Rifugio Pian de Fontana. Ieri attorno a mezzogiorno l&#8217;elicottero del Suem di Pieve di Cadore \u00e8 volato sul tratto finale della Ferrata di Punta Anna, dove un 33enne di Roma, che stava salendo con tre amici, era scivolato riportando botte ed escoriazioni. Alle 13.20 circa la Centrale del 118 \u00e8 stata contattata da un escursionista uscito fuori via, mentre stava percorrendo la normale che sale al Piz Popena. Alle 14.30 circa una squadra del Soccorso alpino di Agordo \u00e8 partita in fuoristrada in direzione del Rifugio Vazzoler, dove si trovava una 44enne di Malnate (VA), che si era sentita poco bene mentre saliva con la famiglia da Capanna Trieste<\/p>\n<p><strong>BELLUNO <\/strong>Il Consorzio Bim Piave di Belluno ha contribuito finanziariamente all&#8217;iniziativa &#8220;Investi Scuola&#8221;, finalizzata a parificare i costi degli abbonamenti di trasporto pubblico per gli studenti della provincia di Belluno. Quest&#8217;anno, oltre ai 250.000 euro stanziati inizialmente (30.000 euro in pi\u00f9 rispetto agli anni precedenti), il consiglio direttivo ha deliberato un ulteriore finanziamento di 150.000 euro, portando il totale a 400.000 euro.<\/p>\n<p><strong>AGORDO<\/strong> Nelle ultime ore la dirigenza dello stabilimento EssilorLuxottica di Agordo e le RSU si sono incontrate per stabilire il calendario di flessibilit\u00e0 positiva nel mese di settembre. Saranno quattro i sabati lavorativi per le maestranze della filiera del metallo ma in realt\u00e0 ogni lavoratore ne lavorer\u00e0 due, solo nella settimana in cui sar\u00e0 di turno al mattino.<\/p>\n<p><strong>VENEZIA <\/strong>\u201cDall\u2019inizio dell\u2019anno sono stati assunti in Veneto 90 mila lavoratori nel settore turistico. Il settore complessivamente va davvero bene. Non ci accontentiamo di essere i primi in Italia: abbiamo lanciato nuove linee di offerta turistica, ma i nostri operatori hanno bisogno di ulteriore forza lavoro, che non sempre \u00e8 possibile trovare nell\u2019attuale mercato&#8221; queste le parole di Zaia<\/p>\n<p><strong>BELLUNO<\/strong> Conferenza stampa ieri mattina a Palazzo Rosso per presentare i progetti degli impianti sportivi De Mas 2 e Polisportivo che verranno realizzati con i fondi PNRR per un totale di 6,5 milioni di euro.<\/p>\n<p><strong>FALCADE<\/strong> Domani sulla piana di Falcade verr\u00e0 inaugurato il Monumento All&#8217;Ospite<\/p>\n<p><strong>PONTE NELLE ALPI <\/strong>Si \u00e8 concluso con successo il corso gratuito di informatica per adulti e anziani: l\u2019iniziativa \u00e8 stata promossa da Scuole in Rete col sostegno del Comune di Ponte nelle Alpi e la collaborazione dell\u2019Istituto comprensivo. <span class=\"gmail-Apple-converted-space\">\u00a0<\/span><\/p>\n<p><strong>BELLUNO<\/strong> Sette famiglie di Belluno hanno ricevuto contributi finanziari da parte dell&#8217;associazione La Mongolfiera di Giorgia Onlus, in memoria di Giorgia Praloran. L&#8217;associazione aveva stanziato 10.000 euro per finanziare progetti presentati da giovani con disabilit\u00e0 tra i 13 e i 24 anni.<\/p>\n<p><strong>ALLEGHE<\/strong>\u00a0 A Sala di Alleghe ieri la torta di compleanno \u00e8 di quelle gustose, 102 anni d&#8217;amore. Cara Giustina, tanti auguri di cuore da una vallata intera. Tanti auguri a\u00a0 Giustina Salamon anche dal sindaco di Alleghe Danilo De Toni e l&#8217;amministrazione comunale<\/p>\n<p><strong>AGORDO <\/strong>Il prossimo 31 agosto 2023 il dr. Manlio Sito cesser\u00e0 l\u2019attivit\u00e0 di medico di assistenza primaria operante nell\u2019ambito dei Comuni di Agordo, Gosaldo, La Valle Agordina, Rivamonte\u00a0 Agordino, Taibon Agordino e Voltago Agordino.<\/p>\n<p><strong>BELLUNO<\/strong> Ultimi giorni per la presentazione delle candidature per l&#8217;assegnazione del Premio San Martino, per l\u2019anno 2023.<\/p>\n<p><strong>BELLUNO<\/strong> Nuova avventura nel panorama della pallavolo bellunese: \u00e8 partita ufficialmente con l&#8217;avvio della preparazione in vista del prossimo campionato di Serie C l&#8217;esperienza dell&#8217;Homeclick SB, squadra di volley femminile che unisce le forze di Sedico e Belluno.<\/p>\n<p>&nbsp;<\/p>\n<p>&nbsp;<\/p>\n<p>*********<\/p>\n","protected":false},"excerpt":{"rendered":"<p>&nbsp; &nbsp; Torna Potabile l&#8217;acqua a Falcade e Canale d&#8217;Agordo SP 563 SALESEI \u00a0Dal 28 agosto al 1 settembre in localit\u00e0 Digonera di Rocca Pietore interdizione al traffico dalle 8 alle 18 Tanti interventi del Soccorso Alpino tra Gioved\u00ec sera e ieri. Giovedi attorno alle 19.15 il Soccorso alpino della Val Fiorentina \u00e8 stato allertato&hellip;<\/p>\n","protected":false},"author":4,"featured_media":350306,"comment_status":"closed","ping_status":"closed","sticky":false,"template":"","format":"standard","meta":{"_monsterinsights_skip_tracking":false,"_monsterinsights_sitenote_active":false,"_monsterinsights_sitenote_note":"","_monsterinsights_sitenote_category":0,"footnotes":""},"categories":[104,49],"tags":[],"class_list":["post-350305","post","type-post","status-publish","format-standard","has-post-thumbnail","hentry","category-evidenza_3","category-news-18","category-104","category-49","description-off"],"img_url":"https:\/\/www.radiopiu.net\/wordpress\/wp-content\/uploads\/2023\/08\/SCR-20230826-fqxg.png","_links":{"self":[{"href":"https:\/\/www.radiopiu.net\/wordpress\/wp-json\/wp\/v2\/posts\/350305","targetHints":{"allow":["GET"]}}],"collection":[{"href":"https:\/\/www.radiopiu.net\/wordpress\/wp-json\/wp\/v2\/posts"}],"about":[{"href":"https:\/\/www.radiopiu.net\/wordpress\/wp-json\/wp\/v2\/types\/post"}],"author":[{"embeddable":true,"href":"https:\/\/www.radiopiu.net\/wordpress\/wp-json\/wp\/v2\/users\/4"}],"replies":[{"embeddable":true,"href":"https:\/\/www.radiopiu.net\/wordpress\/wp-json\/wp\/v2\/comments?post=350305"}],"version-history":[{"count":0,"href":"https:\/\/www.radiopiu.net\/wordpress\/wp-json\/wp\/v2\/posts\/350305\/revisions"}],"wp:featuredmedia":[{"embeddable":true,"href":"https:\/\/www.radiopiu.net\/wordpress\/wp-json\/wp\/v2\/media\/350306"}],"wp:attachment":[{"href":"https:\/\/www.radiopiu.net\/wordpress\/wp-json\/wp\/v2\/media?parent=350305"}],"wp:term":[{"taxonomy":"category","embeddable":true,"href":"https:\/\/www.radiopiu.net\/wordpress\/wp-json\/wp\/v2\/categories?post=350305"},{"taxonomy":"post_tag","embeddable":true,"href":"https:\/\/www.radiopiu.net\/wordpress\/wp-json\/wp\/v2\/tags?post=350305"}],"curies":[{"name":"wp","href":"https:\/\/api.w.org\/{rel}","templated":true}]}}