{"id":350310,"date":"2023-08-28T05:58:22","date_gmt":"2023-08-28T03:58:22","guid":{"rendered":"https:\/\/www.radiopiu.net\/wordpress\/?p=350310"},"modified":"2023-08-28T05:58:22","modified_gmt":"2023-08-28T03:58:22","slug":"giornale-radiopiu-28-agosto-2023-direttore-mirko-mezzacasada-40-anni-25-giugno-1983-25-giugno-2023","status":"publish","type":"post","link":"https:\/\/www.radiopiu.net\/wordpress\/giornale-radiopiu-28-agosto-2023-direttore-mirko-mezzacasada-40-anni-25-giugno-1983-25-giugno-2023\/","title":{"rendered":"GIORNALE RADIOPIU 28 AGOSTO 2023 DIRETTORE MIRKO MEZZACASA\u2026DA 40 ANNI 25 GIUGNO 1983-25 GIUGNO 2023"},"content":{"rendered":"<h2 style=\"text-align: left;\"><span style=\"color: #ff0000;\"><span style=\"vertical-align: inherit;\"><a class=\"dt-pswp-item\" href=\"https:\/\/www.radiopiu.net\/wordpress\/wp-content\/uploads\/2023\/04\/e0aad41d-951e-47b9-9fae-1a879a9bcb7e-1.jpg\" data-dt-img-description=\"\" data-large_image_width=\"1200\" data-large_image_height=\"1200\"><img loading=\"lazy\" decoding=\"async\" class=\"wp-image-333205 alignleft\" src=\"https:\/\/www.radiopiu.net\/wordpress\/wp-content\/uploads\/2023\/04\/e0aad41d-951e-47b9-9fae-1a879a9bcb7e-1-300x300.jpg\" alt=\"\" width=\"110\" height=\"110\" srcset=\"https:\/\/www.radiopiu.net\/wordpress\/wp-content\/uploads\/2023\/04\/e0aad41d-951e-47b9-9fae-1a879a9bcb7e-1-300x300.jpg 300w, https:\/\/www.radiopiu.net\/wordpress\/wp-content\/uploads\/2023\/04\/e0aad41d-951e-47b9-9fae-1a879a9bcb7e-1-1024x1024.jpg 1024w, https:\/\/www.radiopiu.net\/wordpress\/wp-content\/uploads\/2023\/04\/e0aad41d-951e-47b9-9fae-1a879a9bcb7e-1-150x150.jpg 150w, https:\/\/www.radiopiu.net\/wordpress\/wp-content\/uploads\/2023\/04\/e0aad41d-951e-47b9-9fae-1a879a9bcb7e-1-768x768.jpg 768w, https:\/\/www.radiopiu.net\/wordpress\/wp-content\/uploads\/2023\/04\/e0aad41d-951e-47b9-9fae-1a879a9bcb7e-1.jpg 1200w\" sizes=\"auto, (max-width: 110px) 100vw, 110px\" \/><\/a><\/span><\/span><\/h2>\n<h1 class=\"entry-title\">40esimo di RADIOPIU\u2026. LA VOCE DELL\u2019EMOZIONE<\/h1>\n<h2><span style=\"color: #ff0000;\">ISCRIVITI AL NOSTRO CANALE\u00a0\u00a0YOUTUBE PER SEGUIRE IN DIRETTA I PRINCIPALI PROGRAMMI DI RADIO PIU\u2019 E LE FUTURE DIRETTE IN ESTERNA. PER ISCRIVERTI\u00a0<a style=\"color: #ff0000;\" href=\"https:\/\/youtube.com\/@radiopiu1527\">CLICCA QUI\u00a0<\/a>E PREMI\u00a0 \u201cIscriviti\u201d<\/span><\/h2>\n<p>&nbsp;<\/p>\n<p><a class=\"dt-pswp-item\" href=\"https:\/\/www.radiopiu.net\/wordpress\/wp-content\/uploads\/2023\/08\/sersa-ok-1.jpg\" data-dt-img-description=\"\" data-large_image_width=\"300\" data-large_image_height=\"300\"><img loading=\"lazy\" decoding=\"async\" class=\"size-full wp-image-349822 aligncenter\" src=\"https:\/\/www.radiopiu.net\/wordpress\/wp-content\/uploads\/2023\/08\/sersa-ok-1.jpg\" alt=\"\" width=\"300\" height=\"300\" srcset=\"https:\/\/www.radiopiu.net\/wordpress\/wp-content\/uploads\/2023\/08\/sersa-ok-1.jpg 300w, https:\/\/www.radiopiu.net\/wordpress\/wp-content\/uploads\/2023\/08\/sersa-ok-1-150x150.jpg 150w\" sizes=\"auto, (max-width: 300px) 100vw, 300px\" \/><\/a><\/p>\n<p>&nbsp;<\/p>\n<p>&nbsp;<\/p>\n<hr \/>\n<p>&nbsp;<\/p>\n<blockquote>\n<h3>MALTEMPO IN VENETO. FINO A OGGI TEMPORALI E FENOMENI INTENSI SU GRAN PARTE DEL TERRITORIO REGIONALE<\/h3>\n<\/blockquote>\n<p><strong>VENEZIA <\/strong>Il Centro Funzionale Decentrato della Protezione Civile della Regione del Veneto ha emesso un nuovo avviso che segnala fino alle 12 di oggi la crescente probabilit\u00e0 di rovesci e temporali sparsi a partire dalle zone montane\/pedemontane in successiva estensione a parte della pianura. Oggi i fenomeni potranno risultare anche di forte intensit\u00e0, associati a forti rovesci, locali grandinate e forti raffiche di vento. Le precipitazioni potranno risultare anche consistenti. Successivamente, dal pomeriggio, sono previste precipitazioni pi\u00f9 diffuse specie sulle zone centro-settentrionali. Sulla base delle previsioni meteo \u00e8 stata dichiarata una moderata criticit\u00e0 per rischio temporali su gran parte del territorio regionale (allerta Arancione), ad eccezione del bacino Alto Piave, per il quale \u00e8 stata definita una criticit\u00e0 ordinaria con allerta Gialla (per questa zona di allertamento \u00e8 attiva la fase di \u201cAttenzione\u201d). L\u2019evento sar\u00e0 seguito con particolare attenzione con l\u2019attivazione di un servizio h24 in corrispondenza della fase pi\u00f9 intensa della perturbazione.<\/p>\n<p>&nbsp;<\/p>\n<p><a class=\"dt-pswp-item\" href=\"https:\/\/www.radiopiu.net\/wordpress\/wp-content\/uploads\/2023\/08\/SCR-20230827-mrqd.png\" data-dt-img-description=\"\" data-large_image_width=\"1712\" data-large_image_height=\"480\"><img loading=\"lazy\" decoding=\"async\" class=\"alignnone wp-image-350418 size-large\" src=\"https:\/\/www.radiopiu.net\/wordpress\/wp-content\/uploads\/2023\/08\/SCR-20230827-mrqd-1024x287.png\" alt=\"\" width=\"1024\" height=\"287\" srcset=\"https:\/\/www.radiopiu.net\/wordpress\/wp-content\/uploads\/2023\/08\/SCR-20230827-mrqd-1024x287.png 1024w, https:\/\/www.radiopiu.net\/wordpress\/wp-content\/uploads\/2023\/08\/SCR-20230827-mrqd-300x84.png 300w, https:\/\/www.radiopiu.net\/wordpress\/wp-content\/uploads\/2023\/08\/SCR-20230827-mrqd-768x215.png 768w, https:\/\/www.radiopiu.net\/wordpress\/wp-content\/uploads\/2023\/08\/SCR-20230827-mrqd-1536x431.png 1536w, https:\/\/www.radiopiu.net\/wordpress\/wp-content\/uploads\/2023\/08\/SCR-20230827-mrqd.png 1712w\" sizes=\"auto, (max-width: 1024px) 100vw, 1024px\" \/><\/a><\/p>\n<p>&nbsp;<\/p>\n<hr \/>\n<p>&nbsp;<\/p>\n<blockquote>\n<h3>INTERDIZIONE TOTALE AL TRAFFICO A DIGONERA &#8220;ULTIMO GIORNO&#8221;<\/h3>\n<\/blockquote>\n<p><strong>SP 563 SALESEI <\/strong><span style=\"color: #ff0000;\">\u00a0Da oggi al 1 settembre<\/span> in localit\u00e0 Digonera di Rocca Pietore interdizione al traffico dalle 8 alle 18. Negli altri orari senso unico alternato regolato da semaforo. <span style=\"color: #ff0000;\">Dal 1 al 4 settembre<\/span> senso unico alternato regolato da semaforo.<\/p>\n<p>&nbsp;<\/p>\n<p>&nbsp;<\/p>\n<hr \/>\n<p>&nbsp;<\/p>\n<blockquote>\n<h3>PRECIPITA DALLA FERRATA BEPI MARTINI PER 200 METRI. MUORE UN&#8217;ESCURSIONISTA TEDESCA<\/h3>\n<\/blockquote>\n<p><strong><a class=\"dt-pswp-item\" href=\"https:\/\/www.radiopiu.net\/wordpress\/wp-content\/uploads\/2022\/08\/salt_20220825_171725_606.jpg\" data-dt-img-description=\"\" data-large_image_width=\"2364\" data-large_image_height=\"1773\"><img loading=\"lazy\" decoding=\"async\" class=\" wp-image-294603 alignleft\" src=\"https:\/\/www.radiopiu.net\/wordpress\/wp-content\/uploads\/2022\/08\/salt_20220825_171725_606-300x225.jpg\" alt=\"\" width=\"167\" height=\"125\" srcset=\"https:\/\/www.radiopiu.net\/wordpress\/wp-content\/uploads\/2022\/08\/salt_20220825_171725_606-300x225.jpg 300w, https:\/\/www.radiopiu.net\/wordpress\/wp-content\/uploads\/2022\/08\/salt_20220825_171725_606-1024x768.jpg 1024w, https:\/\/www.radiopiu.net\/wordpress\/wp-content\/uploads\/2022\/08\/salt_20220825_171725_606-768x576.jpg 768w, https:\/\/www.radiopiu.net\/wordpress\/wp-content\/uploads\/2022\/08\/salt_20220825_171725_606-1536x1152.jpg 1536w, https:\/\/www.radiopiu.net\/wordpress\/wp-content\/uploads\/2022\/08\/salt_20220825_171725_606-2048x1536.jpg 2048w\" sizes=\"auto, (max-width: 167px) 100vw, 167px\" \/><\/a>COMELICO SUPERIORE<\/strong> Un&#8217;escursionista tedesca ha perso la vita queata mattina, precipitando per circa 200 metri dalla Ferrata Bepi Martini al Campanile Colesei, che stava percorrendo assieme al marito. Scattato l&#8217;allarme verso le 10.30 di sabato, sul posto \u00e8 volato l&#8217;elicottero del Suem di Pieve di Cadore, che ha individuato il luogo dove si trovava il corpo sotto la parete, nel canalone su cui passa a zig zag il sentiero che sale dal Rifugio Lunelli verso l&#8217;attacco della Ferrata. Sbarcati con un verricello di 20 metri tecnico di elisoccorso e medico, non si \u00e8 potuto far altro che constatare il decesso della 55enne tedesca. La salma \u00e8 stata imbarellata e, non appena giunto il nulla osta per la rimozione, recuperata, per essere trasportata in piazzola a Padola e affidata al Soccorso alpino della Guardia di finanza. Il marito, che aveva assistito all&#8217;incidente \u00e8 poi sceso fino a dove si trovava il corpo senza vita della moglie. Dalle sue parole la donna, che era perfettamente attrezzata, nel momento della caduta era slegata dal cavo e si era staccato l&#8217;appiglio a cui si teneva. L&#8217;uomo \u00e8 stato accompagnato a valle dai tecnici del Soccorso alpino della Val Comelico, uno dei quali era gi\u00e0 casualmente sul posto.<\/p>\n<p>&nbsp;<\/p>\n<p>&nbsp;<\/p>\n<hr \/>\n<p>&nbsp;<\/p>\n<blockquote>\n<h2>IL FINE SETTIMANA DEL SOCCORSO ALPINO<\/h2>\n<\/blockquote>\n<h2><span style=\"color: #ff0000;\">SABATO<\/span><\/h2>\n<p><strong>TAMBRE<\/strong> Attorno alle 14 di sabato Falco 2 \u00e8 volato lungo l&#8217;Alta via dei Rondoni, a Tambre, dove all&#8217;altezza di Forcella Colombera un&#8217;escursionista di 32 anni di Ferrara era scivolata dal sentiero, ruzzolando una decina di metri. La donna, che si trovava con il marito poi sceso assieme a un&#8217;altra persona sul posto, \u00e8 stata raggiunta dal personale sanitario e dal tecnico di elisoccorso. Prestatele le prime cure per un sospetto trauma cranico e per una ferita alla testa, l&#8217;infortunata \u00e8 stata imbarellata, issata a bordo con un verricello di 10 metri e condotta all&#8217;ospedale di Belluno.<\/p>\n<p><strong>SANTO STEFANO DI CADORE <\/strong>Verso le 15 Falco 2 \u00e8 stato inviato in Val Frison, a Santo Stefano di Cadore, dove, primo di cordata, un alpinista era volato una decina di metri all&#8217;ottavo tiro della Via del Tipico sul Merendera. Il 31enne di Staranzano (GO), con\u00a0 sospetto trauma cranico, al volto e a un polso, \u00e8 stato recuperato con un verricello di 30 metri e trasportato all&#8217;ospedale di Treviso. Imbarcato e portato a valle anche il compagno.<\/p>\n<p><strong><a class=\"dt-pswp-item\" href=\"https:\/\/www.radiopiu.net\/wordpress\/wp-content\/uploads\/2023\/08\/Watermark_20230826_200426_736.jpg\" data-dt-img-description=\"\" data-large_image_width=\"1773\" data-large_image_height=\"2364\"><img loading=\"lazy\" decoding=\"async\" class=\"size-medium wp-image-350388 alignleft\" src=\"https:\/\/www.radiopiu.net\/wordpress\/wp-content\/uploads\/2023\/08\/Watermark_20230826_200426_736-225x300.jpg\" alt=\"\" width=\"225\" height=\"300\" srcset=\"https:\/\/www.radiopiu.net\/wordpress\/wp-content\/uploads\/2023\/08\/Watermark_20230826_200426_736-225x300.jpg 225w, https:\/\/www.radiopiu.net\/wordpress\/wp-content\/uploads\/2023\/08\/Watermark_20230826_200426_736-768x1024.jpg 768w, https:\/\/www.radiopiu.net\/wordpress\/wp-content\/uploads\/2023\/08\/Watermark_20230826_200426_736-1152x1536.jpg 1152w, https:\/\/www.radiopiu.net\/wordpress\/wp-content\/uploads\/2023\/08\/Watermark_20230826_200426_736-1536x2048.jpg 1536w, https:\/\/www.radiopiu.net\/wordpress\/wp-content\/uploads\/2023\/08\/Watermark_20230826_200426_736.jpg 1773w\" sizes=\"auto, (max-width: 225px) 100vw, 225px\" \/><\/a>CORTINA <\/strong>Nel pomeriggio di sabato l&#8217;elicottero del Suem di Pieve di Cadore \u00e8 intervenuto per due differenti scivolate sulle montagne di Cortina. Sopra il Rifugio Scoiattoli per una 60enne di Teolo (PD), che aveva riportato la sospetta frattura di tibia e perone. Atterrati in piazzola, equipe medica e tecnico di elisoccorso hanno raggiunto a piedi la donna, l&#8217;hanno stabilizzata e trasferita sull&#8217;eliambulanza.<\/p>\n<p><strong>CORTINA <\/strong>Di seguito i soccorritori sono sbarcati in hovering sotto Forcella Lagazuoi, dove un 78enne di Loreggia (PD), si era fatto male a una gamba ed \u00e8 stato recuperato con il verricello. Entrambi gli inforunati sono stati trasportati all&#8217;ospedale di Belluno.<\/p>\n<p><strong>ROCCA PIETORE <\/strong>Successivamente \u00e8 scattato l&#8217;allarme per una cordata di alpinisti in difficolt\u00e0 sulla parete sud della Marmolata. I due scalatori, 32 anni lui, 22 anni lei, di Valdagno (VI), 200 metri sotto la cima erano stati colti dal temporale, sulla variante Messner della Via Vinatzer. Fissato il campo base al Rifugio Falier, l&#8217;elicottero \u00e8 salito in quota sotto la pioggia e, dopo averli individuati in parete, \u00e8 riuscito a calare alla loro altezza il tecnico di elisoccorso con un verricello di 90 metri. Entrambi gli alpinisti sono stati recuperati e lasciati al Rifugio Falier.<\/p>\n<p>&nbsp;<\/p>\n<h2><span style=\"color: #ff0000;\">DOMENICA<\/span><\/h2>\n<p><strong>CESIOMAGGIORE<\/strong> Ieri mattina attorno alle 9 Falco 2 \u00e8 stato inviato in Val Canzoi, a Casera Cansech, dove un 54enne di Fiesole (FI) aveva riportato un probabile trauma alla gamba. Attivata in supporto alle operazioni anche una squadra del Soccorso alpino di Feltre. Equipe medica e tecnico di elisoccorso, atterrati nelle vicinanze, hanno prestato le prime cure all&#8217;uomo, per poi imbarellarlo e imbarcarlo. Mentre l&#8217;eliambulanza volava all&#8217;ospedale di Feltre, i soccorritori vi riportavano l&#8217;auto dell&#8217;uomo. Il Soccorso alpino di Feltre, ottenute le coordinate del punto in cui si trovavano, \u00e8 poi partito per rintracciare due escursionisti che, assieme al loro cane, avevano perso il sentiero in Val Lunga, una laterale della Val Canzoi, a nord di Forcella San Mauro. Quando la coppia &#8211;\u00a0 28 anni di Castello di Godego (TV) lei e 30 anni di Campo San Martino (PD) lui &#8211;\u00a0 ha risposto ai richiami, i soccorritori la hanno individuata. Raggiunti, i due escursionisti sono stati riaccompagnati alla loro macchina. L&#8217;intervento si \u00e8 concluso verso le 16.15.<\/p>\n<p><strong><a class=\"dt-pswp-item\" href=\"https:\/\/www.radiopiu.net\/wordpress\/wp-content\/uploads\/2023\/08\/Watermark_20230827_185517_311-scaled.jpg\" data-dt-img-description=\"\" data-large_image_width=\"2560\" data-large_image_height=\"1440\"><img loading=\"lazy\" decoding=\"async\" class=\" wp-image-350463 alignleft\" src=\"https:\/\/www.radiopiu.net\/wordpress\/wp-content\/uploads\/2023\/08\/Watermark_20230827_185517_311-300x169.jpg\" alt=\"\" width=\"176\" height=\"99\" srcset=\"https:\/\/www.radiopiu.net\/wordpress\/wp-content\/uploads\/2023\/08\/Watermark_20230827_185517_311-300x169.jpg 300w, https:\/\/www.radiopiu.net\/wordpress\/wp-content\/uploads\/2023\/08\/Watermark_20230827_185517_311-1024x576.jpg 1024w, https:\/\/www.radiopiu.net\/wordpress\/wp-content\/uploads\/2023\/08\/Watermark_20230827_185517_311-768x432.jpg 768w, https:\/\/www.radiopiu.net\/wordpress\/wp-content\/uploads\/2023\/08\/Watermark_20230827_185517_311-1536x864.jpg 1536w, https:\/\/www.radiopiu.net\/wordpress\/wp-content\/uploads\/2023\/08\/Watermark_20230827_185517_311-2048x1152.jpg 2048w\" sizes=\"auto, (max-width: 176px) 100vw, 176px\" \/><\/a>ROCCA PIETORE<\/strong> L&#8217;elicottero del Suem di Pieve di Cadore \u00e8 intervenuto lungo il sentiero 610 che porta a Malga Ombretta, per un escursionista che aveva riportato una sospetta frattura all&#8217;altezza della caviglia a causa di una scivolata, sul posto gi\u00e0 presente il Soccorso alpino della Val Pettorina. Sbarcati con un verricello di 30 metri, equipe medica e tecnico di elisoccorso hanno prestato le prime cure al 77enne di Siena, che si trovava con amici, per poi imbarellarlo, recuperarlo e trasportarlo all&#8217;ospedale di Belluno.<\/p>\n<p>&nbsp;<\/p>\n<hr \/>\n<p>&nbsp;<\/p>\n<blockquote>\n<h3>BOTTO DAVANTI AL RISTORANTE LA STANGA<\/h3>\n<\/blockquote>\n<p><strong>REDAZIONE<\/strong> Traffico intenso sulla SR 203 Agordina nella domenica in cui la maggior parte delle persone in vacanza fanno rientro a casa. Nel pomeriggio un incidente frontale ha paralizzato il traffico sia in discesa verso Belluno che in salita verso Agordo. Alle 15:30 un frontale che ha coinvolto un&#8217;auto e un furgone adibito al trasporto di persone. L&#8217;incidente \u00e8 avvenuto proprio di fronte al Ristorante La Stanga. A bordo sei occupanti di cui due bambini. Le operazioni di soccorso, messa in sicurezza dei veicoli, rimozione e pulizia della sede stradale, sono durate oltre un&#8217;ora. Disagi alla circolazione. Due persone sono state trasportate per accertamenti all&#8217;ospedale di Belluno. Sono intervenuti sul posto Vigili del Fuoco, SUEM, Carabinieri, Carabinieri Forestali e Veneto Strade.<\/p>\n\n\t\t\t<style type='text\/css'>\n\t\t\t\t#gallery-1 {\n\t\t\t\t\tmargin: auto;\n\t\t\t\t}\n\t\t\t\t#gallery-1 .gallery-item {\n\t\t\t\t\tfloat: left;\n\t\t\t\t\tmargin-top: 10px;\n\t\t\t\t\ttext-align: center;\n\t\t\t\t\twidth: 25%;\n\t\t\t\t}\n\t\t\t\t#gallery-1 img {\n\t\t\t\t\tborder: 2px solid #cfcfcf;\n\t\t\t\t}\n\t\t\t\t#gallery-1 .gallery-caption {\n\t\t\t\t\tmargin-left: 0;\n\t\t\t\t}\n\t\t\t\t\/* see gallery_shortcode() in wp-includes\/media.php *\/\n\t\t\t<\/style>\n\t\t<div id='gallery-1' class='dt-gallery-container gallery galleryid-350310 gallery-columns-4 gallery-size-medium'><dl class='gallery-item'>\n\t\t\t\t<dt class='gallery-icon landscape'>\n\t\t\t\t\t<a class=\"rollover rollover-zoom dt-pswp-item\" title=\"51cdee19-928a-4aaf-a63a-6b84d7d2f29f\" data-dt-img-description=\"\" data-large_image_width=\"2048\" data-large_image_height=\"1536\"href='https:\/\/www.radiopiu.net\/wordpress\/wp-content\/uploads\/2023\/08\/51cdee19-928a-4aaf-a63a-6b84d7d2f29f.jpg'><img loading=\"lazy\" decoding=\"async\" width=\"300\" height=\"225\" src=\"https:\/\/www.radiopiu.net\/wordpress\/wp-content\/uploads\/2023\/08\/51cdee19-928a-4aaf-a63a-6b84d7d2f29f-300x225.jpg\" class=\"attachment-medium size-medium\" alt=\"\" srcset=\"https:\/\/www.radiopiu.net\/wordpress\/wp-content\/uploads\/2023\/08\/51cdee19-928a-4aaf-a63a-6b84d7d2f29f-300x225.jpg 300w, https:\/\/www.radiopiu.net\/wordpress\/wp-content\/uploads\/2023\/08\/51cdee19-928a-4aaf-a63a-6b84d7d2f29f-1024x768.jpg 1024w, https:\/\/www.radiopiu.net\/wordpress\/wp-content\/uploads\/2023\/08\/51cdee19-928a-4aaf-a63a-6b84d7d2f29f-768x576.jpg 768w, https:\/\/www.radiopiu.net\/wordpress\/wp-content\/uploads\/2023\/08\/51cdee19-928a-4aaf-a63a-6b84d7d2f29f-1536x1152.jpg 1536w, https:\/\/www.radiopiu.net\/wordpress\/wp-content\/uploads\/2023\/08\/51cdee19-928a-4aaf-a63a-6b84d7d2f29f.jpg 2048w\" sizes=\"auto, (max-width: 300px) 100vw, 300px\" \/><\/a>\n\t\t\t\t<\/dt><\/dl><dl class='gallery-item'>\n\t\t\t\t<dt class='gallery-icon landscape'>\n\t\t\t\t\t<a class=\"rollover rollover-zoom dt-pswp-item\" title=\"SCR-20230827-oljn\" data-dt-img-description=\"\" data-large_image_width=\"834\" data-large_image_height=\"496\"href='https:\/\/www.radiopiu.net\/wordpress\/wp-content\/uploads\/2023\/08\/SCR-20230827-oljn.jpeg'><img loading=\"lazy\" decoding=\"async\" width=\"300\" height=\"178\" src=\"https:\/\/www.radiopiu.net\/wordpress\/wp-content\/uploads\/2023\/08\/SCR-20230827-oljn-300x178.jpeg\" class=\"attachment-medium size-medium\" alt=\"\" srcset=\"https:\/\/www.radiopiu.net\/wordpress\/wp-content\/uploads\/2023\/08\/SCR-20230827-oljn-300x178.jpeg 300w, https:\/\/www.radiopiu.net\/wordpress\/wp-content\/uploads\/2023\/08\/SCR-20230827-oljn-768x457.jpeg 768w, https:\/\/www.radiopiu.net\/wordpress\/wp-content\/uploads\/2023\/08\/SCR-20230827-oljn.jpeg 834w\" sizes=\"auto, (max-width: 300px) 100vw, 300px\" \/><\/a>\n\t\t\t\t<\/dt><\/dl><dl class='gallery-item'>\n\t\t\t\t<dt class='gallery-icon landscape'>\n\t\t\t\t\t<a class=\"rollover rollover-zoom dt-pswp-item\" title=\"71955ae9-9b64-485a-be40-378e4893d785\" data-dt-img-description=\"\" data-large_image_width=\"890\" data-large_image_height=\"591\"href='https:\/\/www.radiopiu.net\/wordpress\/wp-content\/uploads\/2023\/08\/71955ae9-9b64-485a-be40-378e4893d785.jpg'><img loading=\"lazy\" decoding=\"async\" width=\"300\" height=\"199\" src=\"https:\/\/www.radiopiu.net\/wordpress\/wp-content\/uploads\/2023\/08\/71955ae9-9b64-485a-be40-378e4893d785-300x199.jpg\" class=\"attachment-medium size-medium\" alt=\"\" srcset=\"https:\/\/www.radiopiu.net\/wordpress\/wp-content\/uploads\/2023\/08\/71955ae9-9b64-485a-be40-378e4893d785-300x199.jpg 300w, https:\/\/www.radiopiu.net\/wordpress\/wp-content\/uploads\/2023\/08\/71955ae9-9b64-485a-be40-378e4893d785-768x510.jpg 768w, https:\/\/www.radiopiu.net\/wordpress\/wp-content\/uploads\/2023\/08\/71955ae9-9b64-485a-be40-378e4893d785.jpg 890w\" sizes=\"auto, (max-width: 300px) 100vw, 300px\" \/><\/a>\n\t\t\t\t<\/dt><\/dl><dl class='gallery-item'>\n\t\t\t\t<dt class='gallery-icon landscape'>\n\t\t\t\t\t<a class=\"rollover rollover-zoom dt-pswp-item\" title=\"3d8e0b31-a51c-4948-a385-bfe1ba445681\" data-dt-img-description=\"\" data-large_image_width=\"1022\" data-large_image_height=\"561\"href='https:\/\/www.radiopiu.net\/wordpress\/wp-content\/uploads\/2023\/08\/3d8e0b31-a51c-4948-a385-bfe1ba445681.jpg'><img loading=\"lazy\" decoding=\"async\" width=\"300\" height=\"165\" src=\"https:\/\/www.radiopiu.net\/wordpress\/wp-content\/uploads\/2023\/08\/3d8e0b31-a51c-4948-a385-bfe1ba445681-300x165.jpg\" class=\"attachment-medium size-medium\" alt=\"\" srcset=\"https:\/\/www.radiopiu.net\/wordpress\/wp-content\/uploads\/2023\/08\/3d8e0b31-a51c-4948-a385-bfe1ba445681-300x165.jpg 300w, https:\/\/www.radiopiu.net\/wordpress\/wp-content\/uploads\/2023\/08\/3d8e0b31-a51c-4948-a385-bfe1ba445681-768x422.jpg 768w, https:\/\/www.radiopiu.net\/wordpress\/wp-content\/uploads\/2023\/08\/3d8e0b31-a51c-4948-a385-bfe1ba445681.jpg 1022w\" sizes=\"auto, (max-width: 300px) 100vw, 300px\" \/><\/a>\n\t\t\t\t<\/dt><\/dl><br style=\"clear: both\" \/>\n\t\t\t<\/div>\n\n<p>(foto: Alessandro Deola)<\/p>\n<p>&nbsp;<\/p>\n<p>&nbsp;<\/p>\n<hr \/>\n<p>&nbsp;<\/p>\n<blockquote>\n<h3 class=\"entry-title\">FEBBRE DENGUE A FELTRE. SCOPERTO UN CASO. DISINFESTAZIONE DELL\u2019AREA COMUNALE INTERESSATA<\/h3>\n<\/blockquote>\n<p><strong><a class=\"dt-pswp-item\" href=\"https:\/\/www.radiopiu.net\/wordpress\/wp-content\/uploads\/2023\/08\/febbre-Dengue.jpeg\" data-dt-img-description=\"\" data-large_image_width=\"872\" data-large_image_height=\"606\"><img loading=\"lazy\" decoding=\"async\" class=\" wp-image-350366 alignleft\" src=\"https:\/\/www.radiopiu.net\/wordpress\/wp-content\/uploads\/2023\/08\/febbre-Dengue-300x208.jpeg\" alt=\"\" width=\"182\" height=\"126\" srcset=\"https:\/\/www.radiopiu.net\/wordpress\/wp-content\/uploads\/2023\/08\/febbre-Dengue-300x208.jpeg 300w, https:\/\/www.radiopiu.net\/wordpress\/wp-content\/uploads\/2023\/08\/febbre-Dengue-768x534.jpeg 768w, https:\/\/www.radiopiu.net\/wordpress\/wp-content\/uploads\/2023\/08\/febbre-Dengue.jpeg 872w\" sizes=\"auto, (max-width: 182px) 100vw, 182px\" \/><\/a>FELTRE <\/strong>Il Dipartimento di Prevenzione dell\u2019Ulss Dolomiti ha ricevuto una segnalazione di un caso di Dengue in una donna di nazionalit\u00e0 cubana, residente a Feltre, che \u00e8 tornata di recente da un viaggio a Cuba. La paziente \u00e8 in buone condizioni ed \u00e8 stata isolata a casa. La Dengue \u00e8 una malattia causata da un virus trasmesso dalle zanzare del genere Aedes, come la zanzara tigre (Aedes albopictus), e si manifesta con febbre, cefalea, dolori muscolari, disturbi gastrointestinali ed esantema. Raramente pu\u00f2 presentarsi in forma emorragica. Nel Veneto, ci sono stati in media 20-30 casi di Dengue all&#8217;anno, con una riduzione durante la pandemia di COVID-19 e un aumento successivo con la ripresa dei viaggi internazionali. In provincia di Belluno, sono stati segnalati due casi importati nel 2018 e 2019. L&#8217;Ulss, in accordo con l&#8217;autorit\u00e0 comunale, ha avviato un trattamento per eliminare le larve delle zanzare nelle zone pubbliche vicino all&#8217;abitazione della paziente, seguito da un trattamento adulticida. La popolazione \u00e8 stata informata di prendere precauzioni durante questi trattamenti, come evitare di sostare nell&#8217;area trattata, chiudere le abitazioni e coprire le colture. Il Servizio Veterinario sta contattando apicoltori e proprietari di animali al pascolo per precauzioni aggiuntive. Il Dipartimento di Prevenzione monitorer\u00e0 attentamente la situazione e le operazioni di trattamento in corso.<\/p>\n<p>&nbsp;<\/p>\n<p>&nbsp;<\/p>\n<hr \/>\n<p>&nbsp;<\/p>\n<blockquote>\n<h3>ASSEGNATI I LAVORI ALLO STADIO ALVISE DE TONI DI ALLEGHE<\/h3>\n<\/blockquote>\n<p><strong><a class=\"dt-pswp-item\" href=\"https:\/\/www.radiopiu.net\/wordpress\/wp-content\/uploads\/2018\/07\/stadio-alleghe-5.jpg\" data-dt-img-description=\"\" data-large_image_width=\"1024\" data-large_image_height=\"768\"><img loading=\"lazy\" decoding=\"async\" class=\" wp-image-53145 alignleft\" src=\"https:\/\/www.radiopiu.net\/wordpress\/wp-content\/uploads\/2018\/07\/stadio-alleghe-5-300x225.jpg\" alt=\"\" width=\"167\" height=\"125\" srcset=\"https:\/\/www.radiopiu.net\/wordpress\/wp-content\/uploads\/2018\/07\/stadio-alleghe-5-300x225.jpg 300w, https:\/\/www.radiopiu.net\/wordpress\/wp-content\/uploads\/2018\/07\/stadio-alleghe-5-768x576.jpg 768w, https:\/\/www.radiopiu.net\/wordpress\/wp-content\/uploads\/2018\/07\/stadio-alleghe-5.jpg 1024w\" sizes=\"auto, (max-width: 167px) 100vw, 167px\" \/><\/a>ALLEGHE<\/strong><\/p>\n<p>di Gianni Santomaso<\/p>\n<audio class=\"wp-audio-shortcode\" id=\"audio-350310-1\" preload=\"none\" style=\"width: 100%;\" controls=\"controls\"><source type=\"audio\/mpeg\" src=\"https:\/\/www.radiopiu.net\/wordpress\/wp-content\/uploads\/2023\/08\/GIANNI-ASSEGNATI-I-LAVORI-ALLO-STADIO-ALVEISE-DE-TONI-DI-ALLEGHE.mp3?_=1\" \/><a href=\"https:\/\/www.radiopiu.net\/wordpress\/wp-content\/uploads\/2023\/08\/GIANNI-ASSEGNATI-I-LAVORI-ALLO-STADIO-ALVEISE-DE-TONI-DI-ALLEGHE.mp3\">https:\/\/www.radiopiu.net\/wordpress\/wp-content\/uploads\/2023\/08\/GIANNI-ASSEGNATI-I-LAVORI-ALLO-STADIO-ALVEISE-DE-TONI-DI-ALLEGHE.mp3<\/a><\/audio>\n<p>&nbsp;<\/p>\n<hr \/>\n<p>&nbsp;<\/p>\n<blockquote>\n<h3>RADIOLOGIA IN ULSS 1 DOLOMITI: PRESTAZIONI PIU&#8217; NUMEROSE E PIU&#8217; COMPLESSE<\/h3>\n<\/blockquote>\n<p><strong><a class=\"dt-pswp-item\" href=\"https:\/\/www.radiopiu.net\/wordpress\/wp-content\/uploads\/2023\/08\/WhatsApp-Image-2023-08-26-at-16.15.51.jpeg\" data-dt-img-description=\"\" data-large_image_width=\"2048\" data-large_image_height=\"1897\"><img loading=\"lazy\" decoding=\"async\" class=\" wp-image-350410 alignleft\" src=\"https:\/\/www.radiopiu.net\/wordpress\/wp-content\/uploads\/2023\/08\/WhatsApp-Image-2023-08-26-at-16.15.51-300x278.jpeg\" alt=\"\" width=\"142\" height=\"132\" srcset=\"https:\/\/www.radiopiu.net\/wordpress\/wp-content\/uploads\/2023\/08\/WhatsApp-Image-2023-08-26-at-16.15.51-300x278.jpeg 300w, https:\/\/www.radiopiu.net\/wordpress\/wp-content\/uploads\/2023\/08\/WhatsApp-Image-2023-08-26-at-16.15.51-1024x949.jpeg 1024w, https:\/\/www.radiopiu.net\/wordpress\/wp-content\/uploads\/2023\/08\/WhatsApp-Image-2023-08-26-at-16.15.51-768x711.jpeg 768w, https:\/\/www.radiopiu.net\/wordpress\/wp-content\/uploads\/2023\/08\/WhatsApp-Image-2023-08-26-at-16.15.51-1536x1423.jpeg 1536w, https:\/\/www.radiopiu.net\/wordpress\/wp-content\/uploads\/2023\/08\/WhatsApp-Image-2023-08-26-at-16.15.51.jpeg 2048w\" sizes=\"auto, (max-width: 142px) 100vw, 142px\" \/><\/a>BELLUNO<\/strong> Sabato mattina il Commissario Dal Ben ha presentato i dati di attivit\u00e0 della Radiologia del distretto 1, che vede un trend di aumento delle prestazioni erogate dal 2021. Nel primo semestre 2023, rispetto al pari periodo 2022, sono state eseguite: Belluno 21.055 + 15,4% Agordo 6.775 +4,7% Pieve di Cadore: 5.674 + 15,2%. Inoltre, sono state eseguito ben 170 procedure di radiologia interventistica, fiore all&#8217;occhiello del reparto (+ 40% rispetto al 2022). Oltre alla tecnologia gi\u00e0 attiva, a gennaio sar\u00e0 sostituita la Risonanza magnetica di Belluno con una macchina ancor pi\u00f9 performante dal valore di 902 mila euro. In sostituzione anche le TC di Agordo e Pieve di Cadore, con un potenziamento della qualit\u00e0. Inoltre, \u00e8 da poco stato rinnovato il parco degli ecografi. In tutte le sedi della Radiologia, inoltre, \u00e8 attivo il sistema Rapid con l&#8217;intelligenza artificiale per la diagnosi rapida degli ictus. Importanti novit\u00e0 anche per dare risposte alle richieste di prestazioni sempre pi\u00f9 numerose, nel rispetto dei tempi di attesa: a settembre sar\u00e0 operativo un camion con una Risonanza aggiuntiva per smaltire prestazioni. Gi\u00e0 attivo, e si vedono i risultati, l&#8217;acquisto di prestazioni aggiuntive dal personale interno.<\/p>\n<p>&nbsp;<\/p>\n<p>&nbsp;<\/p>\n<hr \/>\n<p>&nbsp;<\/p>\n<blockquote>\n<h3 class=\"entry-title\">FUGA DALL\u2019ARTIGIANATO. TANTI CHIUDONO PER FARE I DIPENDENTI. I GIOVANI, NON SI AVVICINANO PIU\u2019<\/h3>\n<\/blockquote>\n<p class=\"photoswipe-wrapper\"><a class=\"dt-pswp-item pspw-wrap-ready\" href=\"https:\/\/www.radiopiu.net\/wordpress\/wp-content\/uploads\/2023\/08\/Schermata-2023-08-26-alle-11.01.09.png\" data-dt-img-description=\"\" data-large_image_width=\"1106\" data-large_image_height=\"700\"><img loading=\"lazy\" decoding=\"async\" class=\"size-medium wp-image-350336 alignleft\" src=\"https:\/\/www.radiopiu.net\/wordpress\/wp-content\/uploads\/2023\/08\/Schermata-2023-08-26-alle-11.01.09-300x190.png\" sizes=\"auto, (max-width: 300px) 100vw, 300px\" srcset=\"https:\/\/www.radiopiu.net\/wordpress\/wp-content\/uploads\/2023\/08\/Schermata-2023-08-26-alle-11.01.09-300x190.png 300w, https:\/\/www.radiopiu.net\/wordpress\/wp-content\/uploads\/2023\/08\/Schermata-2023-08-26-alle-11.01.09-1024x648.png 1024w, https:\/\/www.radiopiu.net\/wordpress\/wp-content\/uploads\/2023\/08\/Schermata-2023-08-26-alle-11.01.09-768x486.png 768w, https:\/\/www.radiopiu.net\/wordpress\/wp-content\/uploads\/2023\/08\/Schermata-2023-08-26-alle-11.01.09.png 1106w\" alt=\"\" width=\"300\" height=\"190\" \/><\/a>Come in tutta Italia, anche in Veneto continua a diminuire costantemente il numero degli artigiani: negli ultimi 10 anni, infatti, sono scesi di 37.500 unit\u00e0 (-19,1 per cento). Secondo gli ultimi dati resi disponibili dall\u2019Inps, nel 2022 nella nostra regione contavamo 158.4031 artigiani (vedi Graf. 1). Possiamo quindi affermare che non solo i giovani sono sempre meno interessati a lavorare in questo settore, ma anche chi ha esercitato la professione per tanti anni e non ha ancora raggiunto l\u2019et\u00e0 anagrafica e\/o maturato gli anni di contribuzione per beneficiare della pensione, spesso preferisce chiudere la partite Iva e restare nel mercato del lavoro come dipendente che, rispetto ad un artigiano, ha sicuramente meno preoccupazioni e pi\u00f9 sicurezze. L\u2019analisi \u00e8 stata condotta dall\u2019Ufficio studi della CGIA.<\/p>\n<p><strong>A Rovigo e Verona le flessioni pi\u00f9 importanti<\/strong><br \/>\n<strong>A livello provinciale le variazioni percentuali pi\u00f9 negative hanno riguardato Belluno con il -20,2,<\/strong>\u00a0Verona con il -23,2 e, in particolar modo, Rovigo con il -26,3. Tra le sette province venete solo Treviso con il -16 e Venezia con il -16,5 hanno registrato delle contrazioni pi\u00f9 contenute della media nazionale che, invece, si \u00e8 attestata al -17,4 per cento. In termini assoluti le perdite pi\u00f9 significative hanno riguardato Vicenza con il -6.756, Padova con il -7.438 e, soprattutto Verona con il -8.821 unit\u00e0 (vedi Tab. 1).<\/p>\n<p><strong>Senza botteghe si estinguono le imprese familiari<\/strong><br \/>\nGirando per le citt\u00e0 e i paesi delle nostre province sono ormai in via di estinzione tantissime attivit\u00e0 artigianali. Insomma, non solo diminuisce il numero degli artigiani, ma anche il paesaggio urbano sta cambiando volto. Sono ormai ridotte al lumicino le botteghe artigiane che ospitano calzolai, corniciai, fabbri, falegnami, fotografi, lavasecco, orologiai, pellettieri, riparatori di elettrodomestici e Tv, sarti, tappezzieri, etc. Attivit\u00e0 che, nella stragrande maggioranza dei casi erano a conduzione familiare, hanno contraddistinto la storia di molti quartieri, piazze e vie delle nostre citt\u00e0, diventando dei punti di riferimento che davano una identit\u00e0 ai luoghi in cui operavano. Per contro, invece, i settori artigiani che stanno vivendo una fase di espansione sono quelli del benessere e delll\u2019informatica. Nel primo, ad esempio, si continua a registrare un forte aumento degli acconciatori, degli estetisti e dei tatuatori. Nel secondo, invece, sono in espansione i sistemisti, gli addetti al web marketing, i video maker e gli esperti in social media. Purtroppo, l\u2019aumento di queste attivit\u00e0 \u00e8 insufficiente a compensare il numero delle chiusure presenti nell\u2019artigianato storico, con il risultato, come dicevamo pi\u00f9 sopra, che la platea degli artigiani \u00e8 in costante diminuzione.<\/p>\n<p><strong class=\"photoswipe-wrapper\"><a class=\"dt-pswp-item pspw-wrap-ready\" href=\"https:\/\/www.radiopiu.net\/wordpress\/wp-content\/uploads\/2023\/08\/Schermata-2023-08-26-alle-11.01.27.png\" data-dt-img-description=\"\" data-large_image_width=\"1126\" data-large_image_height=\"1038\"><img loading=\"lazy\" decoding=\"async\" class=\"size-medium wp-image-350335 alignleft\" src=\"https:\/\/www.radiopiu.net\/wordpress\/wp-content\/uploads\/2023\/08\/Schermata-2023-08-26-alle-11.01.27-300x277.png\" sizes=\"auto, (max-width: 300px) 100vw, 300px\" srcset=\"https:\/\/www.radiopiu.net\/wordpress\/wp-content\/uploads\/2023\/08\/Schermata-2023-08-26-alle-11.01.27-300x277.png 300w, https:\/\/www.radiopiu.net\/wordpress\/wp-content\/uploads\/2023\/08\/Schermata-2023-08-26-alle-11.01.27-1024x944.png 1024w, https:\/\/www.radiopiu.net\/wordpress\/wp-content\/uploads\/2023\/08\/Schermata-2023-08-26-alle-11.01.27-768x708.png 768w, https:\/\/www.radiopiu.net\/wordpress\/wp-content\/uploads\/2023\/08\/Schermata-2023-08-26-alle-11.01.27.png 1126w\" alt=\"\" width=\"300\" height=\"277\" \/><\/a>Con saracinesche abbassate citt\u00e0 pi\u00f9 insicure<\/strong><br \/>\nBasta osservare con attenzione i quartieri di periferia e i centri storici per accorgersi che sono tantissime le insegne che sono state rimosse e altrettante sono le vetrine non pi\u00f9 allestite, perennemente sporche e con le saracinesche abbassate. Sono un segnale inequivocabile del peggioramento della qualit\u00e0 della vita di molte realt\u00e0 urbane. Le citt\u00e0, infatti, non sono costituite solo da piazze, monumenti, palazzi e nastri d\u2019asfalto, ma, anche, da luoghi di scambio dove le persone si incontrano anche per fare solo due chiacchere. Queste micro attivit\u00e0 conservano l\u2019identit\u00e0 di una comunit\u00e0 e sono uno straordinario presidio in grado di rafforzare la coesione sociale di un territorio. Insomma, con meno botteghe e negozi di vicinato, diminuiscono i luoghi di socializzazione a dimensione d\u2019uomo e tutto si ingrigisce, rendendo meno vivibili e pi\u00f9 insicure le zone urbane che subiscono queste chiusure, penalizzando soprattutto gli anziani. Una platea sempre pi\u00f9 numerosa della popolazione italiana che conta pi\u00f9 di 10 milioni di over 70. Non disponendo spesso dell\u2019auto e senza botteghe sottocasa, per molti di loro fare la spesa \u00e8 diventato un grosso problema.<\/p>\n<p><strong>Le cause del crollo<\/strong><br \/>\nIl forte aumento dell\u2019et\u00e0 media, provocato in particolar modo da un insufficiente ricambio generazionale, la feroce concorrenza esercitata dalla grande distribuzione e in questi ultimi anni soprattutto dal commercio elettronico, il boom del costo degli affitti e delle tasse hanno spinto molti artigiani a gettare la spugna. I consumatori, inoltre, hanno cambiato il modo di fare gli acquisti: la cultura dell\u2019usa e getta, del prodotto fatto in serie e consegnato a domicilio ha contagiato tutti. La calzatura, il vestito o il mobile fatti su misura sono ormai un vecchio ricordo; il prodotto fatto a mano \u00e8 stato scalzato dall\u2019acquisto scelto sul catalogo on line o preso dallo scaffale di un grande magazzino.<\/p>\n<p><strong class=\"photoswipe-wrapper\"><a class=\"dt-pswp-item pspw-wrap-ready\" href=\"https:\/\/www.radiopiu.net\/wordpress\/wp-content\/uploads\/2023\/08\/Schermata-2023-08-26-alle-11.01.47.png\" data-dt-img-description=\"\" data-large_image_width=\"1126\" data-large_image_height=\"568\"><img loading=\"lazy\" decoding=\"async\" class=\"size-medium wp-image-350334 alignleft\" src=\"https:\/\/www.radiopiu.net\/wordpress\/wp-content\/uploads\/2023\/08\/Schermata-2023-08-26-alle-11.01.47-300x151.png\" sizes=\"auto, (max-width: 300px) 100vw, 300px\" srcset=\"https:\/\/www.radiopiu.net\/wordpress\/wp-content\/uploads\/2023\/08\/Schermata-2023-08-26-alle-11.01.47-300x151.png 300w, https:\/\/www.radiopiu.net\/wordpress\/wp-content\/uploads\/2023\/08\/Schermata-2023-08-26-alle-11.01.47-1024x517.png 1024w, https:\/\/www.radiopiu.net\/wordpress\/wp-content\/uploads\/2023\/08\/Schermata-2023-08-26-alle-11.01.47-768x387.png 768w, https:\/\/www.radiopiu.net\/wordpress\/wp-content\/uploads\/2023\/08\/Schermata-2023-08-26-alle-11.01.47.png 1126w\" alt=\"\" width=\"300\" height=\"151\" \/><\/a>Dobbiamo rivalutare culturalmente il lavoro manuale<\/strong><br \/>\nNegli ultimi 40 anni c\u2019\u00e8 stata una svalutazione culturale spaventosa del lavoro manuale. L\u2019artigianato \u00e8 stato \u201cdipinto\u201d come un mondo residuale, destinato al declino e per riguadagnare il ruolo che gli compete ha bisogno di robusti investimenti nell\u2019orientamento scolastico e nell\u2019alternanza tra la scuola e il lavoro, rimettendo al centro del progetto formativo gli istituti professionali che in passato sono stati determinanti nel favorire lo sviluppo economico del Paese. Oggi, invece, sono percepiti dall\u2019opinione pubblica come scuole di serie b. Per alcuni, infatti, rappresentano una soluzione per parcheggiare per qualche anno quei ragazzi che non hanno una grande predisposizione allo studio. Per altri costituiscono l\u2019ultima chance per consentire a quegli alunni che provengono da insuccessi scolastici, maturati nei licei o nelle scuole tecniche, di conseguire un diploma di scuola media superiore. E nonostante la crisi e i problemi generali che assillano l\u2019artigianato, non sono pochi gli imprenditori di questo settore che segnalano la difficolt\u00e0 a trovare personale disposto ad avvicinarsi a questo mondo. In tutto il Paese si fatica a reperire nel mercato del lavoro giovani disposti a fare gli autisti, i parrucchieri, gli estetisti, i pasticceri, i fornai, i manutentori di caldaie, i sarti, gli idraulici, i tornitori, i fresatori, i verniciatori e i batti-lamiera. Senza contare che nel mondo dell\u2019edilizia \u00e8 sempre pi\u00f9 difficile reperire carpentieri, posatori e lattonieri. Pi\u00f9 in generale, comunque, l\u2019artigiano di domani sar\u00e0 colui che vincer\u00e0 la sfida della tecnologia per rilanciare anche i \u201cvecchi saperi\u201d. Alla base di tutto, comunque, rimarr\u00e0 il saper fare che \u00e8 il vero motore della nostra eccellenza manifatturiera.<\/p>\n<p>&nbsp;<\/p>\n<p>&nbsp;<\/p>\n<hr \/>\n<p>&nbsp;<\/p>\n<blockquote>\n<h3>PISTA DA BOB A CORTINA: ZANONI CONCORDA PER INNSBRUCK<\/h3>\n<\/blockquote>\n<p><strong><a class=\"dt-pswp-item\" href=\"https:\/\/www.radiopiu.net\/wordpress\/wp-content\/uploads\/2021\/09\/ZANONI-1-scaled.jpg\" data-dt-img-description=\"\" data-large_image_width=\"2560\" data-large_image_height=\"1707\"><img loading=\"lazy\" decoding=\"async\" class=\" wp-image-233260 alignleft\" src=\"https:\/\/www.radiopiu.net\/wordpress\/wp-content\/uploads\/2021\/09\/ZANONI-1-300x200.jpg\" alt=\"\" width=\"176\" height=\"117\" srcset=\"https:\/\/www.radiopiu.net\/wordpress\/wp-content\/uploads\/2021\/09\/ZANONI-1-300x200.jpg 300w, https:\/\/www.radiopiu.net\/wordpress\/wp-content\/uploads\/2021\/09\/ZANONI-1-1024x683.jpg 1024w, https:\/\/www.radiopiu.net\/wordpress\/wp-content\/uploads\/2021\/09\/ZANONI-1-768x512.jpg 768w, https:\/\/www.radiopiu.net\/wordpress\/wp-content\/uploads\/2021\/09\/ZANONI-1-1536x1024.jpg 1536w, https:\/\/www.radiopiu.net\/wordpress\/wp-content\/uploads\/2021\/09\/ZANONI-1-2048x1365.jpg 2048w\" sizes=\"auto, (max-width: 176px) 100vw, 176px\" \/><\/a>VENEZIA <\/strong>&#8220;Non si possono sprecare 124 milioni di euro per una pista da bob. Soprattutto se esiste l&#8217;alternativa concreta e fattibilissima di Innsbruck, disponibile ad ospitare le gare olimpiche nel 2026. Come sostengo da tempo, e come lo stesso Comitato Internazionale Olimpico indica, questa \u00e8 la strada da percorrere&#8221;. La presa di posizione \u00e8 del consigliere regionale del PD Veneto e presidente della Commissione Legalit\u00e0, Andrea Zanoni. &#8220;Sono risibili le barricate della Fondazione Milano Cortina quando dice che la pista di Innsbruck non ha al momento i requisiti. Lo sanno tutti che le cose stanno cos\u00ec, ma dalla Fondazione tralasciano di dire che \u00e8 sufficiente un adeguamento del valore di circa 10 milioni per ospitare le Olimpiadi. Parliamo dunque di un risparmio di 114 milioni. Anche perch\u00e9, pensando al dopo Olimpiadi, \u00e8 bene ricordare che i costi di manutenzione della pista di Cortina, che sarebbe dotata di decine di impianti di refrigerazione, sono pari ad un milione di euro l&#8217;anno. Soldi che andrebbero a carico dei contribuenti, indipendentemente da chi, tra Regione, Provincia e Comune, li dovrebbe prevedere nei bilanci dei prossimi trent&#8217;anni almeno&#8221;.<\/p>\n<p>&nbsp;<\/p>\n<p>&nbsp;<\/p>\n<hr \/>\n<p>&nbsp;<\/p>\n<blockquote>\n<h3>PARCHEGGIO A DUE RUOTE LUXOTTICA AGORDO. LA COMMISSIONE TRASPORTI CHIEDE COLLABORAZIONE<\/h3>\n<\/blockquote>\n<p><strong><a class=\"dt-pswp-item\" href=\"https:\/\/www.radiopiu.net\/wordpress\/wp-content\/uploads\/2023\/01\/f5c58041-2f77-4ccf-b15d-82d7064a18a9.jpg\" data-dt-img-description=\"\" data-large_image_width=\"2048\" data-large_image_height=\"1536\"><img loading=\"lazy\" decoding=\"async\" class=\" wp-image-319449 alignleft\" src=\"https:\/\/www.radiopiu.net\/wordpress\/wp-content\/uploads\/2023\/01\/f5c58041-2f77-4ccf-b15d-82d7064a18a9-300x225.jpg\" alt=\"\" width=\"173\" height=\"130\" srcset=\"https:\/\/www.radiopiu.net\/wordpress\/wp-content\/uploads\/2023\/01\/f5c58041-2f77-4ccf-b15d-82d7064a18a9-300x225.jpg 300w, https:\/\/www.radiopiu.net\/wordpress\/wp-content\/uploads\/2023\/01\/f5c58041-2f77-4ccf-b15d-82d7064a18a9-1024x768.jpg 1024w, https:\/\/www.radiopiu.net\/wordpress\/wp-content\/uploads\/2023\/01\/f5c58041-2f77-4ccf-b15d-82d7064a18a9-768x576.jpg 768w, https:\/\/www.radiopiu.net\/wordpress\/wp-content\/uploads\/2023\/01\/f5c58041-2f77-4ccf-b15d-82d7064a18a9-1536x1152.jpg 1536w, https:\/\/www.radiopiu.net\/wordpress\/wp-content\/uploads\/2023\/01\/f5c58041-2f77-4ccf-b15d-82d7064a18a9.jpg 2048w\" sizes=\"auto, (max-width: 173px) 100vw, 173px\" \/><\/a>AGORDO<\/strong> Con i nuovi parcheggi dello stabilimento EssilorLuxottica di Agordo non mancano i problemi e questa volta riguardano l&#8217;area dedicata a biciclette e moto. &#8220;Sebbene alcuni abbiano segnalato la sua saturazione, un&#8217;analisi pi\u00f9 approfondita ha rivelato che la nuova area \u00e8 molto pi\u00f9 grande e adeguata rispetto alla precedente, che era chiaramente insufficiente. In passato, erano state raccolte firme per chiedere l&#8217;ampliamento, ma ora sembra che il problema sia stato risolto &#8211; dice la commissione trasporti della RSU &#8211;\u00a0 Tuttavia, per massimizzare l&#8217;utilizzo dello spazio, \u00e8 importante parcheggiare correttamente. Si consiglia di posizionare le biciclette solo sul lato con le rastrelliere apposite, lasciando l&#8217;altro lato della tettoia libero per le moto, come indicato dalla segnaletica presente. Inoltre, \u00e8 consigliabile disporre le biciclette affiancate in modo alternato. Per quanto riguarda le moto, si suggerisce di parcheggiarle in modo perpendicolare sotto la tettoia, seguendo uno schema a pettine, anzich\u00e9 in modo inclinato (&#8220;a spina di pesce&#8221;), in modo da ottimizzare lo spazio disponibile&#8221;. Poi c&#8217;\u00e8 un problema di accesso allo stabilimento da parte dei pedoni e il consiglio della commissione trasporti \u00e8 quello di\u00a0utilizzare solo l&#8217;ingresso pedonale adiacente, evitando l&#8217;ingresso riservato alle moto, al fine di prevenire possibili incidenti, alcuni dei quali si sono verificati di recente.<\/p>\n<p>&nbsp;<\/p>\n<p>&nbsp;<\/p>\n<hr \/>\n<p>&nbsp;<\/p>\n<blockquote>\n<h3>RIFIUTI. NUOVE RISORSE PER FINANZIARE I PROGETTI DI VIDEOSORVEGLIANZA DEI COMUNI<\/h3>\n<\/blockquote>\n<p><strong><a class=\"dt-pswp-item\" href=\"https:\/\/www.radiopiu.net\/wordpress\/wp-content\/uploads\/2020\/12\/BOTTACIN-1.png\" data-dt-img-description=\"\" data-large_image_width=\"1042\" data-large_image_height=\"690\"><img loading=\"lazy\" decoding=\"async\" class=\" wp-image-182306 alignleft\" src=\"https:\/\/www.radiopiu.net\/wordpress\/wp-content\/uploads\/2020\/12\/BOTTACIN-1-300x199.png\" alt=\"\" width=\"167\" height=\"111\" srcset=\"https:\/\/www.radiopiu.net\/wordpress\/wp-content\/uploads\/2020\/12\/BOTTACIN-1-300x199.png 300w, https:\/\/www.radiopiu.net\/wordpress\/wp-content\/uploads\/2020\/12\/BOTTACIN-1-1024x678.png 1024w, https:\/\/www.radiopiu.net\/wordpress\/wp-content\/uploads\/2020\/12\/BOTTACIN-1-768x509.png 768w, https:\/\/www.radiopiu.net\/wordpress\/wp-content\/uploads\/2020\/12\/BOTTACIN-1.png 1042w\" sizes=\"auto, (max-width: 167px) 100vw, 167px\" \/><\/a>VENEZIA <\/strong>Dopo un primo stanziamento di 250mila euro, con cui in marzo era stato avviato un bando per finanziare investimenti promossi dai Comuni per l\u2019istallazione di impianti di videosorveglianza presso i centri di raccolta e in particolare i siti dei territori comunali al fine di prevenire il deposito incontrollato di rifiuti, su proposta dell&#8217;assessore Bottacin la Giunta regionale ha deliberato un implemento di risorse per dare riscontro alle molte domande pervenute. &#8220;Nella nuova delibera abbiamo stanziato ulteriori 465mila euro &#8211; spiega l&#8217;Assessore -. Si tratta di un nuovo e importante segnale che diamo in termini di sicurezza del territorio e alla salvaguardia ambientale, con un occhio particolare alla tutela della legalit\u00e0\u201d. Il bando, come altre iniziative promosse dalla Regione, aveva l&#8217;obiettivo di tenere alta la guardia in materia di abbandono di rifiuti, cos\u00ec da individuare e possibilmente prevenire eventi a volte anche criminosi, come nel caso degli incendi negli impianti di gestione.<\/p>\n<p>&nbsp;<\/p>\n<p>&nbsp;<\/p>\n<hr \/>\n<p>&nbsp;<\/p>\n<blockquote>\n<h3>AAA OFFRESI: ESTATE D&#8217;IMPEGNO PER I GIOVANI<\/h3>\n<\/blockquote>\n<p><strong><a class=\"dt-pswp-item\" href=\"https:\/\/www.radiopiu.net\/wordpress\/wp-content\/uploads\/2023\/08\/AAA_Offresi_1.jpg\" data-dt-img-description=\"\" data-large_image_width=\"1200\" data-large_image_height=\"1600\"><img loading=\"lazy\" decoding=\"async\" class=\" wp-image-350341 alignleft\" src=\"https:\/\/www.radiopiu.net\/wordpress\/wp-content\/uploads\/2023\/08\/AAA_Offresi_1-225x300.jpg\" alt=\"\" width=\"140\" height=\"187\" srcset=\"https:\/\/www.radiopiu.net\/wordpress\/wp-content\/uploads\/2023\/08\/AAA_Offresi_1-225x300.jpg 225w, https:\/\/www.radiopiu.net\/wordpress\/wp-content\/uploads\/2023\/08\/AAA_Offresi_1-768x1024.jpg 768w, https:\/\/www.radiopiu.net\/wordpress\/wp-content\/uploads\/2023\/08\/AAA_Offresi_1-1152x1536.jpg 1152w, https:\/\/www.radiopiu.net\/wordpress\/wp-content\/uploads\/2023\/08\/AAA_Offresi_1.jpg 1200w\" sizes=\"auto, (max-width: 140px) 100vw, 140px\" \/><\/a>PONTE NELLE ALPI <\/strong>Due comuni insieme per l\u2019istruzione, l\u2019educazione e l\u2019impegno civico dei giovani residenti: \u201cAAA Offresi\u201d, il progetto rivolto alle ragazze e ai ragazzi di Ponte nelle Alpi e Soverzene, fa il pieno di partecipanti.<span class=\"gmail-Apple-converted-space\"> \u00a0<\/span>L\u2019iniziativa ha coinvolto cinquanta volenterosi dai 14 ai 18 anni. I quali, con l\u2019appoggio di quindici tutor e il coordinamento del settore sociale e di Daniela Rualta, sono stati impegnati per due settimane in attivit\u00e0 a favore della comunit\u00e0.<span class=\"gmail-Apple-converted-space\"> \u00a0<\/span>Le stesse attivit\u00e0 hanno coinvolto le frazioni attraverso piccole manutenzioni (sistemazione di parchi gioco, panchine, recinzioni, decoro urbano), ma i giovani hanno potuto dare il loro ausilio anche nell\u2019ambito sociale (facendo compagnia agli anziani in casa di riposo o come educatori nei campus estivi), nella promozione turistica e negli uffici comunali.<span class=\"gmail-Apple-converted-space\"> \u00a0<\/span>Un\u2019esperienza unica e interessante, quindi, avvalorata dal Ministero delle Politiche giovanili e all\u2019interno del programma regionale \u201cGiovani in loco\u201d.<span class=\"gmail-Apple-converted-space\">\u00a0<\/span><\/p>\n<p>&nbsp;<\/p>\n<p>&nbsp;<\/p>\n<hr \/>\n<p>&nbsp;<\/p>\n<h2><strong><a class=\"dt-pswp-item\" href=\"https:\/\/www.radiopiu.net\/wordpress\/wp-content\/uploads\/2023\/08\/a32ca5e0-c402-47ad-a50a-4a09fec9fcce.jpg\" data-dt-img-description=\"\" data-large_image_width=\"2048\" data-large_image_height=\"1152\"><img loading=\"lazy\" decoding=\"async\" class=\" wp-image-348384 alignleft\" src=\"https:\/\/www.radiopiu.net\/wordpress\/wp-content\/uploads\/2023\/08\/a32ca5e0-c402-47ad-a50a-4a09fec9fcce-300x169.jpg\" alt=\"\" width=\"174\" height=\"98\" srcset=\"https:\/\/www.radiopiu.net\/wordpress\/wp-content\/uploads\/2023\/08\/a32ca5e0-c402-47ad-a50a-4a09fec9fcce-300x169.jpg 300w, https:\/\/www.radiopiu.net\/wordpress\/wp-content\/uploads\/2023\/08\/a32ca5e0-c402-47ad-a50a-4a09fec9fcce-1024x576.jpg 1024w, https:\/\/www.radiopiu.net\/wordpress\/wp-content\/uploads\/2023\/08\/a32ca5e0-c402-47ad-a50a-4a09fec9fcce-768x432.jpg 768w, https:\/\/www.radiopiu.net\/wordpress\/wp-content\/uploads\/2023\/08\/a32ca5e0-c402-47ad-a50a-4a09fec9fcce-1536x864.jpg 1536w, https:\/\/www.radiopiu.net\/wordpress\/wp-content\/uploads\/2023\/08\/a32ca5e0-c402-47ad-a50a-4a09fec9fcce.jpg 2048w\" sizes=\"auto, (max-width: 174px) 100vw, 174px\" \/><\/a><\/strong><span style=\"color: #3366ff;\">LA RASSEGNA STAMPA DA L&#8217;AMICO DEL POPOLO &#8211; 26 AGOSTO 2023<\/span><\/h2>\n<p><strong>DI GIANNI SANTOMASO<\/strong><\/p>\n<p>OSPITE: Manuel Conedera<\/p>\n<audio class=\"wp-audio-shortcode\" id=\"audio-350310-2\" preload=\"none\" style=\"width: 100%;\" controls=\"controls\"><source type=\"audio\/mpeg\" src=\"https:\/\/www.radiopiu.net\/wordpress\/wp-content\/uploads\/2023\/08\/RASSEGNA-GIANNI-1.mp3?_=2\" \/><a href=\"https:\/\/www.radiopiu.net\/wordpress\/wp-content\/uploads\/2023\/08\/RASSEGNA-GIANNI-1.mp3\">https:\/\/www.radiopiu.net\/wordpress\/wp-content\/uploads\/2023\/08\/RASSEGNA-GIANNI-1.mp3<\/a><\/audio>\n<p>&nbsp;<\/p>\n<hr \/>\n<p>&nbsp;<\/p>\n<blockquote>\n<h3>LA SANTA MESSA PER GIOVANNI PAOLO I<\/h3>\n<\/blockquote>\n<p><strong>CANALE D&#8217;AGORDO <\/strong>A\u00a045 anni dell&#8217;elezione di Albino Luciani a Pontefice, il suo paese natale,\u00a0Canale d&#8217;Agordo, celebra l&#8217;anniversario con la\u00a0Santa Messa\u00a0in\u00a0piazza papa Luciani. La funzione sar\u00e0\u00a0celebrata da S.Em. Cardinale Beniamino Stella, Postulatore della Causa di Beatificazione.<\/p>\n<p><strong>LA DIRETTA RADIO PIU&#8217;<\/strong><\/p>\n<p><iframe loading=\"lazy\" title=\"LA SANTA MESSA PER GIOVANNI PAOLO I\" width=\"1200\" height=\"675\" src=\"https:\/\/www.youtube.com\/embed\/gjSftgCTlSM?feature=oembed\" frameborder=\"0\" allow=\"accelerometer; autoplay; clipboard-write; encrypted-media; gyroscope; picture-in-picture; web-share\" allowfullscreen><\/iframe><\/p>\n<p>&nbsp;<\/p>\n<p><strong>LA FOTOGALLERY A CURA DI GIANFRANCO TOME&#8217;<\/strong><\/p>\n\n\t\t\t<style type='text\/css'>\n\t\t\t\t#gallery-2 {\n\t\t\t\t\tmargin: auto;\n\t\t\t\t}\n\t\t\t\t#gallery-2 .gallery-item {\n\t\t\t\t\tfloat: left;\n\t\t\t\t\tmargin-top: 10px;\n\t\t\t\t\ttext-align: center;\n\t\t\t\t\twidth: 20%;\n\t\t\t\t}\n\t\t\t\t#gallery-2 img {\n\t\t\t\t\tborder: 2px solid #cfcfcf;\n\t\t\t\t}\n\t\t\t\t#gallery-2 .gallery-caption {\n\t\t\t\t\tmargin-left: 0;\n\t\t\t\t}\n\t\t\t\t\/* see gallery_shortcode() in wp-includes\/media.php *\/\n\t\t\t<\/style>\n\t\t<div id='gallery-2' class='dt-gallery-container gallery galleryid-350310 gallery-columns-5 gallery-size-thumbnail'><dl class='gallery-item'>\n\t\t\t\t<dt class='gallery-icon landscape'>\n\t\t\t\t\t<a class=\"rollover rollover-zoom dt-pswp-item\" title=\"cb3a1bd1-afa4-45b1-a984-17a7b77318f2\" data-dt-img-description=\"\" data-large_image_width=\"1599\" data-large_image_height=\"899\"href='https:\/\/www.radiopiu.net\/wordpress\/wp-content\/uploads\/2023\/08\/cb3a1bd1-afa4-45b1-a984-17a7b77318f2.jpg'><img loading=\"lazy\" decoding=\"async\" width=\"150\" height=\"150\" src=\"https:\/\/www.radiopiu.net\/wordpress\/wp-content\/uploads\/2023\/08\/cb3a1bd1-afa4-45b1-a984-17a7b77318f2-150x150.jpg\" class=\"attachment-thumbnail size-thumbnail\" alt=\"\" \/><\/a>\n\t\t\t\t<\/dt><\/dl><dl class='gallery-item'>\n\t\t\t\t<dt class='gallery-icon landscape'>\n\t\t\t\t\t<a class=\"rollover rollover-zoom dt-pswp-item\" title=\"d7562517-333a-4b50-9071-c574749e864b\" data-dt-img-description=\"\" data-large_image_width=\"1599\" data-large_image_height=\"899\"href='https:\/\/www.radiopiu.net\/wordpress\/wp-content\/uploads\/2023\/08\/d7562517-333a-4b50-9071-c574749e864b.jpg'><img loading=\"lazy\" decoding=\"async\" width=\"150\" height=\"150\" src=\"https:\/\/www.radiopiu.net\/wordpress\/wp-content\/uploads\/2023\/08\/d7562517-333a-4b50-9071-c574749e864b-150x150.jpg\" class=\"attachment-thumbnail size-thumbnail\" alt=\"\" \/><\/a>\n\t\t\t\t<\/dt><\/dl><dl class='gallery-item'>\n\t\t\t\t<dt class='gallery-icon landscape'>\n\t\t\t\t\t<a class=\"rollover rollover-zoom dt-pswp-item\" title=\"12bcded4-a4d1-42cf-8ba6-73d61f2a57db\" data-dt-img-description=\"\" data-large_image_width=\"1599\" data-large_image_height=\"899\"href='https:\/\/www.radiopiu.net\/wordpress\/wp-content\/uploads\/2023\/08\/12bcded4-a4d1-42cf-8ba6-73d61f2a57db.jpg'><img loading=\"lazy\" decoding=\"async\" width=\"150\" height=\"150\" src=\"https:\/\/www.radiopiu.net\/wordpress\/wp-content\/uploads\/2023\/08\/12bcded4-a4d1-42cf-8ba6-73d61f2a57db-150x150.jpg\" class=\"attachment-thumbnail size-thumbnail\" alt=\"\" \/><\/a>\n\t\t\t\t<\/dt><\/dl><dl class='gallery-item'>\n\t\t\t\t<dt class='gallery-icon landscape'>\n\t\t\t\t\t<a class=\"rollover rollover-zoom dt-pswp-item\" title=\"3d2c031d-d84e-4804-bd47-b251e518b642\" data-dt-img-description=\"\" data-large_image_width=\"1599\" data-large_image_height=\"899\"href='https:\/\/www.radiopiu.net\/wordpress\/wp-content\/uploads\/2023\/08\/3d2c031d-d84e-4804-bd47-b251e518b642.jpg'><img loading=\"lazy\" decoding=\"async\" width=\"150\" height=\"150\" src=\"https:\/\/www.radiopiu.net\/wordpress\/wp-content\/uploads\/2023\/08\/3d2c031d-d84e-4804-bd47-b251e518b642-150x150.jpg\" class=\"attachment-thumbnail size-thumbnail\" alt=\"\" \/><\/a>\n\t\t\t\t<\/dt><\/dl><dl class='gallery-item'>\n\t\t\t\t<dt class='gallery-icon landscape'>\n\t\t\t\t\t<a class=\"rollover rollover-zoom dt-pswp-item\" title=\"8d953d0a-f213-4cd5-9dee-4593a9ae610f\" data-dt-img-description=\"\" data-large_image_width=\"1599\" data-large_image_height=\"899\"href='https:\/\/www.radiopiu.net\/wordpress\/wp-content\/uploads\/2023\/08\/8d953d0a-f213-4cd5-9dee-4593a9ae610f.jpg'><img loading=\"lazy\" decoding=\"async\" width=\"150\" height=\"150\" src=\"https:\/\/www.radiopiu.net\/wordpress\/wp-content\/uploads\/2023\/08\/8d953d0a-f213-4cd5-9dee-4593a9ae610f-150x150.jpg\" class=\"attachment-thumbnail size-thumbnail\" alt=\"\" \/><\/a>\n\t\t\t\t<\/dt><\/dl><br style=\"clear: both\" \/><dl class='gallery-item'>\n\t\t\t\t<dt class='gallery-icon portrait'>\n\t\t\t\t\t<a class=\"rollover rollover-zoom dt-pswp-item\" title=\"56cd68ea-2bd0-4f90-8960-b7ae63db41ec\" data-dt-img-description=\"\" data-large_image_width=\"730\" data-large_image_height=\"1296\"href='https:\/\/www.radiopiu.net\/wordpress\/wp-content\/uploads\/2023\/08\/56cd68ea-2bd0-4f90-8960-b7ae63db41ec.jpg'><img loading=\"lazy\" decoding=\"async\" width=\"150\" height=\"150\" src=\"https:\/\/www.radiopiu.net\/wordpress\/wp-content\/uploads\/2023\/08\/56cd68ea-2bd0-4f90-8960-b7ae63db41ec-150x150.jpg\" class=\"attachment-thumbnail size-thumbnail\" alt=\"\" \/><\/a>\n\t\t\t\t<\/dt><\/dl><dl class='gallery-item'>\n\t\t\t\t<dt class='gallery-icon landscape'>\n\t\t\t\t\t<a class=\"rollover rollover-zoom dt-pswp-item\" title=\"99035164-71f1-4599-8010-20466e79f8ae\" data-dt-img-description=\"\" data-large_image_width=\"1296\" data-large_image_height=\"730\"href='https:\/\/www.radiopiu.net\/wordpress\/wp-content\/uploads\/2023\/08\/99035164-71f1-4599-8010-20466e79f8ae.jpg'><img loading=\"lazy\" decoding=\"async\" width=\"150\" height=\"150\" src=\"https:\/\/www.radiopiu.net\/wordpress\/wp-content\/uploads\/2023\/08\/99035164-71f1-4599-8010-20466e79f8ae-150x150.jpg\" class=\"attachment-thumbnail size-thumbnail\" alt=\"\" \/><\/a>\n\t\t\t\t<\/dt><\/dl><dl class='gallery-item'>\n\t\t\t\t<dt class='gallery-icon landscape'>\n\t\t\t\t\t<a class=\"rollover rollover-zoom dt-pswp-item\" title=\"527f3d2f-8eba-4b78-aa49-1fd869add377\" data-dt-img-description=\"\" data-large_image_width=\"1296\" data-large_image_height=\"730\"href='https:\/\/www.radiopiu.net\/wordpress\/wp-content\/uploads\/2023\/08\/527f3d2f-8eba-4b78-aa49-1fd869add377.jpg'><img loading=\"lazy\" decoding=\"async\" width=\"150\" height=\"150\" src=\"https:\/\/www.radiopiu.net\/wordpress\/wp-content\/uploads\/2023\/08\/527f3d2f-8eba-4b78-aa49-1fd869add377-150x150.jpg\" class=\"attachment-thumbnail size-thumbnail\" alt=\"\" \/><\/a>\n\t\t\t\t<\/dt><\/dl><dl class='gallery-item'>\n\t\t\t\t<dt class='gallery-icon landscape'>\n\t\t\t\t\t<a class=\"rollover rollover-zoom dt-pswp-item\" title=\"5c3f934c-eec5-4172-a8ce-2ae908418d7f\" data-dt-img-description=\"\" data-large_image_width=\"1296\" data-large_image_height=\"730\"href='https:\/\/www.radiopiu.net\/wordpress\/wp-content\/uploads\/2023\/08\/5c3f934c-eec5-4172-a8ce-2ae908418d7f.jpg'><img loading=\"lazy\" decoding=\"async\" width=\"150\" height=\"150\" src=\"https:\/\/www.radiopiu.net\/wordpress\/wp-content\/uploads\/2023\/08\/5c3f934c-eec5-4172-a8ce-2ae908418d7f-150x150.jpg\" class=\"attachment-thumbnail size-thumbnail\" alt=\"\" \/><\/a>\n\t\t\t\t<\/dt><\/dl><dl class='gallery-item'>\n\t\t\t\t<dt class='gallery-icon portrait'>\n\t\t\t\t\t<a class=\"rollover rollover-zoom dt-pswp-item\" title=\"f9c71eee-9b02-456a-97f8-5f16227a5e2a\" data-dt-img-description=\"\" data-large_image_width=\"730\" data-large_image_height=\"1296\"href='https:\/\/www.radiopiu.net\/wordpress\/wp-content\/uploads\/2023\/08\/f9c71eee-9b02-456a-97f8-5f16227a5e2a.jpg'><img loading=\"lazy\" decoding=\"async\" width=\"150\" height=\"150\" src=\"https:\/\/www.radiopiu.net\/wordpress\/wp-content\/uploads\/2023\/08\/f9c71eee-9b02-456a-97f8-5f16227a5e2a-150x150.jpg\" class=\"attachment-thumbnail size-thumbnail\" alt=\"\" \/><\/a>\n\t\t\t\t<\/dt><\/dl><br style=\"clear: both\" \/><dl class='gallery-item'>\n\t\t\t\t<dt class='gallery-icon portrait'>\n\t\t\t\t\t<a class=\"rollover rollover-zoom dt-pswp-item\" title=\"16e055d6-a629-4443-91d3-99d9034593b5\" data-dt-img-description=\"\" data-large_image_width=\"730\" data-large_image_height=\"1296\"href='https:\/\/www.radiopiu.net\/wordpress\/wp-content\/uploads\/2023\/08\/16e055d6-a629-4443-91d3-99d9034593b5.jpg'><img loading=\"lazy\" decoding=\"async\" width=\"150\" height=\"150\" src=\"https:\/\/www.radiopiu.net\/wordpress\/wp-content\/uploads\/2023\/08\/16e055d6-a629-4443-91d3-99d9034593b5-150x150.jpg\" class=\"attachment-thumbnail size-thumbnail\" alt=\"\" \/><\/a>\n\t\t\t\t<\/dt><\/dl><dl class='gallery-item'>\n\t\t\t\t<dt class='gallery-icon landscape'>\n\t\t\t\t\t<a class=\"rollover rollover-zoom dt-pswp-item\" title=\"6d3f01c2-83d5-4ac1-a583-fc3a84db4978\" data-dt-img-description=\"\" data-large_image_width=\"1296\" data-large_image_height=\"730\"href='https:\/\/www.radiopiu.net\/wordpress\/wp-content\/uploads\/2023\/08\/6d3f01c2-83d5-4ac1-a583-fc3a84db4978.jpg'><img loading=\"lazy\" decoding=\"async\" width=\"150\" height=\"150\" src=\"https:\/\/www.radiopiu.net\/wordpress\/wp-content\/uploads\/2023\/08\/6d3f01c2-83d5-4ac1-a583-fc3a84db4978-150x150.jpg\" class=\"attachment-thumbnail size-thumbnail\" alt=\"\" \/><\/a>\n\t\t\t\t<\/dt><\/dl><dl class='gallery-item'>\n\t\t\t\t<dt class='gallery-icon landscape'>\n\t\t\t\t\t<a class=\"rollover rollover-zoom dt-pswp-item\" title=\"49f42e55-edf3-45b1-ae86-ad99edafe19f\" data-dt-img-description=\"\" data-large_image_width=\"1296\" data-large_image_height=\"730\"href='https:\/\/www.radiopiu.net\/wordpress\/wp-content\/uploads\/2023\/08\/49f42e55-edf3-45b1-ae86-ad99edafe19f.jpg'><img loading=\"lazy\" decoding=\"async\" width=\"150\" height=\"150\" src=\"https:\/\/www.radiopiu.net\/wordpress\/wp-content\/uploads\/2023\/08\/49f42e55-edf3-45b1-ae86-ad99edafe19f-150x150.jpg\" class=\"attachment-thumbnail size-thumbnail\" alt=\"\" \/><\/a>\n\t\t\t\t<\/dt><\/dl><dl class='gallery-item'>\n\t\t\t\t<dt class='gallery-icon landscape'>\n\t\t\t\t\t<a class=\"rollover rollover-zoom dt-pswp-item\" title=\"1f759a04-c8a9-4060-8059-c907c4b18cbc\" data-dt-img-description=\"\" data-large_image_width=\"1599\" data-large_image_height=\"899\"href='https:\/\/www.radiopiu.net\/wordpress\/wp-content\/uploads\/2023\/08\/1f759a04-c8a9-4060-8059-c907c4b18cbc.jpg'><img loading=\"lazy\" decoding=\"async\" width=\"150\" height=\"150\" src=\"https:\/\/www.radiopiu.net\/wordpress\/wp-content\/uploads\/2023\/08\/1f759a04-c8a9-4060-8059-c907c4b18cbc-150x150.jpg\" class=\"attachment-thumbnail size-thumbnail\" alt=\"\" \/><\/a>\n\t\t\t\t<\/dt><\/dl><dl class='gallery-item'>\n\t\t\t\t<dt class='gallery-icon landscape'>\n\t\t\t\t\t<a class=\"rollover rollover-zoom dt-pswp-item\" title=\"d9b3e76b-c85d-4cd5-8b8a-1c050fef7ccf\" data-dt-img-description=\"\" data-large_image_width=\"1599\" data-large_image_height=\"899\"href='https:\/\/www.radiopiu.net\/wordpress\/wp-content\/uploads\/2023\/08\/d9b3e76b-c85d-4cd5-8b8a-1c050fef7ccf.jpg'><img loading=\"lazy\" decoding=\"async\" width=\"150\" height=\"150\" src=\"https:\/\/www.radiopiu.net\/wordpress\/wp-content\/uploads\/2023\/08\/d9b3e76b-c85d-4cd5-8b8a-1c050fef7ccf-150x150.jpg\" class=\"attachment-thumbnail size-thumbnail\" alt=\"\" \/><\/a>\n\t\t\t\t<\/dt><\/dl><br style=\"clear: both\" \/>\n\t\t\t<\/div>\n\n<p>&nbsp;<\/p>\n<hr \/>\n<p>&nbsp;<\/p>\n<blockquote>\n<h3>L&#8217;INAUGURAZIONE DEL MONUMENTO ALL&#8217;OSPITE A FALCADE<\/h3>\n<\/blockquote>\n<p><strong>LA DIRETTA RADIO PIU&#8217;<\/strong><\/p>\n<p><iframe loading=\"lazy\" title=\"inaugurazione Monumento All&#039;ospite di Falcade\" width=\"1200\" height=\"675\" src=\"https:\/\/www.youtube.com\/embed\/qNJWWNyUR9s?feature=oembed\" frameborder=\"0\" allow=\"accelerometer; autoplay; clipboard-write; encrypted-media; gyroscope; picture-in-picture; web-share\" allowfullscreen><\/iframe><\/p>\n<p>&nbsp;<\/p>\n<hr \/>\n<p>&nbsp;<\/p>\n<blockquote>\n<h3>L&#8217;INAUGURAZIONE DEL BABY BARBY PARK A MASARE&#8217;<\/h3>\n<\/blockquote>\n<p><strong>LA DIRETTA RADIO PIU&#8217;<\/strong><\/p>\n<p><iframe loading=\"lazy\" title=\"L&#039;inaugurazione del Baby Barby Park a Masar\u00e9\" width=\"1200\" height=\"675\" src=\"https:\/\/www.youtube.com\/embed\/EVDx1qFJato?feature=oembed\" frameborder=\"0\" allow=\"accelerometer; autoplay; clipboard-write; encrypted-media; gyroscope; picture-in-picture; web-share\" allowfullscreen><\/iframe><\/p>\n<p>&nbsp;<\/p>\n<hr \/>\n<p>&nbsp;<\/p>\n<blockquote>\n<h3>9 SETTEMBRE, AD AGORDO SPORT IN PIAZZA<\/h3>\n<\/blockquote>\n<p>&nbsp;<\/p>\n<p><strong><a class=\"dt-pswp-item\" href=\"https:\/\/www.radiopiu.net\/wordpress\/wp-content\/uploads\/2023\/08\/Senza-nome-70.png\" data-dt-img-description=\"\" data-large_image_width=\"563\" data-large_image_height=\"163\"><img loading=\"lazy\" decoding=\"async\" class=\"size-medium wp-image-350002 alignleft\" src=\"https:\/\/www.radiopiu.net\/wordpress\/wp-content\/uploads\/2023\/08\/Senza-nome-70-300x87.png\" alt=\"\" width=\"300\" height=\"87\" srcset=\"https:\/\/www.radiopiu.net\/wordpress\/wp-content\/uploads\/2023\/08\/Senza-nome-70-300x87.png 300w, https:\/\/www.radiopiu.net\/wordpress\/wp-content\/uploads\/2023\/08\/Senza-nome-70-350x100.png 350w, https:\/\/www.radiopiu.net\/wordpress\/wp-content\/uploads\/2023\/08\/Senza-nome-70.png 563w\" sizes=\"auto, (max-width: 300px) 100vw, 300px\" \/><\/a>AGORDO <\/strong>Sabato 9 settembre 2023 le organizzazioni sportive e di volontariato dell\u2019Agordino organizzeranno ad Agordo la XVI\u00b0 edizione della manifestazione \u201cSport in piazza nell\u2019Agordino\u201d . Durante tutta la giornata , dalle 9.30 alle 12.30 e dalle 14.00 alle 18.00 proporranno a bambini e ragazzi\u00a0 le loro attivit\u00e0 sul grande prato del Broi di Agordo e nelle strade e spazi limitrofi, chiusi al traffico in collaborazione con l\u2019Amministrazione comunale e la polizia locale di Agordo. I giovani partecipanti potranno raccogliere in una apposita scheda i timbri di \u201cavvenuta attivit\u00e0\u201d rilasciati da ciascuno stand: a chi raccoglier\u00e0 un congruo numero di timbri, \u00a0al termine\u00a0 del percorso sar\u00e0 regalata la maglietta ricordo della manifestazione.<\/p>\n<p>Sotto l\u2019egida del Comitato provinciale AICS di Belluno , hanno gi\u00e0 dato la loro adesione 14 associazioni sportive, oltre ad alcune\u00a0 associazioni di volontariato: bambini e ragazzi potranno sperimentare in prima persona dalla pesca sportiva alla danza, dallo sci alla pallavolo, dall\u2019atletica al pattinaggio on line, dall\u2019Hockey alla ginnastica ritmica, e ancora judo, karate, scherma antica, nuoto e \u00a0tennis . Le associazioni di volontariato coinvolgeranno i giovani in giochi che avranno a tema l\u2019attivit\u00e0 e gli scopi della loro associazione. Obiettivo della manifestazione \u00e8\u00a0 far vivere concretamente ai ragazzini esperienze\u00a0 sportive o di volontariato , per stimolarli ad impegnarsi nella pratica attiva durante la loro vita. La manifestazione gode del patrocinio del CONI regionale Veneto,\u00a0 del Comune di Agordo e dell\u2019Unione Montana Agordina. Fondamentale l\u2019aiuto di tante piccole realt\u00e0 commerciali locali, cui va il ringraziamento degli organizzatori.<\/p>\n<p>&nbsp;<\/p>\n<p>&nbsp;<\/p>\n<hr \/>\n<p>&nbsp;<\/p>\n<h2><span style=\"color: #ff0000;\">GLI APPUNTAMENTI DELLA SETTIMANA\u00a0<\/span><\/h2>\n<blockquote>\n<h3>A LE BUSE &#8220;VINO E CIBO IN QUOTA&#8221; TRA I PANORAMI DELLE DOLOMITI<\/h3>\n<\/blockquote>\n<p><strong><a class=\"dt-pswp-item\" href=\"https:\/\/www.radiopiu.net\/wordpress\/wp-content\/uploads\/2023\/08\/Senza-nome-77.png\" data-dt-img-description=\"\" data-large_image_width=\"606\" data-large_image_height=\"243\"><img loading=\"lazy\" decoding=\"async\" class=\"size-medium wp-image-350130 alignleft\" src=\"https:\/\/www.radiopiu.net\/wordpress\/wp-content\/uploads\/2023\/08\/Senza-nome-77-300x120.png\" alt=\"\" width=\"300\" height=\"120\" srcset=\"https:\/\/www.radiopiu.net\/wordpress\/wp-content\/uploads\/2023\/08\/Senza-nome-77-300x120.png 300w, https:\/\/www.radiopiu.net\/wordpress\/wp-content\/uploads\/2023\/08\/Senza-nome-77.png 606w\" sizes=\"auto, (max-width: 300px) 100vw, 300px\" \/><\/a>FALCADE\u00a0<\/strong> La stagione estiva a Le Buse di Falcade non termina ad agosto. Settembre s&#8217;apre con il botto. Sabato 2\u00a0 &#8220;vino e cibo in quota&#8221;, \u00e8 l&#8217;evento proposto per il secondo anno da Chalet Le Buse, Baita Gigio Picol, Malga Le Buse e Ski Stop. Sar\u00e0 proposta la degustazione di 4 cicchetti abbinati a 4 calici con possibilit\u00e0 di salire e scendere in\u00a0 Cabinovia (aperta fino alle 17.30). Prenotazioni entro giovedi 31 agosto iscrivendosi sul sito <a href=\"https:\/\/www.falcadedolomiti.it\/\">www.falcadedolomiti.it<\/a><\/p>\n<p>Un circuito di sapori, un circuito di piacere con i cicchetti itineranti tra i panorami delle Dolomiti: <strong>CHALET LE BUSE<\/strong> Sfera di polenta ripiena con guancialino di maiale, salsa al barolo e porcini con Barbera Bovio o Valpolicella classico Conte Rugolin. <strong>GIGIO PICOL\u00a0<\/strong> Crostino con ricotta montata alle erbe e trota affumicata, con spumante pinot nero Blanc de noir Montagna o Traminer Vigna del Lauro <strong>MALGA LE BUSE<\/strong> Strudel salato con crema di formaggio di malga, con Raboso frizzante Sutto o Soave San Michele C\u00e0 Rugate; <strong>SKI STOP<\/strong>\u00a0 Battuta di salmone al coltello su humus di ceci e croste di mais con Rosato Negroamaro Vallone o Primitivo imprint a mano.<\/p>\n<p>&nbsp;<\/p>\n<blockquote>\n<h3>IL CORSO DI ECOLOGIA<\/h3>\n<\/blockquote>\n<p><strong>SAN VITO DI CADORE <\/strong>Tra il 29 agosto e l&#8217;1 settembre, si svolger\u00e0 la <i>57esima edizione del Corso di Cultura in Ecologia<\/i>, che quest&#8217;anno \u00e8 incentrato sul tema de <b>Le Foreste vetuste<\/b>. <i>Il Corso<\/i> di svolge al <i>Centro Studi per l\u2019Ambiente Alpino di San Vito di Cadore<\/i>, ed include una visita all&#8217;<i>ex Villaggio Eni di Corte di Cadore<\/i> (gioved\u00ec 31 agosto dalle ore 16:30 alle 18:00), nel corso della quale si racconter\u00e0 il programma di rigenerazione del sito di Borca, e si far\u00e0 visita ad alcuni dei laboratori attivi nella Colonia, nei quali gli artisti interpretano temi connessi alle ricerche del Tesaf (Bostrico, Tempesta Vaia, Foreste vetuste).<\/p>\n<p>&nbsp;<\/p>\n<blockquote>\n<h3>LA GIORNATA DEL RESPIRO<\/h3>\n<\/blockquote>\n<p><strong>BELLUNO<\/strong> Sabato 2 settembre al Ristorante De Gusto Dolomiti di Via Meassa a Sagrogna di Belluno viene organizzata una giornata all&#8217;insegna della ricerca del buon cibo e della magia. Info e prenotazioni al 373 5042705 o 373 5101875. Le donazioni raccolte durante l&#8217;evento saranno devolute alla Fondazione Ricerca Fibrosi Cistica<\/p>\n<p>&nbsp;<\/p>\n<h2><span style=\"color: #ff0000;\">PROSSIMAMENTE&#8230;\u00a0<\/span><\/h2>\n<blockquote>\n<h3>ESPERIENZA CULINARIA AL RIFUGIO AVERAU<\/h3>\n<\/blockquote>\n<p><strong>CORTINA<\/strong> Marted\u00ec 12 settembre, evento straordinario al Rifugio Averau. Gli chef di casa, Matteo e Stefano, della trattoria alla Cima di Valdobbiadene uniscono genio e bravura per un&#8217;esperienza unica &#8220;dalla laguna alle dolomiti&#8221;. Un percorso enogastronomico dal mare ai fiumi, dalle colline ai boschi del veneziano, trevigiano e bellunese fino alle cime di Cortina. Sar\u00e0 predisposto su prenotazione un servizio di trasporto in jeep dal rifugio Cinque Torri, raggiungibile in macchina dalla strada del passo Falzarego Per info e prenotazioni: 0436 4660<br \/>\nDALLA LAGUNA ALLE DOLOMITI, 12 SETTEMBRE AL RIFUGIO AVERAU<\/p>\n<p>&nbsp;<\/p>\n<p>&nbsp;<\/p>\n<hr \/>\n<p>&nbsp;<\/p>\n<h2><strong><a class=\"dt-pswp-item\" href=\"https:\/\/www.radiopiu.net\/wordpress\/wp-content\/uploads\/2020\/12\/DON-GIORGIO-LISE.jpg\" data-dt-img-description=\"\" data-large_image_width=\"1600\" data-large_image_height=\"901\"><img loading=\"lazy\" decoding=\"async\" class=\" wp-image-177420 alignleft\" src=\"https:\/\/www.radiopiu.net\/wordpress\/wp-content\/uploads\/2020\/12\/DON-GIORGIO-LISE-300x169.jpg\" alt=\"\" width=\"209\" height=\"118\" srcset=\"https:\/\/www.radiopiu.net\/wordpress\/wp-content\/uploads\/2020\/12\/DON-GIORGIO-LISE-300x169.jpg 300w, https:\/\/www.radiopiu.net\/wordpress\/wp-content\/uploads\/2020\/12\/DON-GIORGIO-LISE-1024x577.jpg 1024w, https:\/\/www.radiopiu.net\/wordpress\/wp-content\/uploads\/2020\/12\/DON-GIORGIO-LISE-768x432.jpg 768w, https:\/\/www.radiopiu.net\/wordpress\/wp-content\/uploads\/2020\/12\/DON-GIORGIO-LISE-1536x865.jpg 1536w, https:\/\/www.radiopiu.net\/wordpress\/wp-content\/uploads\/2020\/12\/DON-GIORGIO-LISE.jpg 1600w\" sizes=\"auto, (max-width: 209px) 100vw, 209px\" \/><\/a><\/strong><span style=\"color: #808000;\">DUE MINUTI PER TE<\/span><\/h2>\n<p><strong>APPUNTAMENTO DOMENICALE CON IL PENSIERO DI MONSIGNOR GIORGIO LISE<\/strong><\/p>\n<audio class=\"wp-audio-shortcode\" id=\"audio-350310-3\" preload=\"none\" style=\"width: 100%;\" controls=\"controls\"><source type=\"audio\/mpeg\" src=\"https:\/\/www.radiopiu.net\/wordpress\/wp-content\/uploads\/2023\/08\/DON-GIORGIO-3.mp3?_=3\" \/><a href=\"https:\/\/www.radiopiu.net\/wordpress\/wp-content\/uploads\/2023\/08\/DON-GIORGIO-3.mp3\">https:\/\/www.radiopiu.net\/wordpress\/wp-content\/uploads\/2023\/08\/DON-GIORGIO-3.mp3<\/a><\/audio>\n<p>&nbsp;<\/p>\n<hr \/>\n<p>&nbsp;<\/p>\n<div class=\"message spoilers-container\" dir=\"auto\">\n<div class=\"column\">\n<div class=\"message spoilers-container\" dir=\"auto\">\n<div class=\"column\">\n<p><img loading=\"lazy\" decoding=\"async\" class=\"aligncenter wp-image-61954 size-full\" src=\"https:\/\/www.radiopiu.net\/wordpress\/wp-content\/uploads\/2018\/09\/viabilita.jpeg\" sizes=\"auto, (max-width: 800px) 100vw, 800px\" srcset=\"https:\/\/www.radiopiu.net\/wordpress\/wp-content\/uploads\/2018\/09\/viabilita.jpeg 800w, https:\/\/www.radiopiu.net\/wordpress\/wp-content\/uploads\/2018\/09\/viabilita-300x38.jpeg 300w, https:\/\/www.radiopiu.net\/wordpress\/wp-content\/uploads\/2018\/09\/viabilita-768x96.jpeg 768w\" alt=\"\" width=\"800\" height=\"100\" \/><\/p>\n<\/div>\n<\/div>\n<div class=\"message spoilers-container\" dir=\"auto\">\n<div class=\"column\">\n<p>&nbsp;<\/p>\n<\/div>\n<\/div>\n<\/div>\n<\/div>\n<blockquote class=\"wp-embedded-content\" data-secret=\"tPbWKDxWAt\"><p><a href=\"https:\/\/www.radiopiu.net\/wordpress\/viabilita\/\">viabilita<\/a><\/p><\/blockquote>\n<p><iframe loading=\"lazy\" class=\"wp-embedded-content\" sandbox=\"allow-scripts\" security=\"restricted\" style=\"position: absolute; clip: rect(1px, 1px, 1px, 1px);\" title=\"&#8220;viabilita&#8221; &#8212; Radio Pi\u00f9\" src=\"https:\/\/www.radiopiu.net\/wordpress\/viabilita\/embed\/#?secret=sOIT6773ib#?secret=tPbWKDxWAt\" data-secret=\"tPbWKDxWAt\" width=\"600\" height=\"338\" frameborder=\"0\" marginwidth=\"0\" marginheight=\"0\" scrolling=\"no\"><\/iframe><\/p>\n<div class=\"message spoilers-container\" dir=\"auto\">\n<div class=\"column\">\n<div class=\"message spoilers-container\" dir=\"auto\">\n<div class=\"column\">\n<div>\n<div dir=\"ltr\">\n<div class=\"gmail_quote\">\n<div dir=\"ltr\">\n<div><\/div>\n<div><\/div>\n<div><\/div>\n<\/div>\n<\/div>\n<\/div>\n<\/div>\n<hr \/>\n<p>&nbsp;<\/p>\n<p><a class=\"dt-pswp-item\" href=\"https:\/\/www.radiopiu.net\/wordpress\/wp-content\/uploads\/2018\/09\/WhatsApp-Image-2018-09-20-at-16.04.06.jpeg\" data-dt-img-description=\"\" data-large_image_width=\"800\" data-large_image_height=\"100\"><img loading=\"lazy\" decoding=\"async\" class=\"wp-image-61378 size-full aligncenter\" src=\"https:\/\/www.radiopiu.net\/wordpress\/wp-content\/uploads\/2018\/09\/WhatsApp-Image-2018-09-20-at-16.04.06.jpeg\" alt=\"\" width=\"800\" height=\"100\" srcset=\"https:\/\/www.radiopiu.net\/wordpress\/wp-content\/uploads\/2018\/09\/WhatsApp-Image-2018-09-20-at-16.04.06.jpeg 800w, https:\/\/www.radiopiu.net\/wordpress\/wp-content\/uploads\/2018\/09\/WhatsApp-Image-2018-09-20-at-16.04.06-300x38.jpeg 300w, https:\/\/www.radiopiu.net\/wordpress\/wp-content\/uploads\/2018\/09\/WhatsApp-Image-2018-09-20-at-16.04.06-768x96.jpeg 768w\" sizes=\"auto, (max-width: 800px) 100vw, 800px\" \/><\/a><\/p>\n<\/div>\n<\/div>\n<p>&nbsp;<\/p>\n<div class=\"message spoilers-container\" dir=\"auto\"><center><b>OGGI<\/b><\/center><b>Tempo atteso: <\/b>Forte maltempo con alternamza di fasi perturbate e instabili, in alcuni momenti l&#8217;instabilit\u00e0 risulter\u00e0 anche assai spiccata con fenomeni a tratti intensi. Alla sera attenuazione del maltempo a partire dai settori occidentali. Il contesto termico sar\u00e0 decisamente pi\u00f9 fresco e l&#8217;escursione termica giornaliera assai ridotta.<br \/>\n<b>Precipitazioni: <\/b>Probabilit\u00e0 molto alta di piogge diffuse (90-100%), spesso persistenti, a carattere di rovescio e temporali. In alcuni momenti della fase iniziale i fenomeni saranno di forte intensit\u00e0 e localmente grandinigeni.<br \/>\n<b>Temperature: <\/b>In generale calo, con minime osservate alla sera; la flessione sar\u00e0 pi\u00f9 avvertita per le massime.<\/p>\n<hr \/>\n<p><center><b>DOMANI<\/b><\/center><b>Tempo atteso: <\/b>Il maltempo perdurer\u00e0, seppur in maniera residua. Il cielo rimarr\u00e0 nuvoloso o molto nuvoloso, assieme a un alta probabilit\u00e0 di precipitazioni al mattino, meno al pomeriggio. Il contesto termico sar\u00e0 sempre pi\u00f9 fresco, anche freddo e ventilato in alta quota.<br \/>\n<b>Precipitazioni: <\/b>Probabilit\u00e0 alta di nuove piogge (80-90%) al mattino, spesso a carattere di rovescio, anche temporalesche sulla fascia prealpina, mentre il rischio temporale sar\u00e0 pi\u00f9 remoto sulle Dolomiti. Al pomeriggio minore rischio pioggia (60-70%).<br \/>\n<b>Temperature: <\/b>In ulteriore generale flessione con ritorno del freddo in alta quota.<\/p>\n<hr \/>\n<p><center><b>MERCOLEDI<\/b><\/center>Variabilit\u00e0 con schiarite e prevalenza di cielo nuvoloso, a tratti molto nuvoloso, associato a qualche residuo piovasco, con qualche fiocco di neve oltre i 2900-3000 m. Temperature in calo, eccetto lieve ripresa delle massime nelle valli maggiormente interessate dalle schiarite.<\/p>\n<hr \/>\n<p><center><b>GIOVEDI<\/b><\/center>Ritorno del tempo stabile e in prevalenza soleggiato con cielo sereno o poco nuvoloso per modesti cumuli nelle ore pi\u00f9 calde. Temperature minime in calo e massime in ripresa.<\/p>\n<p>&nbsp;<\/p>\n<\/div>\n<div class=\"message spoilers-container\" dir=\"auto\">\n<hr \/>\n<p>&nbsp;<\/p>\n<p><img loading=\"lazy\" decoding=\"async\" class=\"wp-image-60761 size-full aligncenter\" src=\"https:\/\/www.radiopiu.net\/wordpress\/wp-content\/uploads\/2018\/09\/sport.jpg\" alt=\"\" width=\"800\" height=\"100\" srcset=\"https:\/\/www.radiopiu.net\/wordpress\/wp-content\/uploads\/2018\/09\/sport.jpg 800w, https:\/\/www.radiopiu.net\/wordpress\/wp-content\/uploads\/2018\/09\/sport-300x38.jpg 300w, https:\/\/www.radiopiu.net\/wordpress\/wp-content\/uploads\/2018\/09\/sport-768x96.jpg 768w\" sizes=\"auto, (max-width: 800px) 100vw, 800px\" \/><\/p>\n<p>&nbsp;<\/p>\n<\/div>\n\n\t\t\t<style type='text\/css'>\n\t\t\t\t#gallery-3 {\n\t\t\t\t\tmargin: auto;\n\t\t\t\t}\n\t\t\t\t#gallery-3 .gallery-item {\n\t\t\t\t\tfloat: left;\n\t\t\t\t\tmargin-top: 10px;\n\t\t\t\t\ttext-align: center;\n\t\t\t\t\twidth: 50%;\n\t\t\t\t}\n\t\t\t\t#gallery-3 img {\n\t\t\t\t\tborder: 2px solid #cfcfcf;\n\t\t\t\t}\n\t\t\t\t#gallery-3 .gallery-caption {\n\t\t\t\t\tmargin-left: 0;\n\t\t\t\t}\n\t\t\t\t\/* see gallery_shortcode() in wp-includes\/media.php *\/\n\t\t\t<\/style>\n\t\t<div id='gallery-3' class='dt-gallery-container gallery galleryid-350310 gallery-columns-2 gallery-size-thumbnail'><dl class='gallery-item'>\n\t\t\t\t<dt class='gallery-icon portrait'>\n\t\t\t\t\t<a class=\"rollover rollover-zoom dt-pswp-item\" title=\"cb3e84c7-6b7b-4086-b96b-e2b820cc0e41\" data-dt-img-description=\"\" data-large_image_width=\"1132\" data-large_image_height=\"1600\"href='https:\/\/www.radiopiu.net\/wordpress\/wp-content\/uploads\/2023\/07\/cb3e84c7-6b7b-4086-b96b-e2b820cc0e41.jpg'><img loading=\"lazy\" decoding=\"async\" width=\"150\" height=\"150\" src=\"https:\/\/www.radiopiu.net\/wordpress\/wp-content\/uploads\/2023\/07\/cb3e84c7-6b7b-4086-b96b-e2b820cc0e41-150x150.jpg\" class=\"attachment-thumbnail size-thumbnail\" alt=\"\" aria-describedby=\"gallery-3-345600\" \/><\/a>\n\t\t\t\t<\/dt>\n\t\t\t\t\t<dd class='wp-caption-text gallery-caption' id='gallery-3-345600'>\n\t\t\t\t\tVOLTAGO\n\t\t\t\t\t<\/dd><\/dl><dl class='gallery-item'>\n\t\t\t\t<dt class='gallery-icon portrait'>\n\t\t\t\t\t<a class=\"rollover rollover-zoom dt-pswp-item\" title=\"Locandina Trofeo 16 Comuni dell&#039;Agordino\" data-dt-img-description=\"\" data-large_image_width=\"828\" data-large_image_height=\"1151\"href='https:\/\/www.radiopiu.net\/wordpress\/wp-content\/uploads\/2023\/08\/Locandina-Trofeo-16-Comuni-dellAgordino.jpg'><img loading=\"lazy\" decoding=\"async\" width=\"150\" height=\"150\" src=\"https:\/\/www.radiopiu.net\/wordpress\/wp-content\/uploads\/2023\/08\/Locandina-Trofeo-16-Comuni-dellAgordino-150x150.jpg\" class=\"attachment-thumbnail size-thumbnail\" alt=\"\" aria-describedby=\"gallery-3-349182\" \/><\/a>\n\t\t\t\t<\/dt>\n\t\t\t\t\t<dd class='wp-caption-text gallery-caption' id='gallery-3-349182'>\n\t\t\t\t\tTROFEO 16 COMUNI\n\t\t\t\t\t<\/dd><\/dl><br style=\"clear: both\" \/>\n\t\t\t<\/div>\n\n<p><span style=\"color: #0000ff;\"><strong>CORSA IN MONTAGNA<\/strong><\/span><\/p>\n<blockquote>\n<h3>MANUEL DA COSTA SI AGGIUDICA LA VERTICAL 107. PATRIZIA ZANETTE VINCE NELLA FEMMINILE<\/h3>\n<\/blockquote>\n<p><strong>FALCADE<\/strong> Si \u00e8 svolta tra le localit\u00e0 Molino e Le Buse a Falcade la Vertical 107, la gara di corsa estrema che ha visto i concorrenti affrontare i 107 scalini che collegano le due zone falcadine. Sulla lunghezza di 1900 metri ed un dislivello di 670 metri, ad avere la meglio \u00e8 stato Manuel Da Col che ha chiuso la gara in 24&#8217;40&#8221; staccando di 30&#8243; Isacco Costa. Sul terzo gradino del podio Filippo Beccari. Nella femminile la vittoria \u00e8 andata a Patrizia Zanette con il tempo di 25&#8217;28&#8221;. Seconda posizione per Heidi Dapunt e terza Daniela Miatello. Sono stati 107 i concorrenti in gara.<\/p>\n\n\t\t\t<style type='text\/css'>\n\t\t\t\t#gallery-4 {\n\t\t\t\t\tmargin: auto;\n\t\t\t\t}\n\t\t\t\t#gallery-4 .gallery-item {\n\t\t\t\t\tfloat: left;\n\t\t\t\t\tmargin-top: 10px;\n\t\t\t\t\ttext-align: center;\n\t\t\t\t\twidth: 25%;\n\t\t\t\t}\n\t\t\t\t#gallery-4 img {\n\t\t\t\t\tborder: 2px solid #cfcfcf;\n\t\t\t\t}\n\t\t\t\t#gallery-4 .gallery-caption {\n\t\t\t\t\tmargin-left: 0;\n\t\t\t\t}\n\t\t\t\t\/* see gallery_shortcode() in wp-includes\/media.php *\/\n\t\t\t<\/style>\n\t\t<div id='gallery-4' class='dt-gallery-container gallery galleryid-350310 gallery-columns-4 gallery-size-thumbnail'><dl class='gallery-item'>\n\t\t\t\t<dt class='gallery-icon portrait'>\n\t\t\t\t\t<a class=\"rollover rollover-zoom dt-pswp-item\" title=\"04acd6c2-196d-4e61-9de1-6f1275b7e692\" data-dt-img-description=\"\" data-large_image_width=\"768\" data-large_image_height=\"1024\"href='https:\/\/www.radiopiu.net\/wordpress\/wp-content\/uploads\/2023\/08\/04acd6c2-196d-4e61-9de1-6f1275b7e692.jpg'><img loading=\"lazy\" decoding=\"async\" width=\"150\" height=\"150\" src=\"https:\/\/www.radiopiu.net\/wordpress\/wp-content\/uploads\/2023\/08\/04acd6c2-196d-4e61-9de1-6f1275b7e692-150x150.jpg\" class=\"attachment-thumbnail size-thumbnail\" alt=\"\" \/><\/a>\n\t\t\t\t<\/dt><\/dl><dl class='gallery-item'>\n\t\t\t\t<dt class='gallery-icon portrait'>\n\t\t\t\t\t<a class=\"rollover rollover-zoom dt-pswp-item\" title=\"aa3b1af9-4a2d-448a-ade1-ad9c6eade766\" data-dt-img-description=\"\" data-large_image_width=\"768\" data-large_image_height=\"1024\"href='https:\/\/www.radiopiu.net\/wordpress\/wp-content\/uploads\/2023\/08\/aa3b1af9-4a2d-448a-ade1-ad9c6eade766.jpg'><img loading=\"lazy\" decoding=\"async\" width=\"150\" height=\"150\" src=\"https:\/\/www.radiopiu.net\/wordpress\/wp-content\/uploads\/2023\/08\/aa3b1af9-4a2d-448a-ade1-ad9c6eade766-150x150.jpg\" class=\"attachment-thumbnail size-thumbnail\" alt=\"\" \/><\/a>\n\t\t\t\t<\/dt><\/dl><dl class='gallery-item'>\n\t\t\t\t<dt class='gallery-icon portrait'>\n\t\t\t\t\t<a class=\"rollover rollover-zoom dt-pswp-item\" title=\"0898a281-7ae9-4d1f-8f78-285044be8159\" data-dt-img-description=\"\" data-large_image_width=\"768\" data-large_image_height=\"1024\"href='https:\/\/www.radiopiu.net\/wordpress\/wp-content\/uploads\/2023\/08\/0898a281-7ae9-4d1f-8f78-285044be8159.jpg'><img loading=\"lazy\" decoding=\"async\" width=\"150\" height=\"150\" src=\"https:\/\/www.radiopiu.net\/wordpress\/wp-content\/uploads\/2023\/08\/0898a281-7ae9-4d1f-8f78-285044be8159-150x150.jpg\" class=\"attachment-thumbnail size-thumbnail\" alt=\"\" \/><\/a>\n\t\t\t\t<\/dt><\/dl><dl class='gallery-item'>\n\t\t\t\t<dt class='gallery-icon portrait'>\n\t\t\t\t\t<a class=\"rollover rollover-zoom dt-pswp-item\" title=\"f21f1eef-dbfb-485b-be18-4807c645c87c\" data-dt-img-description=\"\" data-large_image_width=\"768\" data-large_image_height=\"1024\"href='https:\/\/www.radiopiu.net\/wordpress\/wp-content\/uploads\/2023\/08\/f21f1eef-dbfb-485b-be18-4807c645c87c.jpg'><img loading=\"lazy\" decoding=\"async\" width=\"150\" height=\"150\" src=\"https:\/\/www.radiopiu.net\/wordpress\/wp-content\/uploads\/2023\/08\/f21f1eef-dbfb-485b-be18-4807c645c87c-150x150.jpg\" class=\"attachment-thumbnail size-thumbnail\" alt=\"\" \/><\/a>\n\t\t\t\t<\/dt><\/dl><br style=\"clear: both\" \/>\n\t\t\t<\/div>\n\n<p>&nbsp;<\/p>\n<p><strong>LA CLASSIFICA<\/strong><\/p>\n\n\t\t\t<style type='text\/css'>\n\t\t\t\t#gallery-5 {\n\t\t\t\t\tmargin: auto;\n\t\t\t\t}\n\t\t\t\t#gallery-5 .gallery-item {\n\t\t\t\t\tfloat: left;\n\t\t\t\t\tmargin-top: 10px;\n\t\t\t\t\ttext-align: center;\n\t\t\t\t\twidth: 33%;\n\t\t\t\t}\n\t\t\t\t#gallery-5 img {\n\t\t\t\t\tborder: 2px solid #cfcfcf;\n\t\t\t\t}\n\t\t\t\t#gallery-5 .gallery-caption {\n\t\t\t\t\tmargin-left: 0;\n\t\t\t\t}\n\t\t\t\t\/* see gallery_shortcode() in wp-includes\/media.php *\/\n\t\t\t<\/style>\n\t\t<div id='gallery-5' class='dt-gallery-container gallery galleryid-350310 gallery-columns-3 gallery-size-medium'><dl class='gallery-item'>\n\t\t\t\t<dt class='gallery-icon portrait'>\n\t\t\t\t\t<a class=\"rollover rollover-zoom dt-pswp-item\" title=\"111\" data-dt-img-description=\"\" data-large_image_width=\"768\" data-large_image_height=\"1024\"href='https:\/\/www.radiopiu.net\/wordpress\/wp-content\/uploads\/2023\/08\/111.jpg'><img loading=\"lazy\" decoding=\"async\" width=\"225\" height=\"300\" src=\"https:\/\/www.radiopiu.net\/wordpress\/wp-content\/uploads\/2023\/08\/111-225x300.jpg\" class=\"attachment-medium size-medium\" alt=\"\" srcset=\"https:\/\/www.radiopiu.net\/wordpress\/wp-content\/uploads\/2023\/08\/111-225x300.jpg 225w, https:\/\/www.radiopiu.net\/wordpress\/wp-content\/uploads\/2023\/08\/111.jpg 768w\" sizes=\"auto, (max-width: 225px) 100vw, 225px\" \/><\/a>\n\t\t\t\t<\/dt><\/dl><dl class='gallery-item'>\n\t\t\t\t<dt class='gallery-icon portrait'>\n\t\t\t\t\t<a class=\"rollover rollover-zoom dt-pswp-item\" title=\"222\" data-dt-img-description=\"\" data-large_image_width=\"768\" data-large_image_height=\"1024\"href='https:\/\/www.radiopiu.net\/wordpress\/wp-content\/uploads\/2023\/08\/222.jpg'><img loading=\"lazy\" decoding=\"async\" width=\"225\" height=\"300\" src=\"https:\/\/www.radiopiu.net\/wordpress\/wp-content\/uploads\/2023\/08\/222-225x300.jpg\" class=\"attachment-medium size-medium\" alt=\"\" srcset=\"https:\/\/www.radiopiu.net\/wordpress\/wp-content\/uploads\/2023\/08\/222-225x300.jpg 225w, https:\/\/www.radiopiu.net\/wordpress\/wp-content\/uploads\/2023\/08\/222.jpg 768w\" sizes=\"auto, (max-width: 225px) 100vw, 225px\" \/><\/a>\n\t\t\t\t<\/dt><\/dl><dl class='gallery-item'>\n\t\t\t\t<dt class='gallery-icon portrait'>\n\t\t\t\t\t<a class=\"rollover rollover-zoom dt-pswp-item\" title=\"333\" data-dt-img-description=\"\" data-large_image_width=\"768\" data-large_image_height=\"1024\"href='https:\/\/www.radiopiu.net\/wordpress\/wp-content\/uploads\/2023\/08\/333.jpg'><img loading=\"lazy\" decoding=\"async\" width=\"225\" height=\"300\" src=\"https:\/\/www.radiopiu.net\/wordpress\/wp-content\/uploads\/2023\/08\/333-225x300.jpg\" class=\"attachment-medium size-medium\" alt=\"\" srcset=\"https:\/\/www.radiopiu.net\/wordpress\/wp-content\/uploads\/2023\/08\/333-225x300.jpg 225w, https:\/\/www.radiopiu.net\/wordpress\/wp-content\/uploads\/2023\/08\/333.jpg 768w\" sizes=\"auto, (max-width: 225px) 100vw, 225px\" \/><\/a>\n\t\t\t\t<\/dt><\/dl><br style=\"clear: both\" \/>\n\t\t\t<\/div>\n\n<p>&nbsp;<\/p>\n<p><span style=\"color: #0000ff;\"><strong>HOCKEY SU GHIACCIO<\/strong><\/span><\/p>\n<blockquote>\n<h3>I GIOVANISSIMI MATTEO DA TOS, NICOLO&#8217; FONTANIVE E CRISTIAN FATTOR PROMOSSI NEL ROSTER DELL\u2019ALLEGHE SENIOR<\/h3>\n<\/blockquote>\n<p><strong>di Roberto Miana, Portavoce dell&#8217;Alleghe Hockey<\/strong><\/p>\n<p>La Societ\u00e0 Biancorossa annuncia la promozione, nel roster della prima squadra, dei giovanissimi MATTEO DA TOS, NICOL\u00d2 FONTANIVE e CRISTIAN FATTOR. Promettenti ragazzi cresciuti tutti nel vivaio alleghese e facenti parte dell\u2019Under 19 biancorossa. Nell\u2019ultima stagione avevano gi\u00e0 svolto allenamenti con la prima squadra e quest\u2019anno continueranno il loro processo di crescita e maturazione con la possibilit\u00e0, all\u2019occorrenza, di dare il loro contributo anche nel campionato IHL.<\/p>\n<p>Matteo DA TOS: terzino, classe 2006 di Alleghe. Nell\u2019ultimo campionato ha disputato 40 partite tra Under 17 e Under 19, facendo anche l\u2019esordio in IHL nella trasferta lombarda contro il Como. Il pensiero di Matteo: \u201cVista la scorsa stagione ci speravo di continuare a restare con la prima squadra anche quest\u2019anno. Sono contento e fiero di far parte del gruppo che tifo e guardo giocare da tanti anni\u201c<\/p>\n<p>Nicol\u00f2 FONTANIVE: ala, classe 2007 di Alleghe. Nella stagione scorsa, con Under 17 e Under 19, ha fatto registrare 48 presenze. Nicol\u00f2 \u00e8 figlio d\u2019arte: pap\u00e0 Fabrizio da met\u00e0 anni Novanta per 17 stagioni \u00e8 stato una colonna della squadra biancorossa, vestendone con onore la casacca per 657 gare e realizzando 465 punti. Le parole di Nicol\u00f2: \u201cSono molto felice di essere nel roster della prima squadra. Sinceramente non me lo aspettavo. Adesso non resta altro che fare una buona stagione. L\u2019anno scorso ho gi\u00e0 avuto l\u2019occasione di allenarmi con la senior e mi sono trovato molto bene\u201d<\/p>\n<p>Cristian FATTOR: centro, classe 2007 cresciuto ad Agordo e residente a Sedico. Nel campionato passato ha collezionato 38 presenze tra Under 17 e Under 19. Questo quanto ci ha detto Cristian: \u201cSono contentissimo di far parte di questa squadra, non me lo aspettavo \u00e8 non ci credo ancora\u2026\u201d<\/p>\n<p>(FOTO: Annalisa Dal Mas)<\/p>\n\n\t\t\t<style type='text\/css'>\n\t\t\t\t#gallery-6 {\n\t\t\t\t\tmargin: auto;\n\t\t\t\t}\n\t\t\t\t#gallery-6 .gallery-item {\n\t\t\t\t\tfloat: left;\n\t\t\t\t\tmargin-top: 10px;\n\t\t\t\t\ttext-align: center;\n\t\t\t\t\twidth: 33%;\n\t\t\t\t}\n\t\t\t\t#gallery-6 img {\n\t\t\t\t\tborder: 2px solid #cfcfcf;\n\t\t\t\t}\n\t\t\t\t#gallery-6 .gallery-caption {\n\t\t\t\t\tmargin-left: 0;\n\t\t\t\t}\n\t\t\t\t\/* see gallery_shortcode() in wp-includes\/media.php *\/\n\t\t\t<\/style>\n\t\t<div id='gallery-6' class='dt-gallery-container gallery galleryid-350310 gallery-columns-3 gallery-size-medium'><dl class='gallery-item'>\n\t\t\t\t<dt class='gallery-icon landscape'>\n\t\t\t\t\t<a class=\"rollover rollover-zoom dt-pswp-item\" title=\"ec8ca917-9f5c-4840-a0c8-c5d9b0b730c7\" data-dt-img-description=\"\" data-large_image_width=\"1024\" data-large_image_height=\"682\"href='https:\/\/www.radiopiu.net\/wordpress\/wp-content\/uploads\/2023\/08\/ec8ca917-9f5c-4840-a0c8-c5d9b0b730c7.jpg'><img loading=\"lazy\" decoding=\"async\" width=\"300\" height=\"200\" src=\"https:\/\/www.radiopiu.net\/wordpress\/wp-content\/uploads\/2023\/08\/ec8ca917-9f5c-4840-a0c8-c5d9b0b730c7-300x200.jpg\" class=\"attachment-medium size-medium\" alt=\"\" aria-describedby=\"gallery-6-350324\" srcset=\"https:\/\/www.radiopiu.net\/wordpress\/wp-content\/uploads\/2023\/08\/ec8ca917-9f5c-4840-a0c8-c5d9b0b730c7-300x200.jpg 300w, https:\/\/www.radiopiu.net\/wordpress\/wp-content\/uploads\/2023\/08\/ec8ca917-9f5c-4840-a0c8-c5d9b0b730c7-768x512.jpg 768w, https:\/\/www.radiopiu.net\/wordpress\/wp-content\/uploads\/2023\/08\/ec8ca917-9f5c-4840-a0c8-c5d9b0b730c7.jpg 1024w\" sizes=\"auto, (max-width: 300px) 100vw, 300px\" \/><\/a>\n\t\t\t\t<\/dt>\n\t\t\t\t\t<dd class='wp-caption-text gallery-caption' id='gallery-6-350324'>\n\t\t\t\t\tMATTEO DA TOS\n\t\t\t\t\t<\/dd><\/dl><dl class='gallery-item'>\n\t\t\t\t<dt class='gallery-icon landscape'>\n\t\t\t\t\t<a class=\"rollover rollover-zoom dt-pswp-item\" title=\"7bb0e2a5-6859-4005-b89c-b03f7b0f056c\" data-dt-img-description=\"\" data-large_image_width=\"1024\" data-large_image_height=\"682\"href='https:\/\/www.radiopiu.net\/wordpress\/wp-content\/uploads\/2023\/08\/7bb0e2a5-6859-4005-b89c-b03f7b0f056c.jpg'><img loading=\"lazy\" decoding=\"async\" width=\"300\" height=\"200\" src=\"https:\/\/www.radiopiu.net\/wordpress\/wp-content\/uploads\/2023\/08\/7bb0e2a5-6859-4005-b89c-b03f7b0f056c-300x200.jpg\" class=\"attachment-medium size-medium\" alt=\"\" aria-describedby=\"gallery-6-350325\" srcset=\"https:\/\/www.radiopiu.net\/wordpress\/wp-content\/uploads\/2023\/08\/7bb0e2a5-6859-4005-b89c-b03f7b0f056c-300x200.jpg 300w, https:\/\/www.radiopiu.net\/wordpress\/wp-content\/uploads\/2023\/08\/7bb0e2a5-6859-4005-b89c-b03f7b0f056c-768x512.jpg 768w, https:\/\/www.radiopiu.net\/wordpress\/wp-content\/uploads\/2023\/08\/7bb0e2a5-6859-4005-b89c-b03f7b0f056c.jpg 1024w\" sizes=\"auto, (max-width: 300px) 100vw, 300px\" \/><\/a>\n\t\t\t\t<\/dt>\n\t\t\t\t\t<dd class='wp-caption-text gallery-caption' id='gallery-6-350325'>\n\t\t\t\t\tNICOLO&#8217; FONTANIVE\n\t\t\t\t\t<\/dd><\/dl><dl class='gallery-item'>\n\t\t\t\t<dt class='gallery-icon landscape'>\n\t\t\t\t\t<a class=\"rollover rollover-zoom dt-pswp-item\" title=\"ac047fc0-058b-4287-a8a1-de494341a13d\" data-dt-img-description=\"\" data-large_image_width=\"1024\" data-large_image_height=\"681\"href='https:\/\/www.radiopiu.net\/wordpress\/wp-content\/uploads\/2023\/08\/ac047fc0-058b-4287-a8a1-de494341a13d.jpg'><img loading=\"lazy\" decoding=\"async\" width=\"300\" height=\"200\" src=\"https:\/\/www.radiopiu.net\/wordpress\/wp-content\/uploads\/2023\/08\/ac047fc0-058b-4287-a8a1-de494341a13d-300x200.jpg\" class=\"attachment-medium size-medium\" alt=\"\" aria-describedby=\"gallery-6-350326\" srcset=\"https:\/\/www.radiopiu.net\/wordpress\/wp-content\/uploads\/2023\/08\/ac047fc0-058b-4287-a8a1-de494341a13d-300x200.jpg 300w, https:\/\/www.radiopiu.net\/wordpress\/wp-content\/uploads\/2023\/08\/ac047fc0-058b-4287-a8a1-de494341a13d-768x511.jpg 768w, https:\/\/www.radiopiu.net\/wordpress\/wp-content\/uploads\/2023\/08\/ac047fc0-058b-4287-a8a1-de494341a13d.jpg 1024w\" sizes=\"auto, (max-width: 300px) 100vw, 300px\" \/><\/a>\n\t\t\t\t<\/dt>\n\t\t\t\t\t<dd class='wp-caption-text gallery-caption' id='gallery-6-350326'>\n\t\t\t\t\tCRISTIAN FATTOR\n\t\t\t\t\t<\/dd><\/dl><br style=\"clear: both\" \/>\n\t\t\t<\/div>\n\n<p>&nbsp;<\/p>\n<blockquote>\n<h3>ILJA KIRITSEVSKI COMPLETA IL PARCO ALLENATORI DELL\u2019ALLEGHE HOCKEY<\/h3>\n<\/blockquote>\n<p><strong><a class=\"dt-pswp-item\" href=\"https:\/\/www.radiopiu.net\/wordpress\/wp-content\/uploads\/2023\/08\/a813ec1e-a364-4a59-b8b0-0fcad236ebe4.jpg\" data-dt-img-description=\"\" data-large_image_width=\"828\" data-large_image_height=\"593\"><img loading=\"lazy\" decoding=\"async\" class=\" wp-image-350396 alignleft\" src=\"https:\/\/www.radiopiu.net\/wordpress\/wp-content\/uploads\/2023\/08\/a813ec1e-a364-4a59-b8b0-0fcad236ebe4-300x215.jpg\" alt=\"\" width=\"207\" height=\"148\" srcset=\"https:\/\/www.radiopiu.net\/wordpress\/wp-content\/uploads\/2023\/08\/a813ec1e-a364-4a59-b8b0-0fcad236ebe4-300x215.jpg 300w, https:\/\/www.radiopiu.net\/wordpress\/wp-content\/uploads\/2023\/08\/a813ec1e-a364-4a59-b8b0-0fcad236ebe4-768x550.jpg 768w, https:\/\/www.radiopiu.net\/wordpress\/wp-content\/uploads\/2023\/08\/a813ec1e-a364-4a59-b8b0-0fcad236ebe4.jpg 828w\" sizes=\"auto, (max-width: 207px) 100vw, 207px\" \/><\/a>di Roberto Miana, portavoce dell&#8217;Alleghe Hockey<\/strong><\/p>\n<p>Il lavoro dell\u2019Alleghe Hockey non si ferma. Nella prospettiva di una crescita tecnico-tattica delle proprie giovanili e di tutto il movimento hockeistico alleghese la Societ\u00e0 annuncia l\u2019ingaggio dell\u2019allenatore: ILJA KIRITSEVSKI. Quarantaduenne, nativo della citt\u00e0 estone di Narva, nella carriera hockeistica ha ricoperto il ruolo di difensore, giocando sia in Russia che in Estonia, mentre da coach ha formato la sua esperienza nelle giovanili della nazionale estone e nella seconda divisione finlandese. Coach Ilja approda in riva al lago grazie all\u2019interessamento e alle conoscenze dell\u2019ex giocatore biancorosso Fabrizio Fontanive. Si presenta ai piedi del Civetta con un ottimo curriculum e la nomea di allenatore con una visione moderna dell\u2019hockey, in grado di aggiungere uno step ai ragazzi, ampliandone il bagaglio professionale. Nel suo modus operandi si avvale in primis dell\u2019aiuto dei video match per spiegare e far comprendere meglio agli atleti errori e tattiche visionando i filmati, tanto da essere definito una sorta di \u201cguru\u201d nel suo campo e meritarsi l\u2019etichetta di top video coach. Con l\u2019arrivo di Ilja Kiritsevski il parco allenatori dell\u2019Alleghe Hockey pu\u00f2 considerarsi completo sotto tutti i punti di vista. A lui sar\u00e0 affidato il compito di seguire a 360 gradi tutte le squadre biancorosse. Guider\u00e0 in prima persona da head coach l\u2019Under 14 e sar\u00e0 assistant coach di Marco Scapinello nella squadra senior in IHL. Paolo De Biasio continuer\u00e0 nel suo compito di coordinatore delle giovanili dall\u2019Under 8 all\u2019Under 19 e di head coach dell\u2019Under 12, mentre Alberto Fontanive, Michele Pramaor e Marco Lorenzini saranno gli allenatori di Under 8 e Under 10, senza dimenticare l\u2019importantissimo lavoro svolto con i pi\u00f9 piccoli da Ugo Da Rech e Dino De Dea nell\u2019avviamento all\u2019hockey, passo fondamentale per introdurre i giovanissimi a praticare questo bellissimo sport. Infine l\u2019Under 16 e l\u2019Under 19, in combi con il Cortina, saranno seguite negli allenamenti condivisi dai coach ampezzani, mentre negli altri allenamenti la preparazione sar\u00e0 affidata a De Biasio e Kiritsevski. La societ\u00e0 Alleghe Hockey augura a coach Ilja buon lavoro!<\/p>\n<p>&nbsp;<\/p>\n<div style=\"width: 848px;\" class=\"wp-video\"><video class=\"wp-video-shortcode\" id=\"video-350310-1\" width=\"848\" height=\"480\" preload=\"metadata\" controls=\"controls\"><source type=\"video\/mp4\" src=\"https:\/\/www.radiopiu.net\/wordpress\/wp-content\/uploads\/2023\/08\/WhatsApp-Video-2023-08-27-at-09.23.03.mp4?_=1\" \/><a href=\"https:\/\/www.radiopiu.net\/wordpress\/wp-content\/uploads\/2023\/08\/WhatsApp-Video-2023-08-27-at-09.23.03.mp4\">https:\/\/www.radiopiu.net\/wordpress\/wp-content\/uploads\/2023\/08\/WhatsApp-Video-2023-08-27-at-09.23.03.mp4<\/a><\/video><\/div>\n<p>&nbsp;<\/p>\n<p><span style=\"color: #0000ff;\"><strong>MOTORI<\/strong><\/span><\/p>\n<blockquote>\n<h3>CRISTIAN MERLI SI AGGIUDICA LA VITTORIO VENETO &#8211; CANSIGLIO<\/h3>\n<\/blockquote>\n<p><strong>FREGONA<\/strong><\/p>\n<p>di Roberto Bona<\/p>\n<audio class=\"wp-audio-shortcode\" id=\"audio-350310-4\" preload=\"none\" style=\"width: 100%;\" controls=\"controls\"><source type=\"audio\/mpeg\" src=\"https:\/\/www.radiopiu.net\/wordpress\/wp-content\/uploads\/2023\/08\/gr-28-sport-motori-bona.mp3?_=4\" \/><a href=\"https:\/\/www.radiopiu.net\/wordpress\/wp-content\/uploads\/2023\/08\/gr-28-sport-motori-bona.mp3\">https:\/\/www.radiopiu.net\/wordpress\/wp-content\/uploads\/2023\/08\/gr-28-sport-motori-bona.mp3<\/a><\/audio>\n<p>&nbsp;<\/p>\n<p><span style=\"color: #0000ff;\"><strong>PALLAVOLO<\/strong><\/span><\/p>\n<blockquote>\n<h3>MOZZATO: IL GIOVANE VETERANO DELLA BELLUNO VOLLEY<\/h3>\n<\/blockquote>\n<p><strong><a class=\"dt-pswp-item\" href=\"https:\/\/www.radiopiu.net\/wordpress\/wp-content\/uploads\/2023\/08\/Mozzato_terzo_anno_a_Belluno.jpg\" data-dt-img-description=\"\" data-large_image_width=\"1782\" data-large_image_height=\"1188\"><img loading=\"lazy\" decoding=\"async\" class=\" wp-image-350311 alignleft\" src=\"https:\/\/www.radiopiu.net\/wordpress\/wp-content\/uploads\/2023\/08\/Mozzato_terzo_anno_a_Belluno-300x200.jpg\" alt=\"\" width=\"182\" height=\"121\" srcset=\"https:\/\/www.radiopiu.net\/wordpress\/wp-content\/uploads\/2023\/08\/Mozzato_terzo_anno_a_Belluno-300x200.jpg 300w, https:\/\/www.radiopiu.net\/wordpress\/wp-content\/uploads\/2023\/08\/Mozzato_terzo_anno_a_Belluno-1024x683.jpg 1024w, https:\/\/www.radiopiu.net\/wordpress\/wp-content\/uploads\/2023\/08\/Mozzato_terzo_anno_a_Belluno-768x512.jpg 768w, https:\/\/www.radiopiu.net\/wordpress\/wp-content\/uploads\/2023\/08\/Mozzato_terzo_anno_a_Belluno-1536x1024.jpg 1536w, https:\/\/www.radiopiu.net\/wordpress\/wp-content\/uploads\/2023\/08\/Mozzato_terzo_anno_a_Belluno.jpg 1782w\" sizes=\"auto, (max-width: 182px) 100vw, 182px\" \/><\/a>BELLUNO <\/strong>Si pu\u00f2 essere il veterano di una squadra di Serie A3, che peraltro punta a un campionato di alto profilo, a soli 21 anni? E, per di pi\u00f9, appena compiuti? S\u00ec, se di nome fai \u201cMatteo\u201d. Di cognome \u201cMozzato\u201d. Il tuo ruolo \u00e8 quello di centrale. E il numero di maglia, il 12. Mozzato, infatti, \u00e8 e rimane una colonna portante del Belluno Volley. Lo era &#8211; o meglio, ha scoperto di esserlo &#8211; gi\u00e0 nell\u2019estate 2021, quando \u00e8 arrivato da Treviso e dalla B. Lo \u00e8, a maggior ragione, anche adesso. In un collettivo che ha iniziato ad allenarsi marted\u00ec scorso, sotto la guida di coach Gian Luca Colussi. E che intende alzare l\u2019asticella, dopo la salvezza conquistata nel 2022 e i playoff sfumati di un soffio &#8211; anzi, di un punto &#8211; non pi\u00f9 tardi della scorsa primavera.<span class=\"gmail-Apple-converted-space\">\u00a0<\/span>Rispetto alla prima versione dei rinoceronti nella terza serie, sono rimasti in tre: Gonzalo Martinez (un tempo libero, ora schiacciatore), Filippo Maccabruni in cabina di regia. E, per l\u2019appunto, Mozzato: \u00abDal mio approdo in questo club &#8211; afferma proprio il centrale &#8211; sono cambiate diverse cose. La societ\u00e0 \u00e8 cresciuta in maniera evidente e la squadra, quasi rivoluzionata, \u00e8 pi\u00f9 forte\u00bb. Matteo, fra le Dolomiti, si sente perfettamente a suo agio: \u00abQui mi sono sempre trovato benissimo, nessuno mi ha mai fatto mancare nulla. In pi\u00f9, il progetto pallavolistico \u00e8 importante e ambizioso, mentre l\u2019organico \u00e8 di valore: di conseguenza, la serie di componenti mi ha spinto a prolungare la mia esperienza a Belluno\u00bb.<span class=\"gmail-Apple-converted-space\">\u00a0<\/span><\/p>\n<\/div>\n<\/div>\n","protected":false},"excerpt":{"rendered":"<p>40esimo di RADIOPIU\u2026. LA VOCE DELL\u2019EMOZIONE ISCRIVITI AL NOSTRO CANALE\u00a0\u00a0YOUTUBE PER SEGUIRE IN DIRETTA I PRINCIPALI PROGRAMMI DI RADIO PIU\u2019 E LE FUTURE DIRETTE IN ESTERNA. PER ISCRIVERTI\u00a0CLICCA QUI\u00a0E PREMI\u00a0 \u201cIscriviti\u201d &nbsp; &nbsp; &nbsp; &nbsp; MALTEMPO IN VENETO. FINO A OGGI TEMPORALI E FENOMENI INTENSI SU GRAN PARTE DEL TERRITORIO REGIONALE VENEZIA Il Centro Funzionale&hellip;<\/p>\n","protected":false},"author":4,"featured_media":350429,"comment_status":"closed","ping_status":"closed","sticky":false,"template":"","format":"standard","meta":{"_monsterinsights_skip_tracking":false,"_monsterinsights_sitenote_active":false,"_monsterinsights_sitenote_note":"","_monsterinsights_sitenote_category":0,"footnotes":""},"categories":[51,86,49],"tags":[],"class_list":["post-350310","post","type-post","status-publish","format-standard","has-post-thumbnail","hentry","category-evidenza-top","category-gr","category-news-18","category-51","category-86","category-49","description-off"],"img_url":"https:\/\/www.radiopiu.net\/wordpress\/wp-content\/uploads\/2023\/08\/91c0c982-4107-4aa8-ab5e-e52c9b423634.jpg","_links":{"self":[{"href":"https:\/\/www.radiopiu.net\/wordpress\/wp-json\/wp\/v2\/posts\/350310","targetHints":{"allow":["GET"]}}],"collection":[{"href":"https:\/\/www.radiopiu.net\/wordpress\/wp-json\/wp\/v2\/posts"}],"about":[{"href":"https:\/\/www.radiopiu.net\/wordpress\/wp-json\/wp\/v2\/types\/post"}],"author":[{"embeddable":true,"href":"https:\/\/www.radiopiu.net\/wordpress\/wp-json\/wp\/v2\/users\/4"}],"replies":[{"embeddable":true,"href":"https:\/\/www.radiopiu.net\/wordpress\/wp-json\/wp\/v2\/comments?post=350310"}],"version-history":[{"count":0,"href":"https:\/\/www.radiopiu.net\/wordpress\/wp-json\/wp\/v2\/posts\/350310\/revisions"}],"wp:featuredmedia":[{"embeddable":true,"href":"https:\/\/www.radiopiu.net\/wordpress\/wp-json\/wp\/v2\/media\/350429"}],"wp:attachment":[{"href":"https:\/\/www.radiopiu.net\/wordpress\/wp-json\/wp\/v2\/media?parent=350310"}],"wp:term":[{"taxonomy":"category","embeddable":true,"href":"https:\/\/www.radiopiu.net\/wordpress\/wp-json\/wp\/v2\/categories?post=350310"},{"taxonomy":"post_tag","embeddable":true,"href":"https:\/\/www.radiopiu.net\/wordpress\/wp-json\/wp\/v2\/tags?post=350310"}],"curies":[{"name":"wp","href":"https:\/\/api.w.org\/{rel}","templated":true}]}}