{"id":350320,"date":"2023-08-26T09:01:42","date_gmt":"2023-08-26T07:01:42","guid":{"rendered":"https:\/\/www.radiopiu.net\/wordpress\/?p=350320"},"modified":"2023-08-26T10:04:27","modified_gmt":"2023-08-26T08:04:27","slug":"parcheggio-a-due-ruote-luxottica-agordo-la-commissione-trasporti-chiede-collaborazione","status":"publish","type":"post","link":"https:\/\/www.radiopiu.net\/wordpress\/parcheggio-a-due-ruote-luxottica-agordo-la-commissione-trasporti-chiede-collaborazione\/","title":{"rendered":"PARCHEGGIO A DUE RUOTE LUXOTTICA AGORDO. LA COMMISSIONE TRASPORTI CHIEDE COLLABORAZIONE"},"content":{"rendered":"<p><strong><a class=\"dt-pswp-item\" href=\"https:\/\/www.radiopiu.net\/wordpress\/wp-content\/uploads\/2023\/01\/f5c58041-2f77-4ccf-b15d-82d7064a18a9.jpg\" data-dt-img-description=\"\" data-large_image_width=\"2048\" data-large_image_height=\"1536\"><img loading=\"lazy\" decoding=\"async\" class=\" wp-image-319449 alignleft\" src=\"https:\/\/www.radiopiu.net\/wordpress\/wp-content\/uploads\/2023\/01\/f5c58041-2f77-4ccf-b15d-82d7064a18a9-300x225.jpg\" alt=\"\" width=\"173\" height=\"130\" srcset=\"https:\/\/www.radiopiu.net\/wordpress\/wp-content\/uploads\/2023\/01\/f5c58041-2f77-4ccf-b15d-82d7064a18a9-300x225.jpg 300w, https:\/\/www.radiopiu.net\/wordpress\/wp-content\/uploads\/2023\/01\/f5c58041-2f77-4ccf-b15d-82d7064a18a9-1024x768.jpg 1024w, https:\/\/www.radiopiu.net\/wordpress\/wp-content\/uploads\/2023\/01\/f5c58041-2f77-4ccf-b15d-82d7064a18a9-768x576.jpg 768w, https:\/\/www.radiopiu.net\/wordpress\/wp-content\/uploads\/2023\/01\/f5c58041-2f77-4ccf-b15d-82d7064a18a9-1536x1152.jpg 1536w, https:\/\/www.radiopiu.net\/wordpress\/wp-content\/uploads\/2023\/01\/f5c58041-2f77-4ccf-b15d-82d7064a18a9.jpg 2048w\" sizes=\"auto, (max-width: 173px) 100vw, 173px\" \/><\/a>AGORDO<\/strong> Con i nuovi parcheggi dello stabilimento EssilorLuxottica di Agordo non mancano i problemi e questa volta riguardano l&#8217;area dedicata a biciclette e moto. &#8220;Sebbene alcuni abbiano segnalato la sua saturazione, un&#8217;analisi pi\u00f9 approfondita ha rivelato che la nuova area \u00e8 molto pi\u00f9 grande e adeguata rispetto alla precedente, che era chiaramente insufficiente. In passato, erano state raccolte firme per chiedere l&#8217;ampliamento, ma ora sembra che il problema sia stato risolto &#8211; dice la commissione trasporti della RSU &#8211;\u00a0 Tuttavia, per massimizzare l&#8217;utilizzo dello spazio, \u00e8 importante parcheggiare correttamente. Si consiglia di posizionare le biciclette solo sul lato con le rastrelliere apposite, lasciando l&#8217;altro lato della tettoia libero per le moto, come indicato dalla segnaletica presente. Inoltre, \u00e8 consigliabile disporre le biciclette affiancate in modo alternato. Per quanto riguarda le moto, si suggerisce di parcheggiarle in modo perpendicolare sotto la tettoia, seguendo uno schema a pettine, anzich\u00e9 in modo inclinato (&#8220;a spina di pesce&#8221;), in modo da ottimizzare lo spazio disponibile&#8221;. Poi c&#8217;\u00e8 un problema di accesso allo stabilimento da parte dei pedoni e il consiglio della commissione trasporti \u00e8 quello di utilizzare solo l&#8217;ingresso pedonale adiacente, evitando l&#8217;ingresso riservato alle moto, al fine di prevenire possibili incidenti, che per fortuna al momento non si sono ancora verificati<\/p>\n<p>&nbsp;<\/p>\n<p>&nbsp;<\/p>\n<p>*******<\/p>\n","protected":false},"excerpt":{"rendered":"<p>AGORDO Con i nuovi parcheggi dello stabilimento EssilorLuxottica di Agordo non mancano i problemi e questa volta riguardano l&#8217;area dedicata a biciclette e moto. &#8220;Sebbene alcuni abbiano segnalato la sua saturazione, un&#8217;analisi pi\u00f9 approfondita ha rivelato che la nuova area \u00e8 molto pi\u00f9 grande e adeguata rispetto alla precedente, che era chiaramente insufficiente. In passato,&hellip;<\/p>\n","protected":false},"author":4,"featured_media":319449,"comment_status":"closed","ping_status":"closed","sticky":false,"template":"","format":"standard","meta":{"_monsterinsights_skip_tracking":false,"_monsterinsights_sitenote_active":false,"_monsterinsights_sitenote_note":"","_monsterinsights_sitenote_category":0,"footnotes":""},"categories":[49],"tags":[],"class_list":["post-350320","post","type-post","status-publish","format-standard","has-post-thumbnail","hentry","category-news-18","category-49","description-off"],"img_url":"https:\/\/www.radiopiu.net\/wordpress\/wp-content\/uploads\/2023\/01\/f5c58041-2f77-4ccf-b15d-82d7064a18a9.jpg","_links":{"self":[{"href":"https:\/\/www.radiopiu.net\/wordpress\/wp-json\/wp\/v2\/posts\/350320","targetHints":{"allow":["GET"]}}],"collection":[{"href":"https:\/\/www.radiopiu.net\/wordpress\/wp-json\/wp\/v2\/posts"}],"about":[{"href":"https:\/\/www.radiopiu.net\/wordpress\/wp-json\/wp\/v2\/types\/post"}],"author":[{"embeddable":true,"href":"https:\/\/www.radiopiu.net\/wordpress\/wp-json\/wp\/v2\/users\/4"}],"replies":[{"embeddable":true,"href":"https:\/\/www.radiopiu.net\/wordpress\/wp-json\/wp\/v2\/comments?post=350320"}],"version-history":[{"count":0,"href":"https:\/\/www.radiopiu.net\/wordpress\/wp-json\/wp\/v2\/posts\/350320\/revisions"}],"wp:featuredmedia":[{"embeddable":true,"href":"https:\/\/www.radiopiu.net\/wordpress\/wp-json\/wp\/v2\/media\/319449"}],"wp:attachment":[{"href":"https:\/\/www.radiopiu.net\/wordpress\/wp-json\/wp\/v2\/media?parent=350320"}],"wp:term":[{"taxonomy":"category","embeddable":true,"href":"https:\/\/www.radiopiu.net\/wordpress\/wp-json\/wp\/v2\/categories?post=350320"},{"taxonomy":"post_tag","embeddable":true,"href":"https:\/\/www.radiopiu.net\/wordpress\/wp-json\/wp\/v2\/tags?post=350320"}],"curies":[{"name":"wp","href":"https:\/\/api.w.org\/{rel}","templated":true}]}}