{"id":350323,"date":"2023-08-26T09:43:55","date_gmt":"2023-08-26T07:43:55","guid":{"rendered":"https:\/\/www.radiopiu.net\/wordpress\/?p=350323"},"modified":"2023-08-26T09:43:55","modified_gmt":"2023-08-26T07:43:55","slug":"i-giovanissimi-matteo-da-tos-nicolo-fontanive-e-cristian-fattor-promossi-nel-roster-dellalleghe-senior","status":"publish","type":"post","link":"https:\/\/www.radiopiu.net\/wordpress\/i-giovanissimi-matteo-da-tos-nicolo-fontanive-e-cristian-fattor-promossi-nel-roster-dellalleghe-senior\/","title":{"rendered":"I GIOVANISSIMI MATTEO DA TOS, NICOLO&#8217; FONTANIVE E CRISTIAN FATTOR PROMOSSI NEL ROSTER DELL\u2019ALLEGHE SENIOR"},"content":{"rendered":"<p><strong>di Roberto Miana, Portavoce dell&#8217;Alleghe Hockey<\/strong><\/p>\n<p>La Societ\u00e0 Biancorossa annuncia la promozione, nel roster della prima squadra, dei giovanissimi MATTEO DA TOS, NICOL\u00d2 FONTANIVE e CRISTIAN FATTOR. Promettenti ragazzi cresciuti tutti nel vivaio alleghese e facenti parte dell\u2019Under 19 biancorossa. Nell\u2019ultima stagione avevano gi\u00e0 svolto allenamenti con la prima squadra e quest\u2019anno continueranno il loro processo di crescita e maturazione con la possibilit\u00e0, all\u2019occorrenza, di dare il loro contributo anche nel campionato IHL.<\/p>\n<p>Matteo DA TOS: terzino, classe 2006 di Alleghe. Nell\u2019ultimo campionato ha disputato 40 partite tra Under 17 e Under 19, facendo anche l\u2019esordio in IHL nella trasferta lombarda contro il Como. Il pensiero di Matteo: \u201cVista la scorsa stagione ci speravo di continuare a restare con la prima squadra anche quest\u2019anno. Sono contento e fiero di far parte del gruppo che tifo e guardo giocare da tanti anni\u201c<\/p>\n<p>Nicol\u00f2 FONTANIVE: ala, classe 2007 di Alleghe. Nella stagione scorsa, con Under 17 e Under 19, ha fatto registrare 48 presenze. Nicol\u00f2 \u00e8 figlio d\u2019arte: pap\u00e0 Fabrizio da met\u00e0 anni Novanta per 17 stagioni \u00e8 stato una colonna della squadra biancorossa, vestendone con onore la casacca per 657 gare e realizzando 465 punti. Le parole di Nicol\u00f2: \u201cSono molto felice di essere nel roster della prima squadra. Sinceramente non me lo aspettavo. Adesso non resta altro che fare una buona stagione. L\u2019anno scorso ho gi\u00e0 avuto l\u2019occasione di allenarmi con la senior e mi sono trovato molto bene\u201d<\/p>\n<p>Cristian FATTOR: centro, classe 2007 cresciuto ad Agordo e residente a Sedico. Nel campionato passato ha collezionato 38 presenze tra Under 17 e Under 19. Questo quanto ci ha detto Cristian: \u201cSono contentissimo di far parte di questa squadra, non me lo aspettavo \u00e8 non ci credo ancora\u2026\u201d<\/p>\n\n\t\t\t<style type='text\/css'>\n\t\t\t\t#gallery-1 {\n\t\t\t\t\tmargin: auto;\n\t\t\t\t}\n\t\t\t\t#gallery-1 .gallery-item {\n\t\t\t\t\tfloat: left;\n\t\t\t\t\tmargin-top: 10px;\n\t\t\t\t\ttext-align: center;\n\t\t\t\t\twidth: 33%;\n\t\t\t\t}\n\t\t\t\t#gallery-1 img {\n\t\t\t\t\tborder: 2px solid #cfcfcf;\n\t\t\t\t}\n\t\t\t\t#gallery-1 .gallery-caption {\n\t\t\t\t\tmargin-left: 0;\n\t\t\t\t}\n\t\t\t\t\/* see gallery_shortcode() in wp-includes\/media.php *\/\n\t\t\t<\/style>\n\t\t<div id='gallery-1' class='dt-gallery-container gallery galleryid-350323 gallery-columns-3 gallery-size-medium'><dl class='gallery-item'>\n\t\t\t\t<dt class='gallery-icon landscape'>\n\t\t\t\t\t<a class=\"rollover rollover-zoom dt-pswp-item\" title=\"ec8ca917-9f5c-4840-a0c8-c5d9b0b730c7\" data-dt-img-description=\"\" data-large_image_width=\"1024\" data-large_image_height=\"682\"href='https:\/\/www.radiopiu.net\/wordpress\/wp-content\/uploads\/2023\/08\/ec8ca917-9f5c-4840-a0c8-c5d9b0b730c7.jpg'><img loading=\"lazy\" decoding=\"async\" width=\"300\" height=\"200\" src=\"https:\/\/www.radiopiu.net\/wordpress\/wp-content\/uploads\/2023\/08\/ec8ca917-9f5c-4840-a0c8-c5d9b0b730c7-300x200.jpg\" class=\"attachment-medium size-medium\" alt=\"\" aria-describedby=\"gallery-1-350324\" srcset=\"https:\/\/www.radiopiu.net\/wordpress\/wp-content\/uploads\/2023\/08\/ec8ca917-9f5c-4840-a0c8-c5d9b0b730c7-300x200.jpg 300w, https:\/\/www.radiopiu.net\/wordpress\/wp-content\/uploads\/2023\/08\/ec8ca917-9f5c-4840-a0c8-c5d9b0b730c7-768x512.jpg 768w, https:\/\/www.radiopiu.net\/wordpress\/wp-content\/uploads\/2023\/08\/ec8ca917-9f5c-4840-a0c8-c5d9b0b730c7.jpg 1024w\" sizes=\"auto, (max-width: 300px) 100vw, 300px\" \/><\/a>\n\t\t\t\t<\/dt>\n\t\t\t\t\t<dd class='wp-caption-text gallery-caption' id='gallery-1-350324'>\n\t\t\t\t\tMATTEO DA TOS\n\t\t\t\t\t<\/dd><\/dl><dl class='gallery-item'>\n\t\t\t\t<dt class='gallery-icon landscape'>\n\t\t\t\t\t<a class=\"rollover rollover-zoom dt-pswp-item\" title=\"7bb0e2a5-6859-4005-b89c-b03f7b0f056c\" data-dt-img-description=\"\" data-large_image_width=\"1024\" data-large_image_height=\"682\"href='https:\/\/www.radiopiu.net\/wordpress\/wp-content\/uploads\/2023\/08\/7bb0e2a5-6859-4005-b89c-b03f7b0f056c.jpg'><img loading=\"lazy\" decoding=\"async\" width=\"300\" height=\"200\" src=\"https:\/\/www.radiopiu.net\/wordpress\/wp-content\/uploads\/2023\/08\/7bb0e2a5-6859-4005-b89c-b03f7b0f056c-300x200.jpg\" class=\"attachment-medium size-medium\" alt=\"\" aria-describedby=\"gallery-1-350325\" srcset=\"https:\/\/www.radiopiu.net\/wordpress\/wp-content\/uploads\/2023\/08\/7bb0e2a5-6859-4005-b89c-b03f7b0f056c-300x200.jpg 300w, https:\/\/www.radiopiu.net\/wordpress\/wp-content\/uploads\/2023\/08\/7bb0e2a5-6859-4005-b89c-b03f7b0f056c-768x512.jpg 768w, https:\/\/www.radiopiu.net\/wordpress\/wp-content\/uploads\/2023\/08\/7bb0e2a5-6859-4005-b89c-b03f7b0f056c.jpg 1024w\" sizes=\"auto, (max-width: 300px) 100vw, 300px\" \/><\/a>\n\t\t\t\t<\/dt>\n\t\t\t\t\t<dd class='wp-caption-text gallery-caption' id='gallery-1-350325'>\n\t\t\t\t\tNICOLO&#8217; FONTANIVE\n\t\t\t\t\t<\/dd><\/dl><dl class='gallery-item'>\n\t\t\t\t<dt class='gallery-icon landscape'>\n\t\t\t\t\t<a class=\"rollover rollover-zoom dt-pswp-item\" title=\"ac047fc0-058b-4287-a8a1-de494341a13d\" data-dt-img-description=\"\" data-large_image_width=\"1024\" data-large_image_height=\"681\"href='https:\/\/www.radiopiu.net\/wordpress\/wp-content\/uploads\/2023\/08\/ac047fc0-058b-4287-a8a1-de494341a13d.jpg'><img loading=\"lazy\" decoding=\"async\" width=\"300\" height=\"200\" src=\"https:\/\/www.radiopiu.net\/wordpress\/wp-content\/uploads\/2023\/08\/ac047fc0-058b-4287-a8a1-de494341a13d-300x200.jpg\" class=\"attachment-medium size-medium\" alt=\"\" aria-describedby=\"gallery-1-350326\" srcset=\"https:\/\/www.radiopiu.net\/wordpress\/wp-content\/uploads\/2023\/08\/ac047fc0-058b-4287-a8a1-de494341a13d-300x200.jpg 300w, https:\/\/www.radiopiu.net\/wordpress\/wp-content\/uploads\/2023\/08\/ac047fc0-058b-4287-a8a1-de494341a13d-768x511.jpg 768w, https:\/\/www.radiopiu.net\/wordpress\/wp-content\/uploads\/2023\/08\/ac047fc0-058b-4287-a8a1-de494341a13d.jpg 1024w\" sizes=\"auto, (max-width: 300px) 100vw, 300px\" \/><\/a>\n\t\t\t\t<\/dt>\n\t\t\t\t\t<dd class='wp-caption-text gallery-caption' id='gallery-1-350326'>\n\t\t\t\t\tCRISTIAN FATTOR\n\t\t\t\t\t<\/dd><\/dl><br style=\"clear: both\" \/>\n\t\t\t<\/div>\n\n<p>&nbsp;<\/p>\n<p>&nbsp;<\/p>\n<p>*******<\/p>\n","protected":false},"excerpt":{"rendered":"<p>di Roberto Miana, Portavoce dell&#8217;Alleghe Hockey La Societ\u00e0 Biancorossa annuncia la promozione, nel roster della prima squadra, dei giovanissimi MATTEO DA TOS, NICOL\u00d2 FONTANIVE e CRISTIAN FATTOR. Promettenti ragazzi cresciuti tutti nel vivaio alleghese e facenti parte dell\u2019Under 19 biancorossa. Nell\u2019ultima stagione avevano gi\u00e0 svolto allenamenti con la prima squadra e quest\u2019anno continueranno il loro&hellip;<\/p>\n","protected":false},"author":4,"featured_media":350327,"comment_status":"closed","ping_status":"closed","sticky":false,"template":"","format":"standard","meta":{"_monsterinsights_skip_tracking":false,"_monsterinsights_sitenote_active":false,"_monsterinsights_sitenote_note":"","_monsterinsights_sitenote_category":0,"footnotes":""},"categories":[49],"tags":[],"class_list":["post-350323","post","type-post","status-publish","format-standard","has-post-thumbnail","hentry","category-news-18","category-49","description-off"],"img_url":"https:\/\/www.radiopiu.net\/wordpress\/wp-content\/uploads\/2023\/08\/44b73df2-2d25-4023-b01c-58ed97b4fbd5.jpg","_links":{"self":[{"href":"https:\/\/www.radiopiu.net\/wordpress\/wp-json\/wp\/v2\/posts\/350323","targetHints":{"allow":["GET"]}}],"collection":[{"href":"https:\/\/www.radiopiu.net\/wordpress\/wp-json\/wp\/v2\/posts"}],"about":[{"href":"https:\/\/www.radiopiu.net\/wordpress\/wp-json\/wp\/v2\/types\/post"}],"author":[{"embeddable":true,"href":"https:\/\/www.radiopiu.net\/wordpress\/wp-json\/wp\/v2\/users\/4"}],"replies":[{"embeddable":true,"href":"https:\/\/www.radiopiu.net\/wordpress\/wp-json\/wp\/v2\/comments?post=350323"}],"version-history":[{"count":0,"href":"https:\/\/www.radiopiu.net\/wordpress\/wp-json\/wp\/v2\/posts\/350323\/revisions"}],"wp:featuredmedia":[{"embeddable":true,"href":"https:\/\/www.radiopiu.net\/wordpress\/wp-json\/wp\/v2\/media\/350327"}],"wp:attachment":[{"href":"https:\/\/www.radiopiu.net\/wordpress\/wp-json\/wp\/v2\/media?parent=350323"}],"wp:term":[{"taxonomy":"category","embeddable":true,"href":"https:\/\/www.radiopiu.net\/wordpress\/wp-json\/wp\/v2\/categories?post=350323"},{"taxonomy":"post_tag","embeddable":true,"href":"https:\/\/www.radiopiu.net\/wordpress\/wp-json\/wp\/v2\/tags?post=350323"}],"curies":[{"name":"wp","href":"https:\/\/api.w.org\/{rel}","templated":true}]}}