{"id":350394,"date":"2023-08-27T09:24:07","date_gmt":"2023-08-27T07:24:07","guid":{"rendered":"https:\/\/www.radiopiu.net\/wordpress\/?p=350394"},"modified":"2023-08-27T09:24:07","modified_gmt":"2023-08-27T07:24:07","slug":"ilja-kiritsevski-completa-il-parco-allenatori-dellalleghe-hockey","status":"publish","type":"post","link":"https:\/\/www.radiopiu.net\/wordpress\/ilja-kiritsevski-completa-il-parco-allenatori-dellalleghe-hockey\/","title":{"rendered":"ILJA KIRITSEVSKI COMPLETA IL PARCO ALLENATORI DELL\u2019ALLEGHE HOCKEY"},"content":{"rendered":"<p><strong><a class=\"dt-pswp-item\" href=\"https:\/\/www.radiopiu.net\/wordpress\/wp-content\/uploads\/2023\/08\/a813ec1e-a364-4a59-b8b0-0fcad236ebe4.jpg\" data-dt-img-description=\"\" data-large_image_width=\"828\" data-large_image_height=\"593\"><img loading=\"lazy\" decoding=\"async\" class=\" wp-image-350396 alignleft\" src=\"https:\/\/www.radiopiu.net\/wordpress\/wp-content\/uploads\/2023\/08\/a813ec1e-a364-4a59-b8b0-0fcad236ebe4-300x215.jpg\" alt=\"\" width=\"207\" height=\"148\" srcset=\"https:\/\/www.radiopiu.net\/wordpress\/wp-content\/uploads\/2023\/08\/a813ec1e-a364-4a59-b8b0-0fcad236ebe4-300x215.jpg 300w, https:\/\/www.radiopiu.net\/wordpress\/wp-content\/uploads\/2023\/08\/a813ec1e-a364-4a59-b8b0-0fcad236ebe4-768x550.jpg 768w, https:\/\/www.radiopiu.net\/wordpress\/wp-content\/uploads\/2023\/08\/a813ec1e-a364-4a59-b8b0-0fcad236ebe4.jpg 828w\" sizes=\"auto, (max-width: 207px) 100vw, 207px\" \/><\/a>di Roberto Miana, portavoce dell&#8217;Alleghe Hockey<\/strong><\/p>\n<p>Il lavoro dell\u2019Alleghe Hockey non si ferma. Nella prospettiva di una crescita tecnico-tattica delle proprie giovanili e di tutto il movimento hockeistico alleghese la Societ\u00e0 annuncia l\u2019ingaggio dell\u2019allenatore: ILJA KIRITSEVSKI. Quarantaduenne, nativo della citt\u00e0 estone di Narva, nella carriera hockeistica ha ricoperto il ruolo di difensore, giocando sia in Russia che in Estonia, mentre da coach ha formato la sua esperienza nelle giovanili della nazionale estone e nella seconda divisione finlandese. Coach Ilja approda in riva al lago grazie all\u2019interessamento e alle conoscenze dell\u2019ex giocatore biancorosso Fabrizio Fontanive. Si presenta ai piedi del Civetta con un ottimo curriculum e la nomea di allenatore con una visione moderna dell\u2019hockey, in grado di aggiungere uno step ai ragazzi, ampliandone il bagaglio professionale. Nel suo modus operandi si avvale in primis dell\u2019aiuto dei video match per spiegare e far comprendere meglio agli atleti errori e tattiche visionando i filmati, tanto da essere definito una sorta di \u201cguru\u201d nel suo campo e meritarsi l\u2019etichetta di top video coach. Con l\u2019arrivo di Ilja Kiritsevski il parco allenatori dell\u2019Alleghe Hockey pu\u00f2 considerarsi completo sotto tutti i punti di vista. A lui sar\u00e0 affidato il compito di seguire a 360 gradi tutte le squadre biancorosse. Guider\u00e0 in prima persona da head coach l\u2019Under 14 e sar\u00e0 assistant coach di Marco Scapinello nella squadra senior in IHL. Paolo De Biasio continuer\u00e0 nel suo compito di coordinatore delle giovanili dall\u2019Under 8 all\u2019Under 19 e di head coach dell\u2019Under 12, mentre Alberto Fontanive, Michele Pramaor e Marco Lorenzini saranno gli allenatori di Under 8 e Under 10, senza dimenticare l\u2019importantissimo lavoro svolto con i pi\u00f9 piccoli da Ugo Da Rech e Dino De Dea nell\u2019avviamento all\u2019hockey, passo fondamentale per introdurre i giovanissimi a praticare questo bellissimo sport. Infine l\u2019Under 16 e l\u2019Under 19, in combi con il Cortina, saranno seguite negli allenamenti condivisi dai coach ampezzani, mentre negli altri allenamenti la preparazione sar\u00e0 affidata a De Biasio e Kiritsevski. La societ\u00e0 Alleghe Hockey augura a coach Ilja buon lavoro!<\/p>\n<p>&nbsp;<\/p>\n<div style=\"width: 848px;\" class=\"wp-video\"><video class=\"wp-video-shortcode\" id=\"video-350394-1\" width=\"848\" height=\"480\" preload=\"metadata\" controls=\"controls\"><source type=\"video\/mp4\" src=\"https:\/\/www.radiopiu.net\/wordpress\/wp-content\/uploads\/2023\/08\/WhatsApp-Video-2023-08-27-at-09.23.03.mp4?_=1\" \/><a href=\"https:\/\/www.radiopiu.net\/wordpress\/wp-content\/uploads\/2023\/08\/WhatsApp-Video-2023-08-27-at-09.23.03.mp4\">https:\/\/www.radiopiu.net\/wordpress\/wp-content\/uploads\/2023\/08\/WhatsApp-Video-2023-08-27-at-09.23.03.mp4<\/a><\/video><\/div>\n<p>&nbsp;<\/p>\n<p>&nbsp;<\/p>\n<p>*******<\/p>\n","protected":false},"excerpt":{"rendered":"<p>di Roberto Miana, portavoce dell&#8217;Alleghe Hockey Il lavoro dell\u2019Alleghe Hockey non si ferma. Nella prospettiva di una crescita tecnico-tattica delle proprie giovanili e di tutto il movimento hockeistico alleghese la Societ\u00e0 annuncia l\u2019ingaggio dell\u2019allenatore: ILJA KIRITSEVSKI. Quarantaduenne, nativo della citt\u00e0 estone di Narva, nella carriera hockeistica ha ricoperto il ruolo di difensore, giocando sia in&hellip;<\/p>\n","protected":false},"author":4,"featured_media":350396,"comment_status":"closed","ping_status":"closed","sticky":false,"template":"","format":"standard","meta":{"_monsterinsights_skip_tracking":false,"_monsterinsights_sitenote_active":false,"_monsterinsights_sitenote_note":"","_monsterinsights_sitenote_category":0,"footnotes":""},"categories":[49],"tags":[],"class_list":["post-350394","post","type-post","status-publish","format-standard","has-post-thumbnail","hentry","category-news-18","category-49","description-off"],"img_url":"https:\/\/www.radiopiu.net\/wordpress\/wp-content\/uploads\/2023\/08\/a813ec1e-a364-4a59-b8b0-0fcad236ebe4.jpg","_links":{"self":[{"href":"https:\/\/www.radiopiu.net\/wordpress\/wp-json\/wp\/v2\/posts\/350394","targetHints":{"allow":["GET"]}}],"collection":[{"href":"https:\/\/www.radiopiu.net\/wordpress\/wp-json\/wp\/v2\/posts"}],"about":[{"href":"https:\/\/www.radiopiu.net\/wordpress\/wp-json\/wp\/v2\/types\/post"}],"author":[{"embeddable":true,"href":"https:\/\/www.radiopiu.net\/wordpress\/wp-json\/wp\/v2\/users\/4"}],"replies":[{"embeddable":true,"href":"https:\/\/www.radiopiu.net\/wordpress\/wp-json\/wp\/v2\/comments?post=350394"}],"version-history":[{"count":0,"href":"https:\/\/www.radiopiu.net\/wordpress\/wp-json\/wp\/v2\/posts\/350394\/revisions"}],"wp:featuredmedia":[{"embeddable":true,"href":"https:\/\/www.radiopiu.net\/wordpress\/wp-json\/wp\/v2\/media\/350396"}],"wp:attachment":[{"href":"https:\/\/www.radiopiu.net\/wordpress\/wp-json\/wp\/v2\/media?parent=350394"}],"wp:term":[{"taxonomy":"category","embeddable":true,"href":"https:\/\/www.radiopiu.net\/wordpress\/wp-json\/wp\/v2\/categories?post=350394"},{"taxonomy":"post_tag","embeddable":true,"href":"https:\/\/www.radiopiu.net\/wordpress\/wp-json\/wp\/v2\/tags?post=350394"}],"curies":[{"name":"wp","href":"https:\/\/api.w.org\/{rel}","templated":true}]}}