{"id":350415,"date":"2023-08-27T14:18:17","date_gmt":"2023-08-27T12:18:17","guid":{"rendered":"https:\/\/www.radiopiu.net\/wordpress\/?p=350415"},"modified":"2023-08-27T14:18:17","modified_gmt":"2023-08-27T12:18:17","slug":"in-arrivo-il-maltempo-in-veneto-fino-a-domani-temporali-e-fenomeni-intensi-su-gran-parte-del-territorio-regionale","status":"publish","type":"post","link":"https:\/\/www.radiopiu.net\/wordpress\/in-arrivo-il-maltempo-in-veneto-fino-a-domani-temporali-e-fenomeni-intensi-su-gran-parte-del-territorio-regionale\/","title":{"rendered":"IN ARRIVO IL MALTEMPO IN VENETO. FINO A DOMANI TEMPORALI E FENOMENI INTENSI SU GRAN PARTE DEL TERRITORIO REGIONALE"},"content":{"rendered":"<p><strong>VENEZIA <\/strong>Il Centro Funzionale Decentrato della Protezione Civile della Regione del Veneto ha emesso un nuovo avviso che segnala dalle 18 di oggi fino alle 12 di domani, luned\u00ec 28 agosto 2023, la crescente probabilit\u00e0 di rovesci e temporali sparsi a partire dalle zone montane\/pedemontane in successiva estensione a parte della pianura. Domani i fenomeni potranno risultare anche di forte intensit\u00e0, associati a forti rovesci, locali grandinate e forti raffiche di vento. Le precipitazioni potranno risultare anche consistenti. Successivamente, dal pomeriggio, sono previste precipitazioni pi\u00f9 diffuse specie sulle zone centro-settentrionali. Sulla base delle previsioni meteo \u00e8 stata dichiarata una moderata criticit\u00e0 per rischio temporali su gran parte del territorio regionale (allerta Arancione), ad eccezione del bacino Alto Piave, per il quale \u00e8 stata definita una criticit\u00e0 ordinaria con allerta Gialla (per questa zona di allertamento \u00e8 attiva la fase di \u201cAttenzione\u201d). L\u2019evento sar\u00e0 seguito con particolare attenzione con l\u2019attivazione di un servizio h24 in corrispondenza della fase pi\u00f9 intensa della perturbazione.<\/p>\n<p>&nbsp;<\/p>\n<p><a class=\"dt-pswp-item\" href=\"https:\/\/www.radiopiu.net\/wordpress\/wp-content\/uploads\/2023\/08\/SCR-20230827-mrqd.png\" data-dt-img-description=\"\" data-large_image_width=\"1712\" data-large_image_height=\"480\"><img loading=\"lazy\" decoding=\"async\" class=\"alignnone wp-image-350418 size-large\" src=\"https:\/\/www.radiopiu.net\/wordpress\/wp-content\/uploads\/2023\/08\/SCR-20230827-mrqd-1024x287.png\" alt=\"\" width=\"1024\" height=\"287\" srcset=\"https:\/\/www.radiopiu.net\/wordpress\/wp-content\/uploads\/2023\/08\/SCR-20230827-mrqd-1024x287.png 1024w, https:\/\/www.radiopiu.net\/wordpress\/wp-content\/uploads\/2023\/08\/SCR-20230827-mrqd-300x84.png 300w, https:\/\/www.radiopiu.net\/wordpress\/wp-content\/uploads\/2023\/08\/SCR-20230827-mrqd-768x215.png 768w, https:\/\/www.radiopiu.net\/wordpress\/wp-content\/uploads\/2023\/08\/SCR-20230827-mrqd-1536x431.png 1536w, https:\/\/www.radiopiu.net\/wordpress\/wp-content\/uploads\/2023\/08\/SCR-20230827-mrqd.png 1712w\" sizes=\"auto, (max-width: 1024px) 100vw, 1024px\" \/><\/a><\/p>\n<p>&nbsp;<\/p>\n<p>&nbsp;<\/p>\n<p>*******<\/p>\n","protected":false},"excerpt":{"rendered":"<p>VENEZIA Il Centro Funzionale Decentrato della Protezione Civile della Regione del Veneto ha emesso un nuovo avviso che segnala dalle 18 di oggi fino alle 12 di domani, luned\u00ec 28 agosto 2023, la crescente probabilit\u00e0 di rovesci e temporali sparsi a partire dalle zone montane\/pedemontane in successiva estensione a parte della pianura. Domani i fenomeni&hellip;<\/p>\n","protected":false},"author":4,"featured_media":50334,"comment_status":"closed","ping_status":"closed","sticky":false,"template":"","format":"standard","meta":{"_monsterinsights_skip_tracking":false,"_monsterinsights_sitenote_active":false,"_monsterinsights_sitenote_note":"","_monsterinsights_sitenote_category":0,"footnotes":""},"categories":[51,49],"tags":[],"class_list":["post-350415","post","type-post","status-publish","format-standard","has-post-thumbnail","hentry","category-evidenza-top","category-news-18","category-51","category-49","description-off"],"img_url":"https:\/\/www.radiopiu.net\/wordpress\/wp-content\/uploads\/2018\/06\/temporale.jpg","_links":{"self":[{"href":"https:\/\/www.radiopiu.net\/wordpress\/wp-json\/wp\/v2\/posts\/350415","targetHints":{"allow":["GET"]}}],"collection":[{"href":"https:\/\/www.radiopiu.net\/wordpress\/wp-json\/wp\/v2\/posts"}],"about":[{"href":"https:\/\/www.radiopiu.net\/wordpress\/wp-json\/wp\/v2\/types\/post"}],"author":[{"embeddable":true,"href":"https:\/\/www.radiopiu.net\/wordpress\/wp-json\/wp\/v2\/users\/4"}],"replies":[{"embeddable":true,"href":"https:\/\/www.radiopiu.net\/wordpress\/wp-json\/wp\/v2\/comments?post=350415"}],"version-history":[{"count":0,"href":"https:\/\/www.radiopiu.net\/wordpress\/wp-json\/wp\/v2\/posts\/350415\/revisions"}],"wp:featuredmedia":[{"embeddable":true,"href":"https:\/\/www.radiopiu.net\/wordpress\/wp-json\/wp\/v2\/media\/50334"}],"wp:attachment":[{"href":"https:\/\/www.radiopiu.net\/wordpress\/wp-json\/wp\/v2\/media?parent=350415"}],"wp:term":[{"taxonomy":"category","embeddable":true,"href":"https:\/\/www.radiopiu.net\/wordpress\/wp-json\/wp\/v2\/categories?post=350415"},{"taxonomy":"post_tag","embeddable":true,"href":"https:\/\/www.radiopiu.net\/wordpress\/wp-json\/wp\/v2\/tags?post=350415"}],"curies":[{"name":"wp","href":"https:\/\/api.w.org\/{rel}","templated":true}]}}