{"id":350507,"date":"2023-08-28T13:47:08","date_gmt":"2023-08-28T11:47:08","guid":{"rendered":"https:\/\/www.radiopiu.net\/wordpress\/?p=350507"},"modified":"2023-08-28T13:47:08","modified_gmt":"2023-08-28T11:47:08","slug":"il-maltempo-colpisce-la-valle-di-san-lucano-e-la-val-corpassa","status":"publish","type":"post","link":"https:\/\/www.radiopiu.net\/wordpress\/il-maltempo-colpisce-la-valle-di-san-lucano-e-la-val-corpassa\/","title":{"rendered":"IL MALTEMPO COLPISCE LA VALLE DI SAN LUCANO E LA VAL CORPASSA"},"content":{"rendered":"<p><strong><a class=\"dt-pswp-item\" href=\"https:\/\/www.radiopiu.net\/wordpress\/wp-content\/uploads\/2023\/08\/pic-nic-valle-san-lucano.jpeg\" data-dt-img-description=\"\" data-large_image_width=\"1506\" data-large_image_height=\"1078\"><img loading=\"lazy\" decoding=\"async\" class=\" wp-image-350508 alignleft\" src=\"https:\/\/www.radiopiu.net\/wordpress\/wp-content\/uploads\/2023\/08\/pic-nic-valle-san-lucano-300x215.jpeg\" alt=\"\" width=\"201\" height=\"144\" srcset=\"https:\/\/www.radiopiu.net\/wordpress\/wp-content\/uploads\/2023\/08\/pic-nic-valle-san-lucano-300x215.jpeg 300w, https:\/\/www.radiopiu.net\/wordpress\/wp-content\/uploads\/2023\/08\/pic-nic-valle-san-lucano-1024x733.jpeg 1024w, https:\/\/www.radiopiu.net\/wordpress\/wp-content\/uploads\/2023\/08\/pic-nic-valle-san-lucano-768x550.jpeg 768w, https:\/\/www.radiopiu.net\/wordpress\/wp-content\/uploads\/2023\/08\/pic-nic-valle-san-lucano.jpeg 1506w\" sizes=\"auto, (max-width: 201px) 100vw, 201px\" \/><\/a>TAIBON<\/strong> Dopo il forte temporale di questa mattina, il comune di Taibon fa la conta dei danni per il maltempo. Si sono verificate colate detritiche in Valle di San Lucano e in Val Corpassa. Per andare verso Col di Pr\u00e0 sono tre i punti in cui gli operai del comune hanno dovuto lavorare per rendere agibile la strada. Il materiale \u00e8 sceso pi\u00f9 copioso nella seconda area pic nic andando verso la valle dove la colata ha interessato anche delle zone private. Strada che \u00e8 stata chiusa in mattinata ma riaperta dopo le 11:30 quando sono state valutate le condizioni di sicurezza per poter transitare. In Val Corpassa la situazione \u00e8 diversa. La strada che porta al Rifugio Vazzoler \u00e8 stata portata via in tre punti e ci vorranno dei giorni per ripristinare il tutto. In questo momento non si pu\u00f2 transitare con la chiusura dopo Capanna Trieste.<\/p>\n<p>&nbsp;<\/p>\n<p>&nbsp;<\/p>\n<p>*******<\/p>\n","protected":false},"excerpt":{"rendered":"<p>TAIBON Dopo il forte temporale di questa mattina, il comune di Taibon fa la conta dei danni per il maltempo. Si sono verificate colate detritiche in Valle di San Lucano e in Val Corpassa. Per andare verso Col di Pr\u00e0 sono tre i punti in cui gli operai del comune hanno dovuto lavorare per rendere&hellip;<\/p>\n","protected":false},"author":4,"featured_media":350508,"comment_status":"closed","ping_status":"closed","sticky":false,"template":"","format":"standard","meta":{"_monsterinsights_skip_tracking":false,"_monsterinsights_sitenote_active":false,"_monsterinsights_sitenote_note":"","_monsterinsights_sitenote_category":0,"footnotes":""},"categories":[51,49],"tags":[],"class_list":["post-350507","post","type-post","status-publish","format-standard","has-post-thumbnail","hentry","category-evidenza-top","category-news-18","category-51","category-49","description-off"],"img_url":"https:\/\/www.radiopiu.net\/wordpress\/wp-content\/uploads\/2023\/08\/pic-nic-valle-san-lucano.jpeg","_links":{"self":[{"href":"https:\/\/www.radiopiu.net\/wordpress\/wp-json\/wp\/v2\/posts\/350507","targetHints":{"allow":["GET"]}}],"collection":[{"href":"https:\/\/www.radiopiu.net\/wordpress\/wp-json\/wp\/v2\/posts"}],"about":[{"href":"https:\/\/www.radiopiu.net\/wordpress\/wp-json\/wp\/v2\/types\/post"}],"author":[{"embeddable":true,"href":"https:\/\/www.radiopiu.net\/wordpress\/wp-json\/wp\/v2\/users\/4"}],"replies":[{"embeddable":true,"href":"https:\/\/www.radiopiu.net\/wordpress\/wp-json\/wp\/v2\/comments?post=350507"}],"version-history":[{"count":0,"href":"https:\/\/www.radiopiu.net\/wordpress\/wp-json\/wp\/v2\/posts\/350507\/revisions"}],"wp:featuredmedia":[{"embeddable":true,"href":"https:\/\/www.radiopiu.net\/wordpress\/wp-json\/wp\/v2\/media\/350508"}],"wp:attachment":[{"href":"https:\/\/www.radiopiu.net\/wordpress\/wp-json\/wp\/v2\/media?parent=350507"}],"wp:term":[{"taxonomy":"category","embeddable":true,"href":"https:\/\/www.radiopiu.net\/wordpress\/wp-json\/wp\/v2\/categories?post=350507"},{"taxonomy":"post_tag","embeddable":true,"href":"https:\/\/www.radiopiu.net\/wordpress\/wp-json\/wp\/v2\/tags?post=350507"}],"curies":[{"name":"wp","href":"https:\/\/api.w.org\/{rel}","templated":true}]}}