{"id":350584,"date":"2023-08-29T13:03:46","date_gmt":"2023-08-29T11:03:46","guid":{"rendered":"https:\/\/www.radiopiu.net\/wordpress\/?p=350584"},"modified":"2023-08-29T13:03:46","modified_gmt":"2023-08-29T11:03:46","slug":"anas-salva-investi-scuola-la-filt-cgil-si-domanda-a-che-prezzo","status":"publish","type":"post","link":"https:\/\/www.radiopiu.net\/wordpress\/anas-salva-investi-scuola-la-filt-cgil-si-domanda-a-che-prezzo\/","title":{"rendered":"ANAS SALVA INVESTI SCUOLA: LA FILT CGIL SI DOMANDA A CHE PREZZO"},"content":{"rendered":"<p><strong><a class=\"dt-pswp-item\" href=\"https:\/\/www.radiopiu.net\/wordpress\/wp-content\/uploads\/2023\/03\/filt-cgil.png\" data-dt-img-description=\"\" data-large_image_width=\"182\" data-large_image_height=\"236\"><img loading=\"lazy\" decoding=\"async\" class=\" wp-image-326003 alignleft\" src=\"https:\/\/www.radiopiu.net\/wordpress\/wp-content\/uploads\/2023\/03\/filt-cgil.png\" alt=\"\" width=\"140\" height=\"182\" \/><\/a>BELLUNO<\/strong> La notizia che Investi Scuola \u00e8 salvo grazie anche ad una somma cospicua di ANAS \u00e8 delle ultime ore. La FILT-CGIL di Belluno si domanda per\u00f2 a che prezzo. La sigla sindacale rimane convinta che sia sempre pi\u00f9 urgente rinunciare a una logica di dismissione e di risparmio che, ad oggi, ha reso il territorio sempre pi\u00f9 debole e isolato e sotto ricatto e diventi urgente un confronto serrato con Governo e Regione per il trasferimento di risorse stabili e finalizzate all\u2019esercizio dei diritti.<\/p>\n<blockquote><p><em><strong>IL COMUNICATO<\/strong><\/em><\/p>\n<div class=\"page\" title=\"Page 1\">\n<div class=\"layoutArea\">\n<div class=\"column\">\n<p><em>Cerchiamo ancora una volta di fare chiarezza rispetto alle ennesime entusiastiche dichiarazioni del Presidente della Provincia, sul salvataggio dell\u2019Investiscuola. L\u2019abbonamento a tariffa agevolata per gli studenti bellunesi viene salvato, seppur ancora una volta in maniera provvisoria e posticcia, grazie alla cessione delle strade ad Anas. Quindi invece che chiedere risorse specifiche per la rete viaria e per il trasporto pubblico locale, si decide di rinunciare a entrambe le funzioni: mobilita\u0300 e viabilita\u0300, costruendo un demenziale sistema di solidarieta\u0300 tra poveri. Un capolavoro. Lo Stato, con la brillante riforma Del Rio, soffoca la Provincia togliendo risorse per la gestione del territorio e, invece che costruire una grande mobilitazione provinciale pretendendo le risorse, la Provincia consegna quelle stesse strade ad Anas che, a differenza del Presidente Padrin, ne conosce bene l\u2019importanza. E cosi\u0300 tra 2 anni, quando si chiuderanno le convenzioni con Veneto Strade per la gestione unitaria, avremo una viabilita\u0300 spezzatata tra gestione strade riclassificate (leggi Anas), provinciali storiche (Provincia) e regionali. Sara\u0300 un risparmio? Ci sia consentito avere qualche legittimo dubbio. E qualche perpelssita\u0300 ci viene anche sulla capacita\u0300 di fare di conto da parte della Provincia che a bilancio indica quale corrispettivo della riclassificazione 5 milioni per poi scoprire che Anas ne trasferisce oltre 6. Oltre un milione in piu\u0300. Che meraviglia, che generoso Anas che prima mi costringe a regalare il mio patrimonio e poi mi concede l\u2019elemosina. Tutti comunque entusiasti della scoperta del milione in piu\u0300. E allora salviamo l\u2019Investiscuola, grazie anche a Bim (consorzio che riunisce i Comuni della Provincia con l\u2019obiettivo dello sviluppo economico e sociale del territorio attraverso l&#8217;utilizzo unitario dei sovracanoni idroelettrici) e alla fondazione welfare dolomiti (ente filantropico del terzo settore finanziato dagli stessi aderenti territoriali). Ah, dimenticavamo, grazie anche a Dolomiti Bus, societa\u0300 fino allo scorso anno a maggioranza pubblica che, invece che garantire servizio, si preoccupa di consolidare utile, ragionando come un\u2019impresa privata che deve assicurare la stabilita\u0300 economico finanziaria. Ma davvero un servizio e l\u2019esercizio di un diritto deve tenere conto dell\u2019equilibrio economico? E se non si sostiene? Viene meno? Ci sembra che il principio sia in contraddizione con quella \u201clotta allo spopolamento\u201d di cui troppi si riempiono la bocca senza poi agire in maniera coerente. E poi, e\u0300 facile ragionare come privati con un rischio di impresa pari a zero dato che si tratta di prestazione di servizi su trasferimenti statali. Avevamo sorriso, amaramente, pensando al costo di quell\u2019utile per gli autisti del trasporto pubblico che non hanno retribuzioni adeguate, per gli utenti sempre piu\u0300 alle prese con i disservizi (\u201cperche\u0300 non si trovano autisti\u201d), per i cittadini che subiscono gli aumenti tariffari cui non corrisponde un miglioramento del trasporto. Avevamo scoperto che la soluzione poteva essere quella di ripartire gli utili tra i soci (quindi il privato, socio di maggioranza, avrebbe portato a casa utile?) per garantire alla Provincia le risorse per pagare il servizio. Avevamo ascoltato il tuono della politica locale e regionale \u201cci pensi la Regione!\u201d Adesso tutto tace. Nessuno che alzi la voce per fermare la svendita del territorio in cambio dell\u2019elemosina, per pretendere realmente risorse aggiuntive per la sopravvivenza del territorio. Condividiamo le osservazioni di chi, anche in questi giorni, porta avanti i confronti con Trento e Bolzano. C\u2019e\u0300 una differenza fondamentale pero\u0300, innegabile: loro si tengono stretti il proprio territorio e pretendono risorse dal Governo centrale. Noi svendiamo il territorio, costruiamo solidarieta\u0300 al nostro interno (canoni idrici per le strade; strade per il trasporto pubblico; fondi di confine per studenti) ringraziando per l\u2019elemosina che, bonta\u0300 loro, qualcuno vorra\u0300 concederci&#8230; ah, e sia ben chiaro, in via di mezzo miracolo.<\/em><\/p>\n<\/div>\n<\/div>\n<\/div>\n<\/blockquote>\n<div class=\"page\" title=\"Page 2\">\n<div class=\"layoutArea\">\n<div class=\"column\">\n<blockquote><p><em><strong>Alessandra Fontana &#8211; Segretaria Filt Cgil Veneto<\/strong><\/em><\/p><\/blockquote>\n<p>&nbsp;<\/p>\n<p>&nbsp;<\/p>\n<p>&nbsp;<\/p>\n<p>******<\/p>\n<\/div>\n<\/div>\n<\/div>\n","protected":false},"excerpt":{"rendered":"<p>BELLUNO La notizia che Investi Scuola \u00e8 salvo grazie anche ad una somma cospicua di ANAS \u00e8 delle ultime ore. La FILT-CGIL di Belluno si domanda per\u00f2 a che prezzo. La sigla sindacale rimane convinta che sia sempre pi\u00f9 urgente rinunciare a una logica di dismissione e di risparmio che, ad oggi, ha reso il&hellip;<\/p>\n","protected":false},"author":4,"featured_media":145520,"comment_status":"closed","ping_status":"closed","sticky":false,"template":"","format":"standard","meta":{"_monsterinsights_skip_tracking":false,"_monsterinsights_sitenote_active":false,"_monsterinsights_sitenote_note":"","_monsterinsights_sitenote_category":0,"footnotes":""},"categories":[49],"tags":[],"class_list":["post-350584","post","type-post","status-publish","format-standard","has-post-thumbnail","hentry","category-news-18","category-49","description-off"],"img_url":"https:\/\/www.radiopiu.net\/wordpress\/wp-content\/uploads\/2020\/06\/80c303ed-9a2e-49f0-8b20-3dd5e061bbf3.jpg","_links":{"self":[{"href":"https:\/\/www.radiopiu.net\/wordpress\/wp-json\/wp\/v2\/posts\/350584","targetHints":{"allow":["GET"]}}],"collection":[{"href":"https:\/\/www.radiopiu.net\/wordpress\/wp-json\/wp\/v2\/posts"}],"about":[{"href":"https:\/\/www.radiopiu.net\/wordpress\/wp-json\/wp\/v2\/types\/post"}],"author":[{"embeddable":true,"href":"https:\/\/www.radiopiu.net\/wordpress\/wp-json\/wp\/v2\/users\/4"}],"replies":[{"embeddable":true,"href":"https:\/\/www.radiopiu.net\/wordpress\/wp-json\/wp\/v2\/comments?post=350584"}],"version-history":[{"count":0,"href":"https:\/\/www.radiopiu.net\/wordpress\/wp-json\/wp\/v2\/posts\/350584\/revisions"}],"wp:featuredmedia":[{"embeddable":true,"href":"https:\/\/www.radiopiu.net\/wordpress\/wp-json\/wp\/v2\/media\/145520"}],"wp:attachment":[{"href":"https:\/\/www.radiopiu.net\/wordpress\/wp-json\/wp\/v2\/media?parent=350584"}],"wp:term":[{"taxonomy":"category","embeddable":true,"href":"https:\/\/www.radiopiu.net\/wordpress\/wp-json\/wp\/v2\/categories?post=350584"},{"taxonomy":"post_tag","embeddable":true,"href":"https:\/\/www.radiopiu.net\/wordpress\/wp-json\/wp\/v2\/tags?post=350584"}],"curies":[{"name":"wp","href":"https:\/\/api.w.org\/{rel}","templated":true}]}}