{"id":350591,"date":"2023-08-30T05:55:14","date_gmt":"2023-08-30T03:55:14","guid":{"rendered":"https:\/\/www.radiopiu.net\/wordpress\/?p=350591"},"modified":"2023-08-30T05:55:14","modified_gmt":"2023-08-30T03:55:14","slug":"giornale-radiopiu-30-agosto-2023-direttore-mirko-mezzacasada-40-anni-25-giugno-1983-25-giugno-2023","status":"publish","type":"post","link":"https:\/\/www.radiopiu.net\/wordpress\/giornale-radiopiu-30-agosto-2023-direttore-mirko-mezzacasada-40-anni-25-giugno-1983-25-giugno-2023\/","title":{"rendered":"GIORNALE RADIOPIU 30 AGOSTO 2023 DIRETTORE MIRKO MEZZACASA\u2026DA 40 ANNI 25 GIUGNO 1983-25 GIUGNO 2023"},"content":{"rendered":"<h2 style=\"text-align: left;\"><span style=\"color: #ff0000;\"><span style=\"vertical-align: inherit;\"><a class=\"dt-pswp-item\" href=\"https:\/\/www.radiopiu.net\/wordpress\/wp-content\/uploads\/2023\/04\/e0aad41d-951e-47b9-9fae-1a879a9bcb7e-1.jpg\" data-dt-img-description=\"\" data-large_image_width=\"1200\" data-large_image_height=\"1200\"><img loading=\"lazy\" decoding=\"async\" class=\"wp-image-333205 alignleft\" src=\"https:\/\/www.radiopiu.net\/wordpress\/wp-content\/uploads\/2023\/04\/e0aad41d-951e-47b9-9fae-1a879a9bcb7e-1-300x300.jpg\" alt=\"\" width=\"110\" height=\"110\" srcset=\"https:\/\/www.radiopiu.net\/wordpress\/wp-content\/uploads\/2023\/04\/e0aad41d-951e-47b9-9fae-1a879a9bcb7e-1-300x300.jpg 300w, https:\/\/www.radiopiu.net\/wordpress\/wp-content\/uploads\/2023\/04\/e0aad41d-951e-47b9-9fae-1a879a9bcb7e-1-1024x1024.jpg 1024w, https:\/\/www.radiopiu.net\/wordpress\/wp-content\/uploads\/2023\/04\/e0aad41d-951e-47b9-9fae-1a879a9bcb7e-1-150x150.jpg 150w, https:\/\/www.radiopiu.net\/wordpress\/wp-content\/uploads\/2023\/04\/e0aad41d-951e-47b9-9fae-1a879a9bcb7e-1-768x768.jpg 768w, https:\/\/www.radiopiu.net\/wordpress\/wp-content\/uploads\/2023\/04\/e0aad41d-951e-47b9-9fae-1a879a9bcb7e-1.jpg 1200w\" sizes=\"auto, (max-width: 110px) 100vw, 110px\" \/><\/a><\/span><\/span><\/h2>\n<h1 class=\"entry-title\">40esimo di RADIOPIU\u2026. LA VOCE DELL\u2019EMOZIONE<\/h1>\n<h2><span style=\"color: #ff0000;\">ISCRIVITI AL NOSTRO CANALE\u00a0\u00a0YOUTUBE PER SEGUIRE IN DIRETTA I PRINCIPALI PROGRAMMI DI RADIO PIU\u2019 E LE FUTURE DIRETTE IN ESTERNA. PER ISCRIVERTI\u00a0<a style=\"color: #ff0000;\" href=\"https:\/\/youtube.com\/@radiopiu1527\">CLICCA QUI\u00a0<\/a>E PREMI\u00a0 \u201cIscriviti\u201d<\/span><\/h2>\n<p>&nbsp;<\/p>\n<p><a class=\"dt-pswp-item\" href=\"https:\/\/www.radiopiu.net\/wordpress\/wp-content\/uploads\/2023\/08\/sersa-ok-1.jpg\" data-dt-img-description=\"\" data-large_image_width=\"300\" data-large_image_height=\"300\"><img loading=\"lazy\" decoding=\"async\" class=\"size-full wp-image-349822 aligncenter\" src=\"https:\/\/www.radiopiu.net\/wordpress\/wp-content\/uploads\/2023\/08\/sersa-ok-1.jpg\" alt=\"\" width=\"300\" height=\"300\" srcset=\"https:\/\/www.radiopiu.net\/wordpress\/wp-content\/uploads\/2023\/08\/sersa-ok-1.jpg 300w, https:\/\/www.radiopiu.net\/wordpress\/wp-content\/uploads\/2023\/08\/sersa-ok-1-150x150.jpg 150w\" sizes=\"auto, (max-width: 300px) 100vw, 300px\" \/><\/a><\/p>\n<p>&nbsp;<\/p>\n<p>&nbsp;<\/p>\n<hr \/>\n<p>&nbsp;<\/p>\n<blockquote>\n<h3>INTERDIZIONE TOTALE AL TRAFFICO A DIGONERA<\/h3>\n<\/blockquote>\n<p><strong>SP 563 SALESEI <\/strong><span style=\"color: #ff0000;\">\u00a0Fino al 1 settembre<\/span> in localit\u00e0 Digonera di Rocca Pietore interdizione al traffico dalle 8 alle 18. Negli altri orari senso unico alternato regolato da semaforo. <span style=\"color: #ff0000;\">Dal 1 al 4 settembre<\/span> senso unico alternato regolato da semaforo.<\/p>\n<p>&nbsp;<\/p>\n<p>&nbsp;<\/p>\n<hr \/>\n<p>&nbsp;<\/p>\n<blockquote>\n<h3>MIGLIORANO LE PREVISIONI METEO. ALLERTA GIALLA FINO A OGGI SU TRE BACINI<\/h3>\n<\/blockquote>\n<p><strong>VENEZIA <\/strong>Prosegue, ma tende ad attenuarsi, l\u2019ondata di maltempo in Veneto. Dopo due giorni di allerta su tutto il territorio, il Centro Funzionale Decentrato della Protezione Civile della Regione ha emesso un nuovo avviso di criticit\u00e0, dichiarando lo stato di attenzione (giallo) per criticit\u00e0 idraulica, limitatamente a tre bacini idrografici. La dichiarazione ha valore da subito e fino alle ore 14.00 di oggi. Potrebbero ripresentarsi dei rovesci sparsi anche ripetuti fino al primo mattino di oggi. In seguito il tempo tender\u00e0 a divenire via via pi\u00f9 stabile.<\/p>\n<p><a class=\"dt-pswp-item\" href=\"https:\/\/www.radiopiu.net\/wordpress\/wp-content\/uploads\/2023\/08\/LHJWOIH.png\" data-dt-img-description=\"\" data-large_image_width=\"944\" data-large_image_height=\"267\"><img loading=\"lazy\" decoding=\"async\" class=\"alignnone wp-image-350624 size-full\" src=\"https:\/\/www.radiopiu.net\/wordpress\/wp-content\/uploads\/2023\/08\/LHJWOIH.png\" alt=\"\" width=\"944\" height=\"267\" srcset=\"https:\/\/www.radiopiu.net\/wordpress\/wp-content\/uploads\/2023\/08\/LHJWOIH.png 944w, https:\/\/www.radiopiu.net\/wordpress\/wp-content\/uploads\/2023\/08\/LHJWOIH-300x85.png 300w, https:\/\/www.radiopiu.net\/wordpress\/wp-content\/uploads\/2023\/08\/LHJWOIH-768x217.png 768w, https:\/\/www.radiopiu.net\/wordpress\/wp-content\/uploads\/2023\/08\/LHJWOIH-350x100.png 350w\" sizes=\"auto, (max-width: 944px) 100vw, 944px\" \/><\/a><\/p>\n<p>&nbsp;<\/p>\n<hr \/>\n<p>&nbsp;<\/p>\n<blockquote>\n<h3>DI NUOVO SASSI IN STRADA SULLA 203 AGORDINA<\/h3>\n<\/blockquote>\n<p><strong>REDAZIONE<\/strong> E&#8217; successo di nuovo, questa volta tra il Mas e La Stanga. Sassi in strada sulla 203 Agordina<\/p>\n\n\t\t\t<style type='text\/css'>\n\t\t\t\t#gallery-1 {\n\t\t\t\t\tmargin: auto;\n\t\t\t\t}\n\t\t\t\t#gallery-1 .gallery-item {\n\t\t\t\t\tfloat: left;\n\t\t\t\t\tmargin-top: 10px;\n\t\t\t\t\ttext-align: center;\n\t\t\t\t\twidth: 50%;\n\t\t\t\t}\n\t\t\t\t#gallery-1 img {\n\t\t\t\t\tborder: 2px solid #cfcfcf;\n\t\t\t\t}\n\t\t\t\t#gallery-1 .gallery-caption {\n\t\t\t\t\tmargin-left: 0;\n\t\t\t\t}\n\t\t\t\t\/* see gallery_shortcode() in wp-includes\/media.php *\/\n\t\t\t<\/style>\n\t\t<div id='gallery-1' class='dt-gallery-container gallery galleryid-350591 gallery-columns-2 gallery-size-medium'><dl class='gallery-item'>\n\t\t\t\t<dt class='gallery-icon landscape'>\n\t\t\t\t\t<a class=\"rollover rollover-zoom dt-pswp-item\" title=\"e5ed9ef3-04dd-4f39-86cf-4b39058577fa\" data-dt-img-description=\"\" data-large_image_width=\"2000\" data-large_image_height=\"1500\"href='https:\/\/www.radiopiu.net\/wordpress\/wp-content\/uploads\/2023\/08\/e5ed9ef3-04dd-4f39-86cf-4b39058577fa.jpg'><img loading=\"lazy\" decoding=\"async\" width=\"300\" height=\"225\" src=\"https:\/\/www.radiopiu.net\/wordpress\/wp-content\/uploads\/2023\/08\/e5ed9ef3-04dd-4f39-86cf-4b39058577fa-300x225.jpg\" class=\"attachment-medium size-medium\" alt=\"\" srcset=\"https:\/\/www.radiopiu.net\/wordpress\/wp-content\/uploads\/2023\/08\/e5ed9ef3-04dd-4f39-86cf-4b39058577fa-300x225.jpg 300w, https:\/\/www.radiopiu.net\/wordpress\/wp-content\/uploads\/2023\/08\/e5ed9ef3-04dd-4f39-86cf-4b39058577fa-1024x768.jpg 1024w, https:\/\/www.radiopiu.net\/wordpress\/wp-content\/uploads\/2023\/08\/e5ed9ef3-04dd-4f39-86cf-4b39058577fa-768x576.jpg 768w, https:\/\/www.radiopiu.net\/wordpress\/wp-content\/uploads\/2023\/08\/e5ed9ef3-04dd-4f39-86cf-4b39058577fa-1536x1152.jpg 1536w, https:\/\/www.radiopiu.net\/wordpress\/wp-content\/uploads\/2023\/08\/e5ed9ef3-04dd-4f39-86cf-4b39058577fa.jpg 2000w\" sizes=\"auto, (max-width: 300px) 100vw, 300px\" \/><\/a>\n\t\t\t\t<\/dt><\/dl><dl class='gallery-item'>\n\t\t\t\t<dt class='gallery-icon landscape'>\n\t\t\t\t\t<a class=\"rollover rollover-zoom dt-pswp-item\" title=\"67f76e9b-5a5f-4f52-aa83-40ee695584f6\" data-dt-img-description=\"\" data-large_image_width=\"2000\" data-large_image_height=\"1500\"href='https:\/\/www.radiopiu.net\/wordpress\/wp-content\/uploads\/2023\/08\/67f76e9b-5a5f-4f52-aa83-40ee695584f6.jpg'><img loading=\"lazy\" decoding=\"async\" width=\"300\" height=\"225\" src=\"https:\/\/www.radiopiu.net\/wordpress\/wp-content\/uploads\/2023\/08\/67f76e9b-5a5f-4f52-aa83-40ee695584f6-300x225.jpg\" class=\"attachment-medium size-medium\" alt=\"\" srcset=\"https:\/\/www.radiopiu.net\/wordpress\/wp-content\/uploads\/2023\/08\/67f76e9b-5a5f-4f52-aa83-40ee695584f6-300x225.jpg 300w, https:\/\/www.radiopiu.net\/wordpress\/wp-content\/uploads\/2023\/08\/67f76e9b-5a5f-4f52-aa83-40ee695584f6-1024x768.jpg 1024w, https:\/\/www.radiopiu.net\/wordpress\/wp-content\/uploads\/2023\/08\/67f76e9b-5a5f-4f52-aa83-40ee695584f6-768x576.jpg 768w, https:\/\/www.radiopiu.net\/wordpress\/wp-content\/uploads\/2023\/08\/67f76e9b-5a5f-4f52-aa83-40ee695584f6-1536x1152.jpg 1536w, https:\/\/www.radiopiu.net\/wordpress\/wp-content\/uploads\/2023\/08\/67f76e9b-5a5f-4f52-aa83-40ee695584f6.jpg 2000w\" sizes=\"auto, (max-width: 300px) 100vw, 300px\" \/><\/a>\n\t\t\t\t<\/dt><\/dl><br style=\"clear: both\" \/>\n\t\t\t<\/div>\n\n<p>&nbsp;<\/p>\n<p>&nbsp;<\/p>\n<hr \/>\n<p>&nbsp;<\/p>\n<blockquote>\n<h3>ANCHE IL COMUNE DI ROCCA PIETORE MARTORIATO DAL MALTEMPO DELLE ULTIME ORE<\/h3>\n<\/blockquote>\n<p><strong>ROCCA PIETORE<\/strong> Il maltempo delle ultime ore non ha risparmiato neanche il territorio di Rocca Pietore. I problemi si sono registrati tra Santa Maria Delle Grazie e Caracoi Cimai dove la strada ha ceduto in seguito alle precipitazioni intense. Intanto nelle ultime ore in redazione sono arrivate delle segnalazioni che riguardano due boati che si sono sentiti all&#8217;altezza dello Chalet Al Lago. In questo caso il comune ha attivato i servizi Forestali della Regione per cercare di capire cosa sia successo.<\/p>\n<p><strong>IL SINDACO DI ROCCA PIETORE ANDREA DE BERNARDIN<\/strong><\/p>\n<audio class=\"wp-audio-shortcode\" id=\"audio-350591-1\" preload=\"none\" style=\"width: 100%;\" controls=\"controls\"><source type=\"audio\/mpeg\" src=\"https:\/\/www.radiopiu.net\/wordpress\/wp-content\/uploads\/2023\/08\/DE-BERNARDIN-CARACOI.mp3?_=1\" \/><a href=\"https:\/\/www.radiopiu.net\/wordpress\/wp-content\/uploads\/2023\/08\/DE-BERNARDIN-CARACOI.mp3\">https:\/\/www.radiopiu.net\/wordpress\/wp-content\/uploads\/2023\/08\/DE-BERNARDIN-CARACOI.mp3<\/a><\/audio>\n<p>&nbsp;<\/p>\n<div style=\"width: 848px;\" class=\"wp-video\"><video class=\"wp-video-shortcode\" id=\"video-350591-1\" width=\"848\" height=\"480\" preload=\"metadata\" controls=\"controls\"><source type=\"video\/mp4\" src=\"https:\/\/www.radiopiu.net\/wordpress\/wp-content\/uploads\/2023\/08\/WhatsApp-Video-2023-08-29-at-15.50.32.mp4?_=1\" \/><a href=\"https:\/\/www.radiopiu.net\/wordpress\/wp-content\/uploads\/2023\/08\/WhatsApp-Video-2023-08-29-at-15.50.32.mp4\">https:\/\/www.radiopiu.net\/wordpress\/wp-content\/uploads\/2023\/08\/WhatsApp-Video-2023-08-29-at-15.50.32.mp4<\/a><\/video><\/div>\n<p>&nbsp;<\/p>\n\n\t\t\t<style type='text\/css'>\n\t\t\t\t#gallery-2 {\n\t\t\t\t\tmargin: auto;\n\t\t\t\t}\n\t\t\t\t#gallery-2 .gallery-item {\n\t\t\t\t\tfloat: left;\n\t\t\t\t\tmargin-top: 10px;\n\t\t\t\t\ttext-align: center;\n\t\t\t\t\twidth: 25%;\n\t\t\t\t}\n\t\t\t\t#gallery-2 img {\n\t\t\t\t\tborder: 2px solid #cfcfcf;\n\t\t\t\t}\n\t\t\t\t#gallery-2 .gallery-caption {\n\t\t\t\t\tmargin-left: 0;\n\t\t\t\t}\n\t\t\t\t\/* see gallery_shortcode() in wp-includes\/media.php *\/\n\t\t\t<\/style>\n\t\t<div id='gallery-2' class='dt-gallery-container gallery galleryid-350591 gallery-columns-4 gallery-size-thumbnail'><dl class='gallery-item'>\n\t\t\t\t<dt class='gallery-icon portrait'>\n\t\t\t\t\t<a class=\"rollover\" href='https:\/\/www.radiopiu.net\/wordpress\/anche-il-comune-di-rocca-pietore-martoriato-dal-maltempo-delle-ultime-ore\/0d3d77c8-fc92-4a9f-b566-b98c9316992b\/'><img loading=\"lazy\" decoding=\"async\" width=\"150\" height=\"150\" src=\"https:\/\/www.radiopiu.net\/wordpress\/wp-content\/uploads\/2023\/08\/0d3d77c8-fc92-4a9f-b566-b98c9316992b-150x150.jpg\" class=\"attachment-thumbnail size-thumbnail\" alt=\"\" \/><\/a>\n\t\t\t\t<\/dt><\/dl><dl class='gallery-item'>\n\t\t\t\t<dt class='gallery-icon portrait'>\n\t\t\t\t\t<a class=\"rollover\" href='https:\/\/www.radiopiu.net\/wordpress\/anche-il-comune-di-rocca-pietore-martoriato-dal-maltempo-delle-ultime-ore\/4e398068-fa55-4db0-b0ba-260bcb6eedd2\/'><img loading=\"lazy\" decoding=\"async\" width=\"150\" height=\"150\" src=\"https:\/\/www.radiopiu.net\/wordpress\/wp-content\/uploads\/2023\/08\/4e398068-fa55-4db0-b0ba-260bcb6eedd2-150x150.jpg\" class=\"attachment-thumbnail size-thumbnail\" alt=\"\" \/><\/a>\n\t\t\t\t<\/dt><\/dl><dl class='gallery-item'>\n\t\t\t\t<dt class='gallery-icon portrait'>\n\t\t\t\t\t<a class=\"rollover\" href='https:\/\/www.radiopiu.net\/wordpress\/anche-il-comune-di-rocca-pietore-martoriato-dal-maltempo-delle-ultime-ore\/dbd6966e-b343-4749-9fc5-07470c8985cc\/'><img loading=\"lazy\" decoding=\"async\" width=\"150\" height=\"150\" src=\"https:\/\/www.radiopiu.net\/wordpress\/wp-content\/uploads\/2023\/08\/dbd6966e-b343-4749-9fc5-07470c8985cc-150x150.jpg\" class=\"attachment-thumbnail size-thumbnail\" alt=\"\" \/><\/a>\n\t\t\t\t<\/dt><\/dl><dl class='gallery-item'>\n\t\t\t\t<dt class='gallery-icon landscape'>\n\t\t\t\t\t<a class=\"rollover\" href='https:\/\/www.radiopiu.net\/wordpress\/anche-il-comune-di-rocca-pietore-martoriato-dal-maltempo-delle-ultime-ore\/380556d2-0268-4e6e-8b5e-4b0cc464c375\/'><img loading=\"lazy\" decoding=\"async\" width=\"150\" height=\"150\" src=\"https:\/\/www.radiopiu.net\/wordpress\/wp-content\/uploads\/2023\/08\/380556d2-0268-4e6e-8b5e-4b0cc464c375-150x150.jpg\" class=\"attachment-thumbnail size-thumbnail\" alt=\"\" \/><\/a>\n\t\t\t\t<\/dt><\/dl><br style=\"clear: both\" \/>\n\t\t\t<\/div>\n\n<p>&nbsp;<\/p>\n<hr \/>\n<p>&nbsp;<\/p>\n<blockquote>\n<h3>CROLLO DAL TESTON DELLA SCHIARA<\/h3>\n<\/blockquote>\n<p><strong>BELLUNO<\/strong> Crollo dal Teston della Schiara con notevole distacco di roccia. Ieri mattina verso le 8.30 il gestore del Rifugio Settimo Alpini nel Gruppo della Schiara ha allertato il Soccorso alpino di Belluno, per un crollo avvenuto dal Teston, nel tratto strapiombante sommitale della Schiara sopra la Cengia Sperti. L&#8217;elicottero del Suem ha effettuato una prima ricognizione, per poi caricare a bordo tre soccorritori e sbarcarli in hovering lungo la Ferrata del Marmol, al bivio con la Ferrata Zacchi, per visionare le condizioni dell&#8217;itinerario attrezzato della Marmol. I soccorritori sono quindi saliti al Bivacco Marmol per escludere la presenza di persone e scrivere di non scendere lungo la Ferrata. Visionata la Cengia inferiore, interessata dalla caduta di materiale come il tratto in comune tra le due ferrate. Sono ancora in corso scariche di detriti nella gola tra lo spallone della Zacchi e la parete dove corrono i cavi. L&#8217;elicottero dell&#8217;Air service center, convenzionato con il Soccorso alpino Dolomiti Bellunesi, ha poi recuperato i soccorritori, per sorvolare l&#8217;intero itinerario e controllare anche il Bivacco Dalla Bernardina, dove non c&#8217;era traccia di alcun passaggio.<\/p>\n\n\t\t\t<style type='text\/css'>\n\t\t\t\t#gallery-3 {\n\t\t\t\t\tmargin: auto;\n\t\t\t\t}\n\t\t\t\t#gallery-3 .gallery-item {\n\t\t\t\t\tfloat: left;\n\t\t\t\t\tmargin-top: 10px;\n\t\t\t\t\ttext-align: center;\n\t\t\t\t\twidth: 25%;\n\t\t\t\t}\n\t\t\t\t#gallery-3 img {\n\t\t\t\t\tborder: 2px solid #cfcfcf;\n\t\t\t\t}\n\t\t\t\t#gallery-3 .gallery-caption {\n\t\t\t\t\tmargin-left: 0;\n\t\t\t\t}\n\t\t\t\t\/* see gallery_shortcode() in wp-includes\/media.php *\/\n\t\t\t<\/style>\n\t\t<div id='gallery-3' class='dt-gallery-container gallery galleryid-350591 gallery-columns-4 gallery-size-medium'><dl class='gallery-item'>\n\t\t\t\t<dt class='gallery-icon portrait'>\n\t\t\t\t\t<a class=\"rollover rollover-zoom dt-pswp-item\" title=\"Watermark_20230829_133728_012\" data-dt-img-description=\"\" data-large_image_width=\"1773\" data-large_image_height=\"2364\"href='https:\/\/www.radiopiu.net\/wordpress\/wp-content\/uploads\/2023\/08\/Watermark_20230829_133728_012.jpg'><img loading=\"lazy\" decoding=\"async\" width=\"225\" height=\"300\" src=\"https:\/\/www.radiopiu.net\/wordpress\/wp-content\/uploads\/2023\/08\/Watermark_20230829_133728_012-225x300.jpg\" class=\"attachment-medium size-medium\" alt=\"\" srcset=\"https:\/\/www.radiopiu.net\/wordpress\/wp-content\/uploads\/2023\/08\/Watermark_20230829_133728_012-225x300.jpg 225w, https:\/\/www.radiopiu.net\/wordpress\/wp-content\/uploads\/2023\/08\/Watermark_20230829_133728_012-768x1024.jpg 768w, https:\/\/www.radiopiu.net\/wordpress\/wp-content\/uploads\/2023\/08\/Watermark_20230829_133728_012-1152x1536.jpg 1152w, https:\/\/www.radiopiu.net\/wordpress\/wp-content\/uploads\/2023\/08\/Watermark_20230829_133728_012-1536x2048.jpg 1536w, https:\/\/www.radiopiu.net\/wordpress\/wp-content\/uploads\/2023\/08\/Watermark_20230829_133728_012.jpg 1773w\" sizes=\"auto, (max-width: 225px) 100vw, 225px\" \/><\/a>\n\t\t\t\t<\/dt><\/dl><dl class='gallery-item'>\n\t\t\t\t<dt class='gallery-icon portrait'>\n\t\t\t\t\t<a class=\"rollover rollover-zoom dt-pswp-item\" title=\"Watermark_20230829_133710_509\" data-dt-img-description=\"\" data-large_image_width=\"1773\" data-large_image_height=\"2364\"href='https:\/\/www.radiopiu.net\/wordpress\/wp-content\/uploads\/2023\/08\/Watermark_20230829_133710_509.jpg'><img loading=\"lazy\" decoding=\"async\" width=\"225\" height=\"300\" src=\"https:\/\/www.radiopiu.net\/wordpress\/wp-content\/uploads\/2023\/08\/Watermark_20230829_133710_509-225x300.jpg\" class=\"attachment-medium size-medium\" alt=\"\" srcset=\"https:\/\/www.radiopiu.net\/wordpress\/wp-content\/uploads\/2023\/08\/Watermark_20230829_133710_509-225x300.jpg 225w, https:\/\/www.radiopiu.net\/wordpress\/wp-content\/uploads\/2023\/08\/Watermark_20230829_133710_509-768x1024.jpg 768w, https:\/\/www.radiopiu.net\/wordpress\/wp-content\/uploads\/2023\/08\/Watermark_20230829_133710_509-1152x1536.jpg 1152w, https:\/\/www.radiopiu.net\/wordpress\/wp-content\/uploads\/2023\/08\/Watermark_20230829_133710_509-1536x2048.jpg 1536w, https:\/\/www.radiopiu.net\/wordpress\/wp-content\/uploads\/2023\/08\/Watermark_20230829_133710_509.jpg 1773w\" sizes=\"auto, (max-width: 225px) 100vw, 225px\" \/><\/a>\n\t\t\t\t<\/dt><\/dl><dl class='gallery-item'>\n\t\t\t\t<dt class='gallery-icon portrait'>\n\t\t\t\t\t<a class=\"rollover rollover-zoom dt-pswp-item\" title=\"Watermark_20230829_133740_483\" data-dt-img-description=\"\" data-large_image_width=\"1773\" data-large_image_height=\"2364\"href='https:\/\/www.radiopiu.net\/wordpress\/wp-content\/uploads\/2023\/08\/Watermark_20230829_133740_483.jpg'><img loading=\"lazy\" decoding=\"async\" width=\"225\" height=\"300\" src=\"https:\/\/www.radiopiu.net\/wordpress\/wp-content\/uploads\/2023\/08\/Watermark_20230829_133740_483-225x300.jpg\" class=\"attachment-medium size-medium\" alt=\"\" srcset=\"https:\/\/www.radiopiu.net\/wordpress\/wp-content\/uploads\/2023\/08\/Watermark_20230829_133740_483-225x300.jpg 225w, https:\/\/www.radiopiu.net\/wordpress\/wp-content\/uploads\/2023\/08\/Watermark_20230829_133740_483-768x1024.jpg 768w, https:\/\/www.radiopiu.net\/wordpress\/wp-content\/uploads\/2023\/08\/Watermark_20230829_133740_483-1152x1536.jpg 1152w, https:\/\/www.radiopiu.net\/wordpress\/wp-content\/uploads\/2023\/08\/Watermark_20230829_133740_483-1536x2048.jpg 1536w, https:\/\/www.radiopiu.net\/wordpress\/wp-content\/uploads\/2023\/08\/Watermark_20230829_133740_483.jpg 1773w\" sizes=\"auto, (max-width: 225px) 100vw, 225px\" \/><\/a>\n\t\t\t\t<\/dt><\/dl><dl class='gallery-item'>\n\t\t\t\t<dt class='gallery-icon portrait'>\n\t\t\t\t\t<a class=\"rollover rollover-zoom dt-pswp-item\" title=\"Watermark_20230829_133718_438\" data-dt-img-description=\"\" data-large_image_width=\"1773\" data-large_image_height=\"2364\"href='https:\/\/www.radiopiu.net\/wordpress\/wp-content\/uploads\/2023\/08\/Watermark_20230829_133718_438.jpg'><img loading=\"lazy\" decoding=\"async\" width=\"225\" height=\"300\" src=\"https:\/\/www.radiopiu.net\/wordpress\/wp-content\/uploads\/2023\/08\/Watermark_20230829_133718_438-225x300.jpg\" class=\"attachment-medium size-medium\" alt=\"\" srcset=\"https:\/\/www.radiopiu.net\/wordpress\/wp-content\/uploads\/2023\/08\/Watermark_20230829_133718_438-225x300.jpg 225w, https:\/\/www.radiopiu.net\/wordpress\/wp-content\/uploads\/2023\/08\/Watermark_20230829_133718_438-768x1024.jpg 768w, https:\/\/www.radiopiu.net\/wordpress\/wp-content\/uploads\/2023\/08\/Watermark_20230829_133718_438-1152x1536.jpg 1152w, https:\/\/www.radiopiu.net\/wordpress\/wp-content\/uploads\/2023\/08\/Watermark_20230829_133718_438-1536x2048.jpg 1536w, https:\/\/www.radiopiu.net\/wordpress\/wp-content\/uploads\/2023\/08\/Watermark_20230829_133718_438.jpg 1773w\" sizes=\"auto, (max-width: 225px) 100vw, 225px\" \/><\/a>\n\t\t\t\t<\/dt><\/dl><br style=\"clear: both\" \/>\n\t\t\t<\/div>\n\n<p>&nbsp;<\/p>\n<hr \/>\n<p>&nbsp;<\/p>\n<blockquote>\n<h3>SOTTO LA PIOGGIA SULLA FERRATA LIPELLA. MADRE E FIGLIA RECUPERATE DAL SOCCORSO ALPINO<\/h3>\n<\/blockquote>\n<p><strong>CORTINA<\/strong> Ieri attorno alle 13, ricevute le coordinate del punto in cui si trovavano, l&#8217;elicottero del Suem di Pieve di Cadore \u00e8 volato sulla Ferrata Lipella alla Tofana di Rozes, per recuperare madre e figlia bloccate sotto un tratto verticale a causa della roccia bagnata. Le due donne, di 56 e 29 anni, di Marmirolo (MN), uscite dal Castelletto, si erano fermate al termine della cengia, temendo di risalire la parete scivolosa a circa 2.500 metri di quota. Sotto la pioggia l&#8217;equipaggio le ha individuate (altri due escursionisti stavano salendo pi\u00f9 in alto) e nelle loro vicinanze \u00e8 stato calato il tecnico di elisoccorso con un verricello di 55 metri. In due rotazioni, entrambe sono state issate a bordo e trasportate al Rifugio Dibona.<\/p>\n<p><strong>FALCADE <\/strong>Verso le 12.30 l&#8217;eliambulanza era stata inviata al Rifugio Flora Alpina a Falcade, per un bimbo di 11 mesi di Mira (VE) che si era sentito poco bene. Verificate le sue condizioni, il bambino \u00e8 stato accompagnato assieme alla madre all&#8217;ospedale di Belluno per i dovuti accertamenti.<\/p>\n<p>&nbsp;<\/p>\n<p>&nbsp;<\/p>\n<hr \/>\n<p>&nbsp;<\/p>\n<blockquote>\n<h3>ENTRO FINE ANNO DOVREBBERO PARTIRE I LAVORI A VIALE DELLA VITTORIA A VOLTAGO<\/h3>\n<\/blockquote>\n<p><strong><a class=\"dt-pswp-item\" href=\"https:\/\/www.radiopiu.net\/wordpress\/wp-content\/uploads\/2023\/07\/MUNICIPIO-VOLTAGO.jpeg\" data-dt-img-description=\"\" data-large_image_width=\"1504\" data-large_image_height=\"1116\"><img loading=\"lazy\" decoding=\"async\" class=\" wp-image-344319 alignleft\" src=\"https:\/\/www.radiopiu.net\/wordpress\/wp-content\/uploads\/2023\/07\/MUNICIPIO-VOLTAGO-300x223.jpeg\" alt=\"\" width=\"164\" height=\"122\" srcset=\"https:\/\/www.radiopiu.net\/wordpress\/wp-content\/uploads\/2023\/07\/MUNICIPIO-VOLTAGO-300x223.jpeg 300w, https:\/\/www.radiopiu.net\/wordpress\/wp-content\/uploads\/2023\/07\/MUNICIPIO-VOLTAGO-1024x760.jpeg 1024w, https:\/\/www.radiopiu.net\/wordpress\/wp-content\/uploads\/2023\/07\/MUNICIPIO-VOLTAGO-768x570.jpeg 768w, https:\/\/www.radiopiu.net\/wordpress\/wp-content\/uploads\/2023\/07\/MUNICIPIO-VOLTAGO.jpeg 1504w\" sizes=\"auto, (max-width: 164px) 100vw, 164px\" \/><\/a>VOLTAGO<\/strong><\/p>\n<p>di Gianni Santomaso<\/p>\n<audio class=\"wp-audio-shortcode\" id=\"audio-350591-2\" preload=\"none\" style=\"width: 100%;\" controls=\"controls\"><source type=\"audio\/mpeg\" src=\"https:\/\/www.radiopiu.net\/wordpress\/wp-content\/uploads\/2023\/08\/GIANNI-ENTRO-FINE-ANNO-DOVREBBERO-PARTIRE-I-LAVORI-A-VIALE-DELLA-VITTORIA-A-VOLTAGO.mp3?_=2\" \/><a href=\"https:\/\/www.radiopiu.net\/wordpress\/wp-content\/uploads\/2023\/08\/GIANNI-ENTRO-FINE-ANNO-DOVREBBERO-PARTIRE-I-LAVORI-A-VIALE-DELLA-VITTORIA-A-VOLTAGO.mp3\">https:\/\/www.radiopiu.net\/wordpress\/wp-content\/uploads\/2023\/08\/GIANNI-ENTRO-FINE-ANNO-DOVREBBERO-PARTIRE-I-LAVORI-A-VIALE-DELLA-VITTORIA-A-VOLTAGO.mp3<\/a><\/audio>\n<p>&nbsp;<\/p>\n<hr \/>\n<p>&nbsp;<\/p>\n<blockquote>\n<h3>STOP AGLI ABBONAMENTI SPECIALI PER I LAVORATORI PART-TIME. LA FILCTEM-CGIL LUXOTTICA NON CI STA<\/h3>\n<\/blockquote>\n<p><strong><a class=\"dt-pswp-item\" href=\"https:\/\/www.radiopiu.net\/wordpress\/wp-content\/uploads\/2020\/06\/f662441c-c6a1-40df-8978-3ff5202173f9.jpg\" data-dt-img-description=\"\" data-large_image_width=\"1280\" data-large_image_height=\"960\"><img loading=\"lazy\" decoding=\"async\" class=\" wp-image-145519 alignleft\" src=\"https:\/\/www.radiopiu.net\/wordpress\/wp-content\/uploads\/2020\/06\/f662441c-c6a1-40df-8978-3ff5202173f9-300x225.jpg\" alt=\"\" width=\"162\" height=\"122\" srcset=\"https:\/\/www.radiopiu.net\/wordpress\/wp-content\/uploads\/2020\/06\/f662441c-c6a1-40df-8978-3ff5202173f9-300x225.jpg 300w, https:\/\/www.radiopiu.net\/wordpress\/wp-content\/uploads\/2020\/06\/f662441c-c6a1-40df-8978-3ff5202173f9-1024x768.jpg 1024w, https:\/\/www.radiopiu.net\/wordpress\/wp-content\/uploads\/2020\/06\/f662441c-c6a1-40df-8978-3ff5202173f9-768x576.jpg 768w, https:\/\/www.radiopiu.net\/wordpress\/wp-content\/uploads\/2020\/06\/f662441c-c6a1-40df-8978-3ff5202173f9.jpg 1280w\" sizes=\"auto, (max-width: 162px) 100vw, 162px\" \/><\/a>AGORDO<\/strong> Negli ultimi mesi DolomitiBus ha comunicato la fine degli abbonamenti speciali per i part-time a 4 o 6 ore che viaggiano con i mezzi pubblici per raggiungere il posto di lavoro. La commissione trasporti della RSU Luxottica di Agordo \u00e8 al lavoro per trovare un accordo con l&#8217;azienda di trasporto pubblico ma sembra che le cose non stiano andando per il verso giusto tanto che negli ultimi giorni ha chiesto anche a Luxottica di mettere voce in capitolo per riuscire a trovare una soluzione entro breve. Mossa che l&#8217;azienda di occhiali non ha ancora fatto per\u00f2.<\/p>\n<p><strong>OGGI ALLE 16:30 L&#8217;INTERVISTA A LUIGI DELL&#8217;ATTI E VALENTINA DA ROLD DELLA FILCTEM-CGIL LUXOTTICA AGORDO<\/strong><\/p>\n<p>&nbsp;<\/p>\n<p>&nbsp;<\/p>\n<hr \/>\n<p>&nbsp;<\/p>\n<blockquote>\n<h3>ANAS SALVA INVESTI SCUOLA: LA FILT CGIL SI DOMANDA A CHE PREZZO<\/h3>\n<\/blockquote>\n<p><strong><a class=\"dt-pswp-item\" href=\"https:\/\/www.radiopiu.net\/wordpress\/wp-content\/uploads\/2023\/03\/filt-cgil.png\" data-dt-img-description=\"\" data-large_image_width=\"182\" data-large_image_height=\"236\"><img loading=\"lazy\" decoding=\"async\" class=\" wp-image-326003 alignleft\" src=\"https:\/\/www.radiopiu.net\/wordpress\/wp-content\/uploads\/2023\/03\/filt-cgil.png\" alt=\"\" width=\"140\" height=\"182\" \/><\/a>BELLUNO <\/strong>La FILT-CGIL di Belluno esprime preoccupazione riguardo al salvataggio dell&#8217;Investi Scuola grazie a una cessione di strade ad ANAS, ritenendo che ci\u00f2 comporti un compromesso tra mobilit\u00e0 e viabilit\u00e0 nel territorio. La Provincia rinuncia alle risorse per la gestione del territorio e delle strade a favore di ANAS, creando un sistema di solidariet\u00e0 tra entit\u00e0 svantaggiate. La Provincia sembra non aver fatto calcoli accurati, dichiarando un corrispettivo di 5 milioni per la riclassificazione delle strade ma ricevendone oltre 6 da ANAS. Si sollevano dubbi sulla gestione economica di queste risorse. Inoltre, si critica l&#8217;approccio economico di Dolomiti Bus, che dovrebbe garantire un servizio di trasporto pubblico di qualit\u00e0. La FILT-CGIL sottolinea la necessit\u00e0 di lottare per risorse stabili per il territorio invece di accettare elemosine. La situazione \u00e8 vista come incoerente con l&#8217;obiettivo di contrastare lo spopolamento. La FILT-CGIL condivide le preoccupazioni di coloro che cercano risorse aggiuntive dal Governo centrale e critica la vendita del territorio in cambio di elemosine.<\/p>\n<p>&nbsp;<\/p>\n<p>&nbsp;<\/p>\n<hr \/>\n<p>&nbsp;<\/p>\n<blockquote>\n<h3>IL PD DI BELLUNO DIMOSTRA SODDISFAZIONE PER IL RINNOVO DI INVESTI SCUOLA<\/h3>\n<\/blockquote>\n<p><strong><a class=\"dt-pswp-item\" href=\"https:\/\/www.radiopiu.net\/wordpress\/wp-content\/uploads\/2018\/11\/PD.png\" data-dt-img-description=\"\" data-large_image_width=\"226\" data-large_image_height=\"182\"><img loading=\"lazy\" decoding=\"async\" class=\" wp-image-67744 alignleft\" src=\"https:\/\/www.radiopiu.net\/wordpress\/wp-content\/uploads\/2018\/11\/PD.png\" alt=\"\" width=\"97\" height=\"78\" \/><\/a>BELLUNO<\/strong> La conferma di Investi Scuola \u00e8 accolta con soddisfazione dal PD di Belluno. Si elogia l&#8217;Ente Provincia e il Consorzio BIM per il loro sforzo nel rifinanziare questa misura. Inizialmente sembrava che Investi Scuola sarebbe stato dimezzato, ma grazie a una mobilitazione e a una forte attenzione mediatica, la situazione \u00e8 cambiata, evitando l&#8217;ipotesi di intaccare la solidit\u00e0 patrimoniale di Dolomiti Bus. Tuttavia, si sottolinea che questa non \u00e8 una soluzione strutturale, e il prossimo anno potrebbe comportare ulteriori incertezze. La vicenda dimostra che le forze politiche possono ancora influenzare le scelte politiche nella provincia e si auspica un intervento regionale per rendere strutturale questa misura. Si annuncia un incontro pubblico con l&#8217;assessore ai trasporti della Regione Emilia-Romagna, Andrea Corsini, per discutere di come questa regione investa 47 milioni all&#8217;anno nei trasporti per gli studenti.<\/p>\n<p>&nbsp;<\/p>\n<p>&nbsp;<\/p>\n<hr \/>\n<p>&nbsp;<\/p>\n<blockquote>\n<h3>ANCHE AD ALLEGHE DOVREBBE PARTIRE IL DOPO SCUOLA<\/h3>\n<\/blockquote>\n<p><strong><a class=\"dt-pswp-item\" href=\"https:\/\/www.radiopiu.net\/wordpress\/wp-content\/uploads\/2022\/12\/alleghe-estate.jpg\" data-dt-img-description=\"\" data-large_image_width=\"640\" data-large_image_height=\"425\"><img loading=\"lazy\" decoding=\"async\" class=\" wp-image-311542 alignleft\" src=\"https:\/\/www.radiopiu.net\/wordpress\/wp-content\/uploads\/2022\/12\/alleghe-estate-300x199.jpg\" alt=\"\" width=\"166\" height=\"110\" srcset=\"https:\/\/www.radiopiu.net\/wordpress\/wp-content\/uploads\/2022\/12\/alleghe-estate-300x199.jpg 300w, https:\/\/www.radiopiu.net\/wordpress\/wp-content\/uploads\/2022\/12\/alleghe-estate.jpg 640w\" sizes=\"auto, (max-width: 166px) 100vw, 166px\" \/><\/a>ALLEGHE<\/strong><\/p>\n<p>di Gianni Santomaso<\/p>\n<audio class=\"wp-audio-shortcode\" id=\"audio-350591-3\" preload=\"none\" style=\"width: 100%;\" controls=\"controls\"><source type=\"audio\/mpeg\" src=\"https:\/\/www.radiopiu.net\/wordpress\/wp-content\/uploads\/2023\/08\/GIANNI-ANCHE-AD-ALLEGHE-DOVREBBE-PARTIRE-IL-DOPO-SCUOLA.mp3?_=3\" \/><a href=\"https:\/\/www.radiopiu.net\/wordpress\/wp-content\/uploads\/2023\/08\/GIANNI-ANCHE-AD-ALLEGHE-DOVREBBE-PARTIRE-IL-DOPO-SCUOLA.mp3\">https:\/\/www.radiopiu.net\/wordpress\/wp-content\/uploads\/2023\/08\/GIANNI-ANCHE-AD-ALLEGHE-DOVREBBE-PARTIRE-IL-DOPO-SCUOLA.mp3<\/a><\/audio>\n<p>&nbsp;<\/p>\n<hr \/>\n<p>&nbsp;<\/p>\n<blockquote>\n<h3>RIAVVIATI I LAVORI DI MANUTENZIONE DEGLI IMPIANTI DELLE GALLERIE \u201cBRENTA\u201d E \u201cSAN VITO\u201d LUNGO LA SS 50 BIS\/VAR<\/h3>\n<\/blockquote>\n<p><strong><a class=\"dt-pswp-item\" href=\"https:\/\/www.radiopiu.net\/wordpress\/wp-content\/uploads\/2021\/06\/anas.png\" data-dt-img-description=\"\" data-large_image_width=\"299\" data-large_image_height=\"169\"><img loading=\"lazy\" decoding=\"async\" class=\" wp-image-213422 alignleft\" src=\"https:\/\/www.radiopiu.net\/wordpress\/wp-content\/uploads\/2021\/06\/anas.png\" alt=\"\" width=\"196\" height=\"111\" \/><\/a>VENEZIA <\/strong>Anas ha ravviato, dopo la sospensione durante il periodo di esodo estivo, i lavori di manutenzione degli impianti delle gallerie \u2018Brenta\u2019 e \u2018San Vito\u2019 tra i comuni di Arsi\u00e8 e Valbrenta, lungo la strada statale 50 bis\/var \u201cdel Grappa e del Passo Rolle\u201d. Al fine di creare il minor impatto possibile alla circolazione stradale i lavori saranno svolti esclusivamente in orario notturno. Fino a sabato 30 settembre, dalle ore 21 alle 6 del mattino successivo sar\u00e0 istituita la chiusura temporanea al traffico \u2013 in direzione Feltre\/Belluno &#8211; della galleria \u2018San Vito\u2019. Durante questa modifica notturna alla circolazione il traffico veicolare sar\u00e0 deviato sulla viabilit\u00e0 alternativa, come di seguito specificato. I mezzi leggeri diretti verso Feltre\/Belluno potranno percorrere la deviazione pi\u00f9 breve che da Primolano porta ad Arsi\u00e9, passando per Fastro e percorrendo quindi via Nazionale e via Mezzavia. Per\u00a0i mezzi pesanti con peso superiore alle 3,5 tonnellate che viaggiano in direzione Feltre\/Belluno il percorso alternativo consigliato, partendo dalla SS 47, prevede: da via Molinetto, mediante 3\u00b0 uscita dalla rotatoria, la percorrenza di via De Gasperi (SP57) per poi uscire al 1\u00b0 svincolo della successiva rotatoria su via Dante Alighieri e procedere percorrendo la SP26; seguire le indicazioni per Valdobbiadene\/Feltre per imboccare la SR348 e giungere a Feltre. Per i mezzi pesanti con peso superiore alle 3,5 tonnellate diretti a\u00a0Feltre\/Belluno, \u00e8 possibile, in alternativa, percorrere le scale di Primolano.<\/p>\n<p>&nbsp;<\/p>\n<p>&nbsp;<\/p>\n<hr \/>\n<p>&nbsp;<\/p>\n<blockquote>\n<h3>INIZIATI I LAVORI PER LA VARIANTE DI VALLE DI CADORE<\/h3>\n<\/blockquote>\n<p><strong>di Barbara Paolazzi, Radio Club 103<\/strong><\/p>\n<audio class=\"wp-audio-shortcode\" id=\"audio-350591-4\" preload=\"none\" style=\"width: 100%;\" controls=\"controls\"><source type=\"audio\/mpeg\" src=\"https:\/\/www.radiopiu.net\/wordpress\/wp-content\/uploads\/2023\/08\/PAOLAZZI-CANTIERE-VARIANTE-VALLE-DI-CADORE.mp3?_=4\" \/><a href=\"https:\/\/www.radiopiu.net\/wordpress\/wp-content\/uploads\/2023\/08\/PAOLAZZI-CANTIERE-VARIANTE-VALLE-DI-CADORE.mp3\">https:\/\/www.radiopiu.net\/wordpress\/wp-content\/uploads\/2023\/08\/PAOLAZZI-CANTIERE-VARIANTE-VALLE-DI-CADORE.mp3<\/a><\/audio>\n<p>&nbsp;<\/p>\n<hr \/>\n<p>&nbsp;<\/p>\n<blockquote>\n<h3>NEUROLOGIE: POTENZIATA L\u2019ATTIVIT\u00c0 IN ULSS DOLOMITI<\/h3>\n<\/blockquote>\n<p><strong><a class=\"dt-pswp-item\" href=\"https:\/\/www.radiopiu.net\/wordpress\/wp-content\/uploads\/2023\/08\/WhatsApp-Image-2023-08-29-at-18.38.00.jpeg\" data-dt-img-description=\"\" data-large_image_width=\"1912\" data-large_image_height=\"885\"><img loading=\"lazy\" decoding=\"async\" class=\" wp-image-350669 alignleft\" src=\"https:\/\/www.radiopiu.net\/wordpress\/wp-content\/uploads\/2023\/08\/WhatsApp-Image-2023-08-29-at-18.38.00-300x139.jpeg\" alt=\"\" width=\"181\" height=\"84\" srcset=\"https:\/\/www.radiopiu.net\/wordpress\/wp-content\/uploads\/2023\/08\/WhatsApp-Image-2023-08-29-at-18.38.00-300x139.jpeg 300w, https:\/\/www.radiopiu.net\/wordpress\/wp-content\/uploads\/2023\/08\/WhatsApp-Image-2023-08-29-at-18.38.00-1024x474.jpeg 1024w, https:\/\/www.radiopiu.net\/wordpress\/wp-content\/uploads\/2023\/08\/WhatsApp-Image-2023-08-29-at-18.38.00-768x355.jpeg 768w, https:\/\/www.radiopiu.net\/wordpress\/wp-content\/uploads\/2023\/08\/WhatsApp-Image-2023-08-29-at-18.38.00-1536x711.jpeg 1536w, https:\/\/www.radiopiu.net\/wordpress\/wp-content\/uploads\/2023\/08\/WhatsApp-Image-2023-08-29-at-18.38.00.jpeg 1912w\" sizes=\"auto, (max-width: 181px) 100vw, 181px\" \/><\/a>BELLUNO <\/strong>Dal 1 settembre le Neurologie dell\u2019Ulss Dolomiti si potenziano: ampliati i posti letto e avviata la guardia attiva. La nuova organizzazione prevede il potenziamento delle dotazioni di posti letto, arrivando a quanto previsto dalle schede ospedaliere: 18 posti letto per l\u2019Ospedale di Belluno e 14 per l\u2019Ospedale di Feltre. Inoltre, per la prima volta in Ulss Dolomiti sar\u00e0 avviato il servizio di guardia attiva su 24 ore nella Neurologia di Belluno, requisito per un centro di II livello. A Feltre, sar\u00e0 mantenuta la guardia interdivisionale con pronta disponibilit\u00e0 integrativa neurologica. Anche le agende per le prestazioni amulatoriali per esterni saranno incrementate. Ci\u00f2 \u00e8 stato possibile grazie a un lavoro di rete con l\u2019Azienda Ospedaliera di Padova e l\u2019Ulss 2 Marca Trevigiana. In particolare, sono stati assunti 3 medici specializzandi a Padova col vincolo di svolgere turni a Belluno. Inoltre, l\u2019Ulss di Treviso e l\u2019Azienda Ospedaliera di Padova garantiscono 10-12 turni al mese ciascuno.<\/p>\n<p>&nbsp;<\/p>\n<p>&nbsp;<\/p>\n<hr \/>\n<p>&nbsp;<\/p>\n<blockquote>\n<h3>SOPRALLUOGO AL CODIVILLA PER IL COMMISSARIO DAL BEN<\/h3>\n<\/blockquote>\n<p><strong>BELLUNO <\/strong>Il Commissario Giuseppe Dal Ben, nell\u2019ambito del consueto monitoraggio settimanale dei lavori, ha fatto un sopralluogo al cantiere del Codivilla con il sindaco di Cortina, Gianluca Lorenzi, l\u2019assessore Stefano Ghezze e il Presidente di GVM Ettore Sansavini. Le lavorazioni stanno proseguendo secondo le previsioni del cronoprogramma di contratto. Oltre al completamento delle opere strutturali del corpo in ricostruzione, sono in corso la realizzazione dei cartongessi e della rasatura con intonaco ai piani, oltre alla posa di dorsali impiantistiche elettriche e meccaniche e test di pressione, come ha spiegato ai presenti il progettista e direttore del lavori Mauro Gallinaro che ha accompagnato in cantiere le autorit\u00e0, insieme ai rappresentanti degli uffici tecnici di Ulss (ing Calderolla) e GVM (ing Dapporto, responsabile tecnico del procedimento per conto di GVM Cortina) e delle imprese impegnate nell\u2019opera (Graziantonio Pallotta titolare dell\u2019impresa Ge.Di che sta seguendo i lavori).<\/p>\n\n\t\t\t<style type='text\/css'>\n\t\t\t\t#gallery-4 {\n\t\t\t\t\tmargin: auto;\n\t\t\t\t}\n\t\t\t\t#gallery-4 .gallery-item {\n\t\t\t\t\tfloat: left;\n\t\t\t\t\tmargin-top: 10px;\n\t\t\t\t\ttext-align: center;\n\t\t\t\t\twidth: 33%;\n\t\t\t\t}\n\t\t\t\t#gallery-4 img {\n\t\t\t\t\tborder: 2px solid #cfcfcf;\n\t\t\t\t}\n\t\t\t\t#gallery-4 .gallery-caption {\n\t\t\t\t\tmargin-left: 0;\n\t\t\t\t}\n\t\t\t\t\/* see gallery_shortcode() in wp-includes\/media.php *\/\n\t\t\t<\/style>\n\t\t<div id='gallery-4' class='dt-gallery-container gallery galleryid-350591 gallery-columns-3 gallery-size-thumbnail'><dl class='gallery-item'>\n\t\t\t\t<dt class='gallery-icon landscape'>\n\t\t\t\t\t<a class=\"rollover rollover-zoom dt-pswp-item\" title=\"WhatsApp Image 2023-08-29 at 18.07.21\" data-dt-img-description=\"\" data-large_image_width=\"2040\" data-large_image_height=\"1530\"href='https:\/\/www.radiopiu.net\/wordpress\/wp-content\/uploads\/2023\/08\/WhatsApp-Image-2023-08-29-at-18.07.21.jpeg'><img loading=\"lazy\" decoding=\"async\" width=\"150\" height=\"150\" src=\"https:\/\/www.radiopiu.net\/wordpress\/wp-content\/uploads\/2023\/08\/WhatsApp-Image-2023-08-29-at-18.07.21-150x150.jpeg\" class=\"attachment-thumbnail size-thumbnail\" alt=\"\" \/><\/a>\n\t\t\t\t<\/dt><\/dl><dl class='gallery-item'>\n\t\t\t\t<dt class='gallery-icon landscape'>\n\t\t\t\t\t<a class=\"rollover rollover-zoom dt-pswp-item\" title=\"WhatsApp Image 2023-08-29 at 18.14.08\" data-dt-img-description=\"\" data-large_image_width=\"2040\" data-large_image_height=\"1530\"href='https:\/\/www.radiopiu.net\/wordpress\/wp-content\/uploads\/2023\/08\/WhatsApp-Image-2023-08-29-at-18.14.08.jpeg'><img loading=\"lazy\" decoding=\"async\" width=\"150\" height=\"150\" src=\"https:\/\/www.radiopiu.net\/wordpress\/wp-content\/uploads\/2023\/08\/WhatsApp-Image-2023-08-29-at-18.14.08-150x150.jpeg\" class=\"attachment-thumbnail size-thumbnail\" alt=\"\" \/><\/a>\n\t\t\t\t<\/dt><\/dl><dl class='gallery-item'>\n\t\t\t\t<dt class='gallery-icon landscape'>\n\t\t\t\t\t<a class=\"rollover rollover-zoom dt-pswp-item\" title=\"WhatsApp Image 2023-08-29 at 18.12.30\" data-dt-img-description=\"\" data-large_image_width=\"2040\" data-large_image_height=\"1530\"href='https:\/\/www.radiopiu.net\/wordpress\/wp-content\/uploads\/2023\/08\/WhatsApp-Image-2023-08-29-at-18.12.30.jpeg'><img loading=\"lazy\" decoding=\"async\" width=\"150\" height=\"150\" src=\"https:\/\/www.radiopiu.net\/wordpress\/wp-content\/uploads\/2023\/08\/WhatsApp-Image-2023-08-29-at-18.12.30-150x150.jpeg\" class=\"attachment-thumbnail size-thumbnail\" alt=\"\" \/><\/a>\n\t\t\t\t<\/dt><\/dl><br style=\"clear: both\" \/>\n\t\t\t<\/div>\n\n<p>&nbsp;<\/p>\n<p>&nbsp;<\/p>\n<hr \/>\n<p>&nbsp;<\/p>\n<blockquote>\n<h3>CONFEDILIZIA: AL VIA IL 9\u00b0 CORSO DI AGGIORNAMENTO PER GLI AMMINISTRATORI DI CONDOMINIO<\/h3>\n<\/blockquote>\n<p><strong><a class=\"dt-pswp-item\" href=\"https:\/\/www.radiopiu.net\/wordpress\/wp-content\/uploads\/2022\/03\/CONDOMINIO.jpg\" data-dt-img-description=\"\" data-large_image_width=\"1920\" data-large_image_height=\"1080\"><img loading=\"lazy\" decoding=\"async\" class=\" wp-image-265139 alignleft\" src=\"https:\/\/www.radiopiu.net\/wordpress\/wp-content\/uploads\/2022\/03\/CONDOMINIO-300x169.jpg\" alt=\"\" width=\"188\" height=\"106\" srcset=\"https:\/\/www.radiopiu.net\/wordpress\/wp-content\/uploads\/2022\/03\/CONDOMINIO-300x169.jpg 300w, https:\/\/www.radiopiu.net\/wordpress\/wp-content\/uploads\/2022\/03\/CONDOMINIO-1024x576.jpg 1024w, https:\/\/www.radiopiu.net\/wordpress\/wp-content\/uploads\/2022\/03\/CONDOMINIO-768x432.jpg 768w, https:\/\/www.radiopiu.net\/wordpress\/wp-content\/uploads\/2022\/03\/CONDOMINIO-1536x864.jpg 1536w, https:\/\/www.radiopiu.net\/wordpress\/wp-content\/uploads\/2022\/03\/CONDOMINIO.jpg 1920w\" sizes=\"auto, (max-width: 188px) 100vw, 188px\" \/><\/a>BELLUNO <\/strong>La Legge Italiana impone che gli amministratori di condominio soddisfino requisiti di onorabilit\u00e0 e competenza professionale. Quest&#8217;ultima pu\u00f2 essere acquisita tramite la pratica o corsi di formazione. Secondo il regolamento del Ministero della Giustizia D.M. n. 140\/2014, i corsi di formazione iniziale devono durare almeno 72 ore, mentre quelli di aggiornamento periodico devono essere di almeno 15 ore e includere un esame finale. Confedilizia Belluno, in collaborazione con Coram e il Collegio dei Geometri, organizza il 9\u00b0 corso di aggiornamento annuale per gli amministratori di condominio, che si terr\u00e0 il 2-3-4 ottobre 2023 a Cortina d&#8217;Ampezzo e Belluno. Gli argomenti trattati includono giurisprudenza condominiale, privacy in condominio, normative sugli impianti, bonus fiscali per interventi edilizi, e aspetti tecnici dei bonus edilizi e delle sanatorie. I partecipanti che superano l&#8217;esame riceveranno un diploma speciale da Confedilizia. Per ulteriori informazioni, \u00e8 possibile contattare l&#8217;Associazione della Propriet\u00e0 Edilizia &#8211; Confedilizia di Belluno. Per ogni informazione gli interessati possono rivolgersi all\u2019Associazione della Proprieta\u0300 Edilizia \u2013 Confedilizia di Belluno \u2013 Via Sant\u2019Andrea n. 6 tel. 0437\/26935\u00a0 &#8211; e-mail segreteria@confediliziabelluno.it<\/p>\n<p>&nbsp;<\/p>\n<p>&nbsp;<\/p>\n<hr \/>\n<p>&nbsp;<\/p>\n<blockquote>\n<h3>PENSIONI IN PAGAMENTO DAL 1 SETTEMBRE<\/h3>\n<\/blockquote>\n<p><strong>BELLUNO <\/strong>Poste Italiane comunica che\u00a0in tutti i 77 Uffici Postali della provincia di\u00a0Belluno le pensioni del mese di settembre saranno in pagamento a partire da venerd\u00ec 1. \u00c8 consigliabile, per il ritiro delle pensioni in contanti, seguire la turnazione alfabetica suggerita nell\u2019avviso esposto all\u2019esterno dell\u2019Ufficio Postale, come nell\u2019esempio: i cognomi dalla A alla C venerd\u00ec 1\u00b0 settembre, dalla D alla K sabato (solo mattina) 2 settembre, dalla L alla P luned\u00ec 4 settembre, dalla Q alla Z marted\u00ec 5 settembre.<\/p>\n<p>&nbsp;<\/p>\n<p>&nbsp;<\/p>\n<hr \/>\n<p>&nbsp;<\/p>\n<h2><span style=\"color: #ff6600;\">IERI ALLA RADIO<\/span><\/h2>\n<h2><span style=\"color: #800080;\">&#8220;DINTORN E FORA VIA&#8221;\u00a0 IL PROGRAMMA\u00a0 A CURA DEL MUSLA<\/span><\/h2>\n<p><span style=\"color: #ff0000;\"><span style=\"color: #000000;\"><strong><a class=\"dt-pswp-item\" href=\"https:\/\/www.radiopiu.net\/wordpress\/wp-content\/uploads\/2022\/05\/QUOTIDIANO-GIORNALE.jpg\" data-dt-img-description=\"\" data-large_image_width=\"1920\" data-large_image_height=\"1271\"><img loading=\"lazy\" decoding=\"async\" class=\" wp-image-274885 alignleft\" src=\"https:\/\/www.radiopiu.net\/wordpress\/wp-content\/uploads\/2022\/05\/QUOTIDIANO-GIORNALE-300x199.jpg\" alt=\"\" width=\"134\" height=\"89\" srcset=\"https:\/\/www.radiopiu.net\/wordpress\/wp-content\/uploads\/2022\/05\/QUOTIDIANO-GIORNALE-300x199.jpg 300w, https:\/\/www.radiopiu.net\/wordpress\/wp-content\/uploads\/2022\/05\/QUOTIDIANO-GIORNALE-1024x678.jpg 1024w, https:\/\/www.radiopiu.net\/wordpress\/wp-content\/uploads\/2022\/05\/QUOTIDIANO-GIORNALE-768x508.jpg 768w, https:\/\/www.radiopiu.net\/wordpress\/wp-content\/uploads\/2022\/05\/QUOTIDIANO-GIORNALE-1536x1017.jpg 1536w, https:\/\/www.radiopiu.net\/wordpress\/wp-content\/uploads\/2022\/05\/QUOTIDIANO-GIORNALE.jpg 1920w\" sizes=\"auto, (max-width: 134px) 100vw, 134px\" \/><\/a>PUNTATA DEL 29 AGOSTO VERONICA LEZUO<\/strong><\/span><\/span><\/p>\n<audio class=\"wp-audio-shortcode\" id=\"audio-350591-5\" preload=\"none\" style=\"width: 100%;\" controls=\"controls\"><source type=\"audio\/mpeg\" src=\"https:\/\/www.radiopiu.net\/wordpress\/wp-content\/uploads\/2023\/08\/MUSLA-7.mp3?_=5\" \/><a href=\"https:\/\/www.radiopiu.net\/wordpress\/wp-content\/uploads\/2023\/08\/MUSLA-7.mp3\">https:\/\/www.radiopiu.net\/wordpress\/wp-content\/uploads\/2023\/08\/MUSLA-7.mp3<\/a><\/audio>\n<p>&nbsp;<\/p>\n<p><strong>LA RACCOLTA COMPLETA <a href=\"https:\/\/www.radiopiu.net\/wordpress\/musla\/\">CLICCA QUI<\/a><\/strong><\/p>\n<p>&nbsp;<\/p>\n<h2><strong><a class=\"dt-pswp-item\" href=\"https:\/\/www.radiopiu.net\/wordpress\/wp-content\/uploads\/2023\/08\/FESTA-ORZO-2023.jpg\" data-dt-img-description=\"\" data-large_image_width=\"503\" data-large_image_height=\"372\"><img loading=\"lazy\" decoding=\"async\" class=\" wp-image-350595 alignleft\" src=\"https:\/\/www.radiopiu.net\/wordpress\/wp-content\/uploads\/2023\/08\/FESTA-ORZO-2023-300x222.jpg\" alt=\"\" width=\"157\" height=\"116\" srcset=\"https:\/\/www.radiopiu.net\/wordpress\/wp-content\/uploads\/2023\/08\/FESTA-ORZO-2023-300x222.jpg 300w, https:\/\/www.radiopiu.net\/wordpress\/wp-content\/uploads\/2023\/08\/FESTA-ORZO-2023.jpg 503w\" sizes=\"auto, (max-width: 157px) 100vw, 157px\" \/><\/a><\/strong><span style=\"color: #339966;\">LA FESTA DELL&#8217;ORZO A SAN TOMASO&#8230;UN FINE SETTIMANA DI FESTA<\/span><\/h2>\n<p><strong>DI MIRKO MEZZACASA<\/strong><\/p>\n<p>OSPITI: Moreno De Val e Jos\u00e8 Gaiardo<\/p>\n<audio class=\"wp-audio-shortcode\" id=\"audio-350591-6\" preload=\"none\" style=\"width: 100%;\" controls=\"controls\"><source type=\"audio\/mpeg\" src=\"https:\/\/www.radiopiu.net\/wordpress\/wp-content\/uploads\/2023\/08\/SAN-TOMASO-FESTA-DELLORZO-2023.mp3?_=6\" \/><a href=\"https:\/\/www.radiopiu.net\/wordpress\/wp-content\/uploads\/2023\/08\/SAN-TOMASO-FESTA-DELLORZO-2023.mp3\">https:\/\/www.radiopiu.net\/wordpress\/wp-content\/uploads\/2023\/08\/SAN-TOMASO-FESTA-DELLORZO-2023.mp3<\/a><\/audio>\n<p>&nbsp;<\/p>\n<hr \/>\n<p>&nbsp;<\/p>\n<blockquote>\n<h3>9 SETTEMBRE, AD AGORDO SPORT IN PIAZZA<\/h3>\n<\/blockquote>\n<p>&nbsp;<\/p>\n<p><strong><a class=\"dt-pswp-item\" href=\"https:\/\/www.radiopiu.net\/wordpress\/wp-content\/uploads\/2023\/08\/Senza-nome-70.png\" data-dt-img-description=\"\" data-large_image_width=\"563\" data-large_image_height=\"163\"><img loading=\"lazy\" decoding=\"async\" class=\"size-medium wp-image-350002 alignleft\" src=\"https:\/\/www.radiopiu.net\/wordpress\/wp-content\/uploads\/2023\/08\/Senza-nome-70-300x87.png\" alt=\"\" width=\"300\" height=\"87\" srcset=\"https:\/\/www.radiopiu.net\/wordpress\/wp-content\/uploads\/2023\/08\/Senza-nome-70-300x87.png 300w, https:\/\/www.radiopiu.net\/wordpress\/wp-content\/uploads\/2023\/08\/Senza-nome-70-350x100.png 350w, https:\/\/www.radiopiu.net\/wordpress\/wp-content\/uploads\/2023\/08\/Senza-nome-70.png 563w\" sizes=\"auto, (max-width: 300px) 100vw, 300px\" \/><\/a>AGORDO <\/strong>Sabato 9 settembre 2023 le organizzazioni sportive e di volontariato dell\u2019Agordino organizzeranno ad Agordo la XVI\u00b0 edizione della manifestazione \u201cSport in piazza nell\u2019Agordino\u201d . Durante tutta la giornata , dalle 9.30 alle 12.30 e dalle 14.00 alle 18.00 proporranno a bambini e ragazzi\u00a0 le loro attivit\u00e0 sul grande prato del Broi di Agordo e nelle strade e spazi limitrofi, chiusi al traffico in collaborazione con l\u2019Amministrazione comunale e la polizia locale di Agordo. I giovani partecipanti potranno raccogliere in una apposita scheda i timbri di \u201cavvenuta attivit\u00e0\u201d rilasciati da ciascuno stand: a chi raccoglier\u00e0 un congruo numero di timbri, \u00a0al termine\u00a0 del percorso sar\u00e0 regalata la maglietta ricordo della manifestazione.<\/p>\n<p>Sotto l\u2019egida del Comitato provinciale AICS di Belluno , hanno gi\u00e0 dato la loro adesione 14 associazioni sportive, oltre ad alcune\u00a0 associazioni di volontariato: bambini e ragazzi potranno sperimentare in prima persona dalla pesca sportiva alla danza, dallo sci alla pallavolo, dall\u2019atletica al pattinaggio on line, dall\u2019Hockey alla ginnastica ritmica, e ancora judo, karate, scherma antica, nuoto e \u00a0tennis . Le associazioni di volontariato coinvolgeranno i giovani in giochi che avranno a tema l\u2019attivit\u00e0 e gli scopi della loro associazione. Obiettivo della manifestazione \u00e8\u00a0 far vivere concretamente ai ragazzini esperienze\u00a0 sportive o di volontariato , per stimolarli ad impegnarsi nella pratica attiva durante la loro vita. La manifestazione gode del patrocinio del CONI regionale Veneto,\u00a0 del Comune di Agordo e dell\u2019Unione Montana Agordina. Fondamentale l\u2019aiuto di tante piccole realt\u00e0 commerciali locali, cui va il ringraziamento degli organizzatori.<\/p>\n<p>&nbsp;<\/p>\n<p>&nbsp;<\/p>\n<hr \/>\n<p>&nbsp;<\/p>\n<h2><span style=\"color: #ff0000;\">GLI APPUNTAMENTI DELLA SETTIMANA\u00a0<\/span><\/h2>\n<blockquote>\n<h3>JOHN WISE TRIO A LA VALLE<\/h3>\n<\/blockquote>\n<p><strong>LA VALLE <\/strong>Domani a El Forner di La Valle Agordina dalle 20:00 &#8211; John Wise trio<\/p>\n<p>&nbsp;<\/p>\n<blockquote>\n<h3>PAOLO MALAGUTI A SANTA GIUSTINA<\/h3>\n<\/blockquote>\n<p><strong>SANTA GIUSTINA <\/strong>Sar\u00e0 lo scrittore padovano Paolo Malaguti il prossimo ospite degli incontri organizzati dall\u2019Assessorato alla Cultura del Comune di Santa Giustina, per l\u2019estate culturale: anche per questa presentazione fissata per venerd\u00ec alle 20.45, si \u00e8 scelto di proporre la serata all\u2019aperto, cercando di valorizzare in questo caso il cortile di Villa Vieceli nella frazione di Meano .<\/p>\n<p>&nbsp;<\/p>\n<blockquote>\n<h3>A LE BUSE &#8220;VINO E CIBO IN QUOTA&#8221; TRA I PANORAMI DELLE DOLOMITI<\/h3>\n<\/blockquote>\n<p><strong><a class=\"dt-pswp-item\" href=\"https:\/\/www.radiopiu.net\/wordpress\/wp-content\/uploads\/2023\/08\/Senza-nome-77.png\" data-dt-img-description=\"\" data-large_image_width=\"606\" data-large_image_height=\"243\"><img loading=\"lazy\" decoding=\"async\" class=\"size-medium wp-image-350130 alignleft\" src=\"https:\/\/www.radiopiu.net\/wordpress\/wp-content\/uploads\/2023\/08\/Senza-nome-77-300x120.png\" alt=\"\" width=\"300\" height=\"120\" srcset=\"https:\/\/www.radiopiu.net\/wordpress\/wp-content\/uploads\/2023\/08\/Senza-nome-77-300x120.png 300w, https:\/\/www.radiopiu.net\/wordpress\/wp-content\/uploads\/2023\/08\/Senza-nome-77.png 606w\" sizes=\"auto, (max-width: 300px) 100vw, 300px\" \/><\/a>FALCADE\u00a0<\/strong> La stagione estiva a Le Buse di Falcade non termina ad agosto. Settembre s&#8217;apre con il botto. Sabato 2\u00a0 &#8220;vino e cibo in quota&#8221;, \u00e8 l&#8217;evento proposto per il secondo anno da Chalet Le Buse, Baita Gigio Picol, Malga Le Buse e Ski Stop. Sar\u00e0 proposta la degustazione di 4 cicchetti abbinati a 4 calici con possibilit\u00e0 di salire e scendere in\u00a0 Cabinovia (aperta fino alle 17.30). Prenotazioni entro giovedi 31 agosto iscrivendosi sul sito <a href=\"https:\/\/www.falcadedolomiti.it\/\">www.falcadedolomiti.it<\/a><\/p>\n<p>Un circuito di sapori, un circuito di piacere con i cicchetti itineranti tra i panorami delle Dolomiti: <strong>CHALET LE BUSE<\/strong> Sfera di polenta ripiena con guancialino di maiale, salsa al barolo e porcini con Barbera Bovio o Valpolicella classico Conte Rugolin. <strong>GIGIO PICOL\u00a0<\/strong> Crostino con ricotta montata alle erbe e trota affumicata, con spumante pinot nero Blanc de noir Montagna o Traminer Vigna del Lauro <strong>MALGA LE BUSE<\/strong> Strudel salato con crema di formaggio di malga, con Raboso frizzante Sutto o Soave San Michele C\u00e0 Rugate; <strong>SKI STOP<\/strong>\u00a0 Battuta di salmone al coltello su humus di ceci e croste di mais con Rosato Negroamaro Vallone o Primitivo imprint a mano.<\/p>\n<p>&nbsp;<\/p>\n<blockquote>\n<h3>IL CORSO DI ECOLOGIA<\/h3>\n<\/blockquote>\n<p><strong>SAN VITO DI CADORE <\/strong>Tra il 29 agosto e l&#8217;1 settembre, si svolger\u00e0 la <i>57esima edizione del Corso di Cultura in Ecologia<\/i>, che quest&#8217;anno \u00e8 incentrato sul tema de <b>Le Foreste vetuste<\/b>. <i>Il Corso<\/i> di svolge al <i>Centro Studi per l\u2019Ambiente Alpino di San Vito di Cadore<\/i>, ed include una visita all&#8217;<i>ex Villaggio Eni di Corte di Cadore<\/i> (gioved\u00ec 31 agosto dalle ore 16:30 alle 18:00), nel corso della quale si racconter\u00e0 il programma di rigenerazione del sito di Borca, e si far\u00e0 visita ad alcuni dei laboratori attivi nella Colonia, nei quali gli artisti interpretano temi connessi alle ricerche del Tesaf (Bostrico, Tempesta Vaia, Foreste vetuste).<\/p>\n<p>&nbsp;<\/p>\n<blockquote>\n<h3>LA GIORNATA DEL RESPIRO<\/h3>\n<\/blockquote>\n<p><strong>BELLUNO<\/strong> Sabato 2 settembre al Ristorante De Gusto Dolomiti di Via Meassa a Sagrogna di Belluno viene organizzata una giornata all&#8217;insegna della ricerca del buon cibo e della magia. Info e prenotazioni al 373 5042705 o 373 5101875. Le donazioni raccolte durante l&#8217;evento saranno devolute alla Fondazione Ricerca Fibrosi Cistica<\/p>\n<p>&nbsp;<\/p>\n<blockquote>\n<h3>DANCING ON BACH<\/h3>\n<\/blockquote>\n<p><strong>AURONZO <\/strong>Lo spettacolo \u201cDancing on Bach\u201d sar\u00e0 l\u2019ultimo evento estivo dell\u2019Academy Gli Echi della Natura 2023 che ha visto partecipare alle masterclass tantissimi partecipanti, appassionati e curiosi da tutta Italia e non solo. Sabato 2 settembre alle ore 16.30\u00a0 presso la Riserva Naturale Orientata di Somadida, Auronzo di Cadore (BL) con lo spettacolo \u201cDancing on Bach\u201d saliranno sul palcoscenico 3 importanti artisti: la danzatrice Elena Ajani, il violoncellista Federico Toffano e il musicologo Mauro Masiero. La giornata sar\u00e0 ancora pi\u00f9 speciale perch\u00e9 l\u2019apertura del concerto sar\u00e0 tenuta da uno dei talenti selezionati dall\u2019Academy, il giovane violinista Davide Schauber.<\/p>\n<p>&nbsp;<\/p>\n<blockquote>\n<h3>POM E PER A MOLDOI DE SOSPIROI<\/h3>\n<\/blockquote>\n<p><strong>SOSPIROLO <\/strong>Torna \u201cPom &amp; Per a Moldoi de Sospiroi&#8221; all&#8217;interno della suggestiva cornice di Villa Sandi-Zasso. Si terr\u00e0 domenica 3 settembre dalle 10 alle 18. Un programma ricchissimo per una giornata all&#8217;insegna dei prodotti agricoli locali e della scoperta dei prodotti ortofrutticoli e dei maestri artigiani.<\/p>\n<p>&nbsp;<\/p>\n<h2><span style=\"color: #ff0000;\">PROSSIMAMENTE&#8230;\u00a0<\/span><\/h2>\n<blockquote>\n<h3>DOMENICA 10 SETTEMBRE LA FORZA DELLA VITA A PASSO CAMPOLONGO<\/h3>\n<\/blockquote>\n<p>Appuntamento a Passo Campolongo domenica 10 settembre per la giornata dal titolo &#8220;La Forza Della Vita&#8221;. Ritrovo alle 10:30 davanti all&#8217;Hotel Laguscei, passeggiata fino all&#8217;altipiano di Cherz, pratica di pilates e mindfullness e pranzo al sacco. L&#8217;intero ricavato sar\u00e0 devoluto per aiutare i bambini dell&#8217;orfanotrofio &#8220;God Our Father&#8221; a Timboni in Kenya. Quota di partecipazione 25 euro<\/p>\n<p>&nbsp;<\/p>\n<blockquote>\n<h3>ESPERIENZA CULINARIA AL RIFUGIO AVERAU<\/h3>\n<\/blockquote>\n<p><strong>CORTINA<\/strong> Marted\u00ec 12 settembre, evento straordinario al Rifugio Averau. Gli chef di casa, Matteo e Stefano, della trattoria alla Cima di Valdobbiadene uniscono genio e bravura per un&#8217;esperienza unica &#8220;dalla laguna alle dolomiti&#8221;. Un percorso enogastronomico dal mare ai fiumi, dalle colline ai boschi del veneziano, trevigiano e bellunese fino alle cime di Cortina. Sar\u00e0 predisposto su prenotazione un servizio di trasporto in jeep dal rifugio Cinque Torri, raggiungibile in macchina dalla strada del passo Falzarego Per info e prenotazioni: 0436 4660<br \/>\nDALLA LAGUNA ALLE DOLOMITI, 12 SETTEMBRE AL RIFUGIO AVERAU<\/p>\n<p>&nbsp;<\/p>\n<hr \/>\n<p>&nbsp;<\/p>\n<div class=\"message spoilers-container\" dir=\"auto\">\n<div class=\"column\">\n<div class=\"message spoilers-container\" dir=\"auto\">\n<div class=\"column\">\n<p><img loading=\"lazy\" decoding=\"async\" class=\"aligncenter wp-image-61954 size-full\" src=\"https:\/\/www.radiopiu.net\/wordpress\/wp-content\/uploads\/2018\/09\/viabilita.jpeg\" sizes=\"auto, (max-width: 800px) 100vw, 800px\" srcset=\"https:\/\/www.radiopiu.net\/wordpress\/wp-content\/uploads\/2018\/09\/viabilita.jpeg 800w, https:\/\/www.radiopiu.net\/wordpress\/wp-content\/uploads\/2018\/09\/viabilita-300x38.jpeg 300w, https:\/\/www.radiopiu.net\/wordpress\/wp-content\/uploads\/2018\/09\/viabilita-768x96.jpeg 768w\" alt=\"\" width=\"800\" height=\"100\" \/><\/p>\n<\/div>\n<\/div>\n<div class=\"message spoilers-container\" dir=\"auto\">\n<div class=\"column\">\n<p>&nbsp;<\/p>\n<\/div>\n<\/div>\n<\/div>\n<\/div>\n<blockquote class=\"wp-embedded-content\" data-secret=\"NdJBsv2MOM\"><p><a href=\"https:\/\/www.radiopiu.net\/wordpress\/viabilita\/\">viabilita<\/a><\/p><\/blockquote>\n<p><iframe loading=\"lazy\" class=\"wp-embedded-content\" sandbox=\"allow-scripts\" security=\"restricted\" style=\"position: absolute; clip: rect(1px, 1px, 1px, 1px);\" title=\"&#8220;viabilita&#8221; &#8212; Radio Pi\u00f9\" src=\"https:\/\/www.radiopiu.net\/wordpress\/viabilita\/embed\/#?secret=BmF4BNZwLQ#?secret=NdJBsv2MOM\" data-secret=\"NdJBsv2MOM\" width=\"600\" height=\"338\" frameborder=\"0\" marginwidth=\"0\" marginheight=\"0\" scrolling=\"no\"><\/iframe><\/p>\n<div class=\"message spoilers-container\" dir=\"auto\">\n<div class=\"column\">\n<div class=\"message spoilers-container\" dir=\"auto\">\n<div class=\"column\">\n<div>\n<div dir=\"ltr\">\n<div class=\"gmail_quote\">\n<div dir=\"ltr\">\n<div><\/div>\n<div><\/div>\n<div><\/div>\n<\/div>\n<\/div>\n<\/div>\n<\/div>\n<hr \/>\n<p>&nbsp;<\/p>\n<p><a class=\"dt-pswp-item\" href=\"https:\/\/www.radiopiu.net\/wordpress\/wp-content\/uploads\/2018\/09\/WhatsApp-Image-2018-09-20-at-16.04.06.jpeg\" data-dt-img-description=\"\" data-large_image_width=\"800\" data-large_image_height=\"100\"><img loading=\"lazy\" decoding=\"async\" class=\"wp-image-61378 size-full aligncenter\" src=\"https:\/\/www.radiopiu.net\/wordpress\/wp-content\/uploads\/2018\/09\/WhatsApp-Image-2018-09-20-at-16.04.06.jpeg\" alt=\"\" width=\"800\" height=\"100\" srcset=\"https:\/\/www.radiopiu.net\/wordpress\/wp-content\/uploads\/2018\/09\/WhatsApp-Image-2018-09-20-at-16.04.06.jpeg 800w, https:\/\/www.radiopiu.net\/wordpress\/wp-content\/uploads\/2018\/09\/WhatsApp-Image-2018-09-20-at-16.04.06-300x38.jpeg 300w, https:\/\/www.radiopiu.net\/wordpress\/wp-content\/uploads\/2018\/09\/WhatsApp-Image-2018-09-20-at-16.04.06-768x96.jpeg 768w\" sizes=\"auto, (max-width: 800px) 100vw, 800px\" \/><\/a><\/p>\n<\/div>\n<\/div>\n<p>&nbsp;<\/p>\n<div class=\"message spoilers-container\" dir=\"auto\"><center><b>OGGI<\/b><\/center><b>Tempo atteso: <\/b>Variabilit\u00e0 con nuvolosit\u00e0 piuttosto presente specie su bellunese, alternata a qualche schiarita pi\u00f9 probabile al mattino su Prealpi occidentali.<br \/>\n<b>Precipitazioni: <\/b>Al mattino non esclusa qualche goccia su bellunese (20%), nel pomeriggio qualche piovasco\/rovescio qua e l\u00e0 possibile (30-50%)<br \/>\n<b>Temperature: <\/b>Temperature in calo, eccetto lieve ripresa delle massime nelle valli maggiormente interessate dalle schiarite<\/p>\n<hr \/>\n<p><center><b>DOMANI<\/b><\/center><b>Tempo atteso: <\/b>In prevalenza soleggiato seppur con transito di nubi alte durante la giornata e qualche addensamento nel pomerigio\/sera. In serata possibile formazione di nubi basse su diversi settori.<br \/>\n<b>Precipitazioni: <\/b>Nel pomeriggio\/sera non del tutto escluso qualche piovasco o rovescio sparso (20-40%)<br \/>\n<b>Temperature: <\/b>Temperature minime in calo nelle valli e massime in ripresa.<\/p>\n<hr \/>\n<p><center><b>VENERDI<\/b><\/center>Cielo generalmente poco nuvoloso. Possibili nubi basse fino al primo mattino in successivo dissolvimento e velature in transito da met\u00e0 giornata. In serata nuova formazione di nubi basse. Temperature in aumento, anche marcato in quota.<\/p>\n<hr \/>\n<p><center><b>SABATO<\/b><\/center>Tempo stabile con cielo generalmente poco nuvoloso. Possibili nubi basse fino al primo mattino e poi nuovamente in serata. Temperature in generale ulteriore lieve aumento.<\/p>\n<\/div>\n<\/div>\n<\/div>\n<p>&nbsp;<\/p>\n<p>&nbsp;<\/p>\n<div class=\"message spoilers-container\" dir=\"auto\">\n<hr \/>\n<p>&nbsp;<\/p>\n<p><img loading=\"lazy\" decoding=\"async\" class=\"wp-image-60761 size-full aligncenter\" src=\"https:\/\/www.radiopiu.net\/wordpress\/wp-content\/uploads\/2018\/09\/sport.jpg\" alt=\"\" width=\"800\" height=\"100\" srcset=\"https:\/\/www.radiopiu.net\/wordpress\/wp-content\/uploads\/2018\/09\/sport.jpg 800w, https:\/\/www.radiopiu.net\/wordpress\/wp-content\/uploads\/2018\/09\/sport-300x38.jpg 300w, https:\/\/www.radiopiu.net\/wordpress\/wp-content\/uploads\/2018\/09\/sport-768x96.jpg 768w\" sizes=\"auto, (max-width: 800px) 100vw, 800px\" \/><\/p>\n<p>&nbsp;<\/p>\n<\/div>\n\n\t\t\t<style type='text\/css'>\n\t\t\t\t#gallery-5 {\n\t\t\t\t\tmargin: auto;\n\t\t\t\t}\n\t\t\t\t#gallery-5 .gallery-item {\n\t\t\t\t\tfloat: left;\n\t\t\t\t\tmargin-top: 10px;\n\t\t\t\t\ttext-align: center;\n\t\t\t\t\twidth: 50%;\n\t\t\t\t}\n\t\t\t\t#gallery-5 img {\n\t\t\t\t\tborder: 2px solid #cfcfcf;\n\t\t\t\t}\n\t\t\t\t#gallery-5 .gallery-caption {\n\t\t\t\t\tmargin-left: 0;\n\t\t\t\t}\n\t\t\t\t\/* see gallery_shortcode() in wp-includes\/media.php *\/\n\t\t\t<\/style>\n\t\t<div id='gallery-5' class='dt-gallery-container gallery galleryid-350591 gallery-columns-2 gallery-size-thumbnail'><dl class='gallery-item'>\n\t\t\t\t<dt class='gallery-icon portrait'>\n\t\t\t\t\t<a class=\"rollover rollover-zoom dt-pswp-item\" title=\"cb3e84c7-6b7b-4086-b96b-e2b820cc0e41\" data-dt-img-description=\"\" data-large_image_width=\"1132\" data-large_image_height=\"1600\"href='https:\/\/www.radiopiu.net\/wordpress\/wp-content\/uploads\/2023\/07\/cb3e84c7-6b7b-4086-b96b-e2b820cc0e41.jpg'><img loading=\"lazy\" decoding=\"async\" width=\"150\" height=\"150\" src=\"https:\/\/www.radiopiu.net\/wordpress\/wp-content\/uploads\/2023\/07\/cb3e84c7-6b7b-4086-b96b-e2b820cc0e41-150x150.jpg\" class=\"attachment-thumbnail size-thumbnail\" alt=\"\" aria-describedby=\"gallery-5-345600\" \/><\/a>\n\t\t\t\t<\/dt>\n\t\t\t\t\t<dd class='wp-caption-text gallery-caption' id='gallery-5-345600'>\n\t\t\t\t\tVOLTAGO\n\t\t\t\t\t<\/dd><\/dl><dl class='gallery-item'>\n\t\t\t\t<dt class='gallery-icon portrait'>\n\t\t\t\t\t<a class=\"rollover rollover-zoom dt-pswp-item\" title=\"Locandina Trofeo 16 Comuni dell&#039;Agordino\" data-dt-img-description=\"\" data-large_image_width=\"828\" data-large_image_height=\"1151\"href='https:\/\/www.radiopiu.net\/wordpress\/wp-content\/uploads\/2023\/08\/Locandina-Trofeo-16-Comuni-dellAgordino.jpg'><img loading=\"lazy\" decoding=\"async\" width=\"150\" height=\"150\" src=\"https:\/\/www.radiopiu.net\/wordpress\/wp-content\/uploads\/2023\/08\/Locandina-Trofeo-16-Comuni-dellAgordino-150x150.jpg\" class=\"attachment-thumbnail size-thumbnail\" alt=\"\" aria-describedby=\"gallery-5-349182\" \/><\/a>\n\t\t\t\t<\/dt>\n\t\t\t\t\t<dd class='wp-caption-text gallery-caption' id='gallery-5-349182'>\n\t\t\t\t\tTROFEO 16 COMUNI\n\t\t\t\t\t<\/dd><\/dl><br style=\"clear: both\" \/>\n\t\t\t<\/div>\n\n<p>&nbsp;<\/p>\n<p><span style=\"color: #0000ff;\"><strong>HOCKEY SU GHIACCIO<\/strong><\/span><\/p>\n<blockquote>\n<h3>E&#8217; IN ARRIVO\u2026 L\u2019ATTESA E&#8217; QUASI FINITA<\/h3>\n<\/blockquote>\n<p><strong>Mercoled\u00ec 30 agosto ore 12:00<br \/>\n<\/strong><\/p>\n<div style=\"width: 848px;\" class=\"wp-video\"><video class=\"wp-video-shortcode\" id=\"video-350591-2\" width=\"848\" height=\"480\" preload=\"metadata\" controls=\"controls\"><source type=\"video\/mp4\" src=\"https:\/\/www.radiopiu.net\/wordpress\/wp-content\/uploads\/2023\/08\/WhatsApp-Video-2023-08-29-at-15.35.10.mp4?_=2\" \/><a href=\"https:\/\/www.radiopiu.net\/wordpress\/wp-content\/uploads\/2023\/08\/WhatsApp-Video-2023-08-29-at-15.35.10.mp4\">https:\/\/www.radiopiu.net\/wordpress\/wp-content\/uploads\/2023\/08\/WhatsApp-Video-2023-08-29-at-15.35.10.mp4<\/a><\/video><\/div>\n<p>&nbsp;<\/p>\n<p><span style=\"color: #0000ff;\"><strong>PATTINI INLINE<\/strong><\/span><\/p>\n<blockquote>\n<h3><a class=\"dt-pswp-item\" href=\"https:\/\/www.radiopiu.net\/wordpress\/wp-content\/uploads\/2023\/08\/ac128acf-5832-441e-9ab7-9eb9eda76c37.jpg\" data-dt-img-description=\"\" data-large_image_width=\"558\" data-large_image_height=\"793\"><img loading=\"lazy\" decoding=\"async\" class=\" wp-image-350676 alignleft\" src=\"https:\/\/www.radiopiu.net\/wordpress\/wp-content\/uploads\/2023\/08\/ac128acf-5832-441e-9ab7-9eb9eda76c37-211x300.jpg\" alt=\"\" width=\"94\" height=\"134\" srcset=\"https:\/\/www.radiopiu.net\/wordpress\/wp-content\/uploads\/2023\/08\/ac128acf-5832-441e-9ab7-9eb9eda76c37-211x300.jpg 211w, https:\/\/www.radiopiu.net\/wordpress\/wp-content\/uploads\/2023\/08\/ac128acf-5832-441e-9ab7-9eb9eda76c37.jpg 558w\" sizes=\"auto, (max-width: 94px) 100vw, 94px\" \/><\/a>SABATO E DOMENICA I CAMPIONATI ITALIANI INLINE ALPINE<\/h3>\n<\/blockquote>\n<p><strong>FALCADE\u00a0<\/strong>Si svolgeranno a Falcade i Campionati Italiani Inline Alpine, una gara tra i paletti con i pattini in linea sulle strade della Valle Del Biois. Sabato lo slalom mentre domenica in programma il gigante.<\/p>\n<p><strong>L&#8217;INTERVISTA A RICCARDO GIACOMEL<\/strong><\/p>\n<audio class=\"wp-audio-shortcode\" id=\"audio-350591-7\" preload=\"none\" style=\"width: 100%;\" controls=\"controls\"><source type=\"audio\/mpeg\" src=\"https:\/\/www.radiopiu.net\/wordpress\/wp-content\/uploads\/2023\/08\/RICCARDO-GIACOMEL-PATTINI-IN-LINEA.mp3?_=7\" \/><a href=\"https:\/\/www.radiopiu.net\/wordpress\/wp-content\/uploads\/2023\/08\/RICCARDO-GIACOMEL-PATTINI-IN-LINEA.mp3\">https:\/\/www.radiopiu.net\/wordpress\/wp-content\/uploads\/2023\/08\/RICCARDO-GIACOMEL-PATTINI-IN-LINEA.mp3<\/a><\/audio>\n<p>&nbsp;<\/p>\n<p>&nbsp;<\/p>\n<p>&nbsp;<\/p>\n","protected":false},"excerpt":{"rendered":"<p>40esimo di RADIOPIU\u2026. LA VOCE DELL\u2019EMOZIONE ISCRIVITI AL NOSTRO CANALE\u00a0\u00a0YOUTUBE PER SEGUIRE IN DIRETTA I PRINCIPALI PROGRAMMI DI RADIO PIU\u2019 E LE FUTURE DIRETTE IN ESTERNA. PER ISCRIVERTI\u00a0CLICCA QUI\u00a0E PREMI\u00a0 \u201cIscriviti\u201d &nbsp; &nbsp; &nbsp; &nbsp; INTERDIZIONE TOTALE AL TRAFFICO A DIGONERA SP 563 SALESEI \u00a0Fino al 1 settembre in localit\u00e0 Digonera di Rocca Pietore interdizione&hellip;<\/p>\n","protected":false},"author":4,"featured_media":350639,"comment_status":"closed","ping_status":"closed","sticky":false,"template":"","format":"standard","meta":{"_monsterinsights_skip_tracking":false,"_monsterinsights_sitenote_active":false,"_monsterinsights_sitenote_note":"","_monsterinsights_sitenote_category":0,"footnotes":""},"categories":[51,86,49],"tags":[],"class_list":["post-350591","post","type-post","status-publish","format-standard","has-post-thumbnail","hentry","category-evidenza-top","category-gr","category-news-18","category-51","category-86","category-49","description-off"],"img_url":"https:\/\/www.radiopiu.net\/wordpress\/wp-content\/uploads\/2023\/08\/380556d2-0268-4e6e-8b5e-4b0cc464c375.jpg","_links":{"self":[{"href":"https:\/\/www.radiopiu.net\/wordpress\/wp-json\/wp\/v2\/posts\/350591","targetHints":{"allow":["GET"]}}],"collection":[{"href":"https:\/\/www.radiopiu.net\/wordpress\/wp-json\/wp\/v2\/posts"}],"about":[{"href":"https:\/\/www.radiopiu.net\/wordpress\/wp-json\/wp\/v2\/types\/post"}],"author":[{"embeddable":true,"href":"https:\/\/www.radiopiu.net\/wordpress\/wp-json\/wp\/v2\/users\/4"}],"replies":[{"embeddable":true,"href":"https:\/\/www.radiopiu.net\/wordpress\/wp-json\/wp\/v2\/comments?post=350591"}],"version-history":[{"count":0,"href":"https:\/\/www.radiopiu.net\/wordpress\/wp-json\/wp\/v2\/posts\/350591\/revisions"}],"wp:featuredmedia":[{"embeddable":true,"href":"https:\/\/www.radiopiu.net\/wordpress\/wp-json\/wp\/v2\/media\/350639"}],"wp:attachment":[{"href":"https:\/\/www.radiopiu.net\/wordpress\/wp-json\/wp\/v2\/media?parent=350591"}],"wp:term":[{"taxonomy":"category","embeddable":true,"href":"https:\/\/www.radiopiu.net\/wordpress\/wp-json\/wp\/v2\/categories?post=350591"},{"taxonomy":"post_tag","embeddable":true,"href":"https:\/\/www.radiopiu.net\/wordpress\/wp-json\/wp\/v2\/tags?post=350591"}],"curies":[{"name":"wp","href":"https:\/\/api.w.org\/{rel}","templated":true}]}}