{"id":350600,"date":"2023-08-29T11:06:05","date_gmt":"2023-08-29T09:06:05","guid":{"rendered":"https:\/\/www.radiopiu.net\/wordpress\/?p=350600"},"modified":"2023-08-29T11:07:07","modified_gmt":"2023-08-29T09:07:07","slug":"lantrago-la-valle-chi-ha-visto-tig","status":"publish","type":"post","link":"https:\/\/www.radiopiu.net\/wordpress\/lantrago-la-valle-chi-ha-visto-tig\/","title":{"rendered":"LANTRAGO (LA VALLE) chi ha visto Tig?"},"content":{"rendered":"<div dir=\"auto\">Tig si \u00e8 perso alla Valle Agordina nella frazione di Lantrago. \u00c8 un maschio sterilizzato.<\/div>\n<div dir=\"auto\">Magari \u00e8 rimasto chiuso da qualche parte se abitate in zona contollate per favore.<\/div>\n<div dir=\"auto\">Se lo vedete chiamate Annamaria al +39 334 858 1779<\/div>\n<div dir=\"auto\"><a class=\"dt-pswp-item\" href=\"https:\/\/www.radiopiu.net\/wordpress\/wp-content\/uploads\/2023\/08\/tig2.jpeg\" data-dt-img-description=\"\" data-large_image_width=\"1532\" data-large_image_height=\"2048\"><img loading=\"lazy\" decoding=\"async\" class=\"size-medium wp-image-350603 alignleft\" src=\"https:\/\/www.radiopiu.net\/wordpress\/wp-content\/uploads\/2023\/08\/tig2-224x300.jpeg\" alt=\"\" width=\"224\" height=\"300\" srcset=\"https:\/\/www.radiopiu.net\/wordpress\/wp-content\/uploads\/2023\/08\/tig2-224x300.jpeg 224w, https:\/\/www.radiopiu.net\/wordpress\/wp-content\/uploads\/2023\/08\/tig2-766x1024.jpeg 766w, https:\/\/www.radiopiu.net\/wordpress\/wp-content\/uploads\/2023\/08\/tig2-768x1027.jpeg 768w, https:\/\/www.radiopiu.net\/wordpress\/wp-content\/uploads\/2023\/08\/tig2-1149x1536.jpeg 1149w, https:\/\/www.radiopiu.net\/wordpress\/wp-content\/uploads\/2023\/08\/tig2.jpeg 1532w\" sizes=\"auto, (max-width: 224px) 100vw, 224px\" \/><\/a><a class=\"dt-pswp-item\" href=\"https:\/\/www.radiopiu.net\/wordpress\/wp-content\/uploads\/2023\/08\/tig1.jpeg\" data-dt-img-description=\"\" data-large_image_width=\"1532\" data-large_image_height=\"2048\"><img loading=\"lazy\" decoding=\"async\" class=\"aligncenter size-medium wp-image-350604\" src=\"https:\/\/www.radiopiu.net\/wordpress\/wp-content\/uploads\/2023\/08\/tig1-224x300.jpeg\" alt=\"\" width=\"224\" height=\"300\" srcset=\"https:\/\/www.radiopiu.net\/wordpress\/wp-content\/uploads\/2023\/08\/tig1-224x300.jpeg 224w, https:\/\/www.radiopiu.net\/wordpress\/wp-content\/uploads\/2023\/08\/tig1-766x1024.jpeg 766w, https:\/\/www.radiopiu.net\/wordpress\/wp-content\/uploads\/2023\/08\/tig1-768x1027.jpeg 768w, https:\/\/www.radiopiu.net\/wordpress\/wp-content\/uploads\/2023\/08\/tig1-1149x1536.jpeg 1149w, https:\/\/www.radiopiu.net\/wordpress\/wp-content\/uploads\/2023\/08\/tig1.jpeg 1532w\" sizes=\"auto, (max-width: 224px) 100vw, 224px\" \/><\/a><\/div>\n","protected":false},"excerpt":{"rendered":"<p>Tig si \u00e8 perso alla Valle Agordina nella frazione di Lantrago. \u00c8 un maschio sterilizzato. Magari \u00e8 rimasto chiuso da qualche parte se abitate in zona contollate per favore. Se lo vedete chiamate Annamaria al +39 334 858 1779<\/p>\n","protected":false},"author":2,"featured_media":350605,"comment_status":"closed","ping_status":"closed","sticky":false,"template":"","format":"standard","meta":{"_monsterinsights_skip_tracking":false,"_monsterinsights_sitenote_active":false,"_monsterinsights_sitenote_note":"","_monsterinsights_sitenote_category":0,"footnotes":""},"categories":[49],"tags":[],"class_list":["post-350600","post","type-post","status-publish","format-standard","has-post-thumbnail","hentry","category-news-18","category-49","description-off"],"img_url":"https:\/\/www.radiopiu.net\/wordpress\/wp-content\/uploads\/2023\/08\/tig3.png","_links":{"self":[{"href":"https:\/\/www.radiopiu.net\/wordpress\/wp-json\/wp\/v2\/posts\/350600","targetHints":{"allow":["GET"]}}],"collection":[{"href":"https:\/\/www.radiopiu.net\/wordpress\/wp-json\/wp\/v2\/posts"}],"about":[{"href":"https:\/\/www.radiopiu.net\/wordpress\/wp-json\/wp\/v2\/types\/post"}],"author":[{"embeddable":true,"href":"https:\/\/www.radiopiu.net\/wordpress\/wp-json\/wp\/v2\/users\/2"}],"replies":[{"embeddable":true,"href":"https:\/\/www.radiopiu.net\/wordpress\/wp-json\/wp\/v2\/comments?post=350600"}],"version-history":[{"count":0,"href":"https:\/\/www.radiopiu.net\/wordpress\/wp-json\/wp\/v2\/posts\/350600\/revisions"}],"wp:featuredmedia":[{"embeddable":true,"href":"https:\/\/www.radiopiu.net\/wordpress\/wp-json\/wp\/v2\/media\/350605"}],"wp:attachment":[{"href":"https:\/\/www.radiopiu.net\/wordpress\/wp-json\/wp\/v2\/media?parent=350600"}],"wp:term":[{"taxonomy":"category","embeddable":true,"href":"https:\/\/www.radiopiu.net\/wordpress\/wp-json\/wp\/v2\/categories?post=350600"},{"taxonomy":"post_tag","embeddable":true,"href":"https:\/\/www.radiopiu.net\/wordpress\/wp-json\/wp\/v2\/tags?post=350600"}],"curies":[{"name":"wp","href":"https:\/\/api.w.org\/{rel}","templated":true}]}}