{"id":350623,"date":"2023-08-29T14:45:30","date_gmt":"2023-08-29T12:45:30","guid":{"rendered":"https:\/\/www.radiopiu.net\/wordpress\/?p=350623"},"modified":"2023-08-29T14:45:30","modified_gmt":"2023-08-29T12:45:30","slug":"migliorano-le-previsioni-meteo-allerta-gialla-fino-a-domani-su-tre-bacini","status":"publish","type":"post","link":"https:\/\/www.radiopiu.net\/wordpress\/migliorano-le-previsioni-meteo-allerta-gialla-fino-a-domani-su-tre-bacini\/","title":{"rendered":"MIGLIORANO LE PREVISIONI METEO. ALLERTA GIALLA FINO A DOMANI SU TRE BACINI"},"content":{"rendered":"<p><strong>VENEZIA <\/strong>Prosegue, ma tende ad attenuarsi, l\u2019ondata di maltempo in Veneto. Dopo due giorni di allerta, ora arancione, ora gialla, su tutto il territorio, poco fa il Centro Funzionale Decentrato della Protezione Civile della Regione ha emesso un nuovo avviso di criticit\u00e0, dichiarando lo stato di attenzione (giallo) per criticit\u00e0 idraulica, limitatamente a tre bacini idrografici: Adige-Garda-Monti Lessini; Po-Fissero-Tartaro-Canalbianco-Basso Adige; Basso Brenta-Bacchiglione. La dichiarazione ha valore da subito e fino alle ore 14.00 di domani. Il tempo sar\u00e0 a tratti ancora instabile\/perturbato nel pomeriggio\/sera di oggi, ma con fenomeni in generale diradamento e attenuazione salvo sui settori costieri centromeridionali e sulla pianura limitrofa dove potrebbero ripresentarsi dei rovesci sparsi anche ripetuti fino al primo mattino di domani, mercoled\u00ec 30. In seguito, tra mercoled\u00ec pomeriggio e gioved\u00ec il tempo tender\u00e0 a divenire via via pi\u00f9 stabile.<\/p>\n<p><a class=\"dt-pswp-item\" href=\"https:\/\/www.radiopiu.net\/wordpress\/wp-content\/uploads\/2023\/08\/LHJWOIH.png\" data-dt-img-description=\"\" data-large_image_width=\"944\" data-large_image_height=\"267\"><img loading=\"lazy\" decoding=\"async\" class=\"alignnone wp-image-350624 size-full\" src=\"https:\/\/www.radiopiu.net\/wordpress\/wp-content\/uploads\/2023\/08\/LHJWOIH.png\" alt=\"\" width=\"944\" height=\"267\" srcset=\"https:\/\/www.radiopiu.net\/wordpress\/wp-content\/uploads\/2023\/08\/LHJWOIH.png 944w, https:\/\/www.radiopiu.net\/wordpress\/wp-content\/uploads\/2023\/08\/LHJWOIH-300x85.png 300w, https:\/\/www.radiopiu.net\/wordpress\/wp-content\/uploads\/2023\/08\/LHJWOIH-768x217.png 768w, https:\/\/www.radiopiu.net\/wordpress\/wp-content\/uploads\/2023\/08\/LHJWOIH-350x100.png 350w\" sizes=\"auto, (max-width: 944px) 100vw, 944px\" \/><\/a><\/p>\n<p>&nbsp;<\/p>\n<p>&nbsp;<\/p>\n<p>*******<\/p>\n","protected":false},"excerpt":{"rendered":"<p>VENEZIA Prosegue, ma tende ad attenuarsi, l\u2019ondata di maltempo in Veneto. Dopo due giorni di allerta, ora arancione, ora gialla, su tutto il territorio, poco fa il Centro Funzionale Decentrato della Protezione Civile della Regione ha emesso un nuovo avviso di criticit\u00e0, dichiarando lo stato di attenzione (giallo) per criticit\u00e0 idraulica, limitatamente a tre bacini&hellip;<\/p>\n","protected":false},"author":4,"featured_media":165742,"comment_status":"closed","ping_status":"closed","sticky":false,"template":"","format":"standard","meta":{"_monsterinsights_skip_tracking":false,"_monsterinsights_sitenote_active":false,"_monsterinsights_sitenote_note":"","_monsterinsights_sitenote_category":0,"footnotes":""},"categories":[49],"tags":[],"class_list":["post-350623","post","type-post","status-publish","format-standard","has-post-thumbnail","hentry","category-news-18","category-49","description-off"],"img_url":"https:\/\/www.radiopiu.net\/wordpress\/wp-content\/uploads\/2020\/10\/PIOGGIA.jpg","_links":{"self":[{"href":"https:\/\/www.radiopiu.net\/wordpress\/wp-json\/wp\/v2\/posts\/350623","targetHints":{"allow":["GET"]}}],"collection":[{"href":"https:\/\/www.radiopiu.net\/wordpress\/wp-json\/wp\/v2\/posts"}],"about":[{"href":"https:\/\/www.radiopiu.net\/wordpress\/wp-json\/wp\/v2\/types\/post"}],"author":[{"embeddable":true,"href":"https:\/\/www.radiopiu.net\/wordpress\/wp-json\/wp\/v2\/users\/4"}],"replies":[{"embeddable":true,"href":"https:\/\/www.radiopiu.net\/wordpress\/wp-json\/wp\/v2\/comments?post=350623"}],"version-history":[{"count":0,"href":"https:\/\/www.radiopiu.net\/wordpress\/wp-json\/wp\/v2\/posts\/350623\/revisions"}],"wp:featuredmedia":[{"embeddable":true,"href":"https:\/\/www.radiopiu.net\/wordpress\/wp-json\/wp\/v2\/media\/165742"}],"wp:attachment":[{"href":"https:\/\/www.radiopiu.net\/wordpress\/wp-json\/wp\/v2\/media?parent=350623"}],"wp:term":[{"taxonomy":"category","embeddable":true,"href":"https:\/\/www.radiopiu.net\/wordpress\/wp-json\/wp\/v2\/categories?post=350623"},{"taxonomy":"post_tag","embeddable":true,"href":"https:\/\/www.radiopiu.net\/wordpress\/wp-json\/wp\/v2\/tags?post=350623"}],"curies":[{"name":"wp","href":"https:\/\/api.w.org\/{rel}","templated":true}]}}