{"id":350685,"date":"2023-08-30T07:56:43","date_gmt":"2023-08-30T05:56:43","guid":{"rendered":"https:\/\/www.radiopiu.net\/wordpress\/?p=350685"},"modified":"2023-08-30T07:56:43","modified_gmt":"2023-08-30T05:56:43","slug":"dal-1983-tutti-i-giorni-alla-radiola-rassegna-stampa-locale-30-agosto-2023","status":"publish","type":"post","link":"https:\/\/www.radiopiu.net\/wordpress\/dal-1983-tutti-i-giorni-alla-radiola-rassegna-stampa-locale-30-agosto-2023\/","title":{"rendered":"DAL 1983 TUTTI I GIORNI ALLA RADIO\u2026LA RASSEGNA STAMPA LOCALE \u2013 30 AGOSTO 2023"},"content":{"rendered":"<p><iframe loading=\"lazy\" title=\"RASSEGNA STAMPA LOCALE - 30 AGOSTO 2023\" width=\"1200\" height=\"675\" src=\"https:\/\/www.youtube.com\/embed\/lXdyGpHxbQQ?feature=oembed\" frameborder=\"0\" allow=\"accelerometer; autoplay; clipboard-write; encrypted-media; gyroscope; picture-in-picture; web-share\" allowfullscreen><\/iframe><\/p>\n<p>&nbsp;<\/p>\n<hr \/>\n<p>&nbsp;<\/p>\n<p><strong>VENEZIA <\/strong>Prosegue, ma tende ad attenuarsi, l\u2019ondata di maltempo in Veneto. Dopo due giorni di allerta su tutto il territorio, il Centro Funzionale Decentrato della Protezione Civile della Regione ha emesso un nuovo avviso di criticit\u00e0, dichiarando lo stato di attenzione (giallo) per criticit\u00e0 idraulica, limitatamente a tre bacini idrografici.<\/p>\n<p>E&#8217; successo di nuovo, questa volta tra il Mas e La Stanga. Nel tardo pomeriggio di ieri sassi in strada sulla 203 Agordina<\/p>\n<p><strong>ROCCA PIETORE<\/strong> Il maltempo delle ultime ore non ha risparmiato neanche il territorio di Rocca Pietore. I problemi si sono registrati tra Santa Maria Delle Grazie e Caracoi Cimai dove la strada ha ceduto in seguito alle precipitazioni intense.<\/p>\n<p><strong>BELLUNO<\/strong> Crollo dal Teston della Schiara con notevole distacco di roccia. Ieri mattina verso le 8.30 il gestore del Rifugio Settimo Alpini nel Gruppo della Schiara ha allertato il Soccorso alpino di Belluno, per un crollo avvenuto dal Teston, nel tratto strapiombante sommitale della Schiara sopra la Cengia Sperti.<\/p>\n<p><strong>CORTINA<\/strong> Ieri attorno alle 13, ricevute le coordinate del punto in cui si trovavano, l&#8217;elicottero del Suem di Pieve di Cadore \u00e8 volato sulla Ferrata Lipella alla Tofana di Rozes, per recuperare madre e figlia bloccate sotto un tratto verticale a causa della roccia bagnata.<\/p>\n<p><strong>VOLTAGO <\/strong>Dovrebbero partire entro fine anno i lavori a Frassen\u00e8 sul Viale Della Vittoria, la strada che porta all&#8217;ingresso della frazione di Voltago<\/p>\n<p><strong>AGORDO<\/strong> Negli ultimi mesi DolomitiBus ha comunicato la fine degli abbonamenti speciali per i part-time a 4 o 6 ore che viaggiano con i mezzi pubblici per raggiungere il posto di lavoro. La commissione trasporti della RSU Luxottica di Agordo \u00e8 al lavoro per trovare un accordo con l&#8217;azienda di trasporto pubblico ma sembra che le cose non stiano andando per il verso giusto<\/p>\n<p><strong>BELLUNO <\/strong>La FILT-CGIL di Belluno esprime preoccupazione riguardo al salvataggio dell&#8217;Investi Scuola grazie a una cessione di strade ad ANAS, ritenendo che ci\u00f2 comporti un compromesso tra mobilit\u00e0 e viabilit\u00e0 nel territorio.<\/p>\n<p><strong>BELLUNO<\/strong> La conferma di Investi Scuola \u00e8 accolta con soddisfazione dal PD di Belluno. Si elogia l&#8217;Ente Provincia e il Consorzio BIM per il loro sforzo nel rifinanziare questa misura.<\/p>\n<p><strong>ALLEGHE<\/strong> Dopo Voltago, anche ad Alleghe si sta lavorando per rendere disponibile un dopo scuola ai ragazzi delle primarie<\/p>\n<p><strong>BELLUNO <\/strong>Dal 1 settembre le Neurologie dell\u2019Ulss Dolomiti si potenziano: ampliati i posti letto e avviata la guardia attiva. La nuova organizzazione prevede il potenziamento delle dotazioni di posti letto, arrivando a quanto previsto dalle schede ospedaliere: 18 posti letto per l\u2019Ospedale di Belluno e 14 per l\u2019Ospedale di Feltre. Inoltre, per la prima volta in Ulss Dolomiti sar\u00e0 avviato il servizio di guardia attiva su 24 ore nella Neurologia di Belluno<\/p>\n<p><strong>BELLUNO <\/strong>Il Commissario Giuseppe Dal Ben, nell\u2019ambito del consueto monitoraggio settimanale dei lavori, ha fatto un sopralluogo al cantiere del Codivilla con il sindaco di Cortina, Gianluca Lorenzi, l\u2019assessore Stefano Ghezze e il Presidente di GVM Ettore Sansavini.<\/p>\n<p>&nbsp;<\/p>\n","protected":false},"excerpt":{"rendered":"<p>&nbsp; &nbsp; VENEZIA Prosegue, ma tende ad attenuarsi, l\u2019ondata di maltempo in Veneto. Dopo due giorni di allerta su tutto il territorio, il Centro Funzionale Decentrato della Protezione Civile della Regione ha emesso un nuovo avviso di criticit\u00e0, dichiarando lo stato di attenzione (giallo) per criticit\u00e0 idraulica, limitatamente a tre bacini idrografici. E&#8217; successo di&hellip;<\/p>\n","protected":false},"author":4,"featured_media":350686,"comment_status":"closed","ping_status":"closed","sticky":false,"template":"","format":"standard","meta":{"_monsterinsights_skip_tracking":false,"_monsterinsights_sitenote_active":false,"_monsterinsights_sitenote_note":"","_monsterinsights_sitenote_category":0,"footnotes":""},"categories":[104,49],"tags":[],"class_list":["post-350685","post","type-post","status-publish","format-standard","has-post-thumbnail","hentry","category-evidenza_3","category-news-18","category-104","category-49","description-off"],"img_url":"https:\/\/www.radiopiu.net\/wordpress\/wp-content\/uploads\/2023\/08\/SCR-20230830-ftpu.png","_links":{"self":[{"href":"https:\/\/www.radiopiu.net\/wordpress\/wp-json\/wp\/v2\/posts\/350685","targetHints":{"allow":["GET"]}}],"collection":[{"href":"https:\/\/www.radiopiu.net\/wordpress\/wp-json\/wp\/v2\/posts"}],"about":[{"href":"https:\/\/www.radiopiu.net\/wordpress\/wp-json\/wp\/v2\/types\/post"}],"author":[{"embeddable":true,"href":"https:\/\/www.radiopiu.net\/wordpress\/wp-json\/wp\/v2\/users\/4"}],"replies":[{"embeddable":true,"href":"https:\/\/www.radiopiu.net\/wordpress\/wp-json\/wp\/v2\/comments?post=350685"}],"version-history":[{"count":0,"href":"https:\/\/www.radiopiu.net\/wordpress\/wp-json\/wp\/v2\/posts\/350685\/revisions"}],"wp:featuredmedia":[{"embeddable":true,"href":"https:\/\/www.radiopiu.net\/wordpress\/wp-json\/wp\/v2\/media\/350686"}],"wp:attachment":[{"href":"https:\/\/www.radiopiu.net\/wordpress\/wp-json\/wp\/v2\/media?parent=350685"}],"wp:term":[{"taxonomy":"category","embeddable":true,"href":"https:\/\/www.radiopiu.net\/wordpress\/wp-json\/wp\/v2\/categories?post=350685"},{"taxonomy":"post_tag","embeddable":true,"href":"https:\/\/www.radiopiu.net\/wordpress\/wp-json\/wp\/v2\/tags?post=350685"}],"curies":[{"name":"wp","href":"https:\/\/api.w.org\/{rel}","templated":true}]}}