{"id":350688,"date":"2023-08-30T11:13:45","date_gmt":"2023-08-30T09:13:45","guid":{"rendered":"https:\/\/www.radiopiu.net\/wordpress\/?p=350688"},"modified":"2023-08-30T15:31:25","modified_gmt":"2023-08-30T13:31:25","slug":"le-precisazioni-del-dottor-fadiga-e-del-dottor-pennacchioni-agli-ex-pazienti-del-dottor-sito","status":"publish","type":"post","link":"https:\/\/www.radiopiu.net\/wordpress\/le-precisazioni-del-dottor-fadiga-e-del-dottor-pennacchioni-agli-ex-pazienti-del-dottor-sito\/","title":{"rendered":"LE PRECISAZIONI DEL DOTTOR FADIGA&#8217; E DEL DOTTOR PENNACCHIONI AGLI EX PAZIENTI DEL DOTTOR SITO"},"content":{"rendered":"<p><strong><a class=\"dt-pswp-item\" href=\"https:\/\/www.radiopiu.net\/wordpress\/wp-content\/uploads\/2020\/10\/Medicodimedicinagenerale.jpg\" data-dt-img-description=\"\" data-large_image_width=\"1200\" data-large_image_height=\"790\"><img loading=\"lazy\" decoding=\"async\" class=\" wp-image-167000 alignleft\" src=\"https:\/\/www.radiopiu.net\/wordpress\/wp-content\/uploads\/2020\/10\/Medicodimedicinagenerale-300x198.jpg\" alt=\"\" width=\"186\" height=\"123\" srcset=\"https:\/\/www.radiopiu.net\/wordpress\/wp-content\/uploads\/2020\/10\/Medicodimedicinagenerale-300x198.jpg 300w, https:\/\/www.radiopiu.net\/wordpress\/wp-content\/uploads\/2020\/10\/Medicodimedicinagenerale-1024x674.jpg 1024w, https:\/\/www.radiopiu.net\/wordpress\/wp-content\/uploads\/2020\/10\/Medicodimedicinagenerale-768x506.jpg 768w, https:\/\/www.radiopiu.net\/wordpress\/wp-content\/uploads\/2020\/10\/Medicodimedicinagenerale.jpg 1200w\" sizes=\"auto, (max-width: 186px) 100vw, 186px\" \/><\/a>AGORDO<\/strong> Abbiamo pubblicato nei giorni scorsi un comunicato arrivato dall&#8217;Ulss 1 Dolomiti riguardante la cessata attivit\u00e0 del Dottor Sito a partire dal 31 agosto. Nel comunicato si leggeva che gli ex assistiti del dr. Sito saranno temporaneamente assegnati d\u2019ufficio al dr. Paolo Fadig\u00e0 e al dr. Ugo Pennacchioni. I due medici di medicina generale per\u00f2 hanno voluto fare delle precisazioni che pubblichiamo.<\/p>\n<blockquote><p><em><strong>LA LETTERA DEL DOTTOR FADIGA&#8217; E DEL DOTTOR PENNACCHIONI<\/strong><\/em><\/p>\n<p dir=\"auto\"><em>Un saluto a tutti.<\/em><\/p>\n<p dir=\"auto\"><em>Avete ricevuto dall&#8217; ULSS una lettera di formale assegnazione chi al Dr Fadig\u00e0, chi al Dr Pennacchioni: ora siamo costretti a fornire precise indicazioni su come potremo assistervi nel prossimo mese, per rendere il nostro impegno sostenibile. Abbiamo accettato di fornire assistenza medica ai 1500 pazienti &#8220;orfani&#8221; del Dr Sito limitatamente al mese di settembre per cercare di attenuare l&#8217;inevitabile disagio in cui Vi troverete e dare ancora 30 giorni di tempo all&#8217; ULSS per rintracciare un nuovo medico titolare. La mole di lavoro in essere con i 1700 pazienti gi\u00e0 in carico non consente l&#8217;effettiva acquisizione di nuovi pazienti e condiziona le possibilit\u00e0 del servizio suppletivo che ci prestiamo a svolgere, poich\u00e9 l&#8217;ulteriore sovraccarico lavorativo andrebbe a compromettere l&#8217;assistenza fornita all&#8217;intero bacino di utenza. Si tratta quindi di un servizio limitato ed emergenziale, destinato alle necessit\u00e0 sanitarie non rimandabili e possibile per un numero ristretto di utenti giornalieri. Parliamo di pazienti totalmente sconosciuti, per i quali non abbiamo accesso alla precedente cartella clinica, per cui ogni intervento sar\u00e0 particolarmente impegnativo. L&#8217; accesso all&#8217;ambulatorio dedicato avverr\u00e0 esclusivamente su appuntamento presso gli ambienti messi a disposizione dall&#8217;ULSS in via Dozza n.1; i pazienti dovranno preventivamente chiamare il numero di telefono 3392901734 dal luned\u00ec al venerd\u00ec dalle 9.00 alle 10.00 dove risponder\u00e0 una operatrice formata per filtrare le richieste ed assicurare pronta risposta ai bisogni non derogabili; indipendentemente dal medico cui i pazienti sono stati formalmente assegnati, l&#8217;appuntamento potr\u00e0 essere fissato con il Dr Fadig\u00e0 o il Dr Pennacchioni secondo l&#8217;urgenza della richiesta, a seconda del medico operativo nella giornata: Luned\u00ec 10.00\u00a0 &#8211; 12.30\u00a0 Pennacchioni, Marted\u00ec 15.00 &#8211; 18.00\u00a0 \u00a0Fadig\u00e0, Mercoled\u00ec 10.00 &#8211; 12.30 Pennacchioni, Gioved\u00ec 15.00 &#8211; 18.00 Fadig\u00e0. In caso di effettive urgenze interverr\u00e0 l&#8217;uno o l&#8217;altro medico nella migliore possibilit\u00e0 di farlo. Auspichiamo di riuscire a rispondere adeguatamente alle Vostre necessit\u00e0 ma chiediamo fin d&#8217;ora comprensione e collaborazione per quello che sar\u00e0 un mese di transizione particolarmente difficile, per Voi ma anche per noi!<\/em><\/p>\n<p dir=\"auto\"><em>Vi ringraziamo per l&#8217;attenzione.<\/em><\/p>\n<p dir=\"auto\"><em><strong>Dr Paolo Fadig\u00e0\u00a0 <\/strong><\/em><em><strong>Dr Ugo Pennacchioni<\/strong><\/em><\/p>\n<\/blockquote>\n<blockquote class=\"wp-embedded-content\" data-secret=\"a8scZLbFSH\"><p><a href=\"https:\/\/www.radiopiu.net\/wordpress\/con-il-31-agosto-il-dottor-sito-cessa-lattivita\/\">CON IL 31 AGOSTO IL DOTTOR SITO CESSA L&#8217;ATTIVITA&#8217;<\/a><\/p><\/blockquote>\n<p><iframe loading=\"lazy\" class=\"wp-embedded-content\" sandbox=\"allow-scripts\" security=\"restricted\" style=\"position: absolute; clip: rect(1px, 1px, 1px, 1px);\" title=\"&#8220;CON IL 31 AGOSTO IL DOTTOR SITO CESSA L&#8217;ATTIVITA&#8217;&#8221; &#8212; Radio Pi\u00f9\" src=\"https:\/\/www.radiopiu.net\/wordpress\/con-il-31-agosto-il-dottor-sito-cessa-lattivita\/embed\/#?secret=08L8CS84iH#?secret=a8scZLbFSH\" data-secret=\"a8scZLbFSH\" width=\"600\" height=\"338\" frameborder=\"0\" marginwidth=\"0\" marginheight=\"0\" scrolling=\"no\"><\/iframe><\/p>\n<p>&nbsp;<\/p>\n<p>&nbsp;<\/p>\n<p dir=\"auto\">*********<\/p>\n<p dir=\"auto\">\n","protected":false},"excerpt":{"rendered":"<p>AGORDO Abbiamo pubblicato nei giorni scorsi un comunicato arrivato dall&#8217;Ulss 1 Dolomiti riguardante la cessata attivit\u00e0 del Dottor Sito a partire dal 31 agosto. Nel comunicato si leggeva che gli ex assistiti del dr. Sito saranno temporaneamente assegnati d\u2019ufficio al dr. Paolo Fadig\u00e0 e al dr. Ugo Pennacchioni. I due medici di medicina generale per\u00f2&hellip;<\/p>\n","protected":false},"author":4,"featured_media":167000,"comment_status":"closed","ping_status":"closed","sticky":false,"template":"","format":"standard","meta":{"_monsterinsights_skip_tracking":false,"_monsterinsights_sitenote_active":false,"_monsterinsights_sitenote_note":"","_monsterinsights_sitenote_category":0,"footnotes":""},"categories":[51,49],"tags":[],"class_list":["post-350688","post","type-post","status-publish","format-standard","has-post-thumbnail","hentry","category-evidenza-top","category-news-18","category-51","category-49","description-off"],"img_url":"https:\/\/www.radiopiu.net\/wordpress\/wp-content\/uploads\/2020\/10\/Medicodimedicinagenerale.jpg","_links":{"self":[{"href":"https:\/\/www.radiopiu.net\/wordpress\/wp-json\/wp\/v2\/posts\/350688","targetHints":{"allow":["GET"]}}],"collection":[{"href":"https:\/\/www.radiopiu.net\/wordpress\/wp-json\/wp\/v2\/posts"}],"about":[{"href":"https:\/\/www.radiopiu.net\/wordpress\/wp-json\/wp\/v2\/types\/post"}],"author":[{"embeddable":true,"href":"https:\/\/www.radiopiu.net\/wordpress\/wp-json\/wp\/v2\/users\/4"}],"replies":[{"embeddable":true,"href":"https:\/\/www.radiopiu.net\/wordpress\/wp-json\/wp\/v2\/comments?post=350688"}],"version-history":[{"count":0,"href":"https:\/\/www.radiopiu.net\/wordpress\/wp-json\/wp\/v2\/posts\/350688\/revisions"}],"wp:featuredmedia":[{"embeddable":true,"href":"https:\/\/www.radiopiu.net\/wordpress\/wp-json\/wp\/v2\/media\/167000"}],"wp:attachment":[{"href":"https:\/\/www.radiopiu.net\/wordpress\/wp-json\/wp\/v2\/media?parent=350688"}],"wp:term":[{"taxonomy":"category","embeddable":true,"href":"https:\/\/www.radiopiu.net\/wordpress\/wp-json\/wp\/v2\/categories?post=350688"},{"taxonomy":"post_tag","embeddable":true,"href":"https:\/\/www.radiopiu.net\/wordpress\/wp-json\/wp\/v2\/tags?post=350688"}],"curies":[{"name":"wp","href":"https:\/\/api.w.org\/{rel}","templated":true}]}}