{"id":350694,"date":"2023-08-31T05:49:59","date_gmt":"2023-08-31T03:49:59","guid":{"rendered":"https:\/\/www.radiopiu.net\/wordpress\/?p=350694"},"modified":"2023-08-31T06:11:29","modified_gmt":"2023-08-31T04:11:29","slug":"giornale-radiopiu-31-agosto-2023-direttore-mirko-mezzacasada-40-anni-25-giugno-1983-25-giugno-2023","status":"publish","type":"post","link":"https:\/\/www.radiopiu.net\/wordpress\/giornale-radiopiu-31-agosto-2023-direttore-mirko-mezzacasada-40-anni-25-giugno-1983-25-giugno-2023\/","title":{"rendered":"GIORNALE RADIOPIU 31 AGOSTO 2023 DIRETTORE MIRKO MEZZACASA\u2026DA 40 ANNI 25 GIUGNO 1983-25 GIUGNO 2023"},"content":{"rendered":"<h2 style=\"text-align: left;\"><span style=\"color: #ff0000;\"><span style=\"vertical-align: inherit;\"><a class=\"dt-pswp-item\" href=\"https:\/\/www.radiopiu.net\/wordpress\/wp-content\/uploads\/2023\/04\/e0aad41d-951e-47b9-9fae-1a879a9bcb7e-1.jpg\" data-dt-img-description=\"\" data-large_image_width=\"1200\" data-large_image_height=\"1200\"><img loading=\"lazy\" decoding=\"async\" class=\"wp-image-333205 alignleft\" src=\"https:\/\/www.radiopiu.net\/wordpress\/wp-content\/uploads\/2023\/04\/e0aad41d-951e-47b9-9fae-1a879a9bcb7e-1-300x300.jpg\" alt=\"\" width=\"110\" height=\"110\" srcset=\"https:\/\/www.radiopiu.net\/wordpress\/wp-content\/uploads\/2023\/04\/e0aad41d-951e-47b9-9fae-1a879a9bcb7e-1-300x300.jpg 300w, https:\/\/www.radiopiu.net\/wordpress\/wp-content\/uploads\/2023\/04\/e0aad41d-951e-47b9-9fae-1a879a9bcb7e-1-1024x1024.jpg 1024w, https:\/\/www.radiopiu.net\/wordpress\/wp-content\/uploads\/2023\/04\/e0aad41d-951e-47b9-9fae-1a879a9bcb7e-1-150x150.jpg 150w, https:\/\/www.radiopiu.net\/wordpress\/wp-content\/uploads\/2023\/04\/e0aad41d-951e-47b9-9fae-1a879a9bcb7e-1-768x768.jpg 768w, https:\/\/www.radiopiu.net\/wordpress\/wp-content\/uploads\/2023\/04\/e0aad41d-951e-47b9-9fae-1a879a9bcb7e-1.jpg 1200w\" sizes=\"auto, (max-width: 110px) 100vw, 110px\" \/><\/a><\/span><\/span><\/h2>\n<h1 class=\"entry-title\">40esimo di RADIOPIU\u2026. LA VOCE DELL\u2019EMOZIONE<\/h1>\n<h2><span style=\"color: #ff0000;\">ISCRIVITI AL NOSTRO CANALE\u00a0\u00a0YOUTUBE PER SEGUIRE IN DIRETTA I PRINCIPALI PROGRAMMI DI RADIO PIU\u2019 E LE FUTURE DIRETTE IN ESTERNA. PER ISCRIVERTI\u00a0<a style=\"color: #ff0000;\" href=\"https:\/\/youtube.com\/@radiopiu1527\">CLICCA QUI\u00a0<\/a>E PREMI\u00a0 \u201cIscriviti\u201d<\/span><\/h2>\n<p>&nbsp;<\/p>\n<p><a class=\"dt-pswp-item\" href=\"https:\/\/www.radiopiu.net\/wordpress\/wp-content\/uploads\/2023\/08\/sersa-ok-1.jpg\" data-dt-img-description=\"\" data-large_image_width=\"300\" data-large_image_height=\"300\"><img loading=\"lazy\" decoding=\"async\" class=\"size-full wp-image-349822 aligncenter\" src=\"https:\/\/www.radiopiu.net\/wordpress\/wp-content\/uploads\/2023\/08\/sersa-ok-1.jpg\" alt=\"\" width=\"300\" height=\"300\" srcset=\"https:\/\/www.radiopiu.net\/wordpress\/wp-content\/uploads\/2023\/08\/sersa-ok-1.jpg 300w, https:\/\/www.radiopiu.net\/wordpress\/wp-content\/uploads\/2023\/08\/sersa-ok-1-150x150.jpg 150w\" sizes=\"auto, (max-width: 300px) 100vw, 300px\" \/><\/a><\/p>\n<p>&nbsp;<\/p>\n<p>&nbsp;<\/p>\n<hr \/>\n<p>&nbsp;<\/p>\n<blockquote>\n<h3>INTERDIZIONE TOTALE AL TRAFFICO A DIGONERA<\/h3>\n<\/blockquote>\n<p><strong>SP 563 SALESEI <\/strong><span style=\"color: #ff0000;\">\u00a0Fino a oggi<\/span>\u00a0in localit\u00e0 Digonera di Rocca Pietore interdizione al traffico dalle 8 alle 18. Negli altri orari senso unico alternato regolato da semaforo. <span style=\"color: #ff0000;\">Dal 1 al 4 settembre<\/span> senso unico alternato regolato da semaforo.<\/p>\n<p>&nbsp;<\/p>\n<p>&nbsp;<\/p>\n<hr \/>\n<p>&nbsp;<\/p>\n<blockquote>\n<h3>INCIDENTE A PONTE MAS<\/h3>\n<\/blockquote>\n<p><strong>SEDICO\u00a0<\/strong>Attorno alle 12 di ieri un incidente ha causato dei rallentamenti a Mas di Sedico sul ponte che porta verso Sospirolo. Una Jeep Renegade \u00e8 andata ad urtare le barriere di sicurezza del ponte. Sul posto i Carabinieri e l&#8217;ambulanza del Suem.<\/p>\n\n\t\t\t<style type='text\/css'>\n\t\t\t\t#gallery-1 {\n\t\t\t\t\tmargin: auto;\n\t\t\t\t}\n\t\t\t\t#gallery-1 .gallery-item {\n\t\t\t\t\tfloat: left;\n\t\t\t\t\tmargin-top: 10px;\n\t\t\t\t\ttext-align: center;\n\t\t\t\t\twidth: 50%;\n\t\t\t\t}\n\t\t\t\t#gallery-1 img {\n\t\t\t\t\tborder: 2px solid #cfcfcf;\n\t\t\t\t}\n\t\t\t\t#gallery-1 .gallery-caption {\n\t\t\t\t\tmargin-left: 0;\n\t\t\t\t}\n\t\t\t\t\/* see gallery_shortcode() in wp-includes\/media.php *\/\n\t\t\t<\/style>\n\t\t<div id='gallery-1' class='dt-gallery-container gallery galleryid-350694 gallery-columns-2 gallery-size-medium'><dl class='gallery-item'>\n\t\t\t\t<dt class='gallery-icon landscape'>\n\t\t\t\t\t<a class=\"rollover rollover-zoom dt-pswp-item\" title=\"854d8ddc-c020-4bc2-a818-5829b6074652\" data-dt-img-description=\"\" data-large_image_width=\"1024\" data-large_image_height=\"732\"href='https:\/\/www.radiopiu.net\/wordpress\/wp-content\/uploads\/2023\/08\/854d8ddc-c020-4bc2-a818-5829b6074652.jpg'><img loading=\"lazy\" decoding=\"async\" width=\"300\" height=\"214\" src=\"https:\/\/www.radiopiu.net\/wordpress\/wp-content\/uploads\/2023\/08\/854d8ddc-c020-4bc2-a818-5829b6074652-300x214.jpg\" class=\"attachment-medium size-medium\" alt=\"\" srcset=\"https:\/\/www.radiopiu.net\/wordpress\/wp-content\/uploads\/2023\/08\/854d8ddc-c020-4bc2-a818-5829b6074652-300x214.jpg 300w, https:\/\/www.radiopiu.net\/wordpress\/wp-content\/uploads\/2023\/08\/854d8ddc-c020-4bc2-a818-5829b6074652-768x549.jpg 768w, https:\/\/www.radiopiu.net\/wordpress\/wp-content\/uploads\/2023\/08\/854d8ddc-c020-4bc2-a818-5829b6074652.jpg 1024w\" sizes=\"auto, (max-width: 300px) 100vw, 300px\" \/><\/a>\n\t\t\t\t<\/dt><\/dl><dl class='gallery-item'>\n\t\t\t\t<dt class='gallery-icon landscape'>\n\t\t\t\t\t<a class=\"rollover rollover-zoom dt-pswp-item\" title=\"7109c665-6b69-485a-b5fc-390d83f00597\" data-dt-img-description=\"\" data-large_image_width=\"1812\" data-large_image_height=\"1299\"href='https:\/\/www.radiopiu.net\/wordpress\/wp-content\/uploads\/2023\/08\/7109c665-6b69-485a-b5fc-390d83f00597.jpg'><img loading=\"lazy\" decoding=\"async\" width=\"300\" height=\"215\" src=\"https:\/\/www.radiopiu.net\/wordpress\/wp-content\/uploads\/2023\/08\/7109c665-6b69-485a-b5fc-390d83f00597-300x215.jpg\" class=\"attachment-medium size-medium\" alt=\"\" srcset=\"https:\/\/www.radiopiu.net\/wordpress\/wp-content\/uploads\/2023\/08\/7109c665-6b69-485a-b5fc-390d83f00597-300x215.jpg 300w, https:\/\/www.radiopiu.net\/wordpress\/wp-content\/uploads\/2023\/08\/7109c665-6b69-485a-b5fc-390d83f00597-1024x734.jpg 1024w, https:\/\/www.radiopiu.net\/wordpress\/wp-content\/uploads\/2023\/08\/7109c665-6b69-485a-b5fc-390d83f00597-768x551.jpg 768w, https:\/\/www.radiopiu.net\/wordpress\/wp-content\/uploads\/2023\/08\/7109c665-6b69-485a-b5fc-390d83f00597-1536x1101.jpg 1536w, https:\/\/www.radiopiu.net\/wordpress\/wp-content\/uploads\/2023\/08\/7109c665-6b69-485a-b5fc-390d83f00597.jpg 1812w\" sizes=\"auto, (max-width: 300px) 100vw, 300px\" \/><\/a>\n\t\t\t\t<\/dt><\/dl><br style=\"clear: both\" \/>\n\t\t\t<\/div>\n\n<p>&nbsp;<\/p>\n<hr \/>\n<p>&nbsp;<\/p>\n<blockquote>\n<h3>UN INCONTRO IN REGIONE PER PARLARE DELLA STRADA 203 AGORDINA<\/h3>\n<\/blockquote>\n<p><strong><a class=\"dt-pswp-item\" href=\"https:\/\/www.radiopiu.net\/wordpress\/wp-content\/uploads\/2023\/08\/67f76e9b-5a5f-4f52-aa83-40ee695584f6.jpg\" data-dt-img-description=\"\" data-large_image_width=\"2000\" data-large_image_height=\"1500\"><img loading=\"lazy\" decoding=\"async\" class=\" wp-image-350655 alignleft\" src=\"https:\/\/www.radiopiu.net\/wordpress\/wp-content\/uploads\/2023\/08\/67f76e9b-5a5f-4f52-aa83-40ee695584f6-300x225.jpg\" alt=\"\" width=\"156\" height=\"117\" srcset=\"https:\/\/www.radiopiu.net\/wordpress\/wp-content\/uploads\/2023\/08\/67f76e9b-5a5f-4f52-aa83-40ee695584f6-300x225.jpg 300w, https:\/\/www.radiopiu.net\/wordpress\/wp-content\/uploads\/2023\/08\/67f76e9b-5a5f-4f52-aa83-40ee695584f6-1024x768.jpg 1024w, https:\/\/www.radiopiu.net\/wordpress\/wp-content\/uploads\/2023\/08\/67f76e9b-5a5f-4f52-aa83-40ee695584f6-768x576.jpg 768w, https:\/\/www.radiopiu.net\/wordpress\/wp-content\/uploads\/2023\/08\/67f76e9b-5a5f-4f52-aa83-40ee695584f6-1536x1152.jpg 1536w, https:\/\/www.radiopiu.net\/wordpress\/wp-content\/uploads\/2023\/08\/67f76e9b-5a5f-4f52-aa83-40ee695584f6.jpg 2000w\" sizes=\"auto, (max-width: 156px) 100vw, 156px\" \/><\/a>AGORDO<\/strong><\/p>\n<p>di Gianni Santomaso<\/p>\n<audio class=\"wp-audio-shortcode\" id=\"audio-350694-1\" preload=\"none\" style=\"width: 100%;\" controls=\"controls\"><source type=\"audio\/mpeg\" src=\"https:\/\/www.radiopiu.net\/wordpress\/wp-content\/uploads\/2023\/08\/GIANNI-UN-INCONTRO-IN-REGIONE-PER-PARLARE-DELLA-STRADA-203-AGORDINA.mp3?_=1\" \/><a href=\"https:\/\/www.radiopiu.net\/wordpress\/wp-content\/uploads\/2023\/08\/GIANNI-UN-INCONTRO-IN-REGIONE-PER-PARLARE-DELLA-STRADA-203-AGORDINA.mp3\">https:\/\/www.radiopiu.net\/wordpress\/wp-content\/uploads\/2023\/08\/GIANNI-UN-INCONTRO-IN-REGIONE-PER-PARLARE-DELLA-STRADA-203-AGORDINA.mp3<\/a><\/audio>\n<p>&nbsp;<\/p>\n<hr \/>\n<p>&nbsp;<\/p>\n<blockquote>\n<h3>SERVIZI FORESTALI REGIONALI IN SOPRALLUOGO SULLA DESTRA OROGRAFICA DEL LAGO DI ALLEGHE DOPO I BOATI DI MARTEDI<\/h3>\n<\/blockquote>\n<p><strong><a class=\"dt-pswp-item\" href=\"https:\/\/www.radiopiu.net\/wordpress\/wp-content\/uploads\/2023\/08\/CHALET-DA-ALLEGHE.png\" data-dt-img-description=\"\" data-large_image_width=\"470\" data-large_image_height=\"270\"><img loading=\"lazy\" decoding=\"async\" class=\" wp-image-350733 alignleft\" src=\"https:\/\/www.radiopiu.net\/wordpress\/wp-content\/uploads\/2023\/08\/CHALET-DA-ALLEGHE-300x172.png\" alt=\"\" width=\"173\" height=\"99\" srcset=\"https:\/\/www.radiopiu.net\/wordpress\/wp-content\/uploads\/2023\/08\/CHALET-DA-ALLEGHE-300x172.png 300w, https:\/\/www.radiopiu.net\/wordpress\/wp-content\/uploads\/2023\/08\/CHALET-DA-ALLEGHE.png 470w\" sizes=\"auto, (max-width: 173px) 100vw, 173px\" \/><\/a>ROCCA PIETORE<\/strong> Dopo i boati percepiti dagli abitanti della zona dello Chalet al Lago, il comune di Rocca Pietore non \u00e8 rimasto a guardare e si \u00e8 subito attivato per capire cosa sia successo. Gi\u00e0 martedi i primi sopralluoghi con l&#8217;aiuto di un drone e ieri all&#8217;opera l&#8217;elicottero dei Servizi Forestali Regionali.<\/p>\n<p><strong>IL SINDACO DI ROCCA PIETORE ANDREA DE BERNARDIN<\/strong><\/p>\n<audio class=\"wp-audio-shortcode\" id=\"audio-350694-2\" preload=\"none\" style=\"width: 100%;\" controls=\"controls\"><source type=\"audio\/mpeg\" src=\"https:\/\/www.radiopiu.net\/wordpress\/wp-content\/uploads\/2023\/08\/ANDREA-CHALET.mp3?_=2\" \/><a href=\"https:\/\/www.radiopiu.net\/wordpress\/wp-content\/uploads\/2023\/08\/ANDREA-CHALET.mp3\">https:\/\/www.radiopiu.net\/wordpress\/wp-content\/uploads\/2023\/08\/ANDREA-CHALET.mp3<\/a><\/audio>\n<p>&nbsp;<\/p>\n<hr \/>\n<p>&nbsp;<\/p>\n<blockquote>\n<h3>CRISI SAFILO: TAVOLO CONCLUSIVO DI UN LUNGO PERCORSO CHE HA PRODOTTO UNA BUONA BASE DI ACCORDO<\/h3>\n<\/blockquote>\n<p><strong><a class=\"dt-pswp-item\" href=\"https:\/\/www.radiopiu.net\/wordpress\/wp-content\/uploads\/2023\/01\/SAFILO.png\" data-dt-img-description=\"\" data-large_image_width=\"766\" data-large_image_height=\"492\"><img loading=\"lazy\" decoding=\"async\" class=\" wp-image-318963 alignleft\" src=\"https:\/\/www.radiopiu.net\/wordpress\/wp-content\/uploads\/2023\/01\/SAFILO-300x193.png\" alt=\"\" width=\"194\" height=\"125\" srcset=\"https:\/\/www.radiopiu.net\/wordpress\/wp-content\/uploads\/2023\/01\/SAFILO-300x193.png 300w, https:\/\/www.radiopiu.net\/wordpress\/wp-content\/uploads\/2023\/01\/SAFILO.png 766w\" sizes=\"auto, (max-width: 194px) 100vw, 194px\" \/><\/a>VENEZIA <\/strong>Si \u00e8 riunito ieri, convocato e gestito dall\u2019Assessore regionale al lavoro Elena Donazzan assistita dall\u2019Unit\u00e0 di crisi aziendali, il tavolo relativo allo stabilimento di Longarone dell\u2019azienda Safilo. Hanno partecipato le organizzazioni sindacali di categoria regionali e provinciali, le RSU, i rappresentanti di Safilo assistiti da Confindustria Belluno Dolomiti. L\u2019incontro ha avuto l\u2019obiettivo di fornire un aggiornamento sulla situazione e sulla bozza di accordo definita da Femca Cisl e Uiltec Uil con Safilo per l\u2019eventuale subentro di Th\u00e9lios e Innovatek nei due rami d\u2019azienda riferiti allo stabilimento di Longarone. \u201cNelle fasi pi\u00f9 recenti sono emerse posizioni differenti tra le Parti sindacali &#8211; afferma l\u2019assessore Donazzan &#8211; da un lato Femca Cisl e Uiltec Uil, che hanno proseguito il dialogo con Safilo e dall\u2019altro Filctem Cgil che ha ritenuto di non poter raggiungere un accordo. Il tavolo tenuto oggi \u00e8 particolarmente importante perch\u00e9 la bozza di accordo presentata dalle parti che hanno proseguito il confronto, ha fornito una definizione degli elementi conclusivi di un lungo percorso di concertazione\u201d. L\u2019assessore ha poi concluso dichiarando \u201cla piena disponibilit\u00e0 della Regione a realizzare, in seguito all\u2019eventuale conclusione dell\u2019accordo, un monitoraggio periodico con le Parti, focalizzato su ciascuna delle due iniziative industriali subentranti\u201d e ha\u00a0 ribadito \u201cl\u2019impegno ad accompagnare ciascun lavoratore tramite i servizi per il lavoro, la formazione e le altre misure di politica attiva utili e attualmente disponibili a livello regionale\u201d. Il tavolo si riunir\u00e0 nuovamente, in sede regionale, marted\u00ec prossimo, 5 settembre 2023<\/p>\n<p>&nbsp;<\/p>\n<p>&nbsp;<\/p>\n<hr \/>\n<p>&nbsp;<\/p>\n<blockquote>\n<h3>NEL CONSIGLIO COMUNALE DI BELLUNO LA MOZIONE SULLA SANITA&#8217;. LEGA E FDI NON PARTECIPANO AL VOTO<\/h3>\n<\/blockquote>\n<p><a class=\"dt-pswp-item\" href=\"https:\/\/www.radiopiu.net\/wordpress\/wp-content\/uploads\/2021\/03\/ANDREA-DE-BERNARDIN.jpg\" data-dt-img-description=\"andrea de bernardin\" data-large_image_width=\"960\" data-large_image_height=\"540\"><img loading=\"lazy\" decoding=\"async\" class=\"wp-image-195558 alignleft\" src=\"https:\/\/www.radiopiu.net\/wordpress\/wp-content\/uploads\/2021\/03\/ANDREA-DE-BERNARDIN-300x169.jpg\" alt=\"\" width=\"209\" height=\"118\" srcset=\"https:\/\/www.radiopiu.net\/wordpress\/wp-content\/uploads\/2021\/03\/ANDREA-DE-BERNARDIN-300x169.jpg 300w, https:\/\/www.radiopiu.net\/wordpress\/wp-content\/uploads\/2021\/03\/ANDREA-DE-BERNARDIN-768x432.jpg 768w, https:\/\/www.radiopiu.net\/wordpress\/wp-content\/uploads\/2021\/03\/ANDREA-DE-BERNARDIN.jpg 960w\" sizes=\"auto, (max-width: 209px) 100vw, 209px\" \/><\/a><strong>BELLUNO <\/strong>Si \u00e8 svolto ieri il consiglio comunale di Belluno e al punto 7 la mozione sulla sanit\u00e0. Una mozione che ha fatto discutere tanto che la Lega ha abbandonato l&#8217;aula non partecipando al voto. A seguire i consiglieri della Lega anche Daniele Trabucco (Lista Civica). FdI non ha partecipato alla votazione ma \u00e8 rimasta in aula.<\/p>\n<p><strong>ANDREA DE BERNARDIN, SEGRETARIO PROVINCIALE DELLA LEGA<\/strong><\/p>\n<audio class=\"wp-audio-shortcode\" id=\"audio-350694-3\" preload=\"none\" style=\"width: 100%;\" controls=\"controls\"><source type=\"audio\/mpeg\" src=\"https:\/\/www.radiopiu.net\/wordpress\/wp-content\/uploads\/2023\/08\/DE-BERNARDIN-SANITA.mp3?_=3\" \/><a href=\"https:\/\/www.radiopiu.net\/wordpress\/wp-content\/uploads\/2023\/08\/DE-BERNARDIN-SANITA.mp3\">https:\/\/www.radiopiu.net\/wordpress\/wp-content\/uploads\/2023\/08\/DE-BERNARDIN-SANITA.mp3<\/a><\/audio>\n<p>&nbsp;<\/p>\n<hr \/>\n<p>&nbsp;<\/p>\n<blockquote>\n<h3>LE PRECISAZIONI DEL DOTTOR FADIGA&#8217; E DEL DOTTOR PENNACCHIONI AGLI EX PAZIENTI DEL DOTTOR SITO<\/h3>\n<\/blockquote>\n<p><strong><a class=\"dt-pswp-item\" href=\"https:\/\/www.radiopiu.net\/wordpress\/wp-content\/uploads\/2020\/10\/Medicodimedicinagenerale.jpg\" data-dt-img-description=\"\" data-large_image_width=\"1200\" data-large_image_height=\"790\"><img loading=\"lazy\" decoding=\"async\" class=\" wp-image-167000 alignleft\" src=\"https:\/\/www.radiopiu.net\/wordpress\/wp-content\/uploads\/2020\/10\/Medicodimedicinagenerale-300x198.jpg\" alt=\"\" width=\"186\" height=\"123\" srcset=\"https:\/\/www.radiopiu.net\/wordpress\/wp-content\/uploads\/2020\/10\/Medicodimedicinagenerale-300x198.jpg 300w, https:\/\/www.radiopiu.net\/wordpress\/wp-content\/uploads\/2020\/10\/Medicodimedicinagenerale-1024x674.jpg 1024w, https:\/\/www.radiopiu.net\/wordpress\/wp-content\/uploads\/2020\/10\/Medicodimedicinagenerale-768x506.jpg 768w, https:\/\/www.radiopiu.net\/wordpress\/wp-content\/uploads\/2020\/10\/Medicodimedicinagenerale.jpg 1200w\" sizes=\"auto, (max-width: 186px) 100vw, 186px\" \/><\/a>AGORDO<\/strong> Abbiamo pubblicato nei giorni scorsi un comunicato arrivato dall&#8217;Ulss 1 Dolomiti riguardante la cessata attivit\u00e0 del Dottor Sito a partire dal 31 agosto. Nel comunicato si leggeva che gli ex assistiti del dr. Sito saranno temporaneamente assegnati d\u2019ufficio al dr. Paolo Fadig\u00e0 e al dr. Ugo Pennacchioni. I due medici di medicina generale per\u00f2 hanno voluto fare delle precisazioni che pubblichiamo.<\/p>\n<blockquote><p><em><strong>LA LETTERA DEL DOTTOR FADIGA&#8217; E DEL DOTTOR PENNACCHIONI<\/strong><\/em><\/p>\n<p dir=\"auto\"><em>Un saluto a tutti.<\/em><\/p>\n<p dir=\"auto\"><em>Avete ricevuto dall&#8217; ULSS una lettera di formale assegnazione chi al Dr Fadig\u00e0, chi al Dr Pennacchioni: ora siamo costretti a fornire precise indicazioni su come potremo assistervi nel prossimo mese, per rendere il nostro impegno sostenibile. Abbiamo accettato di fornire assistenza medica ai 1500 pazienti &#8220;orfani&#8221; del Dr Sito limitatamente al mese di settembre per cercare di attenuare l&#8217;inevitabile disagio in cui Vi troverete e dare ancora 30 giorni di tempo all&#8217; ULSS per rintracciare un nuovo medico titolare. La mole di lavoro in essere con i 1700 pazienti gi\u00e0 in carico non consente l&#8217;effettiva acquisizione di nuovi pazienti e condiziona le possibilit\u00e0 del servizio suppletivo che ci prestiamo a svolgere, poich\u00e9 l&#8217;ulteriore sovraccarico lavorativo andrebbe a compromettere l&#8217;assistenza fornita all&#8217;intero bacino di utenza. Si tratta quindi di un servizio limitato ed emergenziale, destinato alle necessit\u00e0 sanitarie non rimandabili e possibile per un numero ristretto di utenti giornalieri. Parliamo di pazienti totalmente sconosciuti, per i quali non abbiamo accesso alla precedente cartella clinica, per cui ogni intervento sar\u00e0 particolarmente impegnativo. L&#8217; accesso all&#8217;ambulatorio dedicato avverr\u00e0 esclusivamente su appuntamento presso gli ambienti messi a disposizione dall&#8217;ULSS in via Dozza n.1; i pazienti dovranno preventivamente chiamare il numero di telefono 3392901734 dal luned\u00ec al venerd\u00ec dalle 9.00 alle 10.00 dove risponder\u00e0 una operatrice formata per filtrare le richieste ed assicurare pronta risposta ai bisogni non derogabili; indipendentemente dal medico cui i pazienti sono stati formalmente assegnati, l&#8217;appuntamento potr\u00e0 essere fissato con il Dr Fadig\u00e0 o il Dr Pennacchioni secondo l&#8217;urgenza della richiesta, a seconda del medico operativo nella giornata: Luned\u00ec 10.00\u00a0 &#8211; 12.30\u00a0 Pennacchioni, Marted\u00ec 15.00 &#8211; 18.00\u00a0 \u00a0Fadig\u00e0, Mercoled\u00ec 10.00 &#8211; 12.30 Pennacchioni, Gioved\u00ec 15.00 &#8211; 18.00 Fadig\u00e0. In caso di effettive urgenze interverr\u00e0 l&#8217;uno o l&#8217;altro medico nella migliore possibilit\u00e0 di farlo. Auspichiamo di riuscire a rispondere adeguatamente alle Vostre necessit\u00e0 ma chiediamo fin d&#8217;ora comprensione e collaborazione per quello che sar\u00e0 un mese di transizione particolarmente difficile, per Voi ma anche per noi!<\/em><\/p>\n<p dir=\"auto\"><em>Vi ringraziamo per l&#8217;attenzione.<\/em><\/p>\n<p dir=\"auto\"><em><strong>Dr Paolo Fadig\u00e0\u00a0 <\/strong><\/em><em><strong>Dr Ugo Pennacchioni<\/strong><\/em><\/p>\n<\/blockquote>\n<hr \/>\n<p>&nbsp;<\/p>\n<blockquote>\n<h3>DOLOMITIBUS TOGLIE LE AGEVOLAZIONI PER I LAVORATORI PART TIME<\/h3>\n<\/blockquote>\n<p><strong><a class=\"dt-pswp-item\" href=\"https:\/\/www.radiopiu.net\/wordpress\/wp-content\/uploads\/2021\/10\/9396bbfc-2818-4225-b55d-9a56c39206f1.jpg\" data-dt-img-description=\"\" data-large_image_width=\"1599\" data-large_image_height=\"899\"><img loading=\"lazy\" decoding=\"async\" class=\" wp-image-237486 alignleft\" src=\"https:\/\/www.radiopiu.net\/wordpress\/wp-content\/uploads\/2021\/10\/9396bbfc-2818-4225-b55d-9a56c39206f1-300x169.jpg\" alt=\"\" width=\"211\" height=\"119\" srcset=\"https:\/\/www.radiopiu.net\/wordpress\/wp-content\/uploads\/2021\/10\/9396bbfc-2818-4225-b55d-9a56c39206f1-300x169.jpg 300w, https:\/\/www.radiopiu.net\/wordpress\/wp-content\/uploads\/2021\/10\/9396bbfc-2818-4225-b55d-9a56c39206f1-1024x576.jpg 1024w, https:\/\/www.radiopiu.net\/wordpress\/wp-content\/uploads\/2021\/10\/9396bbfc-2818-4225-b55d-9a56c39206f1-768x432.jpg 768w, https:\/\/www.radiopiu.net\/wordpress\/wp-content\/uploads\/2021\/10\/9396bbfc-2818-4225-b55d-9a56c39206f1-1536x864.jpg 1536w, https:\/\/www.radiopiu.net\/wordpress\/wp-content\/uploads\/2021\/10\/9396bbfc-2818-4225-b55d-9a56c39206f1.jpg 1599w\" sizes=\"auto, (max-width: 211px) 100vw, 211px\" \/><\/a>AGORDO<\/strong><\/p>\n<p>di Gianni Santomaso<\/p>\n<audio class=\"wp-audio-shortcode\" id=\"audio-350694-4\" preload=\"none\" style=\"width: 100%;\" controls=\"controls\"><source type=\"audio\/mpeg\" src=\"https:\/\/www.radiopiu.net\/wordpress\/wp-content\/uploads\/2023\/08\/GIANNI-DOLOMITIBUS-TOGLIE-LE-AGEVOLAZIONI-PER-I-LAVORATORI-PART-TIME.mp3?_=4\" \/><a href=\"https:\/\/www.radiopiu.net\/wordpress\/wp-content\/uploads\/2023\/08\/GIANNI-DOLOMITIBUS-TOGLIE-LE-AGEVOLAZIONI-PER-I-LAVORATORI-PART-TIME.mp3\">https:\/\/www.radiopiu.net\/wordpress\/wp-content\/uploads\/2023\/08\/GIANNI-DOLOMITIBUS-TOGLIE-LE-AGEVOLAZIONI-PER-I-LAVORATORI-PART-TIME.mp3<\/a><\/audio>\n<p>&nbsp;<\/p>\n<hr \/>\n<p>&nbsp;<\/p>\n<blockquote>\n<h3>AL VIA BANDO CON CONTRIBUTI PER MESSA IN SICUREZZA TERRITORIO A RISCHIO IDROGEOLOGICO<\/h3>\n<\/blockquote>\n<p><strong><a class=\"dt-pswp-item\" href=\"https:\/\/www.radiopiu.net\/wordpress\/wp-content\/uploads\/2020\/12\/BOTTACIN.png\" data-dt-img-description=\"\" data-large_image_width=\"1240\" data-large_image_height=\"682\"><img loading=\"lazy\" decoding=\"async\" class=\" wp-image-179675 alignleft\" src=\"https:\/\/www.radiopiu.net\/wordpress\/wp-content\/uploads\/2020\/12\/BOTTACIN-300x165.png\" alt=\"\" width=\"204\" height=\"112\" srcset=\"https:\/\/www.radiopiu.net\/wordpress\/wp-content\/uploads\/2020\/12\/BOTTACIN-300x165.png 300w, https:\/\/www.radiopiu.net\/wordpress\/wp-content\/uploads\/2020\/12\/BOTTACIN-1024x563.png 1024w, https:\/\/www.radiopiu.net\/wordpress\/wp-content\/uploads\/2020\/12\/BOTTACIN-768x422.png 768w, https:\/\/www.radiopiu.net\/wordpress\/wp-content\/uploads\/2020\/12\/BOTTACIN.png 1240w\" sizes=\"auto, (max-width: 204px) 100vw, 204px\" \/><\/a>VENEZIA <\/strong>Su proposta dell\u2019assessore al Dissesto idrogeologico, Gianpaolo Bottacin, la Giunta Regionale ha approvato una delibera in cui si d\u00e0 avvio a un bando per la concessione di contributi ai Comuni veneti per investimenti per la progettazione e la realizzazione di opere pubbliche per la messa in sicurezza del territorio. \u201cMettiamo a disposizione 9,8 milioni di euro &#8211; spiega l\u2019assessore &#8211; per interventi su aree a rischio idrogeologico, con un finanziamento che potr\u00e0 essere compreso tra un minimo di 50.000 euro e un massimo di 500.000 euro\u201d. Per accedere al contributo le Amministrazioni comunali interessate potranno presentare domanda entro il 2 ottobre 2023. Il contributo, con competenza sull\u2019annualit\u00e0 2024, verr\u00e0 assegnato entro il successivo 30 ottobre 2023 e i Comuni beneficiari saranno tenuti ad affidare i lavori per la realizzazione delle opere pubbliche non oltre dodici mesi decorrenti dalla data di attribuzione delle risorse.<\/p>\n<p>&nbsp;<\/p>\n<p>&nbsp;<\/p>\n<hr \/>\n<p>&nbsp;<\/p>\n<blockquote>\n<h3>FUSIONI TRA COMUNI PIU&#8217; SEMPLICI IN VENETO: LA REGIONE ABBASSA IL QUORUM REFERENDARIO AL 30%.<\/h3>\n<\/blockquote>\n<p><strong><a class=\"dt-pswp-item\" href=\"https:\/\/www.radiopiu.net\/wordpress\/wp-content\/uploads\/2023\/08\/PUZZLE.jpeg\" data-dt-img-description=\"\" data-large_image_width=\"1022\" data-large_image_height=\"676\"><img loading=\"lazy\" decoding=\"async\" class=\" wp-image-350717 alignleft\" src=\"https:\/\/www.radiopiu.net\/wordpress\/wp-content\/uploads\/2023\/08\/PUZZLE-300x198.jpeg\" alt=\"\" width=\"192\" height=\"127\" srcset=\"https:\/\/www.radiopiu.net\/wordpress\/wp-content\/uploads\/2023\/08\/PUZZLE-300x198.jpeg 300w, https:\/\/www.radiopiu.net\/wordpress\/wp-content\/uploads\/2023\/08\/PUZZLE-768x508.jpeg 768w, https:\/\/www.radiopiu.net\/wordpress\/wp-content\/uploads\/2023\/08\/PUZZLE.jpeg 1022w\" sizes=\"auto, (max-width: 192px) 100vw, 192px\" \/><\/a>VENEZIA\u00a0 <\/strong>Il Consiglio regionale del Veneto ha approvato il progetto di legge 185 che semplifica i processi di fusione tra Comuni. Il quorum di partecipazione al referendum consultivo sulla fusione \u00e8 stato ridotto dal 50% al 30%, con ulteriore riduzione al 25% se gli iscritti all&#8217;AIRE sono superiori al 20% dei votanti. Questa misura mira a favorire il riordino territoriale e rendere pi\u00f9 agevoli le aggregazioni tra i Comuni. Il quadro regolativo statale e regionale \u00e8 favorevole ai processi aggregativi, con contributi statali straordinari alle fusioni di Comuni che possono essere erogati per quindici anni, fino a un massimo di 2 milioni di euro, e un limite massimo annuale innalzato a 10 milioni di euro per enti con una popolazione complessivamente superiore a 100.000 abitanti. Nonostante i vantaggi economici, pi\u00f9 della met\u00e0 delle proposte di fusione in Veneto \u00e8 stata respinta, con 15 su 29 che hanno fallito il test del referendum. Tuttavia, sono state portate a termine con successo 14 fusioni in diverse province del Veneto. Attualmente, ci sono quattro nuove proposte di fusione in Veneto con referendum previsto il 29 e 30 ottobre, e in caso di successo, il numero dei Comuni nella regione scenderebbe a 559.<\/p>\n<p>&nbsp;<\/p>\n<p>&nbsp;<\/p>\n<hr \/>\n<p>&nbsp;<\/p>\n<blockquote>\n<h3>MOVIMENTAZIONE TURISTICA IN VENETO NEL PRIMO SEMESTRE 2023<\/h3>\n<\/blockquote>\n<p><strong><a class=\"dt-pswp-item\" href=\"https:\/\/www.radiopiu.net\/wordpress\/wp-content\/uploads\/2021\/03\/FEDERICO-CANER.jpg\" data-dt-img-description=\"\" data-large_image_width=\"1490\" data-large_image_height=\"1122\"><img loading=\"lazy\" decoding=\"async\" class=\" wp-image-195491 alignleft\" src=\"https:\/\/www.radiopiu.net\/wordpress\/wp-content\/uploads\/2021\/03\/FEDERICO-CANER-300x226.jpg\" alt=\"\" width=\"161\" height=\"121\" srcset=\"https:\/\/www.radiopiu.net\/wordpress\/wp-content\/uploads\/2021\/03\/FEDERICO-CANER-300x226.jpg 300w, https:\/\/www.radiopiu.net\/wordpress\/wp-content\/uploads\/2021\/03\/FEDERICO-CANER-1024x771.jpg 1024w, https:\/\/www.radiopiu.net\/wordpress\/wp-content\/uploads\/2021\/03\/FEDERICO-CANER-768x578.jpg 768w, https:\/\/www.radiopiu.net\/wordpress\/wp-content\/uploads\/2021\/03\/FEDERICO-CANER.jpg 1490w\" sizes=\"auto, (max-width: 161px) 100vw, 161px\" \/><\/a>VENEZIA <\/strong>\u201cNel primo semestre 2023 il numero di turisti che hanno soggiornato in Veneto \u00e8 superiore allo stesso periodo pre-covid, ovvero il 2019 (+0,8% degli arrivi). Stesso andamento per le presenze, che rappresentano il numero di pernottamenti da questi effettuati (+0,2%). Il numero di italiani \u00e8 largamente superiore alla situazione pre-pandemica (+5,9%), ma non si riflette ancora sul dato delle presenze (-1,2%), soprattutto nei soggiorni pi\u00f9 brevi nelle citt\u00e0 e alle terme. Al contrario, le presenze straniere superano quelle dello stesso periodo del 2019 (+0,9%)\u201d. Lo dice l\u2019assessore al Turismo della Regione del Veneto, Federico Caner, introducendo dati della movimentazione turistica in Veneto registrata nel primo semestre 2023, elaborati dall\u2019Ufficio Statistica regionale.<\/p>\n<p>&nbsp;<\/p>\n<p>&nbsp;<\/p>\n<hr \/>\n<p>&nbsp;<\/p>\n<blockquote>\n<h3>RIPRENDONO LE DISINFESTAZIONI PER LA FEBBRE DANQUE A FELTRE<\/h3>\n<\/blockquote>\n<p><strong><a class=\"dt-pswp-item\" href=\"https:\/\/www.radiopiu.net\/wordpress\/wp-content\/uploads\/2021\/03\/ULSS-1.jpg\" data-dt-img-description=\"\" data-large_image_width=\"776\" data-large_image_height=\"408\"><img loading=\"lazy\" decoding=\"async\" class=\" wp-image-198838 alignleft\" src=\"https:\/\/www.radiopiu.net\/wordpress\/wp-content\/uploads\/2021\/03\/ULSS-1-300x158.jpg\" alt=\"\" width=\"178\" height=\"94\" srcset=\"https:\/\/www.radiopiu.net\/wordpress\/wp-content\/uploads\/2021\/03\/ULSS-1-300x158.jpg 300w, https:\/\/www.radiopiu.net\/wordpress\/wp-content\/uploads\/2021\/03\/ULSS-1-768x404.jpg 768w, https:\/\/www.radiopiu.net\/wordpress\/wp-content\/uploads\/2021\/03\/ULSS-1.jpg 776w\" sizes=\"auto, (max-width: 178px) 100vw, 178px\" \/><\/a>FELTRE <\/strong>Riprenderanno oggi gli interventi di disinfezione programmati a seguito di un caso di dengue di importazione nel territorio Feltrino. Nello specifico, gli interventi svolti dalla ditta incaricata, verranno effettuati secondo il seguente calendario: 31\/08 in mattinata: intervento di disinfestazione porta a porta mediante trattamento dei tombini in area privata ed area pubblica ed ispezione ed eventuali focolai larvali; 31\/08 dalle ore 19:00 seconda disinfezione adulticida (condizioni meteo permettendo); 01\/09 dalle ore 19:00 terza ed ultima disinfezione adulticida (tempo permettendo). Durante la disinfestazione adulticida (gioved\u00ec sera e venerd\u00ec sera), si raccomanda di: non sostare nell&#8217;area interessata; chiudere le finestre e porte delle abitazioni; coprire con teli eventuali colture; tenere al chiuso gli animali domestici; non esporre il bucato. Le finestre delle abitazioni potranno essere riaperte 1 ora dopo il trattamento. Nel caso di condizioni meteo avverse, le disinfezioni adulticide serali saranno riprogrammate. Per ulteriori informazioni contattare il numero 0437 514454 o 3392902142 dalle ore 08:30 alle ore 10:00<\/p>\n<p>&nbsp;<\/p>\n<p>&nbsp;<\/p>\n<hr \/>\n<p>&nbsp;<\/p>\n<blockquote>\n<h3>MISURAZIONE DELLA PRESSIONE IN ALTA QUOTA: APPUNTAMENTO QUESTA SETTIMANA AL RIFUGIO BRISTOT<\/h3>\n<\/blockquote>\n<p><strong><a class=\"dt-pswp-item\" href=\"https:\/\/www.radiopiu.net\/wordpress\/wp-content\/uploads\/2023\/08\/ipertensione-nei-rifugi_bristot.png\" data-dt-img-description=\"\" data-large_image_width=\"1944\" data-large_image_height=\"2750\"><img loading=\"lazy\" decoding=\"async\" class=\" wp-image-350729 alignleft\" src=\"https:\/\/www.radiopiu.net\/wordpress\/wp-content\/uploads\/2023\/08\/ipertensione-nei-rifugi_bristot-212x300.png\" alt=\"\" width=\"119\" height=\"168\" srcset=\"https:\/\/www.radiopiu.net\/wordpress\/wp-content\/uploads\/2023\/08\/ipertensione-nei-rifugi_bristot-212x300.png 212w, https:\/\/www.radiopiu.net\/wordpress\/wp-content\/uploads\/2023\/08\/ipertensione-nei-rifugi_bristot-724x1024.png 724w, https:\/\/www.radiopiu.net\/wordpress\/wp-content\/uploads\/2023\/08\/ipertensione-nei-rifugi_bristot-768x1086.png 768w, https:\/\/www.radiopiu.net\/wordpress\/wp-content\/uploads\/2023\/08\/ipertensione-nei-rifugi_bristot-1086x1536.png 1086w, https:\/\/www.radiopiu.net\/wordpress\/wp-content\/uploads\/2023\/08\/ipertensione-nei-rifugi_bristot-1448x2048.png 1448w, https:\/\/www.radiopiu.net\/wordpress\/wp-content\/uploads\/2023\/08\/ipertensione-nei-rifugi_bristot.png 1944w\" sizes=\"auto, (max-width: 119px) 100vw, 119px\" \/><\/a>BELLUNO <\/strong>Dopo il successo delle giornate dell\u2019ipertensione nei rifugi delle scorse settimane, sabato l\u2019iniziativa sar\u00e0 ripetuta anche al Rifugio Bristot. Dalle 10.00 alle 14.00 gli operatori del Dipartimento di Prevenzione dell\u2019Ulss Dolomiti saranno a disposizione per eseguire, su base volontaria, la misurazione della pressione arteriosa e della saturazione a favore degli escursionisti in arrivo, che potranno cos\u00ec verificare in modo semplice e rapido la propria situazione cardiovascolare e la propria reazione all\u2019esposizione alla quota. Chi lo desidera potr\u00e0, inoltre, rispondere in forma anonima a un breve questionario per la raccolta di dati sanitari utili per la ricerca scientifica sul comportamento della pressione arteriosa in montagna e sul profilo individuale di rischio cardiovascolare tra gli escursionisti.<\/p>\n<p>&nbsp;<\/p>\n<p>&nbsp;<\/p>\n<hr \/>\n<p>&nbsp;<\/p>\n<blockquote>\n<h3>L&#8217;OPEN DAY ALL&#8217;AEROPORTO DI ISTRANA<\/h3>\n<\/blockquote>\n<p><strong><a class=\"dt-pswp-item\" href=\"https:\/\/www.radiopiu.net\/wordpress\/wp-content\/uploads\/2023\/08\/KGAFIGIAKFG.jpeg\" data-dt-img-description=\"\" data-large_image_width=\"1023\" data-large_image_height=\"496\"><img loading=\"lazy\" decoding=\"async\" class=\" wp-image-350701 alignleft\" src=\"https:\/\/www.radiopiu.net\/wordpress\/wp-content\/uploads\/2023\/08\/KGAFIGIAKFG-300x145.jpeg\" alt=\"\" width=\"203\" height=\"98\" srcset=\"https:\/\/www.radiopiu.net\/wordpress\/wp-content\/uploads\/2023\/08\/KGAFIGIAKFG-300x145.jpeg 300w, https:\/\/www.radiopiu.net\/wordpress\/wp-content\/uploads\/2023\/08\/KGAFIGIAKFG-768x372.jpeg 768w, https:\/\/www.radiopiu.net\/wordpress\/wp-content\/uploads\/2023\/08\/KGAFIGIAKFG.jpeg 1023w\" sizes=\"auto, (max-width: 203px) 100vw, 203px\" \/><\/a>ISTRANA (TV)<\/strong> Si avvicina l\u2019appuntamento con la seconda edizione dell\u2019OPEN DAY presso l\u2019Aeroporto di Istrana, sede del 51\u00b0 Stormo Caccia. Nell\u2019anno del centenario dell\u2019Aeronautica Militare, il 51\u00b0 Stormo Caccia di Istrana organizza \u00a0giovedi 7 settembre la seconda edizione dell\u2019Open Day. I visitatori potranno \u201cvivere\u201d un nutrito\u00a0 programma che prevede\u00a0 attivit\u00e0 di volo e la mostra statica di velivoli pi\u00f9 ricca rispetto alla precedente edizione dell\u2019Open Day. Inoltre, personale dello Stormo illustrer\u00e0, presso alcuni stand opportunamente allestiti, le principali attivit\u00e0 svolte in aeroporto. L\u2019ingresso in Base \u00e8 aperto a tutti dalle ore 10.00 fino alle ore 16.00 senza prenotazione, maggiori dettagli sono disponibili al sito <a href=\"http:\/\/51eventi.sitidea.it\/\">http:\/\/51eventi.sitidea.it\/<\/a> o contattando il numero \u00a00422833777.<\/p>\n<p>&nbsp;<\/p>\n<p>&nbsp;<\/p>\n<hr \/>\n<p>&nbsp;<\/p>\n<blockquote>\n<h3>NEL FINE SETTIMANA LA FESTA DELL&#8217;ORZO A SAN TOMASO<\/h3>\n<\/blockquote>\n<p><strong><a class=\"dt-pswp-item\" href=\"https:\/\/www.radiopiu.net\/wordpress\/wp-content\/uploads\/2023\/08\/FESTA-ORZO-2023.jpg\" data-dt-img-description=\"\" data-large_image_width=\"503\" data-large_image_height=\"372\"><img loading=\"lazy\" decoding=\"async\" class=\" wp-image-350595 alignleft\" src=\"https:\/\/www.radiopiu.net\/wordpress\/wp-content\/uploads\/2023\/08\/FESTA-ORZO-2023-300x222.jpg\" alt=\"\" width=\"151\" height=\"112\" srcset=\"https:\/\/www.radiopiu.net\/wordpress\/wp-content\/uploads\/2023\/08\/FESTA-ORZO-2023-300x222.jpg 300w, https:\/\/www.radiopiu.net\/wordpress\/wp-content\/uploads\/2023\/08\/FESTA-ORZO-2023.jpg 503w\" sizes=\"auto, (max-width: 151px) 100vw, 151px\" \/><\/a>SAN TOMASO<\/strong><\/p>\n<p>di Gianni Santomaso<\/p>\n<audio class=\"wp-audio-shortcode\" id=\"audio-350694-5\" preload=\"none\" style=\"width: 100%;\" controls=\"controls\"><source type=\"audio\/mpeg\" src=\"https:\/\/www.radiopiu.net\/wordpress\/wp-content\/uploads\/2023\/08\/GIANNI-NEL-FINE-SETTIMANA-LA-FESTA-DELLORZO-A-SAN-TOMASO.mp3?_=5\" \/><a href=\"https:\/\/www.radiopiu.net\/wordpress\/wp-content\/uploads\/2023\/08\/GIANNI-NEL-FINE-SETTIMANA-LA-FESTA-DELLORZO-A-SAN-TOMASO.mp3\">https:\/\/www.radiopiu.net\/wordpress\/wp-content\/uploads\/2023\/08\/GIANNI-NEL-FINE-SETTIMANA-LA-FESTA-DELLORZO-A-SAN-TOMASO.mp3<\/a><\/audio>\n<p>&nbsp;<\/p>\n<hr \/>\n<p>&nbsp;<\/p>\n<h2><span style=\"color: #ff6600;\">IERI ALLA RADIO<\/span><\/h2>\n<h2><strong><a class=\"dt-pswp-item\" href=\"https:\/\/www.radiopiu.net\/wordpress\/wp-content\/uploads\/2023\/08\/SCR-20230818-prgb.jpg\" data-dt-img-description=\"\" data-large_image_width=\"1362\" data-large_image_height=\"660\"><img loading=\"lazy\" decoding=\"async\" class=\" wp-image-350699 alignleft\" src=\"https:\/\/www.radiopiu.net\/wordpress\/wp-content\/uploads\/2023\/08\/SCR-20230818-prgb-300x145.jpg\" alt=\"\" width=\"252\" height=\"122\" srcset=\"https:\/\/www.radiopiu.net\/wordpress\/wp-content\/uploads\/2023\/08\/SCR-20230818-prgb-300x145.jpg 300w, https:\/\/www.radiopiu.net\/wordpress\/wp-content\/uploads\/2023\/08\/SCR-20230818-prgb-1024x496.jpg 1024w, https:\/\/www.radiopiu.net\/wordpress\/wp-content\/uploads\/2023\/08\/SCR-20230818-prgb-768x372.jpg 768w, https:\/\/www.radiopiu.net\/wordpress\/wp-content\/uploads\/2023\/08\/SCR-20230818-prgb.jpg 1362w\" sizes=\"auto, (max-width: 252px) 100vw, 252px\" \/><\/a><\/strong><span style=\"color: #33cccc;\">IL 10 SETTEMBRE LA 16 COMUNI A CANALE D&#8217;AGORDO<\/span><\/h2>\n<p><strong>DI MIRKO MEZZACASA<\/strong><\/p>\n<p>Ospiti: Manuela Xaiz e Emil Tancon<\/p>\n<audio class=\"wp-audio-shortcode\" id=\"audio-350694-6\" preload=\"none\" style=\"width: 100%;\" controls=\"controls\"><source type=\"audio\/mpeg\" src=\"https:\/\/www.radiopiu.net\/wordpress\/wp-content\/uploads\/2023\/08\/16-comuni-2023-INTERVISTA.mp3?_=6\" \/><a href=\"https:\/\/www.radiopiu.net\/wordpress\/wp-content\/uploads\/2023\/08\/16-comuni-2023-INTERVISTA.mp3\">https:\/\/www.radiopiu.net\/wordpress\/wp-content\/uploads\/2023\/08\/16-comuni-2023-INTERVISTA.mp3<\/a><\/audio>\n<p>&nbsp;<\/p>\n<hr \/>\n<p>&nbsp;<\/p>\n<blockquote>\n<h3>9 SETTEMBRE, AD AGORDO SPORT IN PIAZZA<\/h3>\n<\/blockquote>\n<p>&nbsp;<\/p>\n<p><strong><a class=\"dt-pswp-item\" href=\"https:\/\/www.radiopiu.net\/wordpress\/wp-content\/uploads\/2023\/08\/Senza-nome-70.png\" data-dt-img-description=\"\" data-large_image_width=\"563\" data-large_image_height=\"163\"><img loading=\"lazy\" decoding=\"async\" class=\"size-medium wp-image-350002 alignleft\" src=\"https:\/\/www.radiopiu.net\/wordpress\/wp-content\/uploads\/2023\/08\/Senza-nome-70-300x87.png\" alt=\"\" width=\"300\" height=\"87\" srcset=\"https:\/\/www.radiopiu.net\/wordpress\/wp-content\/uploads\/2023\/08\/Senza-nome-70-300x87.png 300w, https:\/\/www.radiopiu.net\/wordpress\/wp-content\/uploads\/2023\/08\/Senza-nome-70-350x100.png 350w, https:\/\/www.radiopiu.net\/wordpress\/wp-content\/uploads\/2023\/08\/Senza-nome-70.png 563w\" sizes=\"auto, (max-width: 300px) 100vw, 300px\" \/><\/a>AGORDO <\/strong>Sabato 9 settembre 2023 le organizzazioni sportive e di volontariato dell\u2019Agordino organizzeranno ad Agordo la XVI\u00b0 edizione della manifestazione \u201cSport in piazza nell\u2019Agordino\u201d . Durante tutta la giornata , dalle 9.30 alle 12.30 e dalle 14.00 alle 18.00 proporranno a bambini e ragazzi\u00a0 le loro attivit\u00e0 sul grande prato del Broi di Agordo e nelle strade e spazi limitrofi, chiusi al traffico in collaborazione con l\u2019Amministrazione comunale e la polizia locale di Agordo. I giovani partecipanti potranno raccogliere in una apposita scheda i timbri di \u201cavvenuta attivit\u00e0\u201d rilasciati da ciascuno stand: a chi raccoglier\u00e0 un congruo numero di timbri, \u00a0al termine\u00a0 del percorso sar\u00e0 regalata la maglietta ricordo della manifestazione.<\/p>\n<p>Sotto l\u2019egida del Comitato provinciale AICS di Belluno , hanno gi\u00e0 dato la loro adesione 14 associazioni sportive, oltre ad alcune\u00a0 associazioni di volontariato: bambini e ragazzi potranno sperimentare in prima persona dalla pesca sportiva alla danza, dallo sci alla pallavolo, dall\u2019atletica al pattinaggio on line, dall\u2019Hockey alla ginnastica ritmica, e ancora judo, karate, scherma antica, nuoto e \u00a0tennis . Le associazioni di volontariato coinvolgeranno i giovani in giochi che avranno a tema l\u2019attivit\u00e0 e gli scopi della loro associazione. Obiettivo della manifestazione \u00e8\u00a0 far vivere concretamente ai ragazzini esperienze\u00a0 sportive o di volontariato , per stimolarli ad impegnarsi nella pratica attiva durante la loro vita. La manifestazione gode del patrocinio del CONI regionale Veneto,\u00a0 del Comune di Agordo e dell\u2019Unione Montana Agordina. Fondamentale l\u2019aiuto di tante piccole realt\u00e0 commerciali locali, cui va il ringraziamento degli organizzatori.<\/p>\n<p>&nbsp;<\/p>\n<p>&nbsp;<\/p>\n<hr \/>\n<p>&nbsp;<\/p>\n<h2><span style=\"color: #ff0000;\">GLI APPUNTAMENTI DELLA SETTIMANA\u00a0<\/span><\/h2>\n<blockquote>\n<h3>JOHN WISE TRIO A LA VALLE<\/h3>\n<\/blockquote>\n<p><strong>LA VALLE <\/strong>Oggi a El Forner di La Valle Agordina dalle 20:00 &#8211; John Wise trio<\/p>\n<p>&nbsp;<\/p>\n<blockquote>\n<h3>PAOLO MALAGUTI A SANTA GIUSTINA<\/h3>\n<\/blockquote>\n<p><strong>SANTA GIUSTINA <\/strong>Sar\u00e0 lo scrittore padovano Paolo Malaguti il prossimo ospite degli incontri organizzati dall\u2019Assessorato alla Cultura del Comune di Santa Giustina, per l\u2019estate culturale: anche per questa presentazione fissata per domani alle 20.45, si \u00e8 scelto di proporre la serata all\u2019aperto, cercando di valorizzare in questo caso il cortile di Villa Vieceli nella frazione di Meano .<\/p>\n<p>&nbsp;<\/p>\n<blockquote>\n<h3>A LE BUSE &#8220;VINO E CIBO IN QUOTA&#8221; TRA I PANORAMI DELLE DOLOMITI<\/h3>\n<\/blockquote>\n<p><strong><a class=\"dt-pswp-item\" href=\"https:\/\/www.radiopiu.net\/wordpress\/wp-content\/uploads\/2023\/08\/Senza-nome-77.png\" data-dt-img-description=\"\" data-large_image_width=\"606\" data-large_image_height=\"243\"><img loading=\"lazy\" decoding=\"async\" class=\"size-medium wp-image-350130 alignleft\" src=\"https:\/\/www.radiopiu.net\/wordpress\/wp-content\/uploads\/2023\/08\/Senza-nome-77-300x120.png\" alt=\"\" width=\"300\" height=\"120\" srcset=\"https:\/\/www.radiopiu.net\/wordpress\/wp-content\/uploads\/2023\/08\/Senza-nome-77-300x120.png 300w, https:\/\/www.radiopiu.net\/wordpress\/wp-content\/uploads\/2023\/08\/Senza-nome-77.png 606w\" sizes=\"auto, (max-width: 300px) 100vw, 300px\" \/><\/a>FALCADE\u00a0<\/strong> La stagione estiva a Le Buse di Falcade non termina ad agosto. Settembre s&#8217;apre con il botto. Sabato 2\u00a0 &#8220;vino e cibo in quota&#8221;, \u00e8 l&#8217;evento proposto per il secondo anno da Chalet Le Buse, Baita Gigio Picol, Malga Le Buse e Ski Stop. Sar\u00e0 proposta la degustazione di 4 cicchetti abbinati a 4 calici con possibilit\u00e0 di salire e scendere in\u00a0 Cabinovia (aperta fino alle 17.30). Prenotazioni entro giovedi 31 agosto iscrivendosi sul sito <a href=\"https:\/\/www.falcadedolomiti.it\/\">www.falcadedolomiti.it<\/a><\/p>\n<p>Un circuito di sapori, un circuito di piacere con i cicchetti itineranti tra i panorami delle Dolomiti: <strong>CHALET LE BUSE<\/strong> Sfera di polenta ripiena con guancialino di maiale, salsa al barolo e porcini con Barbera Bovio o Valpolicella classico Conte Rugolin. <strong>GIGIO PICOL\u00a0<\/strong> Crostino con ricotta montata alle erbe e trota affumicata, con spumante pinot nero Blanc de noir Montagna o Traminer Vigna del Lauro <strong>MALGA LE BUSE<\/strong> Strudel salato con crema di formaggio di malga, con Raboso frizzante Sutto o Soave San Michele C\u00e0 Rugate; <strong>SKI STOP<\/strong>\u00a0 Battuta di salmone al coltello su humus di ceci e croste di mais con Rosato Negroamaro Vallone o Primitivo imprint a mano.<\/p>\n<p>&nbsp;<\/p>\n<blockquote>\n<h3>IL CORSO DI ECOLOGIA<\/h3>\n<\/blockquote>\n<p><strong>SAN VITO DI CADORE <\/strong>Tra il 29 agosto e l&#8217;1 settembre, si svolger\u00e0 la <i>57esima edizione del Corso di Cultura in Ecologia<\/i>, che quest&#8217;anno \u00e8 incentrato sul tema de <b>Le Foreste vetuste<\/b>. <i>Il Corso<\/i> di svolge al <i>Centro Studi per l\u2019Ambiente Alpino di San Vito di Cadore<\/i>, ed include una visita all&#8217;<i>ex Villaggio Eni di Corte di Cadore<\/i> (gioved\u00ec 31 agosto dalle ore 16:30 alle 18:00), nel corso della quale si racconter\u00e0 il programma di rigenerazione del sito di Borca, e si far\u00e0 visita ad alcuni dei laboratori attivi nella Colonia, nei quali gli artisti interpretano temi connessi alle ricerche del Tesaf (Bostrico, Tempesta Vaia, Foreste vetuste).<\/p>\n<p>&nbsp;<\/p>\n<blockquote>\n<h3>LA GIORNATA DEL RESPIRO<\/h3>\n<\/blockquote>\n<p><strong>BELLUNO<\/strong> Sabato 2 settembre al Ristorante De Gusto Dolomiti di Via Meassa a Sagrogna di Belluno viene organizzata una giornata all&#8217;insegna della ricerca del buon cibo e della magia. Info e prenotazioni al 373 5042705 o 373 5101875. Le donazioni raccolte durante l&#8217;evento saranno devolute alla Fondazione Ricerca Fibrosi Cistica<\/p>\n<p>&nbsp;<\/p>\n<blockquote>\n<h3>DOPPIO APPUNTAMENTO CON IL CAI DI AGORDO NEL FINE SETTIMANA<\/h3>\n<\/blockquote>\n<p><strong>AGORDO<\/strong> Sono due gli appuntamenti con il Cai di Agordo. Sabato escursione al Laghi D&#8217;olbe e cima Lastroni a Sappada. Prenotazioni al 3806983040. Domenica trasferta\u00a0 sulla Marmolada al Lach Dei Negher. Prenotazioni al 3402841541 o 3294071788<\/p>\n<p>&nbsp;<\/p>\n<blockquote>\n<h3>DANCING ON BACH<\/h3>\n<\/blockquote>\n<p><strong>AURONZO <\/strong>Lo spettacolo \u201cDancing on Bach\u201d sar\u00e0 l\u2019ultimo evento estivo dell\u2019Academy Gli Echi della Natura 2023 che ha visto partecipare alle masterclass tantissimi partecipanti, appassionati e curiosi da tutta Italia e non solo. Sabato 2 settembre alle ore 16.30\u00a0 presso la Riserva Naturale Orientata di Somadida, Auronzo di Cadore (BL) con lo spettacolo \u201cDancing on Bach\u201d saliranno sul palcoscenico 3 importanti artisti: la danzatrice Elena Ajani, il violoncellista Federico Toffano e il musicologo Mauro Masiero. La giornata sar\u00e0 ancora pi\u00f9 speciale perch\u00e9 l\u2019apertura del concerto sar\u00e0 tenuta da uno dei talenti selezionati dall\u2019Academy, il giovane violinista Davide Schauber.<\/p>\n<p>&nbsp;<\/p>\n<blockquote>\n<h3>POM E PER A MOLDOI DE SOSPIROI<\/h3>\n<\/blockquote>\n<p><strong>SOSPIROLO <\/strong>Torna \u201cPom &amp; Per a Moldoi de Sospiroi&#8221; all&#8217;interno della suggestiva cornice di Villa Sandi-Zasso. Si terr\u00e0 domenica 3 settembre dalle 10 alle 18. Un programma ricchissimo per una giornata all&#8217;insegna dei prodotti agricoli locali e della scoperta dei prodotti ortofrutticoli e dei maestri artigiani.<\/p>\n<p><strong>di Roberto Bona<\/strong><\/p>\n<audio class=\"wp-audio-shortcode\" id=\"audio-350694-7\" preload=\"none\" style=\"width: 100%;\" controls=\"controls\"><source type=\"audio\/mpeg\" src=\"https:\/\/www.radiopiu.net\/wordpress\/wp-content\/uploads\/2023\/08\/BONA-PerPomMoldoi.mp3?_=7\" \/><a href=\"https:\/\/www.radiopiu.net\/wordpress\/wp-content\/uploads\/2023\/08\/BONA-PerPomMoldoi.mp3\">https:\/\/www.radiopiu.net\/wordpress\/wp-content\/uploads\/2023\/08\/BONA-PerPomMoldoi.mp3<\/a><\/audio>\n<p>&nbsp;<\/p>\n<h2><span style=\"color: #ff0000;\">PROSSIMAMENTE&#8230;\u00a0<\/span><\/h2>\n<blockquote>\n<h3>DOMENICA 10 SETTEMBRE LA FORZA DELLA VITA A PASSO CAMPOLONGO<\/h3>\n<\/blockquote>\n<p>Appuntamento a Passo Campolongo domenica 10 settembre per la giornata dal titolo &#8220;La Forza Della Vita&#8221;. Ritrovo alle 10:30 davanti all&#8217;Hotel Laguscei, passeggiata fino all&#8217;altipiano di Cherz, pratica di pilates e mindfullness e pranzo al sacco. L&#8217;intero ricavato sar\u00e0 devoluto per aiutare i bambini dell&#8217;orfanotrofio &#8220;God Our Father&#8221; a Timboni in Kenya. Quota di partecipazione 25 euro<\/p>\n<p>&nbsp;<\/p>\n<blockquote>\n<h3>ESPERIENZA CULINARIA AL RIFUGIO AVERAU<\/h3>\n<\/blockquote>\n<p><strong>CORTINA<\/strong> Marted\u00ec 12 settembre, evento straordinario al Rifugio Averau. Gli chef di casa, Matteo e Stefano, della trattoria alla Cima di Valdobbiadene uniscono genio e bravura per un&#8217;esperienza unica &#8220;dalla laguna alle dolomiti&#8221;. Un percorso enogastronomico dal mare ai fiumi, dalle colline ai boschi del veneziano, trevigiano e bellunese fino alle cime di Cortina. Sar\u00e0 predisposto su prenotazione un servizio di trasporto in jeep dal rifugio Cinque Torri, raggiungibile in macchina dalla strada del passo Falzarego Per info e prenotazioni: 0436 4660<br \/>\nDALLA LAGUNA ALLE DOLOMITI, 12 SETTEMBRE AL RIFUGIO AVERAU<\/p>\n<p>&nbsp;<\/p>\n<hr \/>\n<p>&nbsp;<\/p>\n<div class=\"message spoilers-container\" dir=\"auto\">\n<div class=\"column\">\n<div class=\"message spoilers-container\" dir=\"auto\">\n<div class=\"column\">\n<p><img loading=\"lazy\" decoding=\"async\" class=\"aligncenter wp-image-61954 size-full\" src=\"https:\/\/www.radiopiu.net\/wordpress\/wp-content\/uploads\/2018\/09\/viabilita.jpeg\" sizes=\"auto, (max-width: 800px) 100vw, 800px\" srcset=\"https:\/\/www.radiopiu.net\/wordpress\/wp-content\/uploads\/2018\/09\/viabilita.jpeg 800w, https:\/\/www.radiopiu.net\/wordpress\/wp-content\/uploads\/2018\/09\/viabilita-300x38.jpeg 300w, https:\/\/www.radiopiu.net\/wordpress\/wp-content\/uploads\/2018\/09\/viabilita-768x96.jpeg 768w\" alt=\"\" width=\"800\" height=\"100\" \/><\/p>\n<\/div>\n<\/div>\n<div class=\"message spoilers-container\" dir=\"auto\">\n<div class=\"column\">\n<p>&nbsp;<\/p>\n<\/div>\n<\/div>\n<\/div>\n<\/div>\n<blockquote class=\"wp-embedded-content\" data-secret=\"okI4FKBSAt\"><p><a href=\"https:\/\/www.radiopiu.net\/wordpress\/viabilita\/\">viabilita<\/a><\/p><\/blockquote>\n<p><iframe loading=\"lazy\" class=\"wp-embedded-content\" sandbox=\"allow-scripts\" security=\"restricted\" style=\"position: absolute; clip: rect(1px, 1px, 1px, 1px);\" title=\"&#8220;viabilita&#8221; &#8212; Radio Pi\u00f9\" src=\"https:\/\/www.radiopiu.net\/wordpress\/viabilita\/embed\/#?secret=8U258T6DFy#?secret=okI4FKBSAt\" data-secret=\"okI4FKBSAt\" width=\"600\" height=\"338\" frameborder=\"0\" marginwidth=\"0\" marginheight=\"0\" scrolling=\"no\"><\/iframe><\/p>\n<div class=\"message spoilers-container\" dir=\"auto\">\n<div class=\"column\">\n<div class=\"message spoilers-container\" dir=\"auto\">\n<div class=\"column\">\n<div>\n<div dir=\"ltr\">\n<div class=\"gmail_quote\">\n<div dir=\"ltr\">\n<div><\/div>\n<div><\/div>\n<div><\/div>\n<\/div>\n<\/div>\n<\/div>\n<\/div>\n<hr \/>\n<p>&nbsp;<\/p>\n<p><a class=\"dt-pswp-item\" href=\"https:\/\/www.radiopiu.net\/wordpress\/wp-content\/uploads\/2018\/09\/WhatsApp-Image-2018-09-20-at-16.04.06.jpeg\" data-dt-img-description=\"\" data-large_image_width=\"800\" data-large_image_height=\"100\"><img loading=\"lazy\" decoding=\"async\" class=\"wp-image-61378 size-full aligncenter\" src=\"https:\/\/www.radiopiu.net\/wordpress\/wp-content\/uploads\/2018\/09\/WhatsApp-Image-2018-09-20-at-16.04.06.jpeg\" alt=\"\" width=\"800\" height=\"100\" srcset=\"https:\/\/www.radiopiu.net\/wordpress\/wp-content\/uploads\/2018\/09\/WhatsApp-Image-2018-09-20-at-16.04.06.jpeg 800w, https:\/\/www.radiopiu.net\/wordpress\/wp-content\/uploads\/2018\/09\/WhatsApp-Image-2018-09-20-at-16.04.06-300x38.jpeg 300w, https:\/\/www.radiopiu.net\/wordpress\/wp-content\/uploads\/2018\/09\/WhatsApp-Image-2018-09-20-at-16.04.06-768x96.jpeg 768w\" sizes=\"auto, (max-width: 800px) 100vw, 800px\" \/><\/a><\/p>\n<\/div>\n<\/div>\n<p>&nbsp;<\/p>\n<\/div>\n<\/div>\n<p><center><b>OGGI<\/b><\/center><b>Tempo atteso: <\/b>Al mattino in prevalenza soleggiato seppur con transito di nubi alte un p\u00f2 pi\u00f9 presenti nel pomeriggio assieme alla formazione di qualche addensamento con cielo a tratti parzialmente nuvoloso. Dalla serata formazione di nubi basse su diversi settori.<br \/>\n<b>Precipitazioni: <\/b>Nel pomeriggio\/sera qualche piovasco o rovescio sparso (30-50%)<br \/>\n<b>Temperature: <\/b>Temperature minime in calo nelle valli e massime in ripresa.<\/p>\n<hr \/>\n<p><center><b>DOMANI<\/b><\/center><b>Tempo atteso: <\/b>Cielo generalmente poco nuvoloso con transito di velature e qualche addensamento nel pomeriggio. Possibili nubi basse fino al primo mattino, anche estese, in successivo dissolvimento e nuova formazione in serata.<br \/>\n<b>Precipitazioni: <\/b>Generalmente assenti (0-10%).<br \/>\n<b>Temperature: <\/b>Temperature in aumento, anche marcato in quota.<\/p>\n<hr \/>\n<p><center><b>SABATO<\/b><\/center>Tempo stabile con cielo generalmente poco nuvoloso per velature specie al mattino. Possibili nubi basse fino al primo mattino e poi nuovamente in serata. Temperature in generale ulteriore lieve aumento.<\/p>\n<hr \/>\n<p><center><b>DOMENICA<\/b><\/center>Cielo sereno o poco nuvoloso. Possibili nubi basse fino al primo mattino e poi in nuova formazione dalla sera. Temperature in ulteriore lieve aumento su valori superiori alla media specie in quota.<\/p>\n<p>&nbsp;<\/p>\n<div class=\"message spoilers-container\" dir=\"auto\">\n<hr \/>\n<p>&nbsp;<\/p>\n<p><img loading=\"lazy\" decoding=\"async\" class=\"wp-image-60761 size-full aligncenter\" src=\"https:\/\/www.radiopiu.net\/wordpress\/wp-content\/uploads\/2018\/09\/sport.jpg\" alt=\"\" width=\"800\" height=\"100\" srcset=\"https:\/\/www.radiopiu.net\/wordpress\/wp-content\/uploads\/2018\/09\/sport.jpg 800w, https:\/\/www.radiopiu.net\/wordpress\/wp-content\/uploads\/2018\/09\/sport-300x38.jpg 300w, https:\/\/www.radiopiu.net\/wordpress\/wp-content\/uploads\/2018\/09\/sport-768x96.jpg 768w\" sizes=\"auto, (max-width: 800px) 100vw, 800px\" \/><\/p>\n<p>&nbsp;<\/p>\n<\/div>\n\n\t\t\t<style type='text\/css'>\n\t\t\t\t#gallery-2 {\n\t\t\t\t\tmargin: auto;\n\t\t\t\t}\n\t\t\t\t#gallery-2 .gallery-item {\n\t\t\t\t\tfloat: left;\n\t\t\t\t\tmargin-top: 10px;\n\t\t\t\t\ttext-align: center;\n\t\t\t\t\twidth: 50%;\n\t\t\t\t}\n\t\t\t\t#gallery-2 img {\n\t\t\t\t\tborder: 2px solid #cfcfcf;\n\t\t\t\t}\n\t\t\t\t#gallery-2 .gallery-caption {\n\t\t\t\t\tmargin-left: 0;\n\t\t\t\t}\n\t\t\t\t\/* see gallery_shortcode() in wp-includes\/media.php *\/\n\t\t\t<\/style>\n\t\t<div id='gallery-2' class='dt-gallery-container gallery galleryid-350694 gallery-columns-2 gallery-size-thumbnail'><dl class='gallery-item'>\n\t\t\t\t<dt class='gallery-icon portrait'>\n\t\t\t\t\t<a class=\"rollover rollover-zoom dt-pswp-item\" title=\"cb3e84c7-6b7b-4086-b96b-e2b820cc0e41\" data-dt-img-description=\"\" data-large_image_width=\"1132\" data-large_image_height=\"1600\"href='https:\/\/www.radiopiu.net\/wordpress\/wp-content\/uploads\/2023\/07\/cb3e84c7-6b7b-4086-b96b-e2b820cc0e41.jpg'><img loading=\"lazy\" decoding=\"async\" width=\"150\" height=\"150\" src=\"https:\/\/www.radiopiu.net\/wordpress\/wp-content\/uploads\/2023\/07\/cb3e84c7-6b7b-4086-b96b-e2b820cc0e41-150x150.jpg\" class=\"attachment-thumbnail size-thumbnail\" alt=\"\" aria-describedby=\"gallery-2-345600\" \/><\/a>\n\t\t\t\t<\/dt>\n\t\t\t\t\t<dd class='wp-caption-text gallery-caption' id='gallery-2-345600'>\n\t\t\t\t\tVOLTAGO\n\t\t\t\t\t<\/dd><\/dl><dl class='gallery-item'>\n\t\t\t\t<dt class='gallery-icon portrait'>\n\t\t\t\t\t<a class=\"rollover rollover-zoom dt-pswp-item\" title=\"Locandina Trofeo 16 Comuni dell&#039;Agordino\" data-dt-img-description=\"\" data-large_image_width=\"828\" data-large_image_height=\"1151\"href='https:\/\/www.radiopiu.net\/wordpress\/wp-content\/uploads\/2023\/08\/Locandina-Trofeo-16-Comuni-dellAgordino.jpg'><img loading=\"lazy\" decoding=\"async\" width=\"150\" height=\"150\" src=\"https:\/\/www.radiopiu.net\/wordpress\/wp-content\/uploads\/2023\/08\/Locandina-Trofeo-16-Comuni-dellAgordino-150x150.jpg\" class=\"attachment-thumbnail size-thumbnail\" alt=\"\" aria-describedby=\"gallery-2-349182\" \/><\/a>\n\t\t\t\t<\/dt>\n\t\t\t\t\t<dd class='wp-caption-text gallery-caption' id='gallery-2-349182'>\n\t\t\t\t\tTROFEO 16 COMUNI\n\t\t\t\t\t<\/dd><\/dl><br style=\"clear: both\" \/>\n\t\t\t<\/div>\n\n<p>&nbsp;<\/p>\n<p><span style=\"color: #0000ff;\"><strong>HOCKEY SU GHIACCIO<\/strong><\/span><\/p>\n<blockquote>\n<h3>L\u2019ALLEGHE HOCKEY FA SUL SERIO, SOTTO IL CIVETTA ARRIVA IL RUSSO NIKOLAI ZHERDEV<\/h3>\n<\/blockquote>\n<p><strong><a class=\"dt-pswp-item\" href=\"https:\/\/www.radiopiu.net\/wordpress\/wp-content\/uploads\/2023\/08\/b17e4d2f-066f-44c8-89fe-ef34167eacd0.jpg\" data-dt-img-description=\"\" data-large_image_width=\"828\" data-large_image_height=\"684\"><img loading=\"lazy\" decoding=\"async\" class=\" wp-image-350681 alignleft\" src=\"https:\/\/www.radiopiu.net\/wordpress\/wp-content\/uploads\/2023\/08\/b17e4d2f-066f-44c8-89fe-ef34167eacd0-300x248.jpg\" alt=\"\" width=\"195\" height=\"161\" srcset=\"https:\/\/www.radiopiu.net\/wordpress\/wp-content\/uploads\/2023\/08\/b17e4d2f-066f-44c8-89fe-ef34167eacd0-300x248.jpg 300w, https:\/\/www.radiopiu.net\/wordpress\/wp-content\/uploads\/2023\/08\/b17e4d2f-066f-44c8-89fe-ef34167eacd0-768x634.jpg 768w, https:\/\/www.radiopiu.net\/wordpress\/wp-content\/uploads\/2023\/08\/b17e4d2f-066f-44c8-89fe-ef34167eacd0.jpg 828w\" sizes=\"auto, (max-width: 195px) 100vw, 195px\" \/><\/a>di Roberto Miana, portavoce dell&#8217;Alleghe Hockey<\/strong><\/p>\n<p>Il presidente Adriano Levis, il vicepresidente Matthias Levis ed il direttore sportivo Manuel Da Tos ufficializzano con orgoglio lo straordinario ingaggio del giocatore, in arrivo direttamente da Mosca: NIKOLAI ZHERDEV. Zherdev, ala classe 1984 nativo di Kiev (Ucraina) ma naturalizzato russo, \u00e8 alto 188 cm per 92 kg. Il suo curriculum \u00e8 impressionante: draftato nel 2003 al 1\u00b0 giro, 4^ scelta assoluta dai Columbus Blue Jackets, in sei stagioni di NHL ha collezionato 436 presenze con 116 gol e 148 assist tra Columbus Blue Jackets, New York Rangers, Philadelphia Flyers e 408 presenze con 79 gol e 153 assist nelle 8 stagioni di KHL (massimo campionato russo) con le maglie tra le altre di CSKA Mosca, Spartak Mosca e Dynamo Mosca. Inoltre due medaglie d\u2019oro vinte ai mondiali 2009 in Svizzera e 2012 in Finlandia\/Svezia, con la casacca della nazionale russa, dove in 13 gare ha messo a referto 2 reti e 5 assist. Nell\u2019ultima stagione ha giocato nel campionato bielorusso, mentre nel 2021\/2022 \u00e8 stato in forza alle Aquile di Merano nella Alps Hockey League, dove ha disputato 18 gare mettendo a referto 10 gol e 11 assist. Un grandissimo giocatore, in arrivo ad Alleghe grazie al sempre passionale impegno di Fabrizio Fontanive. Zherdev sar\u00e0 un enorme arricchimento per il roster dell\u2019Alleghe, ma anche per tutto il campionato dell\u2019Italian Hockey League.<\/p>\n<p>Benvenuto ad Alleghe Nikolai<br \/>\n\u041b\u0430\u0441\u043a\u0430\u0432\u043e \u043f\u0440\u043e\u0441\u0438\u043c\u043e \u0434\u043e Alleghe Nikolai<\/p>\n<p><em>(foto dalla pagina Instagram del giocatore)<\/em><\/p>\n<p>&nbsp;<\/p>\n<div style=\"width: 848px;\" class=\"wp-video\"><video class=\"wp-video-shortcode\" id=\"video-350694-1\" width=\"848\" height=\"480\" preload=\"metadata\" controls=\"controls\"><source type=\"video\/mp4\" src=\"https:\/\/www.radiopiu.net\/wordpress\/wp-content\/uploads\/2023\/08\/WhatsApp-Video-2023-08-30-at-13.52.40.mp4?_=1\" \/><a href=\"https:\/\/www.radiopiu.net\/wordpress\/wp-content\/uploads\/2023\/08\/WhatsApp-Video-2023-08-30-at-13.52.40.mp4\">https:\/\/www.radiopiu.net\/wordpress\/wp-content\/uploads\/2023\/08\/WhatsApp-Video-2023-08-30-at-13.52.40.mp4<\/a><\/video><\/div>\n<p>&nbsp;<\/p>\n<p><iframe loading=\"lazy\" title=\"Nikolay Zherdev Flyers Highlights (Nikolai)\" width=\"1200\" height=\"675\" src=\"https:\/\/www.youtube.com\/embed\/uL1rBc3pong?feature=oembed\" frameborder=\"0\" allow=\"accelerometer; autoplay; clipboard-write; encrypted-media; gyroscope; picture-in-picture; web-share\" allowfullscreen><\/iframe><\/p>\n<p>&nbsp;<\/p>\n<p><span style=\"color: #0000ff;\"><strong>PALLAVOLO<\/strong><\/span><\/p>\n<blockquote>\n<h3>QUATTRO TEST PER IL BELLUNO VOLLEY<\/h3>\n<\/blockquote>\n<p><strong><a class=\"dt-pswp-item\" href=\"https:\/\/www.radiopiu.net\/wordpress\/wp-content\/uploads\/2023\/08\/Quattro_test_nel_precampionato.jpeg\" data-dt-img-description=\"\" data-large_image_width=\"1606\" data-large_image_height=\"1071\"><img loading=\"lazy\" decoding=\"async\" class=\" wp-image-350703 alignleft\" src=\"https:\/\/www.radiopiu.net\/wordpress\/wp-content\/uploads\/2023\/08\/Quattro_test_nel_precampionato-300x200.jpeg\" alt=\"\" width=\"167\" height=\"111\" srcset=\"https:\/\/www.radiopiu.net\/wordpress\/wp-content\/uploads\/2023\/08\/Quattro_test_nel_precampionato-300x200.jpeg 300w, https:\/\/www.radiopiu.net\/wordpress\/wp-content\/uploads\/2023\/08\/Quattro_test_nel_precampionato-1024x683.jpeg 1024w, https:\/\/www.radiopiu.net\/wordpress\/wp-content\/uploads\/2023\/08\/Quattro_test_nel_precampionato-768x512.jpeg 768w, https:\/\/www.radiopiu.net\/wordpress\/wp-content\/uploads\/2023\/08\/Quattro_test_nel_precampionato-1536x1024.jpeg 1536w, https:\/\/www.radiopiu.net\/wordpress\/wp-content\/uploads\/2023\/08\/Quattro_test_nel_precampionato.jpeg 1606w\" sizes=\"auto, (max-width: 167px) 100vw, 167px\" \/><\/a>BELLUNO<\/strong> Il Belluno Volley ha mandato in archivio la prima settimana di preparazione, alla Spes Arena. Il debutto ufficiale \u00e8 ancora lontano, ma si lavora gi\u00e0 al massimo per arrivare pronti all\u2019appuntamento del 15 ottobre, quando i rinoceronti affronteranno il Cus Cagliari di fronte al pubblico amico. Nel frattempo, sono stati definiti quattro confronti. Il primo \u00e8 in programma sabato 16 settembre (ore 17), alla Spes Arena, contro il Gs Povegliano. Una settimana pi\u00f9 tardi (sabato 23), ecco la prima trasferta: a San Don\u00e0 di Piave, al cospetto di una compagine che i Colussi boys ritroveranno pure in campionato. Ovvero, il Volley Team Club di coach Moretti. Ed \u00e8 previsto pure il \u201critorno\u201d: nel senso che mercoled\u00ec 27 (ore 17.30), si giocher\u00e0 a campi invertiti. Quindi, alla Spes Arena. Infine, sabato 30, occhi puntati su Montecchio Maggiore, dove andr\u00e0 in scena un faccia a faccia con un avversario di A2: la Kemas Lamipel Santa Croce<\/p>\n<p>&nbsp;<\/p>\n<p><span style=\"color: #0000ff;\"><strong>PATTINI INLINE<\/strong><\/span><\/p>\n<blockquote>\n<h3><a class=\"dt-pswp-item\" href=\"https:\/\/www.radiopiu.net\/wordpress\/wp-content\/uploads\/2023\/08\/ac128acf-5832-441e-9ab7-9eb9eda76c37.jpg\" data-dt-img-description=\"\" data-large_image_width=\"558\" data-large_image_height=\"793\"><img loading=\"lazy\" decoding=\"async\" class=\" wp-image-350676 alignleft\" src=\"https:\/\/www.radiopiu.net\/wordpress\/wp-content\/uploads\/2023\/08\/ac128acf-5832-441e-9ab7-9eb9eda76c37-211x300.jpg\" alt=\"\" width=\"94\" height=\"134\" srcset=\"https:\/\/www.radiopiu.net\/wordpress\/wp-content\/uploads\/2023\/08\/ac128acf-5832-441e-9ab7-9eb9eda76c37-211x300.jpg 211w, https:\/\/www.radiopiu.net\/wordpress\/wp-content\/uploads\/2023\/08\/ac128acf-5832-441e-9ab7-9eb9eda76c37.jpg 558w\" sizes=\"auto, (max-width: 94px) 100vw, 94px\" \/><\/a>SABATO E DOMENICA I CAMPIONATI ITALIANI INLINE ALPINE<\/h3>\n<\/blockquote>\n<p><strong>FALCADE\u00a0<\/strong>Si svolgeranno a Falcade i Campionati Italiani Inline Alpine, una gara tra i paletti con i pattini in linea sulle strade della Valle Del Biois. Sabato lo slalom mentre domenica in programma il gigante.<\/p>\n<p><strong>L&#8217;INTERVISTA A RICCARDO GIACOMEL<\/strong><\/p>\n<audio class=\"wp-audio-shortcode\" id=\"audio-350694-8\" preload=\"none\" style=\"width: 100%;\" controls=\"controls\"><source type=\"audio\/mpeg\" src=\"https:\/\/www.radiopiu.net\/wordpress\/wp-content\/uploads\/2023\/08\/RICCARDO-GIACOMEL-PATTINI-IN-LINEA.mp3?_=8\" \/><a href=\"https:\/\/www.radiopiu.net\/wordpress\/wp-content\/uploads\/2023\/08\/RICCARDO-GIACOMEL-PATTINI-IN-LINEA.mp3\">https:\/\/www.radiopiu.net\/wordpress\/wp-content\/uploads\/2023\/08\/RICCARDO-GIACOMEL-PATTINI-IN-LINEA.mp3<\/a><\/audio>\n<p>&nbsp;<\/p>\n","protected":false},"excerpt":{"rendered":"<p>40esimo di RADIOPIU\u2026. LA VOCE DELL\u2019EMOZIONE ISCRIVITI AL NOSTRO CANALE\u00a0\u00a0YOUTUBE PER SEGUIRE IN DIRETTA I PRINCIPALI PROGRAMMI DI RADIO PIU\u2019 E LE FUTURE DIRETTE IN ESTERNA. PER ISCRIVERTI\u00a0CLICCA QUI\u00a0E PREMI\u00a0 \u201cIscriviti\u201d &nbsp; &nbsp; &nbsp; &nbsp; INTERDIZIONE TOTALE AL TRAFFICO A DIGONERA SP 563 SALESEI \u00a0Fino a oggi\u00a0in localit\u00e0 Digonera di Rocca Pietore interdizione al traffico&hellip;<\/p>\n","protected":false},"author":4,"featured_media":350713,"comment_status":"closed","ping_status":"closed","sticky":false,"template":"","format":"standard","meta":{"_monsterinsights_skip_tracking":false,"_monsterinsights_sitenote_active":false,"_monsterinsights_sitenote_note":"","_monsterinsights_sitenote_category":0,"footnotes":""},"categories":[51,86,49],"tags":[],"class_list":["post-350694","post","type-post","status-publish","format-standard","has-post-thumbnail","hentry","category-evidenza-top","category-gr","category-news-18","category-51","category-86","category-49","description-off"],"img_url":"https:\/\/www.radiopiu.net\/wordpress\/wp-content\/uploads\/2023\/08\/7109c665-6b69-485a-b5fc-390d83f00597.jpg","_links":{"self":[{"href":"https:\/\/www.radiopiu.net\/wordpress\/wp-json\/wp\/v2\/posts\/350694","targetHints":{"allow":["GET"]}}],"collection":[{"href":"https:\/\/www.radiopiu.net\/wordpress\/wp-json\/wp\/v2\/posts"}],"about":[{"href":"https:\/\/www.radiopiu.net\/wordpress\/wp-json\/wp\/v2\/types\/post"}],"author":[{"embeddable":true,"href":"https:\/\/www.radiopiu.net\/wordpress\/wp-json\/wp\/v2\/users\/4"}],"replies":[{"embeddable":true,"href":"https:\/\/www.radiopiu.net\/wordpress\/wp-json\/wp\/v2\/comments?post=350694"}],"version-history":[{"count":0,"href":"https:\/\/www.radiopiu.net\/wordpress\/wp-json\/wp\/v2\/posts\/350694\/revisions"}],"wp:featuredmedia":[{"embeddable":true,"href":"https:\/\/www.radiopiu.net\/wordpress\/wp-json\/wp\/v2\/media\/350713"}],"wp:attachment":[{"href":"https:\/\/www.radiopiu.net\/wordpress\/wp-json\/wp\/v2\/media?parent=350694"}],"wp:term":[{"taxonomy":"category","embeddable":true,"href":"https:\/\/www.radiopiu.net\/wordpress\/wp-json\/wp\/v2\/categories?post=350694"},{"taxonomy":"post_tag","embeddable":true,"href":"https:\/\/www.radiopiu.net\/wordpress\/wp-json\/wp\/v2\/tags?post=350694"}],"curies":[{"name":"wp","href":"https:\/\/api.w.org\/{rel}","templated":true}]}}