{"id":350728,"date":"2023-08-30T14:35:15","date_gmt":"2023-08-30T12:35:15","guid":{"rendered":"https:\/\/www.radiopiu.net\/wordpress\/?p=350728"},"modified":"2023-08-30T14:35:15","modified_gmt":"2023-08-30T12:35:15","slug":"servizi-forestali-regionali-in-sopralluogo-sulla-destra-orografica-del-lago-di-alleghe-dopo-i-boati-di-ieri","status":"publish","type":"post","link":"https:\/\/www.radiopiu.net\/wordpress\/servizi-forestali-regionali-in-sopralluogo-sulla-destra-orografica-del-lago-di-alleghe-dopo-i-boati-di-ieri\/","title":{"rendered":"SERVIZI FORESTALI REGIONALI IN SOPRALLUOGO SULLA DESTRA OROGRAFICA DEL LAGO DI ALLEGHE DOPO I BOATI DI IERI"},"content":{"rendered":"<p><strong><a class=\"dt-pswp-item\" href=\"https:\/\/www.radiopiu.net\/wordpress\/wp-content\/uploads\/2023\/08\/CHALET-DA-ALLEGHE.png\" data-dt-img-description=\"\" data-large_image_width=\"470\" data-large_image_height=\"270\"><img loading=\"lazy\" decoding=\"async\" class=\" wp-image-350733 alignleft\" src=\"https:\/\/www.radiopiu.net\/wordpress\/wp-content\/uploads\/2023\/08\/CHALET-DA-ALLEGHE-300x172.png\" alt=\"\" width=\"173\" height=\"99\" srcset=\"https:\/\/www.radiopiu.net\/wordpress\/wp-content\/uploads\/2023\/08\/CHALET-DA-ALLEGHE-300x172.png 300w, https:\/\/www.radiopiu.net\/wordpress\/wp-content\/uploads\/2023\/08\/CHALET-DA-ALLEGHE.png 470w\" sizes=\"auto, (max-width: 173px) 100vw, 173px\" \/><\/a>ROCCA PIETORE<\/strong> Dopo i boati percepiti dagli abitanti della zona dello Chalet al Lago, il comune di Rocca Pietore non \u00e8 rimasto a guardare e si \u00e8 subito attivato per capire cosa sia successo. Gi\u00e0 ieri i primi sopralluoghi con l&#8217;aiuto di un drone e oggi all&#8217;opera l&#8217;elicottero dei Servizi Forestali Regionali.<\/p>\n<p><strong>IL SINDACO DI ROCCA PIETORE ANDREA DE BERNARDIN<\/strong><\/p>\n<audio class=\"wp-audio-shortcode\" id=\"audio-350728-1\" preload=\"none\" style=\"width: 100%;\" controls=\"controls\"><source type=\"audio\/mpeg\" src=\"https:\/\/www.radiopiu.net\/wordpress\/wp-content\/uploads\/2023\/08\/ANDREA-CHALET.mp3?_=1\" \/><a href=\"https:\/\/www.radiopiu.net\/wordpress\/wp-content\/uploads\/2023\/08\/ANDREA-CHALET.mp3\">https:\/\/www.radiopiu.net\/wordpress\/wp-content\/uploads\/2023\/08\/ANDREA-CHALET.mp3<\/a><\/audio>\n<p>&nbsp;<\/p>\n<p>&nbsp;<\/p>\n<p>*******<\/p>\n","protected":false},"excerpt":{"rendered":"<p>ROCCA PIETORE Dopo i boati percepiti dagli abitanti della zona dello Chalet al Lago, il comune di Rocca Pietore non \u00e8 rimasto a guardare e si \u00e8 subito attivato per capire cosa sia successo. Gi\u00e0 ieri i primi sopralluoghi con l&#8217;aiuto di un drone e oggi all&#8217;opera l&#8217;elicottero dei Servizi Forestali Regionali. IL SINDACO DI&hellip;<\/p>\n","protected":false},"author":4,"featured_media":350733,"comment_status":"closed","ping_status":"closed","sticky":false,"template":"","format":"standard","meta":{"_monsterinsights_skip_tracking":false,"_monsterinsights_sitenote_active":false,"_monsterinsights_sitenote_note":"","_monsterinsights_sitenote_category":0,"footnotes":""},"categories":[49],"tags":[],"class_list":["post-350728","post","type-post","status-publish","format-standard","has-post-thumbnail","hentry","category-news-18","category-49","description-off"],"img_url":"https:\/\/www.radiopiu.net\/wordpress\/wp-content\/uploads\/2023\/08\/CHALET-DA-ALLEGHE.png","_links":{"self":[{"href":"https:\/\/www.radiopiu.net\/wordpress\/wp-json\/wp\/v2\/posts\/350728","targetHints":{"allow":["GET"]}}],"collection":[{"href":"https:\/\/www.radiopiu.net\/wordpress\/wp-json\/wp\/v2\/posts"}],"about":[{"href":"https:\/\/www.radiopiu.net\/wordpress\/wp-json\/wp\/v2\/types\/post"}],"author":[{"embeddable":true,"href":"https:\/\/www.radiopiu.net\/wordpress\/wp-json\/wp\/v2\/users\/4"}],"replies":[{"embeddable":true,"href":"https:\/\/www.radiopiu.net\/wordpress\/wp-json\/wp\/v2\/comments?post=350728"}],"version-history":[{"count":0,"href":"https:\/\/www.radiopiu.net\/wordpress\/wp-json\/wp\/v2\/posts\/350728\/revisions"}],"wp:featuredmedia":[{"embeddable":true,"href":"https:\/\/www.radiopiu.net\/wordpress\/wp-json\/wp\/v2\/media\/350733"}],"wp:attachment":[{"href":"https:\/\/www.radiopiu.net\/wordpress\/wp-json\/wp\/v2\/media?parent=350728"}],"wp:term":[{"taxonomy":"category","embeddable":true,"href":"https:\/\/www.radiopiu.net\/wordpress\/wp-json\/wp\/v2\/categories?post=350728"},{"taxonomy":"post_tag","embeddable":true,"href":"https:\/\/www.radiopiu.net\/wordpress\/wp-json\/wp\/v2\/tags?post=350728"}],"curies":[{"name":"wp","href":"https:\/\/api.w.org\/{rel}","templated":true}]}}